{"id":3727,"date":"2018-07-19T18:15:36","date_gmt":"2018-07-19T16:15:36","guid":{"rendered":"http:\/\/iumotril.org\/sitio\/?p=3727"},"modified":"2018-07-19T18:15:36","modified_gmt":"2018-07-19T16:15:36","slug":"reclamamos-que-se-puedan-realizar-tramites-y-gestiones-de-trafico-en-motril","status":"publish","type":"post","link":"https:\/\/iumotril.org\/sitio\/reclamamos-que-se-puedan-realizar-tramites-y-gestiones-de-trafico-en-motril\/","title":{"rendered":"Reclamamos que se puedan realizar  tr\u00e1mites y gestiones de Tr\u00e1fico en Motril"},"content":{"rendered":"<p class=\"p1\" style=\"text-align: justify;\"><strong><span class=\"s1\" style=\"color: #993300;\">A pesar de ser el segundo municipio de la provincia de Granada por n\u00famero de habitantes (60.420), en Motril no se puede obtener informaci\u00f3n o realizar tr\u00e1mites administrativos relacionados con Tr\u00e1fico, al contrario que en <a style=\"color: #993300;\" href=\"http:\/\/www.dgt.es\/es\/seguridad-vial\/centros-colaboradores\/ayuntamientos-convenio\/\" target=\"_blank\" rel=\"noopener\">77 municipios<\/a> de la provincia que disponen de un Convenio que permite a sus vecinos resolver estas gestiones sin necesidad de desplazarse personalmente a las oficinas de Granada.<\/span><\/strong><\/p>\n<p class=\"p1\" style=\"text-align: justify;\"><span class=\"s1\"><a href=\"https:\/\/iumotril.org\/sitio\/jpt-granada\/\"><img loading=\"lazy\" decoding=\"async\" data-attachment-id=\"3738\" data-permalink=\"https:\/\/iumotril.org\/sitio\/reclamamos-que-se-puedan-realizar-tramites-y-gestiones-de-trafico-en-motril\/jpt-granada\/\" data-orig-file=\"https:\/\/iumotril.org\/sitio\/wp-content\/uploads\/2018\/07\/jpt-granada.jpg\" data-orig-size=\"500,388\" data-comments-opened=\"1\" data-image-meta=\"{&quot;aperture&quot;:&quot;0&quot;,&quot;credit&quot;:&quot;&quot;,&quot;camera&quot;:&quot;&quot;,&quot;caption&quot;:&quot;&quot;,&quot;created_timestamp&quot;:&quot;0&quot;,&quot;copyright&quot;:&quot;&quot;,&quot;focal_length&quot;:&quot;0&quot;,&quot;iso&quot;:&quot;0&quot;,&quot;shutter_speed&quot;:&quot;0&quot;,&quot;title&quot;:&quot;&quot;,&quot;orientation&quot;:&quot;0&quot;}\" data-image-title=\"jpt granada\" data-image-description=\"\" data-image-caption=\"\" data-large-file=\"https:\/\/iumotril.org\/sitio\/wp-content\/uploads\/2018\/07\/jpt-granada.jpg\" class=\"alignleft wp-image-3738 size-full\" src=\"https:\/\/iumotril.org\/sitio\/wp-content\/uploads\/2018\/07\/jpt-granada.jpg\" alt=\"\" width=\"500\" height=\"388\" srcset=\"https:\/\/iumotril.org\/sitio\/wp-content\/uploads\/2018\/07\/jpt-granada.jpg 500w, https:\/\/iumotril.org\/sitio\/wp-content\/uploads\/2018\/07\/jpt-granada-300x233.jpg 300w\" sizes=\"auto, (max-width: 500px) 100vw, 500px\" \/><\/a><strong>Daniela Paqu\u00e9<\/strong>, portavoz del Grupo Municipal de IU ha reclamado al Ayuntamiento de Motril que d\u00e9 inicio a las gestiones que sean necesarias para que Motril formalice el correspondiente <strong>Convenio con la Direcci\u00f3n General de Tr\u00e1fico<\/strong> para facilitar a sus vecinos y vecinas la realizaci\u00f3n de los tr\u00e1mites y gestiones relacionados con ese organismo. Se trata de una situaci\u00f3n an\u00f3mala, que refleja a la perfecci\u00f3n el desentendimiento del Ayuntamiento de Motril con las necesidades reales de sus vecinos y vecinas, ha afirmado.<\/span><\/p>\n<p class=\"p1\" style=\"text-align: justify;\"><span class=\"s1\">Otros <strong>municipios con menor n\u00famero de habitantes<\/strong>, como Almu\u00f1\u00e9car (29.343), Salobre\u00f1a (12.399) o Polopos-La Mamola (1.171) disponen de esos convenios, lo que permite a sus vecinos no tener que desplazarse a Granada capital para llevar a cabo dichos tr\u00e1mites.<\/span><\/p>\n<p class=\"p1\" style=\"text-align: justify;\"><span class=\"s1\">Izquierda Unida ha denunciado las deficiencias del <a href=\"https:\/\/iumotril.org\/sitio\/deplorable-servicio-de-atencion-al-publico-en-el-ayuntamiento-de-motril\/\" target=\"_blank\" rel=\"noopener\">servicio a los ciudadanos<\/a> por parte del Ayuntamiento de Motril, fundamentalmente al no poner a su disposici\u00f3n la tramitaci\u00f3n electr\u00f3nica de los diversos tr\u00e1mites y gestiones municipales, <strong>una situaci\u00f3n anacr\u00f3nica en tiempos de Internet<\/strong> y de la Administraci\u00f3n electr\u00f3nica. <\/span><\/p>\n<p class=\"p1\" style=\"text-align: justify;\"><span class=\"s1\">Seg\u00fan su portavoz, el Ayuntamiento de Motril funciona como <strong>una administraci\u00f3n de tiempos pasados<\/strong>, obligando a sus vecinos y vecinas a realizar todas sus gestiones de forma presencial en dependencias municipales, lo que provoca la creaci\u00f3n de colas, tiempos de espera, desplazamientos e incomodidades y dificulta la labor de los empleados municipales que procuran atender a los ciudadanos con la mayor profesionalidad posible, pero sin las condiciones necesarias para ello. <\/span><\/p>\n<p class=\"p1\" style=\"text-align: justify;\"><span class=\"s1\">La formaci\u00f3n de izquierdas ha anunciado que la <strong>modernizaci\u00f3n de los servicios municipales<\/strong> y la implantaci\u00f3n de la <strong>Administraci\u00f3n electr\u00f3nica<\/strong> en el Ayuntamiento ser\u00e1n elementos centrales de su propuesta program\u00e1tica para las pr\u00f3ximas elecciones municipales. <\/span><\/p>\n","protected":false},"excerpt":{"rendered":"<p>Daniela Paqu\u00e9, portavoz del Grupo Municipal de IU ha reclamado al Ayuntamiento de Motril que d\u00e9 inicio a las gestiones que sean necesarias para que Motril formalice el correspondiente Convenio con la Direcci\u00f3n General de Tr\u00e1fico para facilitar a sus vecinos y vecinas la realizaci\u00f3n de los tr\u00e1mites y gestiones relacionados con ese organismo. Se trata de una situaci\u00f3n an\u00f3mala, que refleja a la perfecci\u00f3n el desentendimiento del Ayuntamiento de Motril con las necesidades reales de sus vecinos y vecinas, ha afirmado.<\/p>\n","protected":false},"author":1,"featured_media":0,"comment_status":"open","ping_status":"open","sticky":false,"template":"","format":"standard","meta":{"cybocfi_hide_featured_image":"","_jetpack_newsletter_access":"","_jetpack_dont_email_post_to_subs":false,"_jetpack_newsletter_tier_id":0,"_jetpack_memberships_contains_paywalled_content":false,"_jetpack_memberships_contains_paid_content":false,"footnotes":""},"categories":[7,265],"tags":[1027,1026,1029,1028,1025],"class_list":["post-3727","post","type-post","status-publish","format-standard","hentry","category-ayuntamiento","category-esta-pasando","tag-administracion-electronica","tag-convenio-dgt","tag-modernizacion-administracion","tag-servicio-a-ciudadanos","tag-trafico"],"jetpack_featured_media_url":"","jetpack_sharing_enabled":true,"jetpack_shortlink":"https:\/\/wp.me\/p4QsU5-Y7","jetpack-related-posts":[{"id":3736,"url":"https:\/\/iumotril.org\/sitio\/motril-demanda-la-apertura-de-una-delegacion-de-la-jefatura-de-trafico\/","url_meta":{"origin":3727,"position":0},"title":"Motril demanda la apertura de una Delegaci\u00f3n de la Jefatura de Tr\u00e1fico","author":"Izquierda Unida Motril","date":"26 julio, 2018","format":false,"excerpt":"En una moci\u00f3n que presenta al pr\u00f3ximo Pleno municipal se insta al gobierno local a que d\u00e9 inicio a las gestiones necesarias para solicitar la instalaci\u00f3n y apertura de una Delegaci\u00f3n de la Jefatura Provincial de Tr\u00e1fico en Motril. Una necesidad evidente, a la vista del volumen de tr\u00e1mites y\u2026","rel":"","context":"En \u00abEST\u00c1 PASANDO\u00bb","block_context":{"text":"EST\u00c1 PASANDO","link":"https:\/\/iumotril.org\/sitio\/category\/esta-pasando\/"},"img":{"alt_text":"","src":"https:\/\/i0.wp.com\/iumotril.org\/sitio\/wp-content\/uploads\/2018\/07\/colas-mostrador-informaci%C3%B3n_julio-2018-1-300x225.jpg?resize=350%2C200","width":350,"height":200},"classes":[]},{"id":4670,"url":"https:\/\/iumotril.org\/sitio\/inma-omiste-sera-la-candidata-izquierda-unida-a-la-alcaldia-de-motril\/","url_meta":{"origin":3727,"position":1},"title":"Inma Omiste ser\u00e1 la candidata de Izquierda Unida a la Alcald\u00eda de Motril","author":"Izquierda Unida Motril","date":"5 febrero, 2019","format":false,"excerpt":"La candidata de IU a la Alcald\u00eda se plantea como principal objetivo poner el Ayuntamiento de Motril al servicio de sus vecinos y vecinas y revertir la situaci\u00f3n actual en la que los motrile\u00f1os y las motrile\u00f1as est\u00e1n al servicio del\u00a0 Ayuntamiento. La candidatura propuesta por Izquierda Unida que encabeza\u2026","rel":"","context":"En \u00abConfluencia electoral\u00bb","block_context":{"text":"Confluencia electoral","link":"https:\/\/iumotril.org\/sitio\/category\/confluencia-electoral\/"},"img":{"alt_text":"","src":"https:\/\/i0.wp.com\/iumotril.org\/sitio\/wp-content\/uploads\/2019\/02\/Inma-Omiste_Servicios-p%C3%BAblicos-30-enero-768x576_ok.jpg?resize=350%2C200","width":350,"height":200},"classes":[]},{"id":3085,"url":"https:\/\/iumotril.org\/sitio\/daniela-paque-se-incorpora-al-nuevo-consejo-provincial-de-iu-granada\/","url_meta":{"origin":3727,"position":2},"title":"DANIELA PAQU\u00c9 SE INCORPORA AL NUEVO CONSEJO PROVINCIAL DE IU GRANADA","author":"Izquierda Unida Motril","date":"26 septiembre, 2017","format":false,"excerpt":"Adem\u00e1s de Daniela Paqu\u00e9, portavoz del Grupo Municipal de IU en Motril, se incorporan al consejo el coordinador de la asamblea local de Motril, Jose Garc\u00eda Llorente, y otros cuatro representantes de Almu\u00f1\u00e9car y \u00a0de la asamblea de Salobre\u00f1a.\u00a0La nueva coordinadora elegida por unanimidad, Mari Carmen P\u00e9rez, quiere de este\u2026","rel":"","context":"En \u00abEST\u00c1 PASANDO\u00bb","block_context":{"text":"EST\u00c1 PASANDO","link":"https:\/\/iumotril.org\/sitio\/category\/esta-pasando\/"},"img":{"alt_text":"","src":"https:\/\/i0.wp.com\/iumotril.org\/sitio\/wp-content\/uploads\/2017\/09\/Consejo-provincial-300x198.jpeg?resize=350%2C200","width":350,"height":200},"classes":[]},{"id":1873,"url":"https:\/\/iumotril.org\/sitio\/los-pequenos-agricultores-de-la-costa-en-huelga-flor-almon-en-berlin-con-las-grandes-comercializadoras\/","url_meta":{"origin":3727,"position":3},"title":"Los peque\u00f1os agricultores de la Costa en Huelga. Flor Alm\u00f3n en Berl\u00edn con las grandes comercializadoras","author":"Izquierda Unida Motril","date":"4 febrero, 2016","format":false,"excerpt":"Resulta curiosa la forma que tiene la alcaldesa de Motril de apoyar a los agricultores de la Costa. Mientras que \u00e9stos se movilizan en una jornada de huelga que se extiende desde Granada hasta Almer\u00eda reclamado un precio justo para sus productos, Flor Alm\u00f3n encabeza una nutrida representaci\u00f3n municipal que\u2026","rel":"","context":"En \u00abEST\u00c1 PASANDO\u00bb","block_context":{"text":"EST\u00c1 PASANDO","link":"https:\/\/iumotril.org\/sitio\/category\/esta-pasando\/"},"img":{"alt_text":"Motril@Digital","src":"https:\/\/i0.wp.com\/iumotril.org\/sitio\/wp-content\/uploads\/2015\/12\/crisis-pepinos.jpg?resize=350%2C200","width":350,"height":200},"classes":[]},{"id":3405,"url":"https:\/\/iumotril.org\/sitio\/deplorable-servicio-de-atencion-al-publico-en-el-ayuntamiento-de-motril\/","url_meta":{"origin":3727,"position":4},"title":"Deplorable servicio de atenci\u00f3n al p\u00fablico en el Ayuntamiento de Motril","author":"Izquierda Unida Motril","date":"9 marzo, 2018","format":false,"excerpt":"El gobierno del PSOE-PA mantiene el mismo modelo de relaci\u00f3n con la ciudadan\u00eda que el que implant\u00f3 el Partido Popular, seg\u00fan ha manifestado un portavoz de Izquierda Unida. Un modelo que tiene m\u00e1s que ver con pr\u00e1cticas de tiempos pasados que con la era de Internet y las tecnolog\u00edas de\u2026","rel":"","context":"En \u00abEST\u00c1 PASANDO\u00bb","block_context":{"text":"EST\u00c1 PASANDO","link":"https:\/\/iumotril.org\/sitio\/category\/esta-pasando\/"},"img":{"alt_text":"","src":"https:\/\/i0.wp.com\/iumotril.org\/sitio\/wp-content\/uploads\/2018\/03\/foto-cola-ayto-1024x498.jpg?resize=350%2C200","width":350,"height":200,"srcset":"https:\/\/i0.wp.com\/iumotril.org\/sitio\/wp-content\/uploads\/2018\/03\/foto-cola-ayto-1024x498.jpg?resize=350%2C200 1x, https:\/\/i0.wp.com\/iumotril.org\/sitio\/wp-content\/uploads\/2018\/03\/foto-cola-ayto-1024x498.jpg?resize=525%2C300 1.5x"},"classes":[]},{"id":3667,"url":"https:\/\/iumotril.org\/sitio\/son-necesarias-actuaciones-para-mejorar-y-conservar-las-playas-de-motril\/","url_meta":{"origin":3727,"position":5},"title":"Son necesarias actuaciones para mejorar y conservar las playas de Motril","author":"Izquierda Unida Motril","date":"22 junio, 2018","format":false,"excerpt":"La portavoz de IU ha criticado la falta de renovaci\u00f3n de los equipamientos de las playas, en especial de playa Poniente, como es el caso de las pasarelas en deficiente estado de conservaci\u00f3n, las duchas, papeleras y contenedores, exigiendo al gobierno local un mayor esfuerzo inversor en las playas de\u2026","rel":"","context":"En \u00abEST\u00c1 PASANDO\u00bb","block_context":{"text":"EST\u00c1 PASANDO","link":"https:\/\/iumotril.org\/sitio\/category\/esta-pasando\/"},"img":{"alt_text":"","src":"https:\/\/i0.wp.com\/iumotril.org\/sitio\/wp-content\/uploads\/2018\/06\/Azucenas.jpg?resize=350%2C200","width":350,"height":200,"srcset":"https:\/\/i0.wp.com\/iumotril.org\/sitio\/wp-content\/uploads\/2018\/06\/Azucenas.jpg?resize=350%2C200 1x, https:\/\/i0.wp.com\/iumotril.org\/sitio\/wp-content\/uploads\/2018\/06\/Azucenas.jpg?resize=525%2C300 1.5x"},"classes":[]}],"jetpack_likes_enabled":true,"_links":{"self":[{"href":"https:\/\/iumotril.org\/sitio\/wp-json\/wp\/v2\/posts\/3727","targetHints":{"allow":["GET"]}}],"collection":[{"href":"https:\/\/iumotril.org\/sitio\/wp-json\/wp\/v2\/posts"}],"about":[{"href":"https:\/\/iumotril.org\/sitio\/wp-json\/wp\/v2\/types\/post"}],"author":[{"embeddable":true,"href":"https:\/\/iumotril.org\/sitio\/wp-json\/wp\/v2\/users\/1"}],"replies":[{"embeddable":true,"href":"https:\/\/iumotril.org\/sitio\/wp-json\/wp\/v2\/comments?post=3727"}],"version-history":[{"count":6,"href":"https:\/\/iumotril.org\/sitio\/wp-json\/wp\/v2\/posts\/3727\/revisions"}],"predecessor-version":[{"id":3742,"href":"https:\/\/iumotril.org\/sitio\/wp-json\/wp\/v2\/posts\/3727\/revisions\/3742"}],"wp:attachment":[{"href":"https:\/\/iumotril.org\/sitio\/wp-json\/wp\/v2\/media?parent=3727"}],"wp:term":[{"taxonomy":"category","embeddable":true,"href":"https:\/\/iumotril.org\/sitio\/wp-json\/wp\/v2\/categories?post=3727"},{"taxonomy":"post_tag","embeddable":true,"href":"https:\/\/iumotril.org\/sitio\/wp-json\/wp\/v2\/tags?post=3727"}],"curies":[{"name":"wp","href":"https:\/\/api.w.org\/{rel}","templated":true}]}}