{"id":3722,"date":"2018-07-11T18:23:32","date_gmt":"2018-07-11T16:23:32","guid":{"rendered":"http:\/\/iumotril.org\/sitio\/?p=3722"},"modified":"2018-07-11T18:23:32","modified_gmt":"2018-07-11T16:23:32","slug":"izquierda-unida-propone-que-motril-apoye-la-concesion-del-premio-nobel-de-literatura-a-federico-garcia-lorca","status":"publish","type":"post","link":"https:\/\/iumotril.org\/sitio\/izquierda-unida-propone-que-motril-apoye-la-concesion-del-premio-nobel-de-literatura-a-federico-garcia-lorca\/","title":{"rendered":"Izquierda Unida propone que Motril apoye la concesi\u00f3n del Premio Nobel de Literatura a Federico Garc\u00eda Lorca"},"content":{"rendered":"<p class=\"p1\" style=\"text-align: justify;\"><span style=\"color: #993300;\"><strong><span class=\"s1\">Adem\u00e1s de una moci\u00f3n en este sentido, presenta otras dos, una de ellas para la erradicaci\u00f3n de tratos discriminatorios a las mujeres en el Ayuntamiento y la segunda para la puesta en marcha de medidas de atenci\u00f3n integral a las v\u00edctimas de violencias machistas en nuestra ciudad, en la que se propone que se declare Motril como ciudad libre de violencia machista.<\/span><\/strong><\/span><\/p>\n<p class=\"p1\" style=\"text-align: justify;\"><span class=\"s1\">El Grupo Municipal de Izquierda Unida propone al pleno municipal que se celebra el viernes, d\u00eda 13 que se adhiera al manifiesto promovido por intelectuales, personalidades p\u00fablicas y del mundo de la cultura solicitando a la Academia sueca que modifique sus normas para poder otorgar el Premio Nobel de Literatura, a t\u00edtulo p\u00f3stumo, a Federico Garc\u00eda Lorca. En el manifiesto se sostiene que, si no hubiera sido <strong>asesinado a los 38 a\u00f1os de edad,<\/strong> Lorca probablemente habr\u00eda desarrollado una carrera literaria m\u00e1s fecunda de la que tuvo y hubiera conseguido el Premio Nobel de Literatura.<\/span><\/p>\n<p class=\"p1\" style=\"text-align: justify;\"><span class=\"s1\"><a href=\"https:\/\/iumotril.org\/sitio\/nobel-para-federico\/\"><img loading=\"lazy\" decoding=\"async\" data-attachment-id=\"3721\" data-permalink=\"https:\/\/iumotril.org\/sitio\/izquierda-unida-propone-que-motril-apoye-la-concesion-del-premio-nobel-de-literatura-a-federico-garcia-lorca\/nobel-para-federico\/\" data-orig-file=\"https:\/\/iumotril.org\/sitio\/wp-content\/uploads\/2018\/07\/Nobel-para-Federico.jpg\" data-orig-size=\"927,927\" data-comments-opened=\"1\" data-image-meta=\"{&quot;aperture&quot;:&quot;0&quot;,&quot;credit&quot;:&quot;&quot;,&quot;camera&quot;:&quot;&quot;,&quot;caption&quot;:&quot;&quot;,&quot;created_timestamp&quot;:&quot;0&quot;,&quot;copyright&quot;:&quot;&quot;,&quot;focal_length&quot;:&quot;0&quot;,&quot;iso&quot;:&quot;0&quot;,&quot;shutter_speed&quot;:&quot;0&quot;,&quot;title&quot;:&quot;&quot;,&quot;orientation&quot;:&quot;0&quot;}\" data-image-title=\"Nobel para Federico\" data-image-description=\"\" data-image-caption=\"\" data-large-file=\"https:\/\/iumotril.org\/sitio\/wp-content\/uploads\/2018\/07\/Nobel-para-Federico.jpg\" class=\"alignleft wp-image-3721\" src=\"https:\/\/iumotril.org\/sitio\/wp-content\/uploads\/2018\/07\/Nobel-para-Federico-300x300.jpg\" alt=\"\" width=\"456\" height=\"456\" srcset=\"https:\/\/iumotril.org\/sitio\/wp-content\/uploads\/2018\/07\/Nobel-para-Federico-300x300.jpg 300w, https:\/\/iumotril.org\/sitio\/wp-content\/uploads\/2018\/07\/Nobel-para-Federico-150x150.jpg 150w, https:\/\/iumotril.org\/sitio\/wp-content\/uploads\/2018\/07\/Nobel-para-Federico-768x768.jpg 768w, https:\/\/iumotril.org\/sitio\/wp-content\/uploads\/2018\/07\/Nobel-para-Federico-36x36.jpg 36w, https:\/\/iumotril.org\/sitio\/wp-content\/uploads\/2018\/07\/Nobel-para-Federico-115x115.jpg 115w, https:\/\/iumotril.org\/sitio\/wp-content\/uploads\/2018\/07\/Nobel-para-Federico.jpg 927w\" sizes=\"auto, (max-width: 456px) 100vw, 456px\" \/><\/a>Jose Garc\u00eda Llorente, coordinador de IU Motril, ha recordado que los restos del poeta, asesinado <a href=\"https:\/\/elpais.com\/cultura\/2018\/07\/07\/actualidad\/1530942798_444121.html\" target=\"_blank\" rel=\"noopener\">hace m\u00e1s de 80 a\u00f1os<\/a>, a\u00fan no han aparecido por lo que el galard\u00f3n ser\u00eda, tambi\u00e9n, una <strong>respuesta desde la defensa de los derechos humanos y de la vida<\/strong> al terrible asesinato de un ciudadano comprometido con los valores de la segunda Rep\u00fablica, a favor de la libertad y contra el fascismo.<\/span><\/p>\n<p class=\"p1\" style=\"text-align: justify;\"><span class=\"s1\">Izquierda Unida, que est\u00e1 promoviendo esta moci\u00f3n en todos los Ayuntamientos de Granada, ha presentado tambi\u00e9n una <a href=\"https:\/\/www.eldiario.es\/cultura\/politicas_culturales\/IU-Congreso-Academia-Sueca-Literatura_0_789871332.html\" target=\"_blank\" rel=\"noopener\">Proposici\u00f3n no de Ley<\/a> en este sentido en las Cortes Generales.<\/span><\/p>\n<p class=\"p1\" style=\"text-align: justify;\"><span class=\"s1\">Desde Izquierda Unida se considera que el reconocimiento al poeta tendr\u00eda efectos beneficiosos y positivos para todas las personas que est\u00e1n vinculadas a Granada y a su provincia, por lo que esperan que la moci\u00f3n presentada cuente con el apoyo de todos los Grupos Municipales.\u00a0<\/span><span class=\"s1\">No creemos que en Motril ni en Granada pudiera entenderse que ning\u00fan Grupo Pol\u00edtico se oponga a la pretensi\u00f3n de que se conceda el Premio Nobel de Literatura a nuestro poeta, a Federico Garc\u00eda Lorca, ha afirmado el coordinador de Izquierda Unida en Motril.<\/span><\/p>\n<p class=\"p1\" style=\"text-align: justify;\"><strong><span class=\"s2\" style=\"color: #993300;\">Medidas de atenci\u00f3n integral a las v\u00edctimas de violencias machistas<\/span><\/strong><\/p>\n<p class=\"p1\" style=\"text-align: justify;\"><span class=\"s1\">Daniela Paqu\u00e9, portavoz del Grupo Municipal de Izquierda Unida, ha informado de las otras dos mociones que presenta su formaci\u00f3n para la consideraci\u00f3n del pr\u00f3ximo Pleno Municipal. Ambas proponen <strong>medidas de actuaci\u00f3n en defensa de las mujeres en nuestra ciudad:<\/strong> contra la discriminaci\u00f3n por raz\u00f3n de sexo en el Ayuntamiento de Motril y para la Atenci\u00f3n integral a las v\u00edctimas de violencias machistas en nuestra ciudad.<\/span><\/p>\n<p class=\"p1\" style=\"text-align: justify;\"><span class=\"s1\">Paqu\u00e9 ha criticado la falta de actuaciones del Ayuntamiento de Motril en respuesta a la violencia contra las mujeres, se\u00f1alando que el \u00c1rea de Igualdad destina \u00fanicamente el 3,8% de su presupuesto (8.053 euros) a \u201cActividades de mujer\u201d, una cantidad residual en relaci\u00f3n con el presupuesto municipal y que dif\u00edcilmente puede entenderse que responda al firme compromiso que la instituci\u00f3n municipal debe mostrar con un asunto de tal gravedad.<\/span><\/p>\n<p class=\"p1\" style=\"text-align: justify;\"><span class=\"s1\">La portavoz de IU ha detallado que en la moci\u00f3n que se presenta al pr\u00f3ximo pleno su Grupo solicita, adem\u00e1s de la <strong>declaraci\u00f3n de Motril como municipio libre de violencias machistas<\/strong>, la elaboraci\u00f3n de un <strong>protocolo de atenci\u00f3n integral a las v\u00edctimas<\/strong> que cuente con la participaci\u00f3n activa de las Asociaciones de mujeres de Motril y disponga de recursos econ\u00f3micos suficientes y adecuados.<\/span><\/p>\n<p class=\"p1\" style=\"text-align: justify;\"><span class=\"s1\">Seg\u00fan datos de la Concejal\u00eda de Igualdad, en los primeros meses de 2018, el Centro Municipal de Informaci\u00f3n a la Mujer ha atendido en nuestra ciudad a <strong>156 mujeres en situaci\u00f3n de violencia de g\u00e9nero,<\/strong> unos datos que justificar\u00edan sobradamente el establecimiento de las medidas de atenci\u00f3n integral propuestas.<\/span><\/p>\n","protected":false},"excerpt":{"rendered":"<p>El Grupo Municipal de Izquierda Unida propone al pleno municipal que se celebra el viernes, d\u00eda 13 que se adhiera al manifiesto promovido por intelectuales, personalidades p\u00fablicas y del mundo de la cultura solicitando a la Academia sueca que modifique sus normas para poder otorgar el Premio Nobel de Literatura, a t\u00edtulo p\u00f3stumo, a Federico Garc\u00eda Lorca. En el manifiesto se sostiene que, si no hubiera sido asesinado a los 38 a\u00f1os de edad, Lorca probablemente habr\u00eda desarrollado una carrera literaria m\u00e1s fecunda de la que tuvo y hubiera conseguido el Premio Nobel de Literatura.<\/p>\n","protected":false},"author":1,"featured_media":0,"comment_status":"open","ping_status":"open","sticky":false,"template":"","format":"standard","meta":{"cybocfi_hide_featured_image":"","_jetpack_newsletter_access":"","_jetpack_dont_email_post_to_subs":false,"_jetpack_newsletter_tier_id":0,"_jetpack_memberships_contains_paywalled_content":false,"_jetpack_memberships_contains_paid_content":false,"footnotes":""},"categories":[996,265],"tags":[1021,1018,200,1022,1019,1020],"class_list":["post-3722","post","type-post","status-publish","format-standard","hentry","category-cultura","category-esta-pasando","tag-atencion-integral-mujeres-victimas","tag-federico-garcia-lorca","tag-mociones","tag-motril-libre-violencias-machistas","tag-nobel-para-federico","tag-violencias-machistas"],"jetpack_featured_media_url":"","jetpack_sharing_enabled":true,"jetpack_shortlink":"https:\/\/wp.me\/p4QsU5-Y2","jetpack-related-posts":[{"id":3720,"url":"https:\/\/iumotril.org\/sitio\/motril-ciudad-libre-de-violencias-machistas\/","url_meta":{"origin":3722,"position":0},"title":"Motril, ciudad libre de violencias machistas","author":"Izquierda Unida Motril","date":"12 julio, 2018","format":false,"excerpt":"Daniela Paqu\u00e9, portavoz del Grupo Municipal de IU ha criticado la falta de actuaciones del Ayuntamiento de Motril en respuesta a la violencia contra las mujeres, se\u00f1alando que el \u00c1rea de Igualdad destina \u00fanicamente el 3,8% de su presupuesto (8.053 euros) a \u201cActividades de mujer\u201d, una cantidad residual en relaci\u00f3n\u2026","rel":"","context":"En \u00abEST\u00c1 PASANDO\u00bb","block_context":{"text":"EST\u00c1 PASANDO","link":"https:\/\/iumotril.org\/sitio\/category\/esta-pasando\/"},"img":{"alt_text":"","src":"https:\/\/i0.wp.com\/iumotril.org\/sitio\/wp-content\/uploads\/2018\/07\/Violencia-machista-300x212.jpg?resize=350%2C200","width":350,"height":200},"classes":[]},{"id":7630,"url":"https:\/\/iumotril.org\/sitio\/motril-pondra-en-marcha-medidas-especiales-contra-las-violencias-machistas-durante-los-meses-de-verano\/","url_meta":{"origin":3722,"position":1},"title":"Motril pondr\u00e1 en marcha medidas especiales contra las violencias machistas durante los meses de verano","author":"Izquierda Unida Motril","date":"30 julio, 2021","format":false,"excerpt":"La portavoz de IU-Equo ha agradecido el apoyo de la mayor\u00eda de los grupos de la Corporaci\u00f3n a la iniciativa presentada por su Grupo municipal para contribuir a evitar las violencias machistas en Motril. La portavoz de IU-Equo ha reiterado su compromiso con los derechos y la libertad de las\u2026","rel":"","context":"En \u00abEST\u00c1 PASANDO\u00bb","block_context":{"text":"EST\u00c1 PASANDO","link":"https:\/\/iumotril.org\/sitio\/category\/esta-pasando\/"},"img":{"alt_text":"","src":"https:\/\/i0.wp.com\/iumotril.org\/sitio\/wp-content\/uploads\/2021\/07\/photo_2021-07-28_14-05-31-1024x576.jpg?resize=350%2C200","width":350,"height":200,"srcset":"https:\/\/i0.wp.com\/iumotril.org\/sitio\/wp-content\/uploads\/2021\/07\/photo_2021-07-28_14-05-31-1024x576.jpg?resize=350%2C200 1x, https:\/\/i0.wp.com\/iumotril.org\/sitio\/wp-content\/uploads\/2021\/07\/photo_2021-07-28_14-05-31-1024x576.jpg?resize=525%2C300 1.5x"},"classes":[]},{"id":5451,"url":"https:\/\/iumotril.org\/sitio\/iu-equo-promueve-la-declaracion-de-motril-libre-de-violencias-machistas\/","url_meta":{"origin":3722,"position":2},"title":"IU-Equo promueve la declaraci\u00f3n de Motril, libre de violencias machistas","author":"Izquierda Unida Motril","date":"22 noviembre, 2019","format":false,"excerpt":"La lucha contra esa lacra social no se puede limitar a una fecha ni a la realizaci\u00f3n de actividades m\u00e1s o menos coloristas. Es necesario implementar pol\u00edticas sostenidas en el tiempo, dotadas de recursos econ\u00f3micos y materiales suficientes que contribuyan a su total erradicaci\u00f3n. En nuestro pa\u00eds, en los \u00faltimos\u2026","rel":"","context":"En \u00abEST\u00c1 PASANDO\u00bb","block_context":{"text":"EST\u00c1 PASANDO","link":"https:\/\/iumotril.org\/sitio\/category\/esta-pasando\/"},"img":{"alt_text":"","src":"https:\/\/i0.wp.com\/iumotril.org\/sitio\/wp-content\/uploads\/2019\/11\/25-n-Revolucio%CC%81n.jpg?resize=350%2C200","width":350,"height":200,"srcset":"https:\/\/i0.wp.com\/iumotril.org\/sitio\/wp-content\/uploads\/2019\/11\/25-n-Revolucio%CC%81n.jpg?resize=350%2C200 1x, https:\/\/i0.wp.com\/iumotril.org\/sitio\/wp-content\/uploads\/2019\/11\/25-n-Revolucio%CC%81n.jpg?resize=525%2C300 1.5x, https:\/\/i0.wp.com\/iumotril.org\/sitio\/wp-content\/uploads\/2019\/11\/25-n-Revolucio%CC%81n.jpg?resize=700%2C400 2x"},"classes":[]},{"id":7806,"url":"https:\/\/iumotril.org\/sitio\/una-mocion-de-iu-equo-propone-medidas-de-apoyo-a-las-mujeres-victimas-de-violencia-de-genero-con-animales-de-compania\/","url_meta":{"origin":3722,"position":3},"title":"Una moci\u00f3n de IU-Equo propone medidas de apoyo a las mujeres v\u00edctimas de violencia de g\u00e9nero con animales de compa\u00f1\u00eda","author":"Izquierda Unida Motril","date":"28 octubre, 2021","format":false,"excerpt":"Por iniciativa de Podemos Motril, el Grupo Municipal de IU-Equo ha presentado una moci\u00f3n para su debate en el pr\u00f3ximo Pleno en la que propone, entre otras medidas, incluir en los protocolos de actuaci\u00f3n de los Servicios Sociales municipales, la informaci\u00f3n relativa a aquellas mujeres v\u00edctimas de violencia de g\u00e9nero\u2026","rel":"","context":"En \u00abAyuntamiento\u00bb","block_context":{"text":"Ayuntamiento","link":"https:\/\/iumotril.org\/sitio\/category\/ayuntamiento\/"},"img":{"alt_text":"","src":"https:\/\/i0.wp.com\/iumotril.org\/sitio\/wp-content\/uploads\/2021\/10\/Carmen-M.-Rubino-Vio-pet-28-octubre-768x1024.jpg?resize=350%2C200","width":350,"height":200,"srcset":"https:\/\/i0.wp.com\/iumotril.org\/sitio\/wp-content\/uploads\/2021\/10\/Carmen-M.-Rubino-Vio-pet-28-octubre-768x1024.jpg?resize=350%2C200 1x, https:\/\/i0.wp.com\/iumotril.org\/sitio\/wp-content\/uploads\/2021\/10\/Carmen-M.-Rubino-Vio-pet-28-octubre-768x1024.jpg?resize=525%2C300 1.5x"},"classes":[]},{"id":7966,"url":"https:\/\/iumotril.org\/sitio\/iu-equo-critica-la-contratacion-de-placido-domingo-para-una-actuacion-en-motril\/","url_meta":{"origin":3722,"position":4},"title":"IU-Equo critica la contrataci\u00f3n de Pl\u00e1cido Domingo para una actuaci\u00f3n en Motril","author":"Izquierda Unida Motril","date":"1 febrero, 2022","format":false,"excerpt":"Pedimos a Luisa Garc\u00eda Chamorro que rectifique y \u201cque se ponga del lado de las mujeres\u201d. Por \u201csolidaridad de g\u00e9nero\u201d y por coherencia con el compromiso institucional inequ\u00edvoco de la Corporaci\u00f3n contra cualquier forma de violencia machista. Son muchas las mujeres que se sienten ofendidas tras el anuncio del concierto\u2026","rel":"","context":"En \u00abEST\u00c1 PASANDO\u00bb","block_context":{"text":"EST\u00c1 PASANDO","link":"https:\/\/iumotril.org\/sitio\/category\/esta-pasando\/"},"img":{"alt_text":"","src":"https:\/\/i0.wp.com\/iumotril.org\/sitio\/wp-content\/uploads\/2022\/01\/IMG-4245-1024x768.jpg?resize=350%2C200","width":350,"height":200,"srcset":"https:\/\/i0.wp.com\/iumotril.org\/sitio\/wp-content\/uploads\/2022\/01\/IMG-4245-1024x768.jpg?resize=350%2C200 1x, https:\/\/i0.wp.com\/iumotril.org\/sitio\/wp-content\/uploads\/2022\/01\/IMG-4245-1024x768.jpg?resize=525%2C300 1.5x"},"classes":[]},{"id":7200,"url":"https:\/\/iumotril.org\/sitio\/iu-equo-deplora-que-vox-impida-la-declaracion-institucional-del-ayuntamiento-de-motril-a-favor-de-las-mujeres\/","url_meta":{"origin":3722,"position":5},"title":"IU-Equo deplora que Vox impida la declaraci\u00f3n institucional del Ayuntamiento de Motril a favor de las mujeres","author":"Izquierda Unida Motril","date":"3 marzo, 2021","format":false,"excerpt":"En recuerdo de las 1.081 mujeres asesinadas desde el a\u00f1o 2003 en el Estado y frente a quienes intentan negar la realidad, desde nuestro Grupo queremos decir alto y claro que la violencia machista s\u00ed tiene g\u00e9nero, ha declarado Inma Omiste. Seg\u00fan la portavoz de IU-Equo, no puede haber matices\u2026","rel":"","context":"En \u00abSin categor\u00eda\u00bb","block_context":{"text":"Sin categor\u00eda","link":"https:\/\/iumotril.org\/sitio\/category\/sin-categoria\/"},"img":{"alt_text":"","src":"https:\/\/i0.wp.com\/iumotril.org\/sitio\/wp-content\/uploads\/2020\/11\/Inma-4-noviembre.jpg?resize=350%2C200","width":350,"height":200},"classes":[]}],"jetpack_likes_enabled":true,"_links":{"self":[{"href":"https:\/\/iumotril.org\/sitio\/wp-json\/wp\/v2\/posts\/3722","targetHints":{"allow":["GET"]}}],"collection":[{"href":"https:\/\/iumotril.org\/sitio\/wp-json\/wp\/v2\/posts"}],"about":[{"href":"https:\/\/iumotril.org\/sitio\/wp-json\/wp\/v2\/types\/post"}],"author":[{"embeddable":true,"href":"https:\/\/iumotril.org\/sitio\/wp-json\/wp\/v2\/users\/1"}],"replies":[{"embeddable":true,"href":"https:\/\/iumotril.org\/sitio\/wp-json\/wp\/v2\/comments?post=3722"}],"version-history":[{"count":3,"href":"https:\/\/iumotril.org\/sitio\/wp-json\/wp\/v2\/posts\/3722\/revisions"}],"predecessor-version":[{"id":3725,"href":"https:\/\/iumotril.org\/sitio\/wp-json\/wp\/v2\/posts\/3722\/revisions\/3725"}],"wp:attachment":[{"href":"https:\/\/iumotril.org\/sitio\/wp-json\/wp\/v2\/media?parent=3722"}],"wp:term":[{"taxonomy":"category","embeddable":true,"href":"https:\/\/iumotril.org\/sitio\/wp-json\/wp\/v2\/categories?post=3722"},{"taxonomy":"post_tag","embeddable":true,"href":"https:\/\/iumotril.org\/sitio\/wp-json\/wp\/v2\/tags?post=3722"}],"curies":[{"name":"wp","href":"https:\/\/api.w.org\/{rel}","templated":true}]}}