{"id":3683,"date":"2018-06-29T12:21:15","date_gmt":"2018-06-29T10:21:15","guid":{"rendered":"http:\/\/iumotril.org\/sitio\/?p=3683"},"modified":"2018-06-29T18:35:35","modified_gmt":"2018-06-29T16:35:35","slug":"se-quiere-utilizar-la-llegada-de-inmigrantes-para-alentar-el-racismo-y-la-xenofobia","status":"publish","type":"post","link":"https:\/\/iumotril.org\/sitio\/se-quiere-utilizar-la-llegada-de-inmigrantes-para-alentar-el-racismo-y-la-xenofobia\/","title":{"rendered":"Se quiere utilizar la llegada de inmigrantes para alentar el racismo y la xenofobia"},"content":{"rendered":"<p class=\"CuerpoA\" style=\"text-align: justify; text-justify: inter-ideograph;\"><span style=\"color: #993300;\"><strong><span lang=\"ES-TRAD\" style=\"font-family: 'Arial','sans-serif';\">La portavoz de Izquierda Unida ha reclamado m\u00e1s medios y recursos para la acogida y la atenci\u00f3n a los cientos de personas inmigrantes que est\u00e1n llegando a Motril en las \u00faltimas semanas, porque no se puede cerrar los ojos ante la llegada masiva de personas que huyen de las guerras y del hambre.<\/span><\/strong><\/span><\/p>\n<p class=\"CuerpoA\" style=\"text-align: justify; text-justify: inter-ideograph;\"><span lang=\"ES-TRAD\" style=\"font-family: 'Arial','sans-serif';\">Daniela Paqu\u00e9 ha defendido la necesidad de que la acogida y la atenci\u00f3n a los inmigrantes se haga desde el respeto a la dignidad de las personas y a los derechos humanos, por lo que ha ratificado el rechazo de Izquierda Unida al modelo que suponen los CIEs y los Centros de Atenci\u00f3n Temporal, como el que se pretende instalar en Motril. <a href=\"https:\/\/iumotril.org\/sitio\/izquierda-unida-colectivos-sociales-y-organizaciones-humanitarias-rechazan-ante-el-eva-9-su-posible-utilizacion-como-centro-de-internamiento-de-inmigrantes\/\" target=\"_blank\" rel=\"noopener\">Ni en Motril ni en ning\u00fan sitio<\/a>, ha afirmado.<\/span><\/p>\n<p class=\"CuerpoA\" style=\"text-align: justify; text-justify: inter-ideograph;\"><span lang=\"ES-TRAD\" style=\"font-family: 'Arial','sans-serif';\"><a href=\"https:\/\/iumotril.org\/sitio\/inmigracion_29-junio\/\"><img loading=\"lazy\" decoding=\"async\" data-attachment-id=\"3697\" data-permalink=\"https:\/\/iumotril.org\/sitio\/se-quiere-utilizar-la-llegada-de-inmigrantes-para-alentar-el-racismo-y-la-xenofobia\/inmigracion_29-junio\/\" data-orig-file=\"https:\/\/iumotril.org\/sitio\/wp-content\/uploads\/2018\/06\/Inmigracion_29-junio-e1530267007244.jpg\" data-orig-size=\"2448,3264\" data-comments-opened=\"1\" data-image-meta=\"{&quot;aperture&quot;:&quot;2.2&quot;,&quot;credit&quot;:&quot;&quot;,&quot;camera&quot;:&quot;iPhone 6&quot;,&quot;caption&quot;:&quot;&quot;,&quot;created_timestamp&quot;:&quot;1530265492&quot;,&quot;copyright&quot;:&quot;&quot;,&quot;focal_length&quot;:&quot;4.15&quot;,&quot;iso&quot;:&quot;40&quot;,&quot;shutter_speed&quot;:&quot;0.03030303030303&quot;,&quot;title&quot;:&quot;&quot;,&quot;orientation&quot;:&quot;6&quot;}\" data-image-title=\"Inmigracion_29 junio\" data-image-description=\"\" data-image-caption=\"\" data-large-file=\"https:\/\/iumotril.org\/sitio\/wp-content\/uploads\/2018\/06\/Inmigracion_29-junio-e1530267007244-768x1024.jpg\" class=\"alignleft wp-image-3697\" src=\"https:\/\/iumotril.org\/sitio\/wp-content\/uploads\/2018\/06\/Inmigracion_29-junio-e1530267007244-225x300.jpg\" alt=\"\" width=\"400\" height=\"533\" srcset=\"https:\/\/iumotril.org\/sitio\/wp-content\/uploads\/2018\/06\/Inmigracion_29-junio-e1530267007244-225x300.jpg 225w, https:\/\/iumotril.org\/sitio\/wp-content\/uploads\/2018\/06\/Inmigracion_29-junio-e1530267007244-768x1024.jpg 768w\" sizes=\"auto, (max-width: 400px) 100vw, 400px\" \/><\/a><\/span><span lang=\"ES-TRAD\" style=\"font-family: 'Arial','sans-serif';\">La portavoz de IU ha valorado positivamente la respuesta institucional y ciudadana de Motril ante la llegada masiva de inmigrantes, reconociendo la labor social y humanitaria que est\u00e1n llevando a cabo cientos de voluntarios de diversas organizaciones no gubernamentales, la sensibilidad y disposici\u00f3n del Ayuntamiento de Motril y la tarea de los cuerpos y fuerzas de seguridad del Estado.<\/span><\/p>\n<p class=\"CuerpoA\" style=\"text-align: justify; text-justify: inter-ideograph;\"><span lang=\"ES-TRAD\" style=\"font-family: 'Arial','sans-serif';\">\u00a0<\/span><span lang=\"ES-TRAD\" style=\"font-family: 'Arial','sans-serif';\">Seg\u00fan la representante de Izquierda Unida en el Ayuntamiento de Motril esta situaci\u00f3n no puede resolverse de forma aislada sino que requiere de soluciones que se deriven de una <strong>pol\u00edtica migratoria en el \u00e1mbito de la Uni\u00f3n Europea<\/strong> y de la implicaci\u00f3n de todas las administraciones, por lo que ha reclamado los medios y los recursos necesarios para abordarla con las suficientes garant\u00edas sin hacer recaer todos los esfuerzos de forma exclusiva en el lugar de llegada.<\/span><\/p>\n<p class=\"CuerpoA\" style=\"text-align: justify; text-justify: inter-ideograph;\"><span lang=\"ES-TRAD\" style=\"font-family: 'Arial','sans-serif';\">\u00a0<\/span><span lang=\"ES-TRAD\" style=\"font-family: 'Arial','sans-serif';\">Daniela Paqu\u00e9 ha denunciado que la llegada de inmigrantes se est\u00e9 utilizando para alentar el racismo y la xenofobia, un argumento que no se puede admitir, rechazando la <strong>insolidaridad de los pa\u00edses europeos y de la gentuza de la extrema derecha<\/strong> que asume sus discursos bordeando el fascismo: est\u00e1n colocando a los gitanos y a los inmigrantes en la misma diana que en los a\u00f1os 40 colocaron a los jud\u00edos, ha declarado.<\/span><\/p>\n<p class=\"CuerpoA\" style=\"text-align: justify; text-justify: inter-ideograph;\"><span lang=\"ES-TRAD\" style=\"font-family: 'Arial','sans-serif';\">\u00a0<\/span><span lang=\"ES-TRAD\" style=\"font-family: 'Arial','sans-serif';\">Izquierda Unida, que se ha sumado al <a href=\"https:\/\/iumotril.org\/sitio\/wp-content\/uploads\/2018\/06\/Manifiesto-Final.pdf\" target=\"_blank\" rel=\"noopener\"><strong>manifiesto institucional<\/strong><\/a> que han suscrito organizaciones pol\u00edticas y sociales de Motril, comparte que la mejor forma de <strong>luchar contra el racismo y la xenofobia<\/strong> es garantizar la libertad individual, la igualdad de oportunidades y la no discriminaci\u00f3n por ninguna raz\u00f3n, reafirmando su compromiso, de situarse, siempre, al lado de las personas m\u00e1s desfavorecidas ante cualquier situaci\u00f3n, ya sea el desalojo de su vivienda, la precariedad en sus condiciones de vida o trabajo o la necesidad de asilo o refugio.<\/span><\/p>\n<p class=\"CuerpoA\" style=\"text-align: justify; text-justify: inter-ideograph;\"><span lang=\"ES-TRAD\" style=\"font-family: 'Arial','sans-serif';\">\u00a0<\/span><span lang=\"ES-TRAD\" style=\"font-family: 'Arial','sans-serif';\">Daniela Paqu\u00e9 ha destacado el car\u00e1cter solidario de los vecinos y vecinas de Motril y su voluntad de que su ciudad sea un <strong>lugar de acogida y de integraci\u00f3n<\/strong>. Ha recordado que nuestra tierra ha sido y sigue siendo lugar de emigrantes que se han visto en la necesidad de salir fuera para buscar nuevas oportunidades, por lo que ha apelado a la defensa de los valores propios de los derechos humanos por encima de cualquier otra consideraci\u00f3n econ\u00f3mica, racial, religiosa, \u00e9tnica o de car\u00e1cter pol\u00edtico en cualquier lugar de acogida.<\/span><\/p>\n<p>Merece la pena dedicarle tres minutos a escuchar el mensaje del presidente Mujica:<\/p>\n<p><span style=\"color: #993300;\"><em> \u00abC\u00f3mo entender que esta Europa moderna y rica tenga enormes resistencias para integrar gente que escapa de la penuria y las guerras&#8230;?<\/em><\/span><\/p>\n<p>&nbsp;<\/p>\n<div class=\"jetpack-video-wrapper\"><span class=\"embed-youtube\" style=\"text-align:center; display: block;\"><iframe loading=\"lazy\" class=\"youtube-player\" width=\"640\" height=\"360\" src=\"https:\/\/www.youtube.com\/embed\/jO3uOJ2FK30?version=3&#038;rel=1&#038;showsearch=0&#038;showinfo=1&#038;iv_load_policy=1&#038;fs=1&#038;hl=es-ES&#038;autohide=2&#038;wmode=transparent\" allowfullscreen=\"true\" style=\"border:0;\" sandbox=\"allow-scripts allow-same-origin allow-popups allow-presentation allow-popups-to-escape-sandbox\"><\/iframe><\/span><\/div>\n","protected":false},"excerpt":{"rendered":"<p>Daniela Paqu\u00e9 ha defendido la necesidad de que la acogida y la atenci\u00f3n a los inmigrantes se haga desde el respeto a la dignidad de las personas y a los derechos humanos, por lo que ha ratificado el rechazo de Izquierda Unida al modelo que suponen los CIEs y los Centros de Atenci\u00f3n Temporal, como el que se pretende instalar en Motril. Ni en Motril ni en ning\u00fan sitio, ha afirmado.<\/p>\n","protected":false},"author":1,"featured_media":0,"comment_status":"open","ping_status":"open","sticky":false,"template":"","format":"standard","meta":{"cybocfi_hide_featured_image":"","_jetpack_newsletter_access":"","_jetpack_dont_email_post_to_subs":false,"_jetpack_newsletter_tier_id":0,"_jetpack_memberships_contains_paywalled_content":false,"_jetpack_memberships_contains_paid_content":false,"footnotes":""},"categories":[265],"tags":[892,1015,1016,889,169,172],"class_list":["post-3683","post","type-post","status-publish","format-standard","hentry","category-esta-pasando","tag-acogida","tag-emigracion","tag-llegada","tag-migraciones","tag-racismo","tag-xenofobia"],"jetpack_featured_media_url":"","jetpack_sharing_enabled":true,"jetpack_shortlink":"https:\/\/wp.me\/p4QsU5-Xp","jetpack-related-posts":[{"id":4068,"url":"https:\/\/iumotril.org\/sitio\/izquierda-unida-denuncia-que-no-se-le-permite-visitar-las-instalaciones-del-centro-de-inmigrantes-del-puerto-de-motril\/","url_meta":{"origin":3683,"position":0},"title":"Izquierda Unida denuncia que no se le permite visitar las instalaciones del Centro de Inmigrantes del Puerto de Motril","author":"Izquierda Unida Motril","date":"9 octubre, 2018","format":false,"excerpt":"Izquierda Unida reclama al Ayuntamiento de Motril la puesta en marcha de un Protocolo de emergencia ante la llegada masiva de pateras (Pecol)\u00a0 con el objetivo de articular una acogida colectiva de personas migrantes de manera organizada y profesional, un modelo impulsado por el Ayuntamiento de Granada que est\u00e1 dando\u2026","rel":"","context":"En \u00abEST\u00c1 PASANDO\u00bb","block_context":{"text":"EST\u00c1 PASANDO","link":"https:\/\/iumotril.org\/sitio\/category\/esta-pasando\/"},"img":{"alt_text":"Inmigrantes","src":"https:\/\/i0.wp.com\/iumotril.org\/sitio\/wp-content\/uploads\/2018\/08\/inmigrantes-300x200.jpg?resize=350%2C200","width":350,"height":200},"classes":[]},{"id":3775,"url":"https:\/\/iumotril.org\/sitio\/son-necesarios-mas-medios-y-recursos-para-la-acogida-de-las-personas-migrantes-en-motril\/","url_meta":{"origin":3683,"position":1},"title":"Son necesarios m\u00e1s medios y recursos para la acogida de las personas migrantes en Motril.","author":"Izquierda Unida Motril","date":"9 agosto, 2018","format":false,"excerpt":"Daniela Paqu\u00e9 ha hecho un llamamiento a la solidaridad de toda la sociedad motrile\u00f1a: No podemos mirar para otro lado, no debemos hacerlo. Por decencia, por dignidad, por humanidad y por memoria, ha afirmado. Ha recordado que somos un pa\u00eds de emigrantes: muchos de nuestros padres y madres, t\u00edos, t\u00edas\u2026","rel":"","context":"En \u00abEST\u00c1 PASANDO\u00bb","block_context":{"text":"EST\u00c1 PASANDO","link":"https:\/\/iumotril.org\/sitio\/category\/esta-pasando\/"},"img":{"alt_text":"Inmigrantes","src":"https:\/\/i0.wp.com\/iumotril.org\/sitio\/wp-content\/uploads\/2018\/08\/inmigrantes-300x200.jpg?resize=350%2C200","width":350,"height":200},"classes":[]},{"id":4178,"url":"https:\/\/iumotril.org\/sitio\/acogida-de-migrantes-racismo-mentiras-y-solidaridad\/","url_meta":{"origin":3683,"position":2},"title":"Acogida de Migrantes: Racismo, Mentiras y Solidaridad","author":"Izquierda Unida Motril","date":"20 noviembre, 2018","format":false,"excerpt":"Lo seguiremos haciendo por que tenemos memoria y recordamos que hemos sido y somos un pa\u00eds de emigrantes. No somos capaces de mirar para otro lado, cuando la gente joven, nuestros hijos e hijas, nuestros sobrinos, nuestras nietas y nietos han tenido que salir a buscar un proyecto de vida\u2026","rel":"","context":"En \u00abEST\u00c1 PASANDO\u00bb","block_context":{"text":"EST\u00c1 PASANDO","link":"https:\/\/iumotril.org\/sitio\/category\/esta-pasando\/"},"img":{"alt_text":"Migrantes marroqu\u00edes acogidos en sede IU Motril","src":"https:\/\/i0.wp.com\/iumotril.org\/sitio\/wp-content\/uploads\/2018\/11\/Migrantes-en-sede-300x225.jpg?resize=350%2C200","width":350,"height":200},"classes":[]},{"id":3326,"url":"https:\/\/iumotril.org\/sitio\/izquierda-unida-colectivos-sociales-y-organizaciones-humanitarias-rechazan-ante-el-eva-9-su-posible-utilizacion-como-centro-de-internamiento-de-inmigrantes\/","url_meta":{"origin":3683,"position":3},"title":"IZQUIERDA UNIDA, COLECTIVOS SOCIALES y ORGANIZACIONES HUMANITARIAS RECHAZAN ANTE EL EVA-9 SU POSIBLE UTILIZACI\u00d3N COMO CENTRO DE INTERNAMIENTO DE INMIGRANTES","author":"Izquierda Unida Motril","date":"22 enero, 2018","format":false,"excerpt":"Mari Carmen P\u00e9rez, ha denunciado la pol\u00edtica migratoria del gobierno de Mariano Rajoy, autoritaria y represiva en su opini\u00f3n, que trata a las personas inmigrantes como a delincuentes. Ha reafirmado el compromiso de IU Andaluc\u00eda de utilizar todos los medios a su alcance para que no se ponga en marcha\u2026","rel":"","context":"En \u00abEST\u00c1 PASANDO\u00bb","block_context":{"text":"EST\u00c1 PASANDO","link":"https:\/\/iumotril.org\/sitio\/category\/esta-pasando\/"},"img":{"alt_text":"","src":"https:\/\/i0.wp.com\/iumotril.org\/sitio\/wp-content\/uploads\/2018\/01\/IMG_1962-300x225.jpg?resize=350%2C200","width":350,"height":200},"classes":[]},{"id":3296,"url":"https:\/\/iumotril.org\/sitio\/izquierda-unida-recha-la-instalacion-de-un-nuevo-centro-de-internamiento-de-inmigrantes-en-en-motril\/","url_meta":{"origin":3683,"position":4},"title":"IZQUIERDA UNIDA RECHAZA LA INSTALACI\u00d3N DE UN NUEVO CENTRO DE INTERNAMIENTO DE INMIGRANTES EN EN MOTRIL","author":"Izquierda Unida Motril","date":"19 enero, 2018","format":false,"excerpt":"Izquierda Unida llamar\u00e1 a la movilizaci\u00f3n de los vecinos y vecinas de Motril y de los colectivos y organizaciones sociales para manifestar su oposici\u00f3n y su rechazo a la existencia de centros de internamiento de inmigrantes, en Motril, en Andaluc\u00eda y en Espa\u00f1a.\u00a0Izquierda Unida rechaza de plano la pol\u00edtica migratoria\u2026","rel":"","context":"En \u00abEST\u00c1 PASANDO\u00bb","block_context":{"text":"EST\u00c1 PASANDO","link":"https:\/\/iumotril.org\/sitio\/category\/esta-pasando\/"},"img":{"alt_text":"","src":"https:\/\/i0.wp.com\/iumotril.org\/sitio\/wp-content\/uploads\/2018\/01\/inmigrantes_motril_3-248x300.jpg?resize=350%2C200","width":350,"height":200},"classes":[]},{"id":3006,"url":"https:\/\/iumotril.org\/sitio\/el-paripe-del-consejo-economico-y-social-de-motril\/","url_meta":{"origin":3683,"position":5},"title":"EL PARIP\u00c9 DEL CONSEJO ECON\u00d3MICO Y SOCIAL DE MOTRIL.","author":"Izquierda Unida Motril","date":"24 julio, 2017","format":false,"excerpt":"Un parip\u00e9, en palabras de la representante de Izquierda Unida en el Consejo, Daniela Paqu\u00e9, para la que la convocatoria del CESMO no ha tenido otro objetivo que hacerse una foto con colectivos afines y confundir interesadamente a la ciudadan\u00eda. La representante de IU ha denunciado que se incorporan nuevos\u2026","rel":"","context":"En \u00abEST\u00c1 PASANDO\u00bb","block_context":{"text":"EST\u00c1 PASANDO","link":"https:\/\/iumotril.org\/sitio\/category\/esta-pasando\/"},"img":{"alt_text":"","src":"https:\/\/i0.wp.com\/iumotril.org\/sitio\/wp-content\/uploads\/2017\/07\/Foto-de-Familia-de-los-miembros-del-Consejo-Econ%C3%B3mico-y-Social-998x483.jpg?resize=350%2C200","width":350,"height":200,"srcset":"https:\/\/i0.wp.com\/iumotril.org\/sitio\/wp-content\/uploads\/2017\/07\/Foto-de-Familia-de-los-miembros-del-Consejo-Econ%C3%B3mico-y-Social-998x483.jpg?resize=350%2C200 1x, https:\/\/i0.wp.com\/iumotril.org\/sitio\/wp-content\/uploads\/2017\/07\/Foto-de-Familia-de-los-miembros-del-Consejo-Econ%C3%B3mico-y-Social-998x483.jpg?resize=525%2C300 1.5x"},"classes":[]}],"jetpack_likes_enabled":true,"_links":{"self":[{"href":"https:\/\/iumotril.org\/sitio\/wp-json\/wp\/v2\/posts\/3683","targetHints":{"allow":["GET"]}}],"collection":[{"href":"https:\/\/iumotril.org\/sitio\/wp-json\/wp\/v2\/posts"}],"about":[{"href":"https:\/\/iumotril.org\/sitio\/wp-json\/wp\/v2\/types\/post"}],"author":[{"embeddable":true,"href":"https:\/\/iumotril.org\/sitio\/wp-json\/wp\/v2\/users\/1"}],"replies":[{"embeddable":true,"href":"https:\/\/iumotril.org\/sitio\/wp-json\/wp\/v2\/comments?post=3683"}],"version-history":[{"count":8,"href":"https:\/\/iumotril.org\/sitio\/wp-json\/wp\/v2\/posts\/3683\/revisions"}],"predecessor-version":[{"id":3704,"href":"https:\/\/iumotril.org\/sitio\/wp-json\/wp\/v2\/posts\/3683\/revisions\/3704"}],"wp:attachment":[{"href":"https:\/\/iumotril.org\/sitio\/wp-json\/wp\/v2\/media?parent=3683"}],"wp:term":[{"taxonomy":"category","embeddable":true,"href":"https:\/\/iumotril.org\/sitio\/wp-json\/wp\/v2\/categories?post=3683"},{"taxonomy":"post_tag","embeddable":true,"href":"https:\/\/iumotril.org\/sitio\/wp-json\/wp\/v2\/tags?post=3683"}],"curies":[{"name":"wp","href":"https:\/\/api.w.org\/{rel}","templated":true}]}}