{"id":367,"date":"2014-11-26T10:56:21","date_gmt":"2014-11-26T09:56:21","guid":{"rendered":"http:\/\/iumotril.org\/sitio\/?p=367"},"modified":"2014-12-12T11:04:17","modified_gmt":"2014-12-12T10:04:17","slug":"los-planes-de-empleo-provocan-malestar-entre-los-demandantes","status":"publish","type":"post","link":"https:\/\/iumotril.org\/sitio\/los-planes-de-empleo-provocan-malestar-entre-los-demandantes\/","title":{"rendered":"LOS PLANES DE EMPLEO PROVOCAN MALESTAR ENTRE LOS DEMANDANTES"},"content":{"rendered":"<p>Los distintos Planes de Empleo aprobados por la Junta de Andaluc\u00eda que han permitido la contrataci\u00f3n en Motril de aproximadamente 280 personas entre el Programa de Empleo Joven, el Programa denominado +30 y el Programa Extraordinario de Ayudas a la Contrataci\u00f3n para familias en riesgo de exclusi\u00f3n social.<\/p>\n<p>\u00abUnos programas que no han servido para crear esperanza y expectativas de empleo en nuestra ciudad, sino que lo que est\u00e1n generando enfado y malestar generalizado\u00bb.<\/p>\n<p>Un malestar que va en aumento siendo la principal cr\u00edtica que se hace la poca trasparencia del proceso, \u00abun procedimiento llevado a cabo por el Partido Popular que no ha sido todo lo cristalino que deber\u00eda haber sido, principalmente porque los perfiles no se han hecho p\u00fablicos con la suficiente antelaci\u00f3n, ya que los sondeos se han realizado con anterioridad a la publicaci\u00f3n de dichos perfiles\u00bb.<\/p>\n<p><a href=\"https:\/\/iumotril.org\/sitio\/wp-content\/uploads\/2014\/12\/dani-novj.jpg\"><img loading=\"lazy\" decoding=\"async\" data-attachment-id=\"368\" data-permalink=\"https:\/\/iumotril.org\/sitio\/los-planes-de-empleo-provocan-malestar-entre-los-demandantes\/dani-novj\/\" data-orig-file=\"https:\/\/iumotril.org\/sitio\/wp-content\/uploads\/2014\/12\/dani-novj.jpg\" data-orig-size=\"1647,2255\" data-comments-opened=\"1\" data-image-meta=\"{&quot;aperture&quot;:&quot;0&quot;,&quot;credit&quot;:&quot;&quot;,&quot;camera&quot;:&quot;&quot;,&quot;caption&quot;:&quot;&quot;,&quot;created_timestamp&quot;:&quot;0&quot;,&quot;copyright&quot;:&quot;&quot;,&quot;focal_length&quot;:&quot;0&quot;,&quot;iso&quot;:&quot;0&quot;,&quot;shutter_speed&quot;:&quot;0&quot;,&quot;title&quot;:&quot;&quot;,&quot;orientation&quot;:&quot;0&quot;}\" data-image-title=\"dani novj\" data-image-description=\"\" data-image-caption=\"\" data-large-file=\"https:\/\/iumotril.org\/sitio\/wp-content\/uploads\/2014\/12\/dani-novj-748x1024.jpg\" class=\"aligncenter size-medium wp-image-368\" src=\"https:\/\/iumotril.org\/sitio\/wp-content\/uploads\/2014\/12\/dani-novj-219x300.jpg\" alt=\"dani novj\" width=\"219\" height=\"300\" srcset=\"https:\/\/iumotril.org\/sitio\/wp-content\/uploads\/2014\/12\/dani-novj-219x300.jpg 219w, https:\/\/iumotril.org\/sitio\/wp-content\/uploads\/2014\/12\/dani-novj-768x1052.jpg 768w, https:\/\/iumotril.org\/sitio\/wp-content\/uploads\/2014\/12\/dani-novj-748x1024.jpg 748w, https:\/\/iumotril.org\/sitio\/wp-content\/uploads\/2014\/12\/dani-novj.jpg 1647w\" sizes=\"auto, (max-width: 219px) 100vw, 219px\" \/><\/a><\/p>\n<p>La Concejala de IU, Daniela Paqu\u00e9, pide que, de cara a pr\u00f3ximas convocatorias, se cree un grupo de trabajo en el que est\u00e9n representados, adem\u00e1s de los t\u00e9cnicos de empleo, los grupos municipales y los sindicatos. \u00abLa composici\u00f3n plural de este grupo de trabajo permitir\u00eda sin duda finalizar con las especulaciones sobre los procesos selectivos y sobre todo servir\u00eda para lograr que estas subvenciones se dedicasen a los trabajos que m\u00e1s se necesitan en Motril y que mayores beneficios podr\u00edan reportar a la ciudadan\u00eda\u00bb.<\/p>\n<p>La representante de IU ha finalizado a\u00f1adiendo que \u00abMientras todo esto pasa la Alcaldesa continua ampliando su \u00e1lbum de fotos y la b\u00fasqueda de titulares que puedan suponer un beneficio electoral a sus siglas, porque conscientes de la derrota electoral que se les avecina est\u00e1n a la desesperada intentando salvar algo, aunque a estas alturas poco o nada van a conseguir porque su credibilidad ha llegado a su fin\u00bb.<\/p>\n","protected":false},"excerpt":{"rendered":"<p>Los distintos Planes de Empleo aprobados por la Junta de [&hellip;]<\/p>\n","protected":false},"author":1,"featured_media":0,"comment_status":"open","ping_status":"open","sticky":false,"template":"","format":"standard","meta":{"cybocfi_hide_featured_image":"","_jetpack_newsletter_access":"","_jetpack_dont_email_post_to_subs":false,"_jetpack_newsletter_tier_id":0,"_jetpack_memberships_contains_paywalled_content":false,"_jetpack_memberships_contains_paid_content":false,"footnotes":""},"categories":[44],"tags":[],"class_list":["post-367","post","type-post","status-publish","format-standard","hentry","category-empleo"],"jetpack_featured_media_url":"","jetpack_sharing_enabled":true,"jetpack_shortlink":"https:\/\/wp.me\/p4QsU5-5V","jetpack-related-posts":[{"id":2627,"url":"https:\/\/iumotril.org\/sitio\/iu-reclama-la-contratacion-de-desempleados-por-el-ayuntamiento\/","url_meta":{"origin":367,"position":0},"title":"IU RECLAMA LA CONTRATACI\u00d3N DE DESEMPLEADOS POR EL AYUNTAMIENTO","author":"Izquierda Unida Motril","date":"16 diciembre, 2016","format":false,"excerpt":"La portavoz de Izquierda Unida ha puesto en duda la capacidad de la Concejala de empleo y formaci\u00f3n para resolver este proceso con las garant\u00edas necesarias, dadas las m\u00faltiples competencias de su \u00c1rea (Esc\u00e1mez tiene responsabilidades sobre la Polic\u00eda Municipal, Personal y R\u00e9gimen Interior, Movilidad, Empleo y Formaci\u00f3n) y teniendo\u2026","rel":"","context":"En \u00abEST\u00c1 PASANDO\u00bb","block_context":{"text":"EST\u00c1 PASANDO","link":"https:\/\/iumotril.org\/sitio\/category\/esta-pasando\/"},"img":{"alt_text":"","src":"https:\/\/i0.wp.com\/iumotril.org\/sitio\/wp-content\/uploads\/2016\/12\/Archivo_000-23-1024x768.jpeg?resize=350%2C200","width":350,"height":200,"srcset":"https:\/\/i0.wp.com\/iumotril.org\/sitio\/wp-content\/uploads\/2016\/12\/Archivo_000-23-1024x768.jpeg?resize=350%2C200 1x, https:\/\/i0.wp.com\/iumotril.org\/sitio\/wp-content\/uploads\/2016\/12\/Archivo_000-23-1024x768.jpeg?resize=525%2C300 1.5x"},"classes":[]},{"id":7208,"url":"https:\/\/iumotril.org\/sitio\/seis-de-cada-10-personas-paradas-registradas-en-motril-son-mujeres\/","url_meta":{"origin":367,"position":1},"title":"Seis de cada 10 personas paradas registradas en Motril son mujeres","author":"Izquierda Unida Motril","date":"4 marzo, 2021","format":false,"excerpt":"Ya est\u00e1 bien de presumir de gesti\u00f3n eficaz, de actuaciones propagand\u00edsticas y de que a la se\u00f1ora alcaldesa se llene la boca con lo que califica de realizaciones hist\u00f3ricas del equipo de gobierno y, de una vez por todas, se emprendan actuaciones a favor de las necesidades esenciales de las\u2026","rel":"","context":"En \u00abEST\u00c1 PASANDO\u00bb","block_context":{"text":"EST\u00c1 PASANDO","link":"https:\/\/iumotril.org\/sitio\/category\/esta-pasando\/"},"img":{"alt_text":"","src":"https:\/\/i0.wp.com\/iumotril.org\/sitio\/wp-content\/uploads\/2020\/11\/Jose-26-noviembre-917x1024.jpg?resize=350%2C200","width":350,"height":200,"srcset":"https:\/\/i0.wp.com\/iumotril.org\/sitio\/wp-content\/uploads\/2020\/11\/Jose-26-noviembre-917x1024.jpg?resize=350%2C200 1x, https:\/\/i0.wp.com\/iumotril.org\/sitio\/wp-content\/uploads\/2020\/11\/Jose-26-noviembre-917x1024.jpg?resize=525%2C300 1.5x"},"classes":[]},{"id":6538,"url":"https:\/\/iumotril.org\/sitio\/iu-equo-reclama-mas-recursos-economicos-para-la-creacion-de-empleo-en-motril\/","url_meta":{"origin":367,"position":2},"title":"IU-Equo reclama m\u00e1s recursos econ\u00f3micos para la creaci\u00f3n de empleo en Motril","author":"Izquierda Unida Motril","date":"29 julio, 2020","format":false,"excerpt":"En la actualidad, hay en Motril 6.597 personas paradas y el gobierno andaluz va a destinar a fomento de empleo p\u00fablico en Motril 904 mil euros, es decir, un 47% menos de recursos, aunque hay 1.318 parados m\u00e1s que en 2018. la disminuci\u00f3n de recursos para la creaci\u00f3n de empleo\u2026","rel":"","context":"En \u00abCovid_19\u00bb","block_context":{"text":"Covid_19","link":"https:\/\/iumotril.org\/sitio\/category\/covid_19\/"},"img":{"alt_text":"","src":"https:\/\/i0.wp.com\/iumotril.org\/sitio\/wp-content\/uploads\/2020\/07\/Inma-y-Jose-29-julio-1024x768.jpg?resize=350%2C200","width":350,"height":200,"srcset":"https:\/\/i0.wp.com\/iumotril.org\/sitio\/wp-content\/uploads\/2020\/07\/Inma-y-Jose-29-julio-1024x768.jpg?resize=350%2C200 1x, https:\/\/i0.wp.com\/iumotril.org\/sitio\/wp-content\/uploads\/2020\/07\/Inma-y-Jose-29-julio-1024x768.jpg?resize=525%2C300 1.5x"},"classes":[]},{"id":2457,"url":"https:\/\/iumotril.org\/sitio\/izquierda-unida-reclama-la-puesta-en-marcha-de-los-planes-de-empleo-joven-y-30\/","url_meta":{"origin":367,"position":3},"title":"IZQUIERDA UNIDA RECLAMA LA PUESTA EN MARCHA DE LOS PLANES DE EMPLEO JOVEN Y +30","author":"Izquierda Unida Motril","date":"20 octubre, 2016","format":false,"excerpt":"Izquierda Unida de Motril deplora que el Gobierno Local no exija a la Junta de Andaluc\u00eda la puesta en marcha inmediata de estos planes de empleo, sum\u00e1ndose a las movilizaciones de otros ayuntamientos andaluces. A la vez, reitera su reclamaci\u00f3n de que, cuando lleguen esos planes, el proceso de selecci\u00f3n\u2026","rel":"","context":"En \u00abEST\u00c1 PASANDO\u00bb","block_context":{"text":"EST\u00c1 PASANDO","link":"https:\/\/iumotril.org\/sitio\/category\/esta-pasando\/"},"img":{"alt_text":"","src":"https:\/\/i0.wp.com\/img.youtube.com\/vi\/I93eHjYxlzY\/0.jpg?resize=350%2C200","width":350,"height":200},"classes":[]},{"id":3118,"url":"https:\/\/iumotril.org\/sitio\/izquierda-unida-propone-la-elaboracion-de-un-plan-de-empleo-local\/","url_meta":{"origin":367,"position":4},"title":"IZQUIERDA UNIDA PROPONE LA ELABORACI\u00d3N DE UN PLAN DE EMPLEO LOCAL","author":"Izquierda Unida Motril","date":"11 octubre, 2017","format":false,"excerpt":"La Administraci\u00f3n municipal dispone de las herramientas y del espacio necesario para llevar a cabo actuaciones en el \u00e1mbito local que contribuyan a incentivar la creaci\u00f3n de empleo. Por este motivo se ha dirigido a la Alcaldesa de Motril, Flor Alm\u00f3n, para reclamarle que convoque a los sindicatos, a las\u2026","rel":"","context":"En \u00abEST\u00c1 PASANDO\u00bb","block_context":{"text":"EST\u00c1 PASANDO","link":"https:\/\/iumotril.org\/sitio\/category\/esta-pasando\/"},"img":{"alt_text":"","src":"http:\/\/iumotril.org\/sitio\/wp-content\/uploads\/2017\/10\/Paro-Motril.bmp","width":350,"height":200,"srcset":"http:\/\/iumotril.org\/sitio\/wp-content\/uploads\/2017\/10\/Paro-Motril.bmp 1x, http:\/\/iumotril.org\/sitio\/wp-content\/uploads\/2017\/10\/Paro-Motril.bmp 1.5x, http:\/\/iumotril.org\/sitio\/wp-content\/uploads\/2017\/10\/Paro-Motril.bmp 2x"},"classes":[]},{"id":7935,"url":"https:\/\/iumotril.org\/sitio\/iu-equo-critica-la-utilizacion-interesada-de-los-datos-del-paro-para-los-fines-propagandisticos-de-la-alcaldesa\/","url_meta":{"origin":367,"position":5},"title":"IU-Equo critica la utilizaci\u00f3n interesada de los datos del paro para los fines propagand\u00edsticos de la alcaldesa","author":"Izquierda Unida Motril","date":"5 enero, 2022","format":false,"excerpt":"\u201cDurante los 29 meses de gobierno del PP y Ciudadanos en Motril se han destruido 113 empleos\u201d. La \u201cgesti\u00f3n de las derechas\u201d en Motril tiene como consecuencias el aumento del paro, de la pobreza y de la exclusi\u00f3n social entre los m\u00e1s desfavorecidos y no, como propaga la alcaldesa, el\u2026","rel":"","context":"En \u00abempleo\u00bb","block_context":{"text":"empleo","link":"https:\/\/iumotril.org\/sitio\/category\/empleo\/"},"img":{"alt_text":"","src":"https:\/\/i0.wp.com\/iumotril.org\/sitio\/wp-content\/uploads\/2022\/01\/Paro-julio-2019-diciembre-2021.png?resize=350%2C200","width":350,"height":200,"srcset":"https:\/\/i0.wp.com\/iumotril.org\/sitio\/wp-content\/uploads\/2022\/01\/Paro-julio-2019-diciembre-2021.png?resize=350%2C200 1x, https:\/\/i0.wp.com\/iumotril.org\/sitio\/wp-content\/uploads\/2022\/01\/Paro-julio-2019-diciembre-2021.png?resize=525%2C300 1.5x, https:\/\/i0.wp.com\/iumotril.org\/sitio\/wp-content\/uploads\/2022\/01\/Paro-julio-2019-diciembre-2021.png?resize=700%2C400 2x"},"classes":[]}],"jetpack_likes_enabled":true,"_links":{"self":[{"href":"https:\/\/iumotril.org\/sitio\/wp-json\/wp\/v2\/posts\/367","targetHints":{"allow":["GET"]}}],"collection":[{"href":"https:\/\/iumotril.org\/sitio\/wp-json\/wp\/v2\/posts"}],"about":[{"href":"https:\/\/iumotril.org\/sitio\/wp-json\/wp\/v2\/types\/post"}],"author":[{"embeddable":true,"href":"https:\/\/iumotril.org\/sitio\/wp-json\/wp\/v2\/users\/1"}],"replies":[{"embeddable":true,"href":"https:\/\/iumotril.org\/sitio\/wp-json\/wp\/v2\/comments?post=367"}],"version-history":[{"count":2,"href":"https:\/\/iumotril.org\/sitio\/wp-json\/wp\/v2\/posts\/367\/revisions"}],"predecessor-version":[{"id":370,"href":"https:\/\/iumotril.org\/sitio\/wp-json\/wp\/v2\/posts\/367\/revisions\/370"}],"wp:attachment":[{"href":"https:\/\/iumotril.org\/sitio\/wp-json\/wp\/v2\/media?parent=367"}],"wp:term":[{"taxonomy":"category","embeddable":true,"href":"https:\/\/iumotril.org\/sitio\/wp-json\/wp\/v2\/categories?post=367"},{"taxonomy":"post_tag","embeddable":true,"href":"https:\/\/iumotril.org\/sitio\/wp-json\/wp\/v2\/tags?post=367"}],"curies":[{"name":"wp","href":"https:\/\/api.w.org\/{rel}","templated":true}]}}