{"id":3667,"date":"2018-06-22T17:57:45","date_gmt":"2018-06-22T15:57:45","guid":{"rendered":"http:\/\/iumotril.org\/sitio\/?p=3667"},"modified":"2018-06-22T17:57:45","modified_gmt":"2018-06-22T15:57:45","slug":"son-necesarias-actuaciones-para-mejorar-y-conservar-las-playas-de-motril","status":"publish","type":"post","link":"https:\/\/iumotril.org\/sitio\/son-necesarias-actuaciones-para-mejorar-y-conservar-las-playas-de-motril\/","title":{"rendered":"Son necesarias actuaciones para mejorar y conservar las playas de Motril"},"content":{"rendered":"<p class=\"CuerpoA\" style=\"text-align: justify; text-justify: inter-ideograph;\"><strong><span lang=\"ES-TRAD\" style=\"font-family: Arial, sans-serif; color: #993300;\">Izquierda Unida ha demandado al gobierno local que destine los recursos necesarios para llevar a cabo las actuaciones que permitan que los servicios y equipamientos de las playas de Motril est\u00e9n en condiciones \u00f3ptimas durante el per\u00edodo estival. Ha criticado que el servicio de salvamento y socorrismo en las playas motrile\u00f1as no se mantenga durante las primeras semanas de septiembre.<\/span><\/strong><span lang=\"ES-TRAD\" style=\"font-family: 'Arial','sans-serif';\">\u00a0<\/span><\/p>\n<p class=\"CuerpoA\" style=\"text-align: justify; text-justify: inter-ideograph;\"><span lang=\"ES-TRAD\" style=\"font-family: 'Arial','sans-serif';\">Daniela Paqu\u00e9, portavoz del Grupo Municipal de Izquierda Unida en el Ayuntamiento de Motril, ha se\u00f1alado que, a juicio de su formaci\u00f3n, el estado de <strong>limpieza de las playas y la adecuaci\u00f3n de su entorno<\/strong> deben ser pilares clave de estas actuaciones, reclamando una atenci\u00f3n especial a los <strong>barrios de Santa Adela y Varadero<\/strong> tradicionalmente olvidados por los gobiernos municipales, tambi\u00e9n por el gobierno socialista de Flor Alm\u00f3n.<\/span><\/p>\n<figure id=\"attachment_3687\" aria-describedby=\"caption-attachment-3687\" style=\"width: 616px\" class=\"wp-caption alignleft\"><a href=\"https:\/\/iumotril.org\/sitio\/azucenas\/\"><img loading=\"lazy\" decoding=\"async\" data-attachment-id=\"3687\" data-permalink=\"https:\/\/iumotril.org\/sitio\/son-necesarias-actuaciones-para-mejorar-y-conservar-las-playas-de-motril\/azucenas\/\" data-orig-file=\"https:\/\/iumotril.org\/sitio\/wp-content\/uploads\/2018\/06\/Azucenas.jpg\" data-orig-size=\"616,355\" data-comments-opened=\"1\" data-image-meta=\"{&quot;aperture&quot;:&quot;0&quot;,&quot;credit&quot;:&quot;&quot;,&quot;camera&quot;:&quot;&quot;,&quot;caption&quot;:&quot;&quot;,&quot;created_timestamp&quot;:&quot;0&quot;,&quot;copyright&quot;:&quot;&quot;,&quot;focal_length&quot;:&quot;0&quot;,&quot;iso&quot;:&quot;0&quot;,&quot;shutter_speed&quot;:&quot;0&quot;,&quot;title&quot;:&quot;&quot;,&quot;orientation&quot;:&quot;0&quot;}\" data-image-title=\"Azucenas\" data-image-description=\"\" data-image-caption=\"&lt;p&gt;Playa de las Azucenas. Ecologistas en Acci\u00f3n Granada&lt;\/p&gt;\n\" data-large-file=\"https:\/\/iumotril.org\/sitio\/wp-content\/uploads\/2018\/06\/Azucenas.jpg\" class=\"wp-image-3687 size-full\" src=\"https:\/\/iumotril.org\/sitio\/wp-content\/uploads\/2018\/06\/Azucenas.jpg\" alt=\"\" width=\"616\" height=\"355\" srcset=\"https:\/\/iumotril.org\/sitio\/wp-content\/uploads\/2018\/06\/Azucenas.jpg 616w, https:\/\/iumotril.org\/sitio\/wp-content\/uploads\/2018\/06\/Azucenas-300x173.jpg 300w\" sizes=\"auto, (max-width: 616px) 100vw, 616px\" \/><\/a><figcaption id=\"caption-attachment-3687\" class=\"wp-caption-text\">Playa de las Azucenas. Ecologistas en Acci\u00f3n Granada<\/figcaption><\/figure>\n<p class=\"CuerpoA\" style=\"text-align: justify; text-justify: inter-ideograph;\"><span lang=\"ES-TRAD\" style=\"font-family: 'Arial','sans-serif';\">La portavoz de IU ha criticado la <strong>falta de renovaci\u00f3n de los equipamientos de las playas<\/strong>, en especial de playa Poniente, como es el caso de las pasarelas en deficiente estado de conservaci\u00f3n, las duchas, papeleras y contenedores, exigiendo al gobierno local un mayor esfuerzo inversor en las playas de Motril que permita la realizaci\u00f3n de actuaciones sostenidas en el tiempo que contribuyan a <a href=\"https:\/\/iumotril.org\/sitio\/el-grupo-parlamentario-de-unidos-podemos-presentara-en-el-congreso-una-propuesta-de-mejora-de-las-playas-de-la-costa\/\" target=\"_blank\" rel=\"noopener\">evitar su deterioro<\/a> y a mantenerlas en buen estado de conservaci\u00f3n durante todo el a\u00f1o.<\/span><\/p>\n<p class=\"CuerpoA\" style=\"text-align: justify; text-justify: inter-ideograph;\"><span lang=\"ES-TRAD\" style=\"font-family: 'Arial','sans-serif';\">Daniela Paqu\u00e9 ha recordado que su formaci\u00f3n lleva a\u00f1os reclamando la <a href=\"https:\/\/iumotril.org\/sitio\/iu-motril-solicita-la-construccion-de-un-paseo-maritimo-blando-en-la-playa-de-las-azucenas\/\" target=\"_blank\" rel=\"noopener\"><strong>adecuaci\u00f3n y mejora de la playa de las Azucenas<\/strong><\/a>, que se encuentra en estado de semi abandono a pesar de la existencia de las diferentes iniciativas que se han presentado para su intervenci\u00f3n y que, lamentablemente, Flor Alm\u00f3n y su equipo siguen ignorando prefiriendo no hacer nada en este sentido.<\/span><\/p>\n<p class=\"CuerpoA\" style=\"text-align: justify; text-justify: inter-ideograph;\"><span lang=\"ES-TRAD\" style=\"font-family: 'Arial','sans-serif';\">\u00a0<\/span><span lang=\"ES-TRAD\" style=\"font-family: 'Arial','sans-serif';\">La responsable de IU en el Ayuntamiento de Motril ha hecho un llamamiento a la <strong>corresponsabilidad ciudadana<\/strong> en el buen uso de las playas, que deben ser utilizadas como espacios de convivencia ciudadana al tratarse de un bien com\u00fan que se debe cuidar, por parte de todos y de todas, de una manera especial. En este sentido ha reclamado al Ayuntamiento de Motril y a la Mancomunidad de Municipios que destinen sus esfuerzos y sus recursos econ\u00f3micos a la realizaci\u00f3n de campa\u00f1as de sensibilizaci\u00f3n ciudadana que contribuyan a <strong>fomentar conductas responsables<\/strong>, en vez de a la <a href=\"https:\/\/iumotril.org\/sitio\/la-mancomunidad-obligada-a-publicar-la-informacion-de-los-contratos-y-patrocinios-que-realiza\/\" target=\"_blank\" rel=\"noopener\">promoci\u00f3n de eventos<\/a>, como regatas, rallys y espect\u00e1culos de aviaci\u00f3n, que ni responden al inter\u00e9s general ni contribuyen a la mejora de nuestras playas ni a la creaci\u00f3n de riqueza y empleo para nuestro pueblo.<\/span><\/p>\n<p class=\"CuerpoA\" style=\"text-align: justify; text-justify: inter-ideograph;\"><span lang=\"ES-TRAD\" style=\"font-family: 'Arial','sans-serif';\">\u00a0<\/span><span lang=\"ES-TRAD\" style=\"font-family: 'Arial','sans-serif';\">Daniela Paqu\u00e9 se ha referido al fracaso del actual <a href=\"http:\/\/www.ideal.es\/granada\/costa\/playas-logran-mejor-20180207015507-ntvo.html\" target=\"_blank\" rel=\"noopener\">modelo de desarrollo tur\u00edstico<\/a> de la Costa de <strong>Granada, cuyas playas son las peor valoradas<\/strong> en cuanto a calidad entre las playas andaluzas, situ\u00e1ndose a la cola de Espa\u00f1a en cuanto a banderas azules, ya que \u00fanicamente dos de sus cuarenta y ocho playas lucen este distintivo. Tampoco se privan de vertidos contaminantes, agresiones urban\u00edsticas o cualquier otra actuaci\u00f3n que ocasionan p\u00e9rdidas de <a href=\"https:\/\/ecologistasenacciongranada.wordpress.com\/2017\/06\/01\/banderas-negras-2017-en-granada\/\" target=\"_blank\" rel=\"noopener\">calidad ambiental del litoral<\/a>, como se\u00f1ala <strong>Ecologistas en Acci\u00f3n.<\/strong><\/span><\/p>\n<p class=\"CuerpoA\" style=\"text-align: justify; text-justify: inter-ideograph;\"><span lang=\"ES-TRAD\" style=\"font-family: 'Arial','sans-serif';\">La portavoz de IU ha vuelto a exigir a Flor Alm\u00f3n que trabaje para <strong>mejorar nuestra ciudad en todos sus \u00e1mbitos<\/strong> y que exija ante las administraciones las inversiones necesarias para llevar a cabo en nuestras playas actuaciones de car\u00e1cter estructural que frenen su deterioro y permitan su adecuada conservaci\u00f3n y mantenimiento para el disfrute de todos y de todas, vecinos, vecinas, visitantes y turistas.<\/span><\/p>\n","protected":false},"excerpt":{"rendered":"<p>La portavoz de IU ha criticado la falta de renovaci\u00f3n de los equipamientos de las playas, en especial de playa Poniente, como es el caso de las pasarelas en deficiente estado de conservaci\u00f3n, las duchas, papeleras y contenedores, exigiendo al gobierno local un mayor esfuerzo inversor en las playas de Motril que permita la realizaci\u00f3n de actuaciones sostenidas en el tiempo que contribuyan a evitar su deterioro y a mantenerlas en buen estado de conservaci\u00f3n durante todo el a\u00f1o.<\/p>\n","protected":false},"author":1,"featured_media":0,"comment_status":"open","ping_status":"open","sticky":false,"template":"","format":"standard","meta":{"cybocfi_hide_featured_image":"","_jetpack_newsletter_access":"","_jetpack_dont_email_post_to_subs":false,"_jetpack_newsletter_tier_id":0,"_jetpack_memberships_contains_paywalled_content":false,"_jetpack_memberships_contains_paid_content":false,"footnotes":""},"categories":[265],"tags":[377,1014,448,1013,562,120,193],"class_list":["post-3667","post","type-post","status-publish","format-standard","hentry","category-esta-pasando","tag-abandono","tag-buen-estado","tag-limpieza","tag-mantenimiento","tag-playas","tag-santa-adela","tag-varadero"],"jetpack_featured_media_url":"","jetpack_sharing_enabled":true,"jetpack_shortlink":"https:\/\/wp.me\/p4QsU5-X9","jetpack-related-posts":[{"id":8265,"url":"https:\/\/iumotril.org\/sitio\/iu-equo-exige-a-la-alcaldesa-actuaciones-urgentes-para-solucionar-el-deficiente-estado-de-las-playas-de-motril\/","url_meta":{"origin":3667,"position":0},"title":"IU-EQUO exige a la alcaldesa actuaciones urgentes para solucionar el deficiente estado de las playas de Motril","author":"Izquierda Unida Motril","date":"7 julio, 2022","format":false,"excerpt":"Seg\u00fan la portavoz de IU-Equo, las playas de Motril llevaban mucho tiempo sin presentar un estado de utilizaci\u00f3n tan lamentable, sin las pasarelas de acceso instaladas, con las duchas inutilizadas y sin papeleras y contenedores de basura adecuados. A ello se le une un entorno en el que las zonas\u2026","rel":"","context":"En \u00abEST\u00c1 PASANDO\u00bb","block_context":{"text":"EST\u00c1 PASANDO","link":"https:\/\/iumotril.org\/sitio\/category\/esta-pasando\/"},"img":{"alt_text":"","src":"https:\/\/i0.wp.com\/iumotril.org\/sitio\/wp-content\/uploads\/2022\/07\/playa-cable-1-176x176.jpg?resize=350%2C200&ssl=1","width":350,"height":200,"srcset":"https:\/\/i0.wp.com\/iumotril.org\/sitio\/wp-content\/uploads\/2022\/07\/playa-cable-1-176x176.jpg?resize=350%2C200&ssl=1 1x, https:\/\/i0.wp.com\/iumotril.org\/sitio\/wp-content\/uploads\/2022\/07\/playa-cable-1-176x176.jpg?resize=525%2C300&ssl=1 1.5x, https:\/\/i0.wp.com\/iumotril.org\/sitio\/wp-content\/uploads\/2022\/07\/playa-cable-1-176x176.jpg?resize=700%2C400&ssl=1 2x, https:\/\/i0.wp.com\/iumotril.org\/sitio\/wp-content\/uploads\/2022\/07\/playa-cable-1-176x176.jpg?resize=1050%2C600&ssl=1 3x, https:\/\/i0.wp.com\/iumotril.org\/sitio\/wp-content\/uploads\/2022\/07\/playa-cable-1-176x176.jpg?resize=1400%2C800&ssl=1 4x"},"classes":[]},{"id":3652,"url":"https:\/\/iumotril.org\/sitio\/motril-reclama-actuaciones-integrales-de-limpieza-en-calles-plazas-y-barrios\/","url_meta":{"origin":3667,"position":1},"title":"Motril reclama actuaciones integrales de limpieza en calles, plazas y barrios","author":"Izquierda Unida Motril","date":"20 junio, 2018","format":false,"excerpt":"Ha alertando del previsible incremento de la suciedad de las calles con la llegada del calor y la falta de lluvia dado el deficiente servicio que se viene realizando. Por ello, ha propuesto que se lleve a cabo un plan de limpieza integral que adecente la ciudad y su entorno\u2026","rel":"","context":"En \u00abEST\u00c1 PASANDO\u00bb","block_context":{"text":"EST\u00c1 PASANDO","link":"https:\/\/iumotril.org\/sitio\/category\/esta-pasando\/"},"img":{"alt_text":"","src":"https:\/\/i0.wp.com\/iumotril.org\/sitio\/wp-content\/uploads\/2018\/06\/Inma_limpieza-rambla-alamos_20-junio-e1529490096864-225x300.jpg?resize=350%2C200","width":350,"height":200},"classes":[]},{"id":6472,"url":"https:\/\/iumotril.org\/sitio\/iu-equo-reclama-la-mejora-de-instalaciones-y-equipamientos-de-la-playa-de-poniente\/","url_meta":{"origin":3667,"position":2},"title":"IU-Equo reclama la mejora de instalaciones y equipamientos de la playa de Poniente","author":"Izquierda Unida Motril","date":"23 junio, 2020","format":false,"excerpt":"Seg\u00fan Inma Omiste, todas las playas de Motril necesitan actuaciones de mantenimiento y mejora, y todas las que se lleven a cabo en ese sentido son bienvenidas. Sin embargo, resulta llamativo que la playa m\u00e1s popular del municipio, la m\u00e1s concurrida y utilizada por las familias motrile\u00f1as, presente un aspecto\u2026","rel":"","context":"En \u00abEST\u00c1 PASANDO\u00bb","block_context":{"text":"EST\u00c1 PASANDO","link":"https:\/\/iumotril.org\/sitio\/category\/esta-pasando\/"},"img":{"alt_text":"","src":"https:\/\/i0.wp.com\/iumotril.org\/sitio\/wp-content\/uploads\/2020\/06\/Inma-23-junio-scaled.jpg?resize=350%2C200","width":350,"height":200,"srcset":"https:\/\/i0.wp.com\/iumotril.org\/sitio\/wp-content\/uploads\/2020\/06\/Inma-23-junio-scaled.jpg?resize=350%2C200 1x, https:\/\/i0.wp.com\/iumotril.org\/sitio\/wp-content\/uploads\/2020\/06\/Inma-23-junio-scaled.jpg?resize=525%2C300 1.5x, https:\/\/i0.wp.com\/iumotril.org\/sitio\/wp-content\/uploads\/2020\/06\/Inma-23-junio-scaled.jpg?resize=700%2C400 2x, https:\/\/i0.wp.com\/iumotril.org\/sitio\/wp-content\/uploads\/2020\/06\/Inma-23-junio-scaled.jpg?resize=1050%2C600 3x, https:\/\/i0.wp.com\/iumotril.org\/sitio\/wp-content\/uploads\/2020\/06\/Inma-23-junio-scaled.jpg?resize=1400%2C800 4x"},"classes":[]},{"id":2985,"url":"https:\/\/iumotril.org\/sitio\/izquierda-unida-denuncia-que-las-playas-de-motril-no-tengan-aun-el-servicio-de-vigilancia-y-socorrismo\/","url_meta":{"origin":3667,"position":3},"title":"IZQUIERDA UNIDA DENUNCIA QUE LAS PLAYAS DE MOTRIL NO TENGAN A\u00daN EL SERVICIO DE VIGILANCIA Y SOCORRISMO","author":"Izquierda Unida Motril","date":"10 julio, 2017","format":false,"excerpt":"Con actuaciones como \u00e9sta --ya habituales en la gesti\u00f3n de los asuntos de la ciudad--, se est\u00e1 destruyendo, paso a paso, uno de los mayores y mejores activos con que cuenta Motril: el atractivo de sus playas para vecinos y visitantes, adem\u00e1s de minar la potencialidad de la actividad tur\u00edstica.\u2026","rel":"","context":"En \u00abEST\u00c1 PASANDO\u00bb","block_context":{"text":"EST\u00c1 PASANDO","link":"https:\/\/iumotril.org\/sitio\/category\/esta-pasando\/"},"img":{"alt_text":"","src":"https:\/\/i0.wp.com\/iumotril.org\/sitio\/wp-content\/uploads\/2017\/07\/flor_almon_antonio_escamez_alicia_crespo_y_francisco_sanchez_cantalejo_izan_la_q_de_calidad-1024x751.jpg?resize=350%2C200","width":350,"height":200},"classes":[]},{"id":8089,"url":"https:\/\/iumotril.org\/sitio\/iu-equo-reclama-mejoras-en-las-playas-para-asegurar-que-esten-en-buenas-condiciones-para-las-vacaciones-de-semana-santa\/","url_meta":{"origin":3667,"position":4},"title":"IU-Equo reclama mejoras en las playas para asegurar que est\u00e9n en buenas condiciones para las vacaciones de semana santa","author":"Izquierda Unida Motril","date":"23 marzo, 2022","format":false,"excerpt":"Demanda mejoras y actuaciones concretas en zonas de acceso de playa Granada y en instalaciones y equipamientos de la playa de Poniente, El Cable y en la playa de las Azucenas, necesarias para dar el impulso tur\u00edstico que se pretende a las playas de Motril. Desde IU-Equo se se\u00f1ala que,\u2026","rel":"","context":"En \u00abAyuntamiento\u00bb","block_context":{"text":"Ayuntamiento","link":"https:\/\/iumotril.org\/sitio\/category\/ayuntamiento\/"},"img":{"alt_text":"","src":"https:\/\/i0.wp.com\/iumotril.org\/sitio\/wp-content\/uploads\/2022\/03\/Jose-23-marzo_.jpg?resize=350%2C200","width":350,"height":200,"srcset":"https:\/\/i0.wp.com\/iumotril.org\/sitio\/wp-content\/uploads\/2022\/03\/Jose-23-marzo_.jpg?resize=350%2C200 1x, https:\/\/i0.wp.com\/iumotril.org\/sitio\/wp-content\/uploads\/2022\/03\/Jose-23-marzo_.jpg?resize=525%2C300 1.5x, https:\/\/i0.wp.com\/iumotril.org\/sitio\/wp-content\/uploads\/2022\/03\/Jose-23-marzo_.jpg?resize=700%2C400 2x"},"classes":[]},{"id":7574,"url":"https:\/\/iumotril.org\/sitio\/iu-equo-censura-que-se-escatime-en-gastos-de-seguridad-y-vigilancia-en-las-playas-de-motril\/","url_meta":{"origin":3667,"position":5},"title":"IU-Equo censura que se escatime en gastos de seguridad y vigilancia en las playas de Motril","author":"Izquierda Unida Motril","date":"1 julio, 2021","format":false,"excerpt":"Se pretende ahorrar a costa de un servicio importante y que siempre aporta un valor a\u00f1adido a las playas, ha declarado Jose Llorente, concejal de IU-Equo, que ha se\u00f1alado que se quiere tener las mejores playas y equipamientos posibles, pero no se apuesta decididamente por ello. Para el Grupo municipal\u2026","rel":"","context":"En \u00abEST\u00c1 PASANDO\u00bb","block_context":{"text":"EST\u00c1 PASANDO","link":"https:\/\/iumotril.org\/sitio\/category\/esta-pasando\/"},"img":{"alt_text":"","src":"https:\/\/i0.wp.com\/iumotril.org\/sitio\/wp-content\/uploads\/2021\/07\/Jose-1-julio-768x1024.jpg?resize=350%2C200","width":350,"height":200,"srcset":"https:\/\/i0.wp.com\/iumotril.org\/sitio\/wp-content\/uploads\/2021\/07\/Jose-1-julio-768x1024.jpg?resize=350%2C200 1x, https:\/\/i0.wp.com\/iumotril.org\/sitio\/wp-content\/uploads\/2021\/07\/Jose-1-julio-768x1024.jpg?resize=525%2C300 1.5x"},"classes":[]}],"jetpack_likes_enabled":true,"_links":{"self":[{"href":"https:\/\/iumotril.org\/sitio\/wp-json\/wp\/v2\/posts\/3667","targetHints":{"allow":["GET"]}}],"collection":[{"href":"https:\/\/iumotril.org\/sitio\/wp-json\/wp\/v2\/posts"}],"about":[{"href":"https:\/\/iumotril.org\/sitio\/wp-json\/wp\/v2\/types\/post"}],"author":[{"embeddable":true,"href":"https:\/\/iumotril.org\/sitio\/wp-json\/wp\/v2\/users\/1"}],"replies":[{"embeddable":true,"href":"https:\/\/iumotril.org\/sitio\/wp-json\/wp\/v2\/comments?post=3667"}],"version-history":[{"count":9,"href":"https:\/\/iumotril.org\/sitio\/wp-json\/wp\/v2\/posts\/3667\/revisions"}],"predecessor-version":[{"id":3692,"href":"https:\/\/iumotril.org\/sitio\/wp-json\/wp\/v2\/posts\/3667\/revisions\/3692"}],"wp:attachment":[{"href":"https:\/\/iumotril.org\/sitio\/wp-json\/wp\/v2\/media?parent=3667"}],"wp:term":[{"taxonomy":"category","embeddable":true,"href":"https:\/\/iumotril.org\/sitio\/wp-json\/wp\/v2\/categories?post=3667"},{"taxonomy":"post_tag","embeddable":true,"href":"https:\/\/iumotril.org\/sitio\/wp-json\/wp\/v2\/tags?post=3667"}],"curies":[{"name":"wp","href":"https:\/\/api.w.org\/{rel}","templated":true}]}}