{"id":3641,"date":"2018-06-13T18:29:28","date_gmt":"2018-06-13T16:29:28","guid":{"rendered":"http:\/\/iumotril.org\/sitio\/?p=3641"},"modified":"2018-06-13T19:06:42","modified_gmt":"2018-06-13T17:06:42","slug":"participa-en-la-consulta-sobre-la-confluencia-electoral-con-podemos","status":"publish","type":"post","link":"https:\/\/iumotril.org\/sitio\/participa-en-la-consulta-sobre-la-confluencia-electoral-con-podemos\/","title":{"rendered":"Participa en la consulta sobre la confluencia electoral con Podemos"},"content":{"rendered":"<p style=\"text-align: justify;\"><span style=\"color: #993300;\"><strong>El proceso de consulta se desarrollar\u00e1 entre el 12 y el 16 de junio de forma online y el domingo, 17 presencialmente en la sede de IU Motril.<\/strong><\/span><\/p>\n<p style=\"text-align: justify;\">Est\u00e1n llamados a participar las y los <strong>militantes y simpatizantes<\/strong> inscritos de la formaci\u00f3n que, de este modo, decidir\u00e1n sobre el <strong><a href=\"https:\/\/iumotril.org\/sitio\/wp-content\/uploads\/2018\/06\/Preacuerdo-AndalucA\u0303_a-Podemos-IU-.pdf\" target=\"_blank\" rel=\"noopener\">preacuerdo con Podemos<\/a> en Andaluc\u00eda y\u00a0 el suscrito a nivel federal con Podemos y Equo\u00a0<\/strong>para <a href=\"https:\/\/www.iuandalucia.org\/la-coordinadora-andaluza-iu-ratifica-acuerdo-podemos-somete-debate-consulta-mili\" target=\"_blank\" rel=\"noopener\">concurrir de forma unitaria a las pr\u00f3ximas elecciones<\/a> municipales, auton\u00f3micas y europeas de 2019.<\/p>\n<p style=\"text-align: justify;\">Izquierda Unida Motril ha hecho un llamamiento a toda la militancia para votar en la consulta y anima a sus simpatizantes a participar en este proceso.<\/p>\n<p style=\"text-align: justify;\">Toda la <strong>informaci\u00f3n sobre el proceso<\/strong> y el acceso a la votaci\u00f3n en red puede consultarse a trav\u00e9s de\u00a0<a href=\"http:\/\/www.izquierda-unida.es\/ftp\/boletines\/2018-06-12_consulta\/2018-06-12_consulta.htm\" target=\"_blank\" rel=\"noopener\">este enlace<\/a><\/p>\n<p><img loading=\"lazy\" decoding=\"async\" data-attachment-id=\"3655\" data-permalink=\"https:\/\/iumotril.org\/sitio\/participa-en-la-consulta-sobre-la-confluencia-electoral-con-podemos\/consulta\/\" data-orig-file=\"https:\/\/iumotril.org\/sitio\/wp-content\/uploads\/2018\/06\/consulta.png\" data-orig-size=\"570,140\" data-comments-opened=\"1\" data-image-meta=\"{&quot;aperture&quot;:&quot;0&quot;,&quot;credit&quot;:&quot;&quot;,&quot;camera&quot;:&quot;&quot;,&quot;caption&quot;:&quot;&quot;,&quot;created_timestamp&quot;:&quot;0&quot;,&quot;copyright&quot;:&quot;&quot;,&quot;focal_length&quot;:&quot;0&quot;,&quot;iso&quot;:&quot;0&quot;,&quot;shutter_speed&quot;:&quot;0&quot;,&quot;title&quot;:&quot;&quot;,&quot;orientation&quot;:&quot;0&quot;}\" data-image-title=\"consulta\" data-image-description=\"\" data-image-caption=\"\" data-large-file=\"https:\/\/iumotril.org\/sitio\/wp-content\/uploads\/2018\/06\/consulta.png\" class=\"aligncenter wp-image-3655 size-full\" src=\"https:\/\/iumotril.org\/sitio\/wp-content\/uploads\/2018\/06\/consulta.png\" alt=\"\" width=\"570\" height=\"140\" srcset=\"https:\/\/iumotril.org\/sitio\/wp-content\/uploads\/2018\/06\/consulta.png 570w, https:\/\/iumotril.org\/sitio\/wp-content\/uploads\/2018\/06\/consulta-300x74.png 300w\" sizes=\"auto, (max-width: 570px) 100vw, 570px\" \/><\/p>\n","protected":false},"excerpt":{"rendered":"<p>Izquierda Unida Motril ha hecho un llamamiento a toda la militancia para votar en la consulta y anima a sus simpatizantes a participar en este proceso. El proceso de consulta se desarrollar\u00e1 entre el 12 y el 16 de junio de forma online y el domingo, 17 presencialmente en la sede de IU Motril.<\/p>\n","protected":false},"author":1,"featured_media":0,"comment_status":"open","ping_status":"open","sticky":false,"template":"","format":"standard","meta":{"cybocfi_hide_featured_image":"","_jetpack_newsletter_access":"","_jetpack_dont_email_post_to_subs":false,"_jetpack_newsletter_tier_id":0,"_jetpack_memberships_contains_paywalled_content":false,"_jetpack_memberships_contains_paid_content":false,"footnotes":""},"categories":[265],"tags":[1008,1007,495,1010,1009],"class_list":["post-3641","post","type-post","status-publish","format-standard","hentry","category-esta-pasando","tag-acuerdo-con-podemos","tag-confluencias","tag-consulta-a-las-bases","tag-consulta-andalucia","tag-referendum-federal"],"jetpack_featured_media_url":"","jetpack_sharing_enabled":true,"jetpack_shortlink":"https:\/\/wp.me\/p4QsU5-WJ","jetpack-related-posts":[{"id":2075,"url":"https:\/\/iumotril.org\/sitio\/izquierda-unida-motril-consulta-a-sus-bases-sobre-un-acuerdo-electoral-con-podemos-y-otras-fuerzas-de-cara-al-26-j\/","url_meta":{"origin":3641,"position":0},"title":"Izquierda Unida Motril consulta a sus bases sobre un acuerdo electoral con Podemos y otras fuerzas de cara al 26-J","author":"Izquierda Unida Motril","date":"4 mayo, 2016","format":false,"excerpt":"La consulta, que est\u00e1 convocada a nivel estatal, permitir\u00e1 a los militantes y simpatizantes de IU Motril, su participaci\u00f3n en la votaci\u00f3n presencial que se desarrollar\u00e1 este mi\u00e9rcoles, d\u00eda 4 de mayo, entre las 18 y las 22 horas, en la sede de la formaci\u00f3n, calle Ancha, 16.","rel":"","context":"En \u00abEST\u00c1 PASANDO\u00bb","block_context":{"text":"EST\u00c1 PASANDO","link":"https:\/\/iumotril.org\/sitio\/category\/esta-pasando\/"},"img":{"alt_text":"cabecera1","src":"https:\/\/i0.wp.com\/iumotril.org\/sitio\/wp-content\/uploads\/2016\/05\/cabecera1.png?resize=350%2C200","width":350,"height":200,"srcset":"https:\/\/i0.wp.com\/iumotril.org\/sitio\/wp-content\/uploads\/2016\/05\/cabecera1.png?resize=350%2C200 1x, https:\/\/i0.wp.com\/iumotril.org\/sitio\/wp-content\/uploads\/2016\/05\/cabecera1.png?resize=525%2C300 1.5x, https:\/\/i0.wp.com\/iumotril.org\/sitio\/wp-content\/uploads\/2016\/05\/cabecera1.png?resize=700%2C400 2x"},"classes":[]},{"id":2100,"url":"https:\/\/iumotril.org\/sitio\/los-afiliados-y-simpatizantes-de-izquierda-unida-en-la-costa-de-granada-dan-su-apoyo-mayoritario-a-la-coalicion-electoral-con-podemos\/","url_meta":{"origin":3641,"position":1},"title":"Los afiliados y simpatizantes de Izquierda Unida en la Costa de Granada dan su apoyo mayoritario a la Coalici\u00f3n electoral con Podemos","author":"Izquierda Unida Motril","date":"12 mayo, 2016","format":false,"excerpt":"9 de cada 10 de los afiliados y simpatizantes de Izquierda Unida consultados en la Costa han dado su apoyo a la formaci\u00f3n de una Coalici\u00f3n electoral con Podemos de cara al pr\u00f3ximo 26-J. 9 de cada 10 de los afiliados y simpatizantes de Izquierda Unida consultados en la Costa\u2026","rel":"","context":"En \u00abEST\u00c1 PASANDO\u00bb","block_context":{"text":"EST\u00c1 PASANDO","link":"https:\/\/iumotril.org\/sitio\/category\/esta-pasando\/"},"img":{"alt_text":"Sumamos para Ganar","src":"https:\/\/i0.wp.com\/iumotril.org\/sitio\/wp-content\/uploads\/2016\/05\/Sumamos-para-Ganar-300x200.jpg?resize=350%2C200","width":350,"height":200},"classes":[]},{"id":2082,"url":"https:\/\/iumotril.org\/sitio\/izquierda-unida-motril-consulta-a-sus-bases-sobre-el-acuerdo-con-podemos\/","url_meta":{"origin":3641,"position":2},"title":"Izquierda Unida Motril consulta a sus bases sobre el acuerdo con Podemos","author":"Izquierda Unida Motril","date":"10 mayo, 2016","format":false,"excerpt":"La consulta que Izquierda Unida est\u00e1 realizando a sus bases desde el martes de forma online, se desarrollar\u00e1 presencialmente ma\u00f1ana mi\u00e9rcoles, d\u00eda 11, en Motril en la sede de la formaci\u00f3n de izquierdas de la calle Ancha.","rel":"","context":"En \u00abEST\u00c1 PASANDO\u00bb","block_context":{"text":"EST\u00c1 PASANDO","link":"https:\/\/iumotril.org\/sitio\/category\/esta-pasando\/"},"img":{"alt_text":"Sumamos para Ganar","src":"https:\/\/i0.wp.com\/iumotril.org\/sitio\/wp-content\/uploads\/2016\/05\/Sumamos-para-Ganar.jpg?resize=350%2C200","width":350,"height":200,"srcset":"https:\/\/i0.wp.com\/iumotril.org\/sitio\/wp-content\/uploads\/2016\/05\/Sumamos-para-Ganar.jpg?resize=350%2C200 1x, https:\/\/i0.wp.com\/iumotril.org\/sitio\/wp-content\/uploads\/2016\/05\/Sumamos-para-Ganar.jpg?resize=525%2C300 1.5x"},"classes":[]},{"id":8175,"url":"https:\/\/iumotril.org\/sitio\/iu-hace-un-llamamiento-a-la-participacion-en-la-consulta-popular-estatal-monarquia-o-republica-que-se-celebra-el-sabado-14-de-mayo\/","url_meta":{"origin":3641,"position":3},"title":"IU hace un llamamiento a la participaci\u00f3n en la consulta popular estatal Monarqu\u00eda o Rep\u00fablica que se celebra el s\u00e1bado 14 de mayo","author":"Izquierda Unida Motril","date":"12 mayo, 2022","format":false,"excerpt":"La consulta, que no puede tener car\u00e1cter vinculante, se concibe como una v\u00eda de expresi\u00f3n, participaci\u00f3n ciudadana y un acto democr\u00e1tico con el que se ejerce el derecho a decidir sobre todo lo que nos incumbe. El 14 de mayo va a ser una gran jornada de participaci\u00f3n democr\u00e1tica y\u2026","rel":"","context":"En \u00abEST\u00c1 PASANDO\u00bb","block_context":{"text":"EST\u00c1 PASANDO","link":"https:\/\/iumotril.org\/sitio\/category\/esta-pasando\/"},"img":{"alt_text":"","src":"https:\/\/i0.wp.com\/iumotril.org\/sitio\/wp-content\/uploads\/2022\/05\/Consulta-A3-Castellano-14-de-mayo-scaled.jpg?resize=350%2C200","width":350,"height":200,"srcset":"https:\/\/i0.wp.com\/iumotril.org\/sitio\/wp-content\/uploads\/2022\/05\/Consulta-A3-Castellano-14-de-mayo-scaled.jpg?resize=350%2C200 1x, https:\/\/i0.wp.com\/iumotril.org\/sitio\/wp-content\/uploads\/2022\/05\/Consulta-A3-Castellano-14-de-mayo-scaled.jpg?resize=525%2C300 1.5x, https:\/\/i0.wp.com\/iumotril.org\/sitio\/wp-content\/uploads\/2022\/05\/Consulta-A3-Castellano-14-de-mayo-scaled.jpg?resize=700%2C400 2x, https:\/\/i0.wp.com\/iumotril.org\/sitio\/wp-content\/uploads\/2022\/05\/Consulta-A3-Castellano-14-de-mayo-scaled.jpg?resize=1050%2C600 3x, https:\/\/i0.wp.com\/iumotril.org\/sitio\/wp-content\/uploads\/2022\/05\/Consulta-A3-Castellano-14-de-mayo-scaled.jpg?resize=1400%2C800 4x"},"classes":[]},{"id":2746,"url":"https:\/\/iumotril.org\/sitio\/los-retos-del-pais-en-el-siglo-xxi-alberto-garzon-y-antonio-maillo-en-motril\/","url_meta":{"origin":3641,"position":4},"title":"Los retos del pa\u00eds en el siglo XXI. Alberto Garz\u00f3n y Antonio Ma\u00edllo en Motril","author":"Izquierda Unida Motril","date":"21 marzo, 2017","format":false,"excerpt":"Los m\u00e1ximos responsables en los \u00e1mbitos federal, andaluz y local de Izquierda Unida han elegido Motril para participar en un acto organizado por su formaci\u00f3n, el mi\u00e9rcoles d\u00eda 22, en el que abordar\u00e1n los retos que afronta nuestro pa\u00eds en estos momentos. Desde Izquierda Unida en la Costa de Granada\u2026","rel":"","context":"En \u00abEST\u00c1 PASANDO\u00bb","block_context":{"text":"EST\u00c1 PASANDO","link":"https:\/\/iumotril.org\/sitio\/category\/esta-pasando\/"},"img":{"alt_text":"","src":"https:\/\/i0.wp.com\/iumotril.org\/sitio\/wp-content\/uploads\/2017\/03\/acto-garzon-maillo_marzo-724x1024.jpg?resize=350%2C200","width":350,"height":200,"srcset":"https:\/\/i0.wp.com\/iumotril.org\/sitio\/wp-content\/uploads\/2017\/03\/acto-garzon-maillo_marzo-724x1024.jpg?resize=350%2C200 1x, https:\/\/i0.wp.com\/iumotril.org\/sitio\/wp-content\/uploads\/2017\/03\/acto-garzon-maillo_marzo-724x1024.jpg?resize=525%2C300 1.5x"},"classes":[]},{"id":8234,"url":"https:\/\/iumotril.org\/sitio\/izquierda-unida-hace-una-llamamiento-a-la-movilizacion-progresista-en-las-urnas-el-19j-en-motril\/","url_meta":{"origin":3641,"position":5},"title":"Izquierda Unida hace una llamamiento a la movilizaci\u00f3n progresista en las urnas el 19J en Motril","author":"Izquierda Unida Motril","date":"17 junio, 2022","format":false,"excerpt":"Inma Omiste ha afirmado que \u201cno acudir a votar es entregar directamente el voto a las derechas\u201d para que lo utilicen para continuar defendiendo los intereses de los poderosos: bajar impuestos a los ricos y desmantelar los servicios p\u00fablicos como la educaci\u00f3n, la sanidad o las ayudas a la dependencia,\u2026","rel":"","context":"En \u00abAndaluzas 2022\u00bb","block_context":{"text":"Andaluzas 2022","link":"https:\/\/iumotril.org\/sitio\/category\/andaluzas-2022\/"},"img":{"alt_text":"","src":"https:\/\/i0.wp.com\/iumotril.org\/sitio\/wp-content\/uploads\/2022\/06\/Inma-Llamamiento-19J-scaled.jpg?resize=350%2C200","width":350,"height":200,"srcset":"https:\/\/i0.wp.com\/iumotril.org\/sitio\/wp-content\/uploads\/2022\/06\/Inma-Llamamiento-19J-scaled.jpg?resize=350%2C200 1x, https:\/\/i0.wp.com\/iumotril.org\/sitio\/wp-content\/uploads\/2022\/06\/Inma-Llamamiento-19J-scaled.jpg?resize=525%2C300 1.5x, https:\/\/i0.wp.com\/iumotril.org\/sitio\/wp-content\/uploads\/2022\/06\/Inma-Llamamiento-19J-scaled.jpg?resize=700%2C400 2x, https:\/\/i0.wp.com\/iumotril.org\/sitio\/wp-content\/uploads\/2022\/06\/Inma-Llamamiento-19J-scaled.jpg?resize=1050%2C600 3x, https:\/\/i0.wp.com\/iumotril.org\/sitio\/wp-content\/uploads\/2022\/06\/Inma-Llamamiento-19J-scaled.jpg?resize=1400%2C800 4x"},"classes":[]}],"jetpack_likes_enabled":true,"_links":{"self":[{"href":"https:\/\/iumotril.org\/sitio\/wp-json\/wp\/v2\/posts\/3641","targetHints":{"allow":["GET"]}}],"collection":[{"href":"https:\/\/iumotril.org\/sitio\/wp-json\/wp\/v2\/posts"}],"about":[{"href":"https:\/\/iumotril.org\/sitio\/wp-json\/wp\/v2\/types\/post"}],"author":[{"embeddable":true,"href":"https:\/\/iumotril.org\/sitio\/wp-json\/wp\/v2\/users\/1"}],"replies":[{"embeddable":true,"href":"https:\/\/iumotril.org\/sitio\/wp-json\/wp\/v2\/comments?post=3641"}],"version-history":[{"count":10,"href":"https:\/\/iumotril.org\/sitio\/wp-json\/wp\/v2\/posts\/3641\/revisions"}],"predecessor-version":[{"id":3664,"href":"https:\/\/iumotril.org\/sitio\/wp-json\/wp\/v2\/posts\/3641\/revisions\/3664"}],"wp:attachment":[{"href":"https:\/\/iumotril.org\/sitio\/wp-json\/wp\/v2\/media?parent=3641"}],"wp:term":[{"taxonomy":"category","embeddable":true,"href":"https:\/\/iumotril.org\/sitio\/wp-json\/wp\/v2\/categories?post=3641"},{"taxonomy":"post_tag","embeddable":true,"href":"https:\/\/iumotril.org\/sitio\/wp-json\/wp\/v2\/tags?post=3641"}],"curies":[{"name":"wp","href":"https:\/\/api.w.org\/{rel}","templated":true}]}}