{"id":3618,"date":"2018-06-08T14:11:21","date_gmt":"2018-06-08T12:11:21","guid":{"rendered":"http:\/\/iumotril.org\/sitio\/?p=3618"},"modified":"2018-06-08T14:15:06","modified_gmt":"2018-06-08T12:15:06","slug":"izquierda-unida-reclama-medidas-y-politicas-para-la-gente-joven","status":"publish","type":"post","link":"https:\/\/iumotril.org\/sitio\/izquierda-unida-reclama-medidas-y-politicas-para-la-gente-joven\/","title":{"rendered":"Izquierda Unida reclama medidas y pol\u00edticas para la gente joven"},"content":{"rendered":"<p style=\"text-align: justify;\"><strong><span style=\"color: #993300;\">Christian Linares ha criticado la falta de pol\u00edticas dirigidas a las y los j\u00f3venes de Motril por parte del gobierno de Flor Alm\u00f3n, que se ha desentendido de uno de los colectivos m\u00e1s castigados por las consecuencias de la crisis econ\u00f3mica en nuestra ciudad. El concejal de Izquierda Unida ha denunciado que el gobierno local de Motril tiene paralizadas diversas iniciativas dirigidas a las personas j\u00f3venes y a sus familias, entre ellas la concesi\u00f3n de ayudas a los estudiantes, una iniciativa aprobada por el pleno municipal y para la que existe disponibilidad econ\u00f3mica.<\/span><\/strong><\/p>\n<p style=\"text-align: justify;\">Christian Linares ha denunciado la situaci\u00f3n que viven las y los \u00a0j\u00f3venes en nuestra ciudad, en algunos casos en peores condiciones que en otras partes de Espa\u00f1a. Se ha referido, en este sentido, a la falta de empleo que afecta en Motril a 6 de cada 10 j\u00f3venes menores de 30 a\u00f1os y a las circunstancias de precariedad que caracterizan su situaci\u00f3n laboral: temporalidad, salarios de miseria, condiciones de trabajo sobrecualificaci\u00f3n, etc. Una situaci\u00f3n que tiene como principal consecuencia una condena a ser \u201c<a href=\"http:\/\/iumadrid.org\/2018\/06\/02\/eternamente-jovenes\/\" target=\"_blank\" rel=\"noopener\">eternamente j\u00f3venes<\/a>\u201d y a vivir permanentemente en casa de sus padres y madres.<\/p>\n<p style=\"text-align: justify;\"><a href=\"https:\/\/iumotril.org\/sitio\/jovenes\/\"><img loading=\"lazy\" decoding=\"async\" data-attachment-id=\"3632\" data-permalink=\"https:\/\/iumotril.org\/sitio\/izquierda-unida-reclama-medidas-y-politicas-para-la-gente-joven\/jovenes\/\" data-orig-file=\"https:\/\/iumotril.org\/sitio\/wp-content\/uploads\/2018\/06\/jovenes.jpg\" data-orig-size=\"907,1280\" data-comments-opened=\"1\" data-image-meta=\"{&quot;aperture&quot;:&quot;0&quot;,&quot;credit&quot;:&quot;&quot;,&quot;camera&quot;:&quot;&quot;,&quot;caption&quot;:&quot;&quot;,&quot;created_timestamp&quot;:&quot;0&quot;,&quot;copyright&quot;:&quot;&quot;,&quot;focal_length&quot;:&quot;0&quot;,&quot;iso&quot;:&quot;0&quot;,&quot;shutter_speed&quot;:&quot;0&quot;,&quot;title&quot;:&quot;&quot;,&quot;orientation&quot;:&quot;0&quot;}\" data-image-title=\"jovenes\" data-image-description=\"\" data-image-caption=\"\" data-large-file=\"https:\/\/iumotril.org\/sitio\/wp-content\/uploads\/2018\/06\/jovenes-726x1024.jpg\" class=\"alignleft wp-image-3632 size-large\" src=\"https:\/\/iumotril.org\/sitio\/wp-content\/uploads\/2018\/06\/jovenes-726x1024.jpg\" alt=\"\" width=\"620\" height=\"874\" srcset=\"https:\/\/iumotril.org\/sitio\/wp-content\/uploads\/2018\/06\/jovenes-726x1024.jpg 726w, https:\/\/iumotril.org\/sitio\/wp-content\/uploads\/2018\/06\/jovenes-213x300.jpg 213w, https:\/\/iumotril.org\/sitio\/wp-content\/uploads\/2018\/06\/jovenes-768x1084.jpg 768w, https:\/\/iumotril.org\/sitio\/wp-content\/uploads\/2018\/06\/jovenes.jpg 907w\" sizes=\"auto, (max-width: 620px) 100vw, 620px\" \/><\/a>Tampoco llega a las personas j\u00f3venes\u00a0en nuestra ciudad la presunta recuperaci\u00f3n econ\u00f3mica que se anuncia a bombo y platillo ni desde el gobierno municipal, tres a\u00f1os despu\u00e9s de su llegada al Ayuntamiento, se est\u00e1 haciendo nada para paliar esta situaci\u00f3n. Incluso, como ha denunciado el concejal de la formaci\u00f3n de izquierdas, el <strong>gobierno de Alm\u00f3n<\/strong> tiene paralizadas diferentes iniciativas aprobadas un\u00e1nimemente por el Pleno municipal que tienen como objetivo facilitar determinadas <strong>ayudas a las personas m\u00e1s j\u00f3venes y a sus familias<\/strong>.<\/p>\n<p style=\"text-align: justify;\">Se ha referido, en este sentido, a las <a href=\"https:\/\/iumotril.org\/sitio\/izquierda-unida-propone-la-concesion-de-becas-educativas-a-los-estudiantes-de-motril\/\" target=\"_blank\" rel=\"noopener\">ayudas para los estudiantes<\/a> de Motril que fueron aprobadas el pasado mes de marzo para que se aplicaran en el pr\u00f3ximo curso acad\u00e9mico 2018-2019 y que el gobierno de Flor Alm\u00f3n tiene paralizadas. Algo que, seg\u00fan Linares, s\u00f3lo puede explicarse por la <strong>desidia y el desinter\u00e9s de la alcaldesa de Motril por los asuntos que afectan a la gente corriente<\/strong>, a los motrile\u00f1os y motrile\u00f1as que salen adelante, d\u00eda a d\u00eda, con su sacrificio y esfuerzo, ya que existe la dotaci\u00f3n presupuestaria correspondiente para dotar econ\u00f3micamente dichas becas, que beneficiar\u00edan a las y los estudiantes residentes en Motril de todos los ciclos educativos.<\/p>\n<p style=\"text-align: justify;\">El concejal de IU ha citado otros ejemplos del <strong>desinter\u00e9s y el desprecio del gobierno local de Motril hacia la gente joven<\/strong>, como que se siga cobrando tasas a las <a href=\"https:\/\/iumotril.org\/sitio\/el-ayuntamiento-sigue-cobrando-tasas-a-los-parados-para-el-acceso-al-empleo-publico\/\" target=\"_blank\" rel=\"noopener\">personas desempleadas<\/a> para acceder a empleos p\u00fablicos o la falta de diligencia para gestionar la puesta en funcionamiento de una <a href=\"https:\/\/iumotril.org\/sitio\/izquierda-unida-reclama-un-autobus-directo-entre-motril-y-malaga\/\" target=\"_blank\" rel=\"noopener\">l\u00ednea directa de autob\u00fas<\/a> entre Motril y la ciudad de M\u00e1laga, donde muchos estudiantes motrile\u00f1os cursan sus estudios universitarios y a la que tienen que desplazarse habitualmente.<\/p>\n<p style=\"text-align: justify;\">Adem\u00e1s de reclamar <strong>pol\u00edticas integrales dirigidas a las personas j\u00f3venes de Motril<\/strong> que vayan m\u00e1s all\u00e1 de actuaciones dispersas y puntuales dirigidas al ocio, Christian Linares ha reivindicado el <strong>proyecto pol\u00edtico<\/strong> de su formaci\u00f3n <strong>para Motril<\/strong>: un proyecto de izquierdas que tenga como prioridades irrenunciables <strong>la lucha contra el paro, la precariedad y la pobreza, la mejora de las condiciones de vida de la mayor\u00eda ciudadana y combatir sin tregua las desigualdades.<\/strong><\/p>\n<audio class=\"wp-audio-shortcode\" id=\"audio-3618-1\" preload=\"none\" style=\"width: 100%;\" controls=\"controls\"><source type=\"audio\/mpeg\" src=\"https:\/\/iumotril.org\/sitio\/wp-content\/uploads\/2018\/06\/Christian-politicas-juventud_8-junio.m4a?_=1\" \/><a href=\"https:\/\/iumotril.org\/sitio\/wp-content\/uploads\/2018\/06\/Christian-politicas-juventud_8-junio.m4a\">https:\/\/iumotril.org\/sitio\/wp-content\/uploads\/2018\/06\/Christian-politicas-juventud_8-junio.m4a<\/a><\/audio>\n","protected":false},"excerpt":{"rendered":"<p>Adem\u00e1s de reclamar pol\u00edticas integrales dirigidas a las personas j\u00f3venes de Motril que vayan m\u00e1s all\u00e1 de actuaciones dispersas y puntuales dirigidas al ocio, Christian Linares ha reivindicado el proyecto pol\u00edtico de su formaci\u00f3n para Motril: un proyecto de izquierdas que tenga como prioridades irrenunciables la lucha contra el paro, la precariedad y la pobreza, la mejora de las condiciones de vida de la mayor\u00eda ciudadana y combatir sin tregua las desigualdades.<\/p>\n","protected":false},"author":1,"featured_media":0,"comment_status":"open","ping_status":"open","sticky":false,"template":"","format":"standard","meta":{"cybocfi_hide_featured_image":"","_jetpack_newsletter_access":"","_jetpack_dont_email_post_to_subs":false,"_jetpack_newsletter_tier_id":0,"_jetpack_memberships_contains_paywalled_content":false,"_jetpack_memberships_contains_paid_content":false,"footnotes":""},"categories":[265],"tags":[395,597,647,1004,117,411,1002,93,1003,324],"class_list":["post-3618","post","type-post","status-publish","format-standard","hentry","category-esta-pasando","tag-ayudas","tag-desigualdad","tag-estudiantes","tag-eternamente-jovenes","tag-flor-almon","tag-jovenes","tag-juventud","tag-motril","tag-politicas","tag-precariedad"],"jetpack_featured_media_url":"","jetpack_sharing_enabled":true,"jetpack_shortlink":"https:\/\/wp.me\/p4QsU5-Wm","jetpack-related-posts":[{"id":2999,"url":"https:\/\/iumotril.org\/sitio\/mientras-la-ciudad-va-a-la-deriva-para-flor-almon-motril-es-un-oasis-de-bienestar-y-prosperidad\/","url_meta":{"origin":3618,"position":0},"title":"Mientras la ciudad va a la deriva, para Flor Alm\u00f3n Motril es un oasis de bienestar y prosperidad","author":"Izquierda Unida Motril","date":"17 julio, 2017","format":false,"excerpt":"La portavoz de Izquierda Unida ha reclamado al gobierno local un cambio de rumbo en su gesti\u00f3n que apueste por pol\u00edticas de progreso para Motril y para sus vecinos y vecinas. En concreto, ha reclamado la modernizaci\u00f3n de la Administraci\u00f3n local para ponerse al servicio real de los ciudadanos y\u2026","rel":"","context":"En \u00abEST\u00c1 PASANDO\u00bb","block_context":{"text":"EST\u00c1 PASANDO","link":"https:\/\/iumotril.org\/sitio\/category\/esta-pasando\/"},"img":{"alt_text":"","src":"https:\/\/i0.wp.com\/iumotril.org\/sitio\/wp-content\/uploads\/2017\/07\/debate-ciudad-1024x768.jpeg?resize=350%2C200","width":350,"height":200,"srcset":"https:\/\/i0.wp.com\/iumotril.org\/sitio\/wp-content\/uploads\/2017\/07\/debate-ciudad-1024x768.jpeg?resize=350%2C200 1x, https:\/\/i0.wp.com\/iumotril.org\/sitio\/wp-content\/uploads\/2017\/07\/debate-ciudad-1024x768.jpeg?resize=525%2C300 1.5x"},"classes":[]},{"id":3347,"url":"https:\/\/iumotril.org\/sitio\/izquierda-unida-denuncia-la-ausencia-de-politicas-activas-de-empleo-en-motril\/","url_meta":{"origin":3618,"position":1},"title":"Izquierda Unida denuncia la ausencia de pol\u00edticas activas de empleo en Motril","author":"Izquierda Unida Motril","date":"8 febrero, 2018","format":false,"excerpt":"Izquierda Unida ha recordado que, desde 2015, viene reclamando un Plan de empleo local para Motril que incluya, entre otras medidas, una oferta p\u00fablica de empleo municipal, incentivos a la contrataci\u00f3n de j\u00f3venes, mujeres y mayores de 45 a\u00f1os y la puesta en marcha de programas de formaci\u00f3n para el\u2026","rel":"","context":"En \u00abEST\u00c1 PASANDO\u00bb","block_context":{"text":"EST\u00c1 PASANDO","link":"https:\/\/iumotril.org\/sitio\/category\/esta-pasando\/"},"img":{"alt_text":"","src":"https:\/\/i0.wp.com\/iumotril.org\/sitio\/wp-content\/uploads\/2018\/02\/Christina-e-Inma_febrero-e1518088146912-768x1024.jpg?resize=350%2C200","width":350,"height":200},"classes":[]},{"id":3511,"url":"https:\/\/iumotril.org\/sitio\/izquierda-unida-reclama-un-autobus-directo-entre-motril-y-malaga\/","url_meta":{"origin":3618,"position":2},"title":"Izquierda Unida reclama un autob\u00fas directo entre Motril y M\u00e1laga","author":"Izquierda Unida Motril","date":"26 abril, 2018","format":false,"excerpt":"Christian Linares ha criticado que se priorice la conexi\u00f3n con los centros comerciales de Granada antes que servicios como \u00e9ste que tienen una clara utilidad para los j\u00f3venes estudiantes de Motril que diariamente se desplazan a M\u00e1laga para asistir a centros de educaci\u00f3n universitaria o de Formaci\u00f3n Profesional.","rel":"","context":"En \u00abEST\u00c1 PASANDO\u00bb","block_context":{"text":"EST\u00c1 PASANDO","link":"https:\/\/iumotril.org\/sitio\/category\/esta-pasando\/"},"img":{"alt_text":"","src":"https:\/\/i0.wp.com\/iumotril.org\/sitio\/wp-content\/uploads\/2018\/04\/Christian-e-Inma_abril-300x164.jpg?resize=350%2C200","width":350,"height":200},"classes":[]},{"id":3560,"url":"https:\/\/iumotril.org\/sitio\/el-lamentable-estado-de-dejadez-de-motril\/","url_meta":{"origin":3618,"position":3},"title":"El lamentable estado de dejadez de Motril","author":"Izquierda Unida Motril","date":"10 mayo, 2018","format":false,"excerpt":"Christian Linares ha se\u00f1alado que\u00a0 la principal actuaci\u00f3n de Flor Alm\u00f3n y de su equipo durante estos tres a\u00f1os de gobierno ha sido el desmantelamiento de la empresa p\u00fablica de limpieza LIMDECO, algunos de cuyos servicios han sido progresivamente privatizados en una estrategia acordada con la derecha motrile\u00f1a para, finalmente,\u2026","rel":"","context":"En \u00abCiudad\u00bb","block_context":{"text":"Ciudad","link":"https:\/\/iumotril.org\/sitio\/category\/ciudad\/"},"img":{"alt_text":"","src":"https:\/\/i0.wp.com\/iumotril.org\/sitio\/wp-content\/uploads\/2018\/05\/IMG-20180502-WA0024.jpg?resize=350%2C200&ssl=1","width":350,"height":200,"srcset":"https:\/\/i0.wp.com\/iumotril.org\/sitio\/wp-content\/uploads\/2018\/05\/IMG-20180502-WA0024.jpg?resize=350%2C200&ssl=1 1x, https:\/\/i0.wp.com\/iumotril.org\/sitio\/wp-content\/uploads\/2018\/05\/IMG-20180502-WA0024.jpg?resize=525%2C300&ssl=1 1.5x, https:\/\/i0.wp.com\/iumotril.org\/sitio\/wp-content\/uploads\/2018\/05\/IMG-20180502-WA0024.jpg?resize=700%2C400&ssl=1 2x, https:\/\/i0.wp.com\/iumotril.org\/sitio\/wp-content\/uploads\/2018\/05\/IMG-20180502-WA0024.jpg?resize=1050%2C600&ssl=1 3x, https:\/\/i0.wp.com\/iumotril.org\/sitio\/wp-content\/uploads\/2018\/05\/IMG-20180502-WA0024.jpg?resize=1400%2C800&ssl=1 4x"},"classes":[]},{"id":2673,"url":"https:\/\/iumotril.org\/sitio\/izquierda-unida-recomienda-a-flor-almon-viajar-menos-y-trabajar-mas-en-motril\/","url_meta":{"origin":3618,"position":4},"title":"IZQUIERDA UNIDA RECOMIENDA A FLOR ALM\u00d3N VIAJAR MENOS Y TRABAJAR M\u00c1S EN MOTRIL","author":"Izquierda Unida Motril","date":"29 enero, 2017","format":false,"excerpt":"Izquierda Unida reclama a la alcaldesa viajera, Flor Alm\u00f3n, a su s\u00e9quito y al Partido Socialista que trabajen para dinamizar la ciudad y contribuir a su crecimiento y desarrollo econ\u00f3mico y social a trav\u00e9s de la puesta en marcha de estrategias de empleo local, con oportunidades de empleo y formaci\u00f3n\u2026","rel":"","context":"En \u00abEST\u00c1 PASANDO\u00bb","block_context":{"text":"EST\u00c1 PASANDO","link":"https:\/\/iumotril.org\/sitio\/category\/esta-pasando\/"},"img":{"alt_text":"","src":"https:\/\/i0.wp.com\/iumotril.org\/sitio\/wp-content\/uploads\/2017\/01\/FITUR-MOTRIL-22-ENERO-1024x613-1024x613.jpg?resize=350%2C200","width":350,"height":200,"srcset":"https:\/\/i0.wp.com\/iumotril.org\/sitio\/wp-content\/uploads\/2017\/01\/FITUR-MOTRIL-22-ENERO-1024x613-1024x613.jpg?resize=350%2C200 1x, https:\/\/i0.wp.com\/iumotril.org\/sitio\/wp-content\/uploads\/2017\/01\/FITUR-MOTRIL-22-ENERO-1024x613-1024x613.jpg?resize=525%2C300 1.5x"},"classes":[]},{"id":4122,"url":"https:\/\/iumotril.org\/sitio\/el-ayuntamiento-de-motril-perdona-a-los-bancos-miles-de-euros-de-tasas-por-la-instalacion-de-cajeros-automaticos\/","url_meta":{"origin":3618,"position":5},"title":"El Ayuntamiento de Motril perdona a los bancos miles de euros de tasas por la instalaci\u00f3n de cajeros autom\u00e1ticos","author":"Izquierda Unida Motril","date":"30 octubre, 2018","format":false,"excerpt":"Se da la circunstancia de que un quiosco de prensa o\u00a0 una caseta de venta de churros de 2 metros cuadrados ubicados en la v\u00eda p\u00fablica, est\u00e1 pagando una tasa de 581,8 euros anuales, mientras que un cajero del BBVA, o del Banco de Santander, o de cualquier otra entidad\u2026","rel":"","context":"En \u00abAyuntamiento\u00bb","block_context":{"text":"Ayuntamiento","link":"https:\/\/iumotril.org\/sitio\/category\/ayuntamiento\/"},"img":{"alt_text":"","src":"https:\/\/i0.wp.com\/iumotril.org\/sitio\/wp-content\/uploads\/2018\/10\/Christian_30-octubre-300x225.jpg?resize=350%2C200","width":350,"height":200},"classes":[]}],"jetpack_likes_enabled":true,"_links":{"self":[{"href":"https:\/\/iumotril.org\/sitio\/wp-json\/wp\/v2\/posts\/3618","targetHints":{"allow":["GET"]}}],"collection":[{"href":"https:\/\/iumotril.org\/sitio\/wp-json\/wp\/v2\/posts"}],"about":[{"href":"https:\/\/iumotril.org\/sitio\/wp-json\/wp\/v2\/types\/post"}],"author":[{"embeddable":true,"href":"https:\/\/iumotril.org\/sitio\/wp-json\/wp\/v2\/users\/1"}],"replies":[{"embeddable":true,"href":"https:\/\/iumotril.org\/sitio\/wp-json\/wp\/v2\/comments?post=3618"}],"version-history":[{"count":8,"href":"https:\/\/iumotril.org\/sitio\/wp-json\/wp\/v2\/posts\/3618\/revisions"}],"predecessor-version":[{"id":3639,"href":"https:\/\/iumotril.org\/sitio\/wp-json\/wp\/v2\/posts\/3618\/revisions\/3639"}],"wp:attachment":[{"href":"https:\/\/iumotril.org\/sitio\/wp-json\/wp\/v2\/media?parent=3618"}],"wp:term":[{"taxonomy":"category","embeddable":true,"href":"https:\/\/iumotril.org\/sitio\/wp-json\/wp\/v2\/categories?post=3618"},{"taxonomy":"post_tag","embeddable":true,"href":"https:\/\/iumotril.org\/sitio\/wp-json\/wp\/v2\/tags?post=3618"}],"curies":[{"name":"wp","href":"https:\/\/api.w.org\/{rel}","templated":true}]}}