{"id":3611,"date":"2018-06-07T12:08:47","date_gmt":"2018-06-07T10:08:47","guid":{"rendered":"http:\/\/iumotril.org\/sitio\/?p=3611"},"modified":"2018-06-07T17:31:19","modified_gmt":"2018-06-07T15:31:19","slug":"motril-necesita-un-ayuntamiento-que-defienda-la-igualdad-entre-mujeres-y-hombres","status":"publish","type":"post","link":"https:\/\/iumotril.org\/sitio\/motril-necesita-un-ayuntamiento-que-defienda-la-igualdad-entre-mujeres-y-hombres\/","title":{"rendered":"Motril necesita un Ayuntamiento que defienda la igualdad entre mujeres y hombres"},"content":{"rendered":"<p style=\"text-align: justify;\"><strong><span style=\"color: #993300;\">El Grupo Municipal de Izquierda Unida ha preguntado a la alcaldesa de Motril, Flor Alm\u00f3n, si comparte la actuaci\u00f3n de su Teniente de Alcalde de Personal que ha amparado y justificado la conducta discriminatoria contra una mujer en el \u00c1rea de Deportes municipal acreditada por la Inspecci\u00f3n de Trabajo que ha supuesto la imposici\u00f3n de una sanci\u00f3n econ\u00f3mica de 6.251 euros. Izquierda Unida ha anunciado que dar\u00e1 traslado del Informe emitido por Trabajo y las declaraciones de la Teniente de Alcalde al Instituto Andaluz de la Mujer.<\/span><\/strong><\/p>\n<p style=\"text-align: justify;\">A pesar de que la infracci\u00f3n ha sido calificada como \u201cmuy grave\u201d por la <a href=\"https:\/\/iumotril.org\/sitio\/el-ayuntamiento-de-motril-sancionado-por-discriminar-a-una-trabajadora-por-razon-de-sexo\/\" target=\"_blank\" rel=\"noopener\">Inspecci\u00f3n de Trabajo<\/a> responsabilizando a dos cargos pol\u00edticos del Partido Andalucista, la Teniente de Alcalde de Personal, <strong>Mar\u00eda \u00c1ngeles Esc\u00e1mez<\/strong>, ha trasladado a la trabajadora de su puesto de trabajo a la vez que ha justificado en declaraciones p\u00fablicas la actuaci\u00f3n de dichos responsables municipales minimizando el contenido del Informe emitido por la autoridad laboral que concluye que <strong>\u201cse ha producido una conducta discriminatoria hacia una trabajadora por raz\u00f3n de sexo\u201d.<\/strong><\/p>\n<p style=\"text-align: justify;\"><a href=\"https:\/\/iumotril.org\/sitio\/inma-omiste_rprensa-mujer_7-junio\/\"><img loading=\"lazy\" decoding=\"async\" data-attachment-id=\"3620\" data-permalink=\"https:\/\/iumotril.org\/sitio\/motril-necesita-un-ayuntamiento-que-defienda-la-igualdad-entre-mujeres-y-hombres\/inma-omiste_rprensa-mujer_7-junio\/\" data-orig-file=\"https:\/\/iumotril.org\/sitio\/wp-content\/uploads\/2018\/06\/Inma-Omiste_rprensa-mujer_7-junio-e1528365595159.jpg\" data-orig-size=\"2448,3264\" data-comments-opened=\"1\" data-image-meta=\"{&quot;aperture&quot;:&quot;2.2&quot;,&quot;credit&quot;:&quot;&quot;,&quot;camera&quot;:&quot;iPhone 6&quot;,&quot;caption&quot;:&quot;&quot;,&quot;created_timestamp&quot;:&quot;1528359159&quot;,&quot;copyright&quot;:&quot;&quot;,&quot;focal_length&quot;:&quot;4.15&quot;,&quot;iso&quot;:&quot;80&quot;,&quot;shutter_speed&quot;:&quot;0.03030303030303&quot;,&quot;title&quot;:&quot;&quot;,&quot;orientation&quot;:&quot;6&quot;}\" data-image-title=\"Inma Omiste_rprensa mujer_7 junio\" data-image-description=\"\" data-image-caption=\"\" data-large-file=\"https:\/\/iumotril.org\/sitio\/wp-content\/uploads\/2018\/06\/Inma-Omiste_rprensa-mujer_7-junio-e1528365595159-768x1024.jpg\" class=\"alignleft wp-image-3620\" src=\"https:\/\/iumotril.org\/sitio\/wp-content\/uploads\/2018\/06\/Inma-Omiste_rprensa-mujer_7-junio-e1528365595159-225x300.jpg\" alt=\"\" width=\"455\" height=\"607\" srcset=\"https:\/\/iumotril.org\/sitio\/wp-content\/uploads\/2018\/06\/Inma-Omiste_rprensa-mujer_7-junio-e1528365595159-225x300.jpg 225w, https:\/\/iumotril.org\/sitio\/wp-content\/uploads\/2018\/06\/Inma-Omiste_rprensa-mujer_7-junio-e1528365595159-768x1024.jpg 768w\" sizes=\"auto, (max-width: 455px) 100vw, 455px\" \/><\/a>La concejala de IU, Inma Omiste, ha informado que su Grupo solicit\u00f3 el pasado 29 de mayo la convocatoria urgente del Consejo Municipal de la Mujer para abordar este asunto, una reuni\u00f3n que la concejal\u00eda de Igualdad ha convocado para ma\u00f1ana viernes, 10 d\u00edas despu\u00e9s de solicitada su reuni\u00f3n urgente, una vez pasados m\u00e1s de 30 d\u00edas de conocerse p\u00fablicamente estos grav\u00edsimos hechos.<\/p>\n<p style=\"text-align: justify;\">Se trata de un asunto muy serio porque pone de manifiesto que <strong>un ayuntamiento que tolera y ampara la discriminaci\u00f3n de las mujeres en los propios servicios municipales<\/strong> no est\u00e1 legitimado para defender la igualdad entre hombres y mujeres en Motril y mucho menos para luchar contra el machismo que las mujeres sufrimos en todos los \u00e1mbitos cotidianos de nuestra vida.<\/p>\n<p style=\"text-align: justify;\">Inma Omiste ha afirmado que Motril no se merece un Ayuntamiento que discrimina a sus trabajadoras y trabajadores por ning\u00fan motivo, tampoco por raz\u00f3n de sexo. <strong>No se merece un gobierno local que no tenga como prioridad la lucha por la igualdad entre hombres y mujeres<\/strong>.<\/p>\n<p style=\"text-align: justify;\">Izquierda Unida ha denunciado el papel accesorio que el gobierno de Flor Alm\u00f3n asigna al <strong>Consejo Municipal de la Mujer<\/strong> y a otros \u00f3rganos de participaci\u00f3n ciudadana, al relegarlos a cuestiones meramente decorativas, desvirtuando sus funciones y vaci\u00e1ndolos de contenidos.<\/p>\n<p style=\"text-align: justify;\">La concejala de IU ha reclamado la adopci\u00f3n de <strong>pol\u00edticas municipales de Igualdad<\/strong>, consensuadas con los colectivos de mujeres, de car\u00e1cter transversal y con recursos suficientes que permitan combatir cualquier pr\u00e1ctica discriminatoria y trabajar por la Igualdad efectiva entre hombres y mujeres. Algo que, a lo largo de estos tres a\u00f1os, <strong>no ha hecho el gobierno del partido socialista.<\/strong><\/p>\n<p style=\"text-align: justify;\">En este sentido, lnma Omiste ha defendido que la participaci\u00f3n ciudadana debe ser un elemento clave en la gesti\u00f3n de los asuntos municipales, afirmando que en el <strong>proyecto pol\u00edtico que defiende su formaci\u00f3n para Motril<\/strong> \u00e9ste ser\u00e1 uno de sus pilares: la articulaci\u00f3n de mecanismos de participaci\u00f3n efectivos que contribuyan a la toma de decisiones colectivas por parte de la ciudadan\u00eda.<\/p>\n<p style=\"text-align: justify;\">Izquierda Unida ha manifestado su total apoyo a la representaci\u00f3n de las trabajadoras y trabajadores del Ayuntamiento de Motril que ha condenado de forma un\u00e1nime las <a href=\"http:\/\/www.ideal.es\/granada\/costa\/trabajadores-ayuntamiento-motril-20180605154955-nt.html\" target=\"_blank\" rel=\"noopener\">declaraciones p\u00fablicas<\/a><strong> \u201cmachistas\u201d de la Sra. Esc\u00e1mez<\/strong> exigiendo la depuraci\u00f3n de responsabilidades por estos hechos y la reclamaci\u00f3n patrimonial de la <strong>sanci\u00f3n econ\u00f3mica de 6.251<\/strong> euros a los cargos municipales que han protagonizado dichas conductas.<\/p>\n<p style=\"text-align: justify;\">Asociaciones y colectivos de mujeres de Motril tambi\u00e9n han denunciado la <strong>indiferencia del gobierno municipal de Flor Alm\u00f3n<\/strong> ante unos hechos tan graves que han supuesto un <strong>trato vejatorio hacia una mujer<\/strong> en las propias dependencias municipales.<\/p>\n<audio class=\"wp-audio-shortcode\" id=\"audio-3611-1\" preload=\"none\" style=\"width: 100%;\" controls=\"controls\"><source type=\"audio\/mpeg\" src=\"https:\/\/iumotril.org\/sitio\/wp-content\/uploads\/2018\/06\/Rueda-prensa-mujer_7-junio_Inma-Omiste.m4a?_=1\" \/><a href=\"https:\/\/iumotril.org\/sitio\/wp-content\/uploads\/2018\/06\/Rueda-prensa-mujer_7-junio_Inma-Omiste.m4a\">https:\/\/iumotril.org\/sitio\/wp-content\/uploads\/2018\/06\/Rueda-prensa-mujer_7-junio_Inma-Omiste.m4a<\/a><\/audio>\n","protected":false},"excerpt":{"rendered":"<p>La concejala de IU ha reclamado la adopci\u00f3n de pol\u00edticas municipales de Igualdad, consensuadas con los colectivos de mujeres, de car\u00e1cter transversal y con recursos suficientes que permitan combatir cualquier pr\u00e1ctica discriminatoria y trabajar por la Igualdad efectiva entre hombres y mujeres. Algo que, a lo largo de estos tres a\u00f1os, no ha hecho el gobierno del partido socialista.<\/p>\n<p>En este sentido, lnma Omiste ha defendido que la participaci\u00f3n ciudadana debe ser un elemento clave en la gesti\u00f3n de los asuntos municipales, afirmando que en el proyecto pol\u00edtico que defiende su formaci\u00f3n para Motril \u00e9ste ser\u00e1 uno de sus pilares: la articulaci\u00f3n de mecanismos de participaci\u00f3n efectivos que contribuyan a la toma de decisiones colectivas por parte de la ciudadan\u00eda.<\/p>\n","protected":false},"author":1,"featured_media":0,"comment_status":"open","ping_status":"open","sticky":false,"template":"","format":"standard","meta":{"cybocfi_hide_featured_image":"","_jetpack_newsletter_access":"","_jetpack_dont_email_post_to_subs":false,"_jetpack_newsletter_tier_id":0,"_jetpack_memberships_contains_paywalled_content":false,"_jetpack_memberships_contains_paid_content":false,"footnotes":""},"categories":[265],"tags":[1000,922,130,693,350,1001,924,349],"class_list":["post-3611","post","type-post","status-publish","format-standard","hentry","category-esta-pasando","tag-consejo-igualdad","tag-discriminacion","tag-escamez","tag-feminismo","tag-igualdad","tag-inspeccion-trabajo","tag-machismo","tag-mujeres"],"jetpack_featured_media_url":"","jetpack_sharing_enabled":true,"jetpack_shortlink":"https:\/\/wp.me\/p4QsU5-Wf","jetpack-related-posts":[{"id":3594,"url":"https:\/\/iumotril.org\/sitio\/el-ayuntamiento-de-motril-sancionado-por-discriminar-a-una-trabajadora-por-razon-de-sexo\/","url_meta":{"origin":3611,"position":0},"title":"El Ayuntamiento de Motril sancionado por discriminar a una trabajadora por raz\u00f3n de sexo","author":"Izquierda Unida Motril","date":"24 mayo, 2018","format":false,"excerpt":"La portavoza de Izquierda Unida ha afirmado que su Grupo no puede admitir que, mientras que las mujeres luchan en las calles reclamando igualdad, el fin del patriarcado y de las violencias machistas, el Ayuntamiento de Motril ampare actuaciones que supongan el trato vejatorio hacia ninguna mujer. Tambi\u00e9n en este\u2026","rel":"","context":"En \u00abAyuntamiento\u00bb","block_context":{"text":"Ayuntamiento","link":"https:\/\/iumotril.org\/sitio\/category\/ayuntamiento\/"},"img":{"alt_text":"","src":"https:\/\/i0.wp.com\/iumotril.org\/sitio\/wp-content\/uploads\/2018\/05\/Empleados-municipales-recuperar-derechos-300x225.jpg?resize=350%2C200","width":350,"height":200},"classes":[]},{"id":3720,"url":"https:\/\/iumotril.org\/sitio\/motril-ciudad-libre-de-violencias-machistas\/","url_meta":{"origin":3611,"position":1},"title":"Motril, ciudad libre de violencias machistas","author":"Izquierda Unida Motril","date":"12 julio, 2018","format":false,"excerpt":"Daniela Paqu\u00e9, portavoz del Grupo Municipal de IU ha criticado la falta de actuaciones del Ayuntamiento de Motril en respuesta a la violencia contra las mujeres, se\u00f1alando que el \u00c1rea de Igualdad destina \u00fanicamente el 3,8% de su presupuesto (8.053 euros) a \u201cActividades de mujer\u201d, una cantidad residual en relaci\u00f3n\u2026","rel":"","context":"En \u00abEST\u00c1 PASANDO\u00bb","block_context":{"text":"EST\u00c1 PASANDO","link":"https:\/\/iumotril.org\/sitio\/category\/esta-pasando\/"},"img":{"alt_text":"","src":"https:\/\/i0.wp.com\/iumotril.org\/sitio\/wp-content\/uploads\/2018\/07\/Violencia-machista-300x212.jpg?resize=350%2C200","width":350,"height":200},"classes":[]},{"id":8740,"url":"https:\/\/iumotril.org\/sitio\/iu-equo-denuncia-la-exclusion-de-diversas-ongs-de-la-feria-de-asociaciones-de-motril\/","url_meta":{"origin":3611,"position":2},"title":"IU-Equo denuncia la exclusi\u00f3n de diversas ONGs de la Feria de Asociaciones de Motril","author":"Izquierda Unida Motril","date":"12 diciembre, 2022","format":false,"excerpt":"Para IU-Equo, la Feria de Asociaciones ha servido, una vez m\u00e1s, como plat\u00f3 y decorado de otra sesi\u00f3n fotogr\u00e1fica m\u00e1s de la alcaldesa de Motril y sus figurantes habituales: la concejala de Comercio y la teniente de alcalde de Acci\u00f3n Social. Pero, poco m\u00e1s \u2013sostienen desde la formaci\u00f3n de izquierdas\u2013\u2026","rel":"","context":"En \u00abEST\u00c1 PASANDO\u00bb","block_context":{"text":"EST\u00c1 PASANDO","link":"https:\/\/iumotril.org\/sitio\/category\/esta-pasando\/"},"img":{"alt_text":"","src":"https:\/\/i0.wp.com\/iumotril.org\/sitio\/wp-content\/uploads\/2022\/12\/Luisa-Feria-asociaciones-diciembre.jpg?resize=350%2C200&ssl=1","width":350,"height":200,"srcset":"https:\/\/i0.wp.com\/iumotril.org\/sitio\/wp-content\/uploads\/2022\/12\/Luisa-Feria-asociaciones-diciembre.jpg?resize=350%2C200&ssl=1 1x, https:\/\/i0.wp.com\/iumotril.org\/sitio\/wp-content\/uploads\/2022\/12\/Luisa-Feria-asociaciones-diciembre.jpg?resize=525%2C300&ssl=1 1.5x, https:\/\/i0.wp.com\/iumotril.org\/sitio\/wp-content\/uploads\/2022\/12\/Luisa-Feria-asociaciones-diciembre.jpg?resize=700%2C400&ssl=1 2x"},"classes":[]},{"id":3092,"url":"https:\/\/iumotril.org\/sitio\/izquierda-unida-cuestiona-la-dedicacion-parcial-de-la-teniente-de-alcalde-maria-angeles-escamez\/","url_meta":{"origin":3611,"position":3},"title":"Izquierda Unida cuestiona la dedicaci\u00f3n parcial de la Teniente de Alcalde Mar\u00eda \u00c1ngeles Esc\u00e1mez.","author":"Izquierda Unida Motril","date":"27 septiembre, 2017","format":false,"excerpt":"La tercera Teniente de Alcalde, Mar\u00eda \u00c1ngeles Esc\u00e1mez, tiene asignada una dedicaci\u00f3n parcial de 32 horas para el desarrollo de las funciones que tiene encomendadas, pese a ser la concejala del equipo de gobierno que m\u00e1s competencias delegadas asume. Esc\u00e1mez es la \u00fanica de los cuatro tenientes de alcalde que\u2026","rel":"","context":"En \u00abEST\u00c1 PASANDO\u00bb","block_context":{"text":"EST\u00c1 PASANDO","link":"https:\/\/iumotril.org\/sitio\/category\/esta-pasando\/"},"img":{"alt_text":"","src":"https:\/\/i0.wp.com\/iumotril.org\/sitio\/wp-content\/uploads\/2017\/09\/csm_La_teniente_de_alcalde_responsablde_Formacion_y_Empleo__Maria_Angeles_Escamez_a9150d0111.jpg?resize=350%2C200","width":350,"height":200},"classes":[]},{"id":2413,"url":"https:\/\/iumotril.org\/sitio\/izquierda-unida-exige-la-paralizacion-de-una-obra-ilegal-en-el-poligono-de-la-carretera-de-almeria\/","url_meta":{"origin":3611,"position":4},"title":"IZQUIERDA UNIDA EXIGE LA PARALIZACI\u00d3N DE UNA OBRA ILEGAL EN EL POL\u00cdGONO DE LA CARRETERA DE ALMER\u00cdA","author":"Izquierda Unida Motril","date":"6 octubre, 2016","format":false,"excerpt":"La obra ha sido declarada ilegal por el Ayuntamiento de Motril quien ha adoptado hace semanas la decisi\u00f3n de la paralizaci\u00f3n inmediata de \u00e9stas. A pesar de ello y de haberse realizado la correspondiente notificaci\u00f3n a sus responsables, las obras contin\u00faan realiz\u00e1ndose por lo que desde Izquierda Unida se entiende\u2026","rel":"","context":"En \u00abEST\u00c1 PASANDO\u00bb","block_context":{"text":"EST\u00c1 PASANDO","link":"https:\/\/iumotril.org\/sitio\/category\/esta-pasando\/"},"img":{"alt_text":"rebnault","src":"https:\/\/i0.wp.com\/iumotril.org\/sitio\/wp-content\/uploads\/2016\/10\/Rebnault-213x300.jpg?resize=350%2C200","width":350,"height":200},"classes":[]},{"id":1935,"url":"https:\/\/iumotril.org\/sitio\/iu-reclama-al-gobierno-municipal-una-apuesta-decidida-por-las-politicas-de-genero\/","url_meta":{"origin":3611,"position":5},"title":"IU reclama al Gobierno Municipal una apuesta decidida por las pol\u00edticas de g\u00e9nero","author":"Izquierda Unida Motril","date":"7 marzo, 2016","format":false,"excerpt":"Para Izquierda Unida de Motril el 8 de marzo no puede ser un d\u00eda de celebraciones, sino de reivindicaciones de los derechos de las mujeres. La clamorosa desigualdad entre hombres y mujeres, la violencia machista o la feminizaci\u00f3n de la pobreza invalidan cualquier celebraci\u00f3n del 8 de marzo reclamando, al\u2026","rel":"","context":"En \u00abEST\u00c1 PASANDO\u00bb","block_context":{"text":"EST\u00c1 PASANDO","link":"https:\/\/iumotril.org\/sitio\/category\/esta-pasando\/"},"img":{"alt_text":"8deMarzo2016","src":"https:\/\/i0.wp.com\/iumotril.org\/sitio\/wp-content\/uploads\/2016\/03\/8deMarzo2016.jpg?resize=350%2C200","width":350,"height":200},"classes":[]}],"jetpack_likes_enabled":true,"_links":{"self":[{"href":"https:\/\/iumotril.org\/sitio\/wp-json\/wp\/v2\/posts\/3611","targetHints":{"allow":["GET"]}}],"collection":[{"href":"https:\/\/iumotril.org\/sitio\/wp-json\/wp\/v2\/posts"}],"about":[{"href":"https:\/\/iumotril.org\/sitio\/wp-json\/wp\/v2\/types\/post"}],"author":[{"embeddable":true,"href":"https:\/\/iumotril.org\/sitio\/wp-json\/wp\/v2\/users\/1"}],"replies":[{"embeddable":true,"href":"https:\/\/iumotril.org\/sitio\/wp-json\/wp\/v2\/comments?post=3611"}],"version-history":[{"count":8,"href":"https:\/\/iumotril.org\/sitio\/wp-json\/wp\/v2\/posts\/3611\/revisions"}],"predecessor-version":[{"id":3627,"href":"https:\/\/iumotril.org\/sitio\/wp-json\/wp\/v2\/posts\/3611\/revisions\/3627"}],"wp:attachment":[{"href":"https:\/\/iumotril.org\/sitio\/wp-json\/wp\/v2\/media?parent=3611"}],"wp:term":[{"taxonomy":"category","embeddable":true,"href":"https:\/\/iumotril.org\/sitio\/wp-json\/wp\/v2\/categories?post=3611"},{"taxonomy":"post_tag","embeddable":true,"href":"https:\/\/iumotril.org\/sitio\/wp-json\/wp\/v2\/tags?post=3611"}],"curies":[{"name":"wp","href":"https:\/\/api.w.org\/{rel}","templated":true}]}}