{"id":3587,"date":"2018-05-17T18:01:54","date_gmt":"2018-05-17T16:01:54","guid":{"rendered":"http:\/\/iumotril.org\/sitio\/?p=3587"},"modified":"2018-05-17T18:01:54","modified_gmt":"2018-05-17T16:01:54","slug":"el-ayuntamiento-sigue-cobrando-tasas-a-los-parados-para-el-acceso-al-empleo-publico","status":"publish","type":"post","link":"https:\/\/iumotril.org\/sitio\/el-ayuntamiento-sigue-cobrando-tasas-a-los-parados-para-el-acceso-al-empleo-publico\/","title":{"rendered":"El Ayuntamiento sigue cobrando tasas a los parados para el acceso al empleo p\u00fablico"},"content":{"rendered":"<p style=\"text-align: justify;\"><span style=\"color: #993300;\"><strong>A pesar de haber acordado suprimirlas en enero de 2016 por un acuerdo plenario, m\u00e1s de dos a\u00f1os despu\u00e9s las personas desempleadas que est\u00e1n interesadas en acceder a las plazas que se convocan siguen obligadas a ingresar una tasa que puede ascender hasta los 50 euros.<\/strong><\/span><\/p>\n<p style=\"text-align: justify;\">Izquierda Unida ha vuelto a reclamar a la Alcaldesa de Motril, Flor Alm\u00f3n, que cumpla con los <a href=\"https:\/\/iumotril.org\/sitio\/izquierda-unida-reclama-la-exencion-del-pago-de-tasas-municipales-a-los-desempleadosas\/\">acuerdos adoptados por el pleno<\/a> municipal, a\u00fan m\u00e1s cuando se trata de medidas que benefician a los vecinos y vecinas, especialmente a los que est\u00e1n pasando mayores dificultades, como es el caso de las personas desempleadas. En el mes de abril segu\u00edan registradas en las oficinas del paro de Motril <strong>5.923 personas como demandantes de empleo<\/strong>, un dato que ha variado muy poco en los \u00faltimos dos a\u00f1os.<\/p>\n<p style=\"text-align: justify;\"><a href=\"https:\/\/iumotril.org\/sitio\/daniela-centro-de-mayores\/\"><img loading=\"lazy\" decoding=\"async\" data-attachment-id=\"3596\" data-permalink=\"https:\/\/iumotril.org\/sitio\/el-ayuntamiento-sigue-cobrando-tasas-a-los-parados-para-el-acceso-al-empleo-publico\/daniela-centro-de-mayores\/\" data-orig-file=\"https:\/\/iumotril.org\/sitio\/wp-content\/uploads\/2018\/05\/Daniela-centro-de-mayores.jpg\" data-orig-size=\"3264,2448\" data-comments-opened=\"1\" data-image-meta=\"{&quot;aperture&quot;:&quot;2.2&quot;,&quot;credit&quot;:&quot;&quot;,&quot;camera&quot;:&quot;iPhone 6&quot;,&quot;caption&quot;:&quot;&quot;,&quot;created_timestamp&quot;:&quot;1519119257&quot;,&quot;copyright&quot;:&quot;&quot;,&quot;focal_length&quot;:&quot;4.15&quot;,&quot;iso&quot;:&quot;40&quot;,&quot;shutter_speed&quot;:&quot;0.03030303030303&quot;,&quot;title&quot;:&quot;&quot;,&quot;orientation&quot;:&quot;0&quot;}\" data-image-title=\"Daniela centro de mayores\" data-image-description=\"\" data-image-caption=\"\" data-large-file=\"https:\/\/iumotril.org\/sitio\/wp-content\/uploads\/2018\/05\/Daniela-centro-de-mayores-1024x768.jpg\" class=\"alignleft wp-image-3596\" src=\"https:\/\/iumotril.org\/sitio\/wp-content\/uploads\/2018\/05\/Daniela-centro-de-mayores-300x225.jpg\" alt=\"\" width=\"456\" height=\"342\" srcset=\"https:\/\/iumotril.org\/sitio\/wp-content\/uploads\/2018\/05\/Daniela-centro-de-mayores-300x225.jpg 300w, https:\/\/iumotril.org\/sitio\/wp-content\/uploads\/2018\/05\/Daniela-centro-de-mayores-768x576.jpg 768w, https:\/\/iumotril.org\/sitio\/wp-content\/uploads\/2018\/05\/Daniela-centro-de-mayores-1024x768.jpg 1024w\" sizes=\"auto, (max-width: 456px) 100vw, 456px\" \/><\/a>Seguir cobrando tasas a las personas desempleadas de Motril para que tengan la posibilidad de acceder a un puesto de trabajo p\u00fablico, adem\u00e1s de ser <strong>indecente y vergonzoso<\/strong>, supone un elemento de disuasi\u00f3n para los parados y las paradas motrile\u00f1as que, en muchos casos, no disponen de esas cantidades para pagarla por lo que, finalmente, no pueden presentarse a esos procesos selectivos.<\/p>\n<p style=\"text-align: justify;\">Daniela Paqu\u00e9 ha criticado la afirmaci\u00f3n de la Alcaldesa en el sentido de que las mociones se cumplen <a href=\"http:\/\/cadenaser.com\/emisora\/2018\/04\/13\/radio_motril\/1523622830_937580.html?utm_source=dlvr.it&amp;utm_medium=twitter#?ref=rss&amp;format=simple&amp;link=link\">\u201ccuando se puede\u201d<\/a> y se ha preguntado si en un per\u00edodo de <strong>dos a\u00f1os y tres meses<\/strong> no se ha podido arbitrar una medida como \u00e9sta, de car\u00e1cter social y beneficiosa para los vecinos y vecinas de Motril.<\/p>\n<p style=\"text-align: justify;\">Para la portavoza de Izquierda Unida, se trata de otro ejemplo evidente del desinter\u00e9s, la desidia e, incluso, de la incapacidad de Flor Alm\u00f3n y su equipo para resolver las necesidades reales de los vecinos y vecinas de Motril y para <strong>articular pol\u00edticas para la gente.<\/strong><\/p>\n<p style=\"text-align: justify;\">Contrasta la falta de aplicaci\u00f3n de medidas como \u00e9sta con la diligencia con las que se han puesto en marcha<strong> rebajas en la tasa de basura que pagan las grandes comercializadoras<\/strong> o las bonificaciones a las licencias de obras a las grandes empresas, ha afirmado la portavoza del Grupo Municipal de Izquierda Unida en el Ayuntamiento.<\/p>\n","protected":false},"excerpt":{"rendered":"<p>Seguir cobrando tasas a las personas desempleadas de Motril para que tengan la posibilidad de acceder a un puesto de trabajo p\u00fablico, adem\u00e1s de ser indecente y vergonzoso, supone un elemento de disuasi\u00f3n para los parados y las paradas motrile\u00f1as que, en muchos casos, no disponen de esas cantidades para pagarla por lo que, finalmente, no pueden presentarse a esos procesos selectivos.<\/p>\n","protected":false},"author":1,"featured_media":0,"comment_status":"open","ping_status":"open","sticky":false,"template":"","format":"standard","meta":{"cybocfi_hide_featured_image":"","_jetpack_newsletter_access":"","_jetpack_dont_email_post_to_subs":false,"_jetpack_newsletter_tier_id":0,"_jetpack_memberships_contains_paywalled_content":false,"_jetpack_memberships_contains_paid_content":false,"footnotes":""},"categories":[265],"tags":[323,408,312,995,200,244,994],"class_list":["post-3587","post","type-post","status-publish","format-standard","hentry","category-esta-pasando","tag-desempleo","tag-empleo-publico","tag-impuestos","tag-incumplimiento","tag-mociones","tag-paro","tag-tasas"],"jetpack_featured_media_url":"","jetpack_sharing_enabled":true,"jetpack_shortlink":"https:\/\/wp.me\/p4QsU5-VR","jetpack-related-posts":[{"id":1839,"url":"https:\/\/iumotril.org\/sitio\/izquierda-unida-reclama-la-exencion-del-pago-de-tasas-municipales-a-los-desempleadosas\/","url_meta":{"origin":3587,"position":0},"title":"IZQUIERDA UNIDA RECLAMA LA EXENCI\u00d3N DEL PAGO DE TASAS MUNICIPALES A LOS DESEMPLEADOS\/AS","author":"Izquierda Unida Motril","date":"26 enero, 2016","format":false,"excerpt":"En una moci\u00f3n que ha presentado al pr\u00f3ximo Pleno municipal, que se celebra el viernes d\u00eda 29, solicita la modificaci\u00f3n de las Ordenanzas fiscales para que se exima del pago de tasas para participar en procesos de selecci\u00f3n de empleo p\u00fablico a las personas que est\u00e9n en situaci\u00f3n de desempleo\u2026","rel":"","context":"En \u00abAyuntamiento\u00bb","block_context":{"text":"Ayuntamiento","link":"https:\/\/iumotril.org\/sitio\/category\/ayuntamiento\/"},"img":{"alt_text":"sae motril","src":"https:\/\/i0.wp.com\/iumotril.org\/sitio\/wp-content\/uploads\/2015\/09\/sae-motril.jpg?resize=350%2C200","width":350,"height":200},"classes":[]},{"id":4133,"url":"https:\/\/iumotril.org\/sitio\/el-ayuntamiento-de-motril-sigue-cobrando-tasas-a-los-parados-por-acceso-al-empleo\/","url_meta":{"origin":3587,"position":1},"title":"El Ayuntamiento de Motril sigue cobrando tasas a los parados por acceso al empleo","author":"Izquierda Unida Motril","date":"2 noviembre, 2018","format":false,"excerpt":"Estamos ante otro claro ejemplo del desentendimiento y de indiferencia de Flor Alm\u00f3n y del Partido Socialista hacia los problemas reales de la ciudadan\u00eda. Una falta de voluntad pol\u00edtica que se evidencia en el hecho de que el paro est\u00e1 enquistado en Motril situ\u00e1ndose en torno a las seis mil\u2026","rel":"","context":"En \u00abAyuntamiento\u00bb","block_context":{"text":"Ayuntamiento","link":"https:\/\/iumotril.org\/sitio\/category\/ayuntamiento\/"},"img":{"alt_text":"","src":"https:\/\/i0.wp.com\/iumotril.org\/sitio\/wp-content\/uploads\/2018\/11\/Desempleados-Argos-1024x492.jpeg?resize=350%2C200","width":350,"height":200,"srcset":"https:\/\/i0.wp.com\/iumotril.org\/sitio\/wp-content\/uploads\/2018\/11\/Desempleados-Argos-1024x492.jpeg?resize=350%2C200 1x, https:\/\/i0.wp.com\/iumotril.org\/sitio\/wp-content\/uploads\/2018\/11\/Desempleados-Argos-1024x492.jpeg?resize=525%2C300 1.5x"},"classes":[]},{"id":7505,"url":"https:\/\/iumotril.org\/sitio\/iu-equo-denuncia-el-intolerable-numero-de-personas-desempleadas-en-motril\/","url_meta":{"origin":3587,"position":2},"title":"IU-Equo denuncia el intolerable n\u00famero de personas desempleadas en Motril","author":"Izquierda Unida Motril","date":"3 junio, 2021","format":false,"excerpt":"Inma Omiste ha exigido a la alcaldesa Luisa Garc\u00eda Chamorro que \u201cse deje de batallitas pol\u00edticas y ponga a trabajar a su numeroso equipo de gobierno para atender y dar respuesta a las necesidades reales de las personas, de los motrile\u00f1os y las motrile\u00f1as, que reclaman un puesto de trabajo\u2026","rel":"","context":"En \u00abempleo\u00bb","block_context":{"text":"empleo","link":"https:\/\/iumotril.org\/sitio\/category\/empleo\/"},"img":{"alt_text":"","src":"https:\/\/i0.wp.com\/iumotril.org\/sitio\/wp-content\/uploads\/2021\/06\/Paro-en-Mayo-1024x377.png?resize=350%2C200","width":350,"height":200,"srcset":"https:\/\/i0.wp.com\/iumotril.org\/sitio\/wp-content\/uploads\/2021\/06\/Paro-en-Mayo-1024x377.png?resize=350%2C200 1x, https:\/\/i0.wp.com\/iumotril.org\/sitio\/wp-content\/uploads\/2021\/06\/Paro-en-Mayo-1024x377.png?resize=525%2C300 1.5x"},"classes":[]},{"id":7302,"url":"https:\/\/iumotril.org\/sitio\/la-situacion-de-desempleo-en-motril-es-inaceptable-y-exige-actuaciones-urgentes\/","url_meta":{"origin":3587,"position":3},"title":"La situaci\u00f3n de desempleo en Motril es inaceptable y exige actuaciones urgentes","author":"Izquierda Unida Motril","date":"8 abril, 2021","format":false,"excerpt":"El gobierno de Garc\u00eda Chamorro ha apostado por la realizaci\u00f3n de grandes proyectos en el medio y largo plazo y por el \u201cembellecimiento\u201d de la ciudad, confiando la creaci\u00f3n de empleo a estas actuaciones. Se pretende vender a los vecinos una ciudad de colores que no se corresponde con la\u2026","rel":"","context":"En \u00abEST\u00c1 PASANDO\u00bb","block_context":{"text":"EST\u00c1 PASANDO","link":"https:\/\/iumotril.org\/sitio\/category\/esta-pasando\/"},"img":{"alt_text":"","src":"https:\/\/i0.wp.com\/iumotril.org\/sitio\/wp-content\/uploads\/2021\/04\/Inma-Omiste-8-de-abril-2021-768x1024.jpg?resize=350%2C200","width":350,"height":200,"srcset":"https:\/\/i0.wp.com\/iumotril.org\/sitio\/wp-content\/uploads\/2021\/04\/Inma-Omiste-8-de-abril-2021-768x1024.jpg?resize=350%2C200 1x, https:\/\/i0.wp.com\/iumotril.org\/sitio\/wp-content\/uploads\/2021\/04\/Inma-Omiste-8-de-abril-2021-768x1024.jpg?resize=525%2C300 1.5x"},"classes":[]},{"id":4678,"url":"https:\/\/iumotril.org\/sitio\/motril-necesita-politicas-activas-de-empleo-y-formacion\/","url_meta":{"origin":3587,"position":4},"title":"Motril necesita pol\u00edticas activas de empleo y formaci\u00f3n","author":"Izquierda Unida Motril","date":"6 febrero, 2019","format":false,"excerpt":"Hay que ser serios cuando se aborda cualquier aspecto relacionado con la creaci\u00f3n de empleo, ha afirmado. Detr\u00e1s de los n\u00fameros y de los porcentajes hay personas, hombres y mujeres, j\u00f3venes, familias que est\u00e1n viviendo un drama cotidiano, que tienen dificultades para subsistir y para sacar adelante en condiciones dignas\u2026","rel":"","context":"En \u00abAyuntamiento\u00bb","block_context":{"text":"Ayuntamiento","link":"https:\/\/iumotril.org\/sitio\/category\/ayuntamiento\/"},"img":{"alt_text":"","src":"https:\/\/i0.wp.com\/iumotril.org\/sitio\/wp-content\/uploads\/2019\/02\/Inma-Dani-y-Jose_6-febrero-1024x497.jpg?resize=350%2C200","width":350,"height":200},"classes":[]},{"id":1551,"url":"https:\/\/iumotril.org\/sitio\/a-iniciativa-de-izquierda-unida-se-pondra-en-marcha-una-estrategia-local-por-el-empleo-en-motril\/","url_meta":{"origin":3587,"position":5},"title":"A INICIATIVA DE IZQUIERDA UNIDA SE PONDR\u00c1 EN MARCHA UNA ESTRATEGIA LOCAL POR EL EMPLEO EN MOTRIL","author":"Izquierda Unida Motril","date":"31 octubre, 2015","format":false,"excerpt":"Entre las propuestas acordadas se incluye, adem\u00e1s, que el \u00c1rea de Empleo y Formaci\u00f3n municipal haga p\u00fablicos los perfiles profesionales y los criterios de selecci\u00f3n de los 212 contratos de seis meses de duraci\u00f3n que realizar\u00e1 pr\u00f3ximamente el Consistorio con financiaci\u00f3n de la Junta de Andaluc\u00eda. La portavoz de IU,\u2026","rel":"","context":"En \u00abempleo\u00bb","block_context":{"text":"empleo","link":"https:\/\/iumotril.org\/sitio\/category\/empleo\/"},"img":{"alt_text":"IMG_0868","src":"https:\/\/i0.wp.com\/iumotril.org\/sitio\/wp-content\/uploads\/2015\/10\/IMG_0868-1024x469.jpg?resize=350%2C200","width":350,"height":200,"srcset":"https:\/\/i0.wp.com\/iumotril.org\/sitio\/wp-content\/uploads\/2015\/10\/IMG_0868-1024x469.jpg?resize=350%2C200 1x, https:\/\/i0.wp.com\/iumotril.org\/sitio\/wp-content\/uploads\/2015\/10\/IMG_0868-1024x469.jpg?resize=525%2C300 1.5x"},"classes":[]}],"jetpack_likes_enabled":true,"_links":{"self":[{"href":"https:\/\/iumotril.org\/sitio\/wp-json\/wp\/v2\/posts\/3587","targetHints":{"allow":["GET"]}}],"collection":[{"href":"https:\/\/iumotril.org\/sitio\/wp-json\/wp\/v2\/posts"}],"about":[{"href":"https:\/\/iumotril.org\/sitio\/wp-json\/wp\/v2\/types\/post"}],"author":[{"embeddable":true,"href":"https:\/\/iumotril.org\/sitio\/wp-json\/wp\/v2\/users\/1"}],"replies":[{"embeddable":true,"href":"https:\/\/iumotril.org\/sitio\/wp-json\/wp\/v2\/comments?post=3587"}],"version-history":[{"count":6,"href":"https:\/\/iumotril.org\/sitio\/wp-json\/wp\/v2\/posts\/3587\/revisions"}],"predecessor-version":[{"id":3601,"href":"https:\/\/iumotril.org\/sitio\/wp-json\/wp\/v2\/posts\/3587\/revisions\/3601"}],"wp:attachment":[{"href":"https:\/\/iumotril.org\/sitio\/wp-json\/wp\/v2\/media?parent=3587"}],"wp:term":[{"taxonomy":"category","embeddable":true,"href":"https:\/\/iumotril.org\/sitio\/wp-json\/wp\/v2\/categories?post=3587"},{"taxonomy":"post_tag","embeddable":true,"href":"https:\/\/iumotril.org\/sitio\/wp-json\/wp\/v2\/tags?post=3587"}],"curies":[{"name":"wp","href":"https:\/\/api.w.org\/{rel}","templated":true}]}}