{"id":3567,"date":"2018-05-15T19:05:39","date_gmt":"2018-05-15T17:05:39","guid":{"rendered":"http:\/\/iumotril.org\/sitio\/?p=3567"},"modified":"2018-05-17T20:09:02","modified_gmt":"2018-05-17T18:09:02","slug":"la-ubicacion-del-nuevo-espacio-comercial-de-motril-en-el-mot-21-solo-creara-inconvenientes","status":"publish","type":"post","link":"https:\/\/iumotril.org\/sitio\/la-ubicacion-del-nuevo-espacio-comercial-de-motril-en-el-mot-21-solo-creara-inconvenientes\/","title":{"rendered":"La ubicaci\u00f3n del nuevo espacio comercial de Motril en el MOT 21 solo crear\u00e1 inconvenientes"},"content":{"rendered":"<p style=\"text-align: justify;\">Izquierda Unida no se opone a la instalaci\u00f3n de nuevos negocios ni a la creaci\u00f3n de espacios comerciales en nuestra ciudad, pero s\u00ed a que sean el <strong>resultado de la especulaci\u00f3n urban\u00edstica<\/strong> para favorecer intereses econ\u00f3micos particulares. La ubicaci\u00f3n de un nuevo espacio comercial en Motril en el MOT21 ha requerido la \u00abreprogramaci\u00f3n\u00bb de miles de metros cuadrados de la Vega, adquiridos a precio r\u00fastico para, despu\u00e9s de recalificarlo para uso terciarlo, poder multiplicar su valor para los promotores urban\u00edsticos. Un proceso que se ha dilatado\u00a0 a lo largo de seis a\u00f1os.<\/p>\n<p style=\"text-align: justify;\">Se ha preferido la especulaci\u00f3n urban\u00edstica, el enriquecimiento particular y una espera de seis a\u00f1os a construir en los <strong>terrenos destinados a ese efectos en el Plan General de Ordenaci\u00f3n Urbana de Motril<\/strong> situados en la zona de La Nacla, cuyos accesos desde la autov\u00eda son directos y en los que podr\u00edan haber iniciado los trabajos hace seis a\u00f1os, con lo que Motril ya contar\u00eda con esa nueva superficie comercial.<\/p>\n<p style=\"text-align: justify;\">Seis a\u00f1os despu\u00e9s de iniciado el proyecto, el comienzo de las obras est\u00e1 ocasionando numerosos inconvenientes de movilidad dada la <strong>precariedad del acceso a ese nuevo espacio que se realiza por la N-340<\/strong>, por la ya insuficiente v\u00eda del Candel\u00f3n. Imaginen cu\u00e1l puede ser la situaci\u00f3n cuando esos centros comerciales est\u00e9n en funcionamiento. Una consideraci\u00f3n que no ha sido tenida en cuenta ya que lo importante, al parecer, es hacer el negocio.<\/p>\n<p style=\"text-align: justify;\">Los gobernantes de Motril, y los poderosos que est\u00e1n detr\u00e1s del negocio, se muestran encantados de llevar adelante un proyecto de estas caracter\u00edsticas, a pesar de haberse bordeado desde un principio la legalidad vigente. Anuncian centros comerciales y salas de cine, pero lo inmediato, lo real, ser\u00e1 un <strong>establecimiento de comida r\u00e1pida, de comida basura<\/strong>, una met\u00e1fora del modelo de crecimiento de la ciudad por el que se apuesta . El resto, ya se ver\u00e1.<\/p>\n<p style=\"text-align: justify;\">Mientras tanto, <strong>el comercio local de Motril languidece abandonado a su suerte<\/strong>, a pesar del esfuerzo de los comerciantes motrile\u00f1os que asisten al espect\u00e1culo de ver como se promueve y favorece la instalaci\u00f3n de negocios multinacionales como si de su mano fuera a venir la soluci\u00f3n de los muchos problemas que tiene Motril.<\/p>\n<div class=\"jetpack-video-wrapper\"><span class=\"embed-youtube\" style=\"text-align:center; display: block;\"><iframe loading=\"lazy\" class=\"youtube-player\" width=\"640\" height=\"360\" src=\"https:\/\/www.youtube.com\/embed\/nZDNlZJ6fd8?version=3&#038;rel=1&#038;showsearch=0&#038;showinfo=1&#038;iv_load_policy=1&#038;fs=1&#038;hl=es-ES&#038;autohide=2&#038;wmode=transparent\" allowfullscreen=\"true\" style=\"border:0;\" sandbox=\"allow-scripts allow-same-origin allow-popups allow-presentation allow-popups-to-escape-sandbox\"><\/iframe><\/span><\/div>\n","protected":false},"excerpt":{"rendered":"<p>Los gobernantes de Motril, y los poderosos que est\u00e1n detr\u00e1s del negocio, se muestran encantados de llevar adelante un proyecto de estas caracter\u00edsticas, a pesar de haberse bordeado desde un principio la legalidad vigente. Anuncian centros comerciales y salas de cine, pero lo inmediato, lo real, ser\u00e1 un establecimiento de comida r\u00e1pida, de comida basura, una met\u00e1fora del modelo de crecimiento de la ciudad por el que se apuesta . El resto, ya se ver\u00e1.<\/p>\n","protected":false},"author":1,"featured_media":3364,"comment_status":"open","ping_status":"open","sticky":false,"template":"","format":"standard","meta":{"cybocfi_hide_featured_image":"","_jetpack_newsletter_access":"","_jetpack_dont_email_post_to_subs":false,"_jetpack_newsletter_tier_id":0,"_jetpack_memberships_contains_paywalled_content":false,"_jetpack_memberships_contains_paid_content":false,"footnotes":""},"categories":[177,265],"tags":[975,992,953,993,991,202,630],"class_list":["post-3567","post","type-post","status-publish","format-standard","has-post-thumbnail","hentry","category-ciudad","category-esta-pasando","tag-centros-comerciales","tag-comida-basura","tag-especulacion","tag-modelo-de-crecimiento","tag-mot21","tag-pgou","tag-vega-de-motril"],"jetpack_featured_media_url":"https:\/\/iumotril.org\/sitio\/wp-content\/uploads\/2018\/02\/logo-motril_2018.jpg","jetpack_sharing_enabled":true,"jetpack_shortlink":"https:\/\/wp.me\/p4QsU5-Vx","jetpack-related-posts":[{"id":3467,"url":"https:\/\/iumotril.org\/sitio\/izquierda-unida-reclama-la-paralizacion-de-las-obras-del-mot-21\/","url_meta":{"origin":3567,"position":0},"title":"Izquierda Unida reclama la paralizaci\u00f3n de las obras del MOT-21","author":"Izquierda Unida Motril","date":"10 abril, 2018","format":false,"excerpt":"Inma Omiste ha denunciado la actuaci\u00f3n del Partido Socialista, que no ha dudado en subirse al mismo barco que la derecha motrile\u00f1a, el de la especulaci\u00f3n y el pelotazo urban\u00edstico. Tambi\u00e9n ha criticado que el equipo de gobierno se haya puesto en \u201cmodo electoral\u201d al pretender resolver a toda prisa\u2026","rel":"","context":"En \u00abEST\u00c1 PASANDO\u00bb","block_context":{"text":"EST\u00c1 PASANDO","link":"https:\/\/iumotril.org\/sitio\/category\/esta-pasando\/"},"img":{"alt_text":"","src":"https:\/\/i0.wp.com\/iumotril.org\/sitio\/wp-content\/uploads\/2018\/04\/Mot21-2_abril.jpg?resize=350%2C200","width":350,"height":200,"srcset":"https:\/\/i0.wp.com\/iumotril.org\/sitio\/wp-content\/uploads\/2018\/04\/Mot21-2_abril.jpg?resize=350%2C200 1x, https:\/\/i0.wp.com\/iumotril.org\/sitio\/wp-content\/uploads\/2018\/04\/Mot21-2_abril.jpg?resize=525%2C300 1.5x"},"classes":[]},{"id":4253,"url":"https:\/\/iumotril.org\/sitio\/el-acceso-al-nuevo-espacio-comercial-de-motril-es-un-peligro-para-conductores-viandantes-y-vecinos\/","url_meta":{"origin":3567,"position":1},"title":"El acceso al nuevo espacio comercial de Motril es un peligro para vecinos,  viandantes y conductores.","author":"Izquierda Unida Motril","date":"12 diciembre, 2018","format":false,"excerpt":"Omiste ha recordado que su Grupo Municipal ha sido el \u00fanico que no ha dado su apoyo a la modificaci\u00f3n del PGOU que permiti\u00f3 poner en marcha este proyecto, que fue votada favorablemente por los restantes grupos pol\u00edticos. Cuando se trata de especulaci\u00f3n y de grandes negocios que favorecen a\u2026","rel":"","context":"En \u00abCiudad\u00bb","block_context":{"text":"Ciudad","link":"https:\/\/iumotril.org\/sitio\/category\/ciudad\/"},"img":{"alt_text":"deterioro aceras avenida europa","src":"https:\/\/i0.wp.com\/iumotril.org\/sitio\/wp-content\/uploads\/2018\/12\/Avenida-europa_3.jpg?resize=350%2C200&ssl=1","width":350,"height":200,"srcset":"https:\/\/i0.wp.com\/iumotril.org\/sitio\/wp-content\/uploads\/2018\/12\/Avenida-europa_3.jpg?resize=350%2C200&ssl=1 1x, https:\/\/i0.wp.com\/iumotril.org\/sitio\/wp-content\/uploads\/2018\/12\/Avenida-europa_3.jpg?resize=525%2C300&ssl=1 1.5x, https:\/\/i0.wp.com\/iumotril.org\/sitio\/wp-content\/uploads\/2018\/12\/Avenida-europa_3.jpg?resize=700%2C400&ssl=1 2x, https:\/\/i0.wp.com\/iumotril.org\/sitio\/wp-content\/uploads\/2018\/12\/Avenida-europa_3.jpg?resize=1050%2C600&ssl=1 3x, https:\/\/i0.wp.com\/iumotril.org\/sitio\/wp-content\/uploads\/2018\/12\/Avenida-europa_3.jpg?resize=1400%2C800&ssl=1 4x"},"classes":[]},{"id":4321,"url":"https:\/\/iumotril.org\/sitio\/izquierda-unida-reclama-mejoras-en-el-acceso-al-nuevo-espacio-comercial-de-motril\/","url_meta":{"origin":3567,"position":2},"title":"Izquierda Unida reclama mejoras en el acceso al nuevo espacio comercial de Motril","author":"Izquierda Unida Motril","date":"20 diciembre, 2018","format":false,"excerpt":"Izquierda Unida viene denunciando de forma reiterada el empe\u00f1o de Flor Alm\u00f3n y de Antonio Esc\u00e1mez en sacar adelante este proyecto al coste que seaCuando se trata de especulaci\u00f3n y de grandes negocios que favorecen a intereses privados, el Partido Popular, el Partido Socialista y el Partido Andalucista van todos\u2026","rel":"","context":"En \u00abCiudad\u00bb","block_context":{"text":"Ciudad","link":"https:\/\/iumotril.org\/sitio\/category\/ciudad\/"},"img":{"alt_text":"","src":"https:\/\/i0.wp.com\/iumotril.org\/sitio\/wp-content\/uploads\/2018\/12\/rotonda-cropped_9002662_20181209202723.jpg?resize=350%2C200&ssl=1","width":350,"height":200,"srcset":"https:\/\/i0.wp.com\/iumotril.org\/sitio\/wp-content\/uploads\/2018\/12\/rotonda-cropped_9002662_20181209202723.jpg?resize=350%2C200&ssl=1 1x, https:\/\/i0.wp.com\/iumotril.org\/sitio\/wp-content\/uploads\/2018\/12\/rotonda-cropped_9002662_20181209202723.jpg?resize=525%2C300&ssl=1 1.5x, https:\/\/i0.wp.com\/iumotril.org\/sitio\/wp-content\/uploads\/2018\/12\/rotonda-cropped_9002662_20181209202723.jpg?resize=700%2C400&ssl=1 2x"},"classes":[]},{"id":3868,"url":"https:\/\/iumotril.org\/sitio\/un-plan-de-gestion-del-arbolado-para-motril\/","url_meta":{"origin":3567,"position":3},"title":"Un Plan de Gesti\u00f3n del Arbolado para Motril","author":"Izquierda Unida Motril","date":"24 septiembre, 2018","format":false,"excerpt":"Defendemos un modelo de ciudad en el que uno de sus ejes transversales sea el respeto al medio ambiente y a los recursos naturales para contribuir, de ese modo, a la configuraci\u00f3n de espacios de convivencia ciudadana que mejoren el bienestar y la calidad de vida de los motrile\u00f1os y\u2026","rel":"","context":"En \u00abCiudad\u00bb","block_context":{"text":"Ciudad","link":"https:\/\/iumotril.org\/sitio\/category\/ciudad\/"},"img":{"alt_text":"","src":"https:\/\/i0.wp.com\/iumotril.org\/sitio\/wp-content\/uploads\/2018\/09\/Inma-y-Christian_rprensa-24-septiembre-1024x498.jpg?resize=350%2C200","width":350,"height":200,"srcset":"https:\/\/i0.wp.com\/iumotril.org\/sitio\/wp-content\/uploads\/2018\/09\/Inma-y-Christian_rprensa-24-septiembre-1024x498.jpg?resize=350%2C200 1x, https:\/\/i0.wp.com\/iumotril.org\/sitio\/wp-content\/uploads\/2018\/09\/Inma-y-Christian_rprensa-24-septiembre-1024x498.jpg?resize=525%2C300 1.5x"},"classes":[]},{"id":2018,"url":"https:\/\/iumotril.org\/sitio\/izquierda-unida-critica-la-falta-de-actuaciones-del-equipo-de-gobierno-para-acabar-con-la-sangria-del-paro-en-motril\/","url_meta":{"origin":3567,"position":4},"title":"IZQUIERDA UNIDA CRITICA LA FALTA DE ACTUACIONES DEL EQUIPO DE GOBIERNO PARA ACABAR CON LA SANGR\u00cdA DEL PARO EN MOTRIL","author":"Izquierda Unida Motril","date":"6 abril, 2016","format":false,"excerpt":"Seg\u00fan los datos de los servicios p\u00fablicos de empleo, en los \u00faltimos 15 meses el paro en Motril no ha bajado de las 6.400 personas y en varios per\u00edodos ha superado las 7.000. A pesar de esta situaci\u00f3n inaceptable, el Ayuntamiento de Motril se limita a gestionar iniciativas de otras\u2026","rel":"","context":"En \u00abEST\u00c1 PASANDO\u00bb","block_context":{"text":"EST\u00c1 PASANDO","link":"https:\/\/iumotril.org\/sitio\/category\/esta-pasando\/"},"img":{"alt_text":"Paro y recalificaciones_Daniela","src":"https:\/\/i0.wp.com\/iumotril.org\/sitio\/wp-content\/uploads\/2016\/04\/Paro-y-recalificaciones_Daniela.jpg?resize=350%2C200","width":350,"height":200,"srcset":"https:\/\/i0.wp.com\/iumotril.org\/sitio\/wp-content\/uploads\/2016\/04\/Paro-y-recalificaciones_Daniela.jpg?resize=350%2C200 1x, https:\/\/i0.wp.com\/iumotril.org\/sitio\/wp-content\/uploads\/2016\/04\/Paro-y-recalificaciones_Daniela.jpg?resize=525%2C300 1.5x, https:\/\/i0.wp.com\/iumotril.org\/sitio\/wp-content\/uploads\/2016\/04\/Paro-y-recalificaciones_Daniela.jpg?resize=700%2C400 2x, https:\/\/i0.wp.com\/iumotril.org\/sitio\/wp-content\/uploads\/2016\/04\/Paro-y-recalificaciones_Daniela.jpg?resize=1050%2C600 3x"},"classes":[]},{"id":371,"url":"https:\/\/iumotril.org\/sitio\/la-alcaldesa-no-elegida-democraticamente-continua-con-su-plan-para-hundir-motril\/","url_meta":{"origin":3567,"position":5},"title":"LA ALCALDESA NO ELEGIDA DEMOCR\u00c1TICAMENTE CONTINUA CON SU PLAN PARA HUNDIR MOTRIL","author":"Izquierda Unida Motril","date":"4 diciembre, 2014","format":false,"excerpt":"IU Motril ha respondido a las declaraciones de Garc\u00eda Chamorro relativas al retraso en la aprobaci\u00f3n del Plan del Corredor Litoral de Andaluc\u00eda, acus\u00e1ndola \u201cde practicar una pol\u00edtica bicefalica sin coherencia ni l\u00f3gica alguna\u201d. Para Daniela Paqu\u00e9, Concejala de Izquierda Unida en el Ayuntamiento, las declaraciones de Garc\u00eda Chamorro sobre\u2026","rel":"","context":"En \u00abSin categor\u00eda\u00bb","block_context":{"text":"Sin categor\u00eda","link":"https:\/\/iumotril.org\/sitio\/category\/sin-categoria\/"},"img":{"alt_text":"","src":"","width":0,"height":0},"classes":[]}],"jetpack_likes_enabled":true,"_links":{"self":[{"href":"https:\/\/iumotril.org\/sitio\/wp-json\/wp\/v2\/posts\/3567","targetHints":{"allow":["GET"]}}],"collection":[{"href":"https:\/\/iumotril.org\/sitio\/wp-json\/wp\/v2\/posts"}],"about":[{"href":"https:\/\/iumotril.org\/sitio\/wp-json\/wp\/v2\/types\/post"}],"author":[{"embeddable":true,"href":"https:\/\/iumotril.org\/sitio\/wp-json\/wp\/v2\/users\/1"}],"replies":[{"embeddable":true,"href":"https:\/\/iumotril.org\/sitio\/wp-json\/wp\/v2\/comments?post=3567"}],"version-history":[{"count":6,"href":"https:\/\/iumotril.org\/sitio\/wp-json\/wp\/v2\/posts\/3567\/revisions"}],"predecessor-version":[{"id":3592,"href":"https:\/\/iumotril.org\/sitio\/wp-json\/wp\/v2\/posts\/3567\/revisions\/3592"}],"wp:featuredmedia":[{"embeddable":true,"href":"https:\/\/iumotril.org\/sitio\/wp-json\/wp\/v2\/media\/3364"}],"wp:attachment":[{"href":"https:\/\/iumotril.org\/sitio\/wp-json\/wp\/v2\/media?parent=3567"}],"wp:term":[{"taxonomy":"category","embeddable":true,"href":"https:\/\/iumotril.org\/sitio\/wp-json\/wp\/v2\/categories?post=3567"},{"taxonomy":"post_tag","embeddable":true,"href":"https:\/\/iumotril.org\/sitio\/wp-json\/wp\/v2\/tags?post=3567"}],"curies":[{"name":"wp","href":"https:\/\/api.w.org\/{rel}","templated":true}]}}