{"id":3550,"date":"2018-05-08T21:16:25","date_gmt":"2018-05-08T19:16:25","guid":{"rendered":"http:\/\/iumotril.org\/sitio\/?p=3550"},"modified":"2018-05-17T20:12:45","modified_gmt":"2018-05-17T18:12:45","slug":"reclamamos-soluciones-para-el-hospital-de-motril","status":"publish","type":"post","link":"https:\/\/iumotril.org\/sitio\/reclamamos-soluciones-para-el-hospital-de-motril\/","title":{"rendered":"Reclamamos soluciones para el Hospital de Motril"},"content":{"rendered":"<p class=\"p1\" style=\"text-align: justify;\"><span class=\"s1\">M\u00aa Carmen P\u00e9rez, parlamentaria andaluza de Izquierda Unida, ha manifestado, tras reunirse con la Gerencia del Hospital, que es urgente que el Servicio Andaluz de Salud se ocupe y d\u00e9 una soluci\u00f3n al <strong>problema recurrente de <a href=\"http:\/\/www.ideal.es\/granada\/costa\/falta-nueve-medicos-20180423185110-nt.html\">falta de m\u00e9dicos<\/a><\/strong> que est\u00e1 provocando una deficiente atenci\u00f3n en el servicio de urgencias.<\/span><\/p>\n<p class=\"p2\" style=\"text-align: justify;\"><span class=\"s1\"><a href=\"https:\/\/iumotril.org\/sitio\/img_4626\/\"><img loading=\"lazy\" decoding=\"async\" data-attachment-id=\"3555\" data-permalink=\"https:\/\/iumotril.org\/sitio\/reclamamos-soluciones-para-el-hospital-de-motril\/img_4626\/\" data-orig-file=\"https:\/\/iumotril.org\/sitio\/wp-content\/uploads\/2018\/05\/IMG_4626-e1525806711517.jpg\" data-orig-size=\"2448,3264\" data-comments-opened=\"1\" data-image-meta=\"{&quot;aperture&quot;:&quot;0&quot;,&quot;credit&quot;:&quot;&quot;,&quot;camera&quot;:&quot;&quot;,&quot;caption&quot;:&quot;&quot;,&quot;created_timestamp&quot;:&quot;0&quot;,&quot;copyright&quot;:&quot;&quot;,&quot;focal_length&quot;:&quot;0&quot;,&quot;iso&quot;:&quot;0&quot;,&quot;shutter_speed&quot;:&quot;0&quot;,&quot;title&quot;:&quot;&quot;,&quot;orientation&quot;:&quot;0&quot;}\" data-image-title=\"IMG_4626\" data-image-description=\"\" data-image-caption=\"\" data-large-file=\"https:\/\/iumotril.org\/sitio\/wp-content\/uploads\/2018\/05\/IMG_4626-e1525806711517-768x1024.jpg\" class=\"alignleft wp-image-3555\" src=\"https:\/\/iumotril.org\/sitio\/wp-content\/uploads\/2018\/05\/IMG_4626-e1525806711517-225x300.jpg\" alt=\"\" width=\"325\" height=\"433\" srcset=\"https:\/\/iumotril.org\/sitio\/wp-content\/uploads\/2018\/05\/IMG_4626-e1525806711517-225x300.jpg 225w, https:\/\/iumotril.org\/sitio\/wp-content\/uploads\/2018\/05\/IMG_4626-e1525806711517-768x1024.jpg 768w\" sizes=\"auto, (max-width: 325px) 100vw, 325px\" \/><\/a>Tras reunirse con la Gerencia del Hospital y con representantes de los trabajadores, la parlamentaria andaluza ha anunciado que su Grupo presentar\u00e1 diversas iniciativas parlamentarias para q<strong>ue el SAS adopte las medidas necesarias<\/strong> que contribuyan a que el Hospital comarcal de Santa Ana resulte un centro atractivo para los profesionales sanitarios. <\/span><\/p>\n<p class=\"p2\" style=\"text-align: justify;\"><span class=\"s1\">Actualmente, el intenso ritmo de trabajo y las menores retribuciones en relaci\u00f3n con otros hospitales hacen que este destino no resulte interesante para los nuevos profesionales ni para aquellos que terminan su residencia.\u00a0<\/span><span class=\"s1\">Una situaci\u00f3n que, en opini\u00f3n de la parlamentaria andaluza, no puede tolerarse ya que afecta a la <strong>calidad del servicio que se presta a la ciudadan\u00eda de la Comarca.<\/strong><\/span><\/p>\n<p class=\"p2\" style=\"text-align: justify;\"><span class=\"s1\"><strong>Mari Carmen P\u00e9rez<\/strong> ha denunciado la <strong>mala gesti\u00f3n por parte del gobierno de Susana D\u00edaz de la Sanidad p\u00fablica andaluza<\/strong>, los recortes que se vienen aplicando en los \u00faltimos a\u00f1os y la privatizaci\u00f3n encubierta de muchos de sus servicios. <\/span><\/p>\n<p class=\"p2\" style=\"text-align: justify;\"><span class=\"s1\"><strong>Mejorar y garantizar la calidad de los servicios p\u00fablicos<\/strong>, de modo especial la sanidad, la educaci\u00f3n y las pensiones son la se\u00f1a de identidad de cualquier pol\u00edtica de izquierdas por que atender y dar una respuesta adecuada a las necesidades esenciales de las personas debe ser el principal foco de las actuaciones p\u00fablicas, ha afirmado la parlamentaria andaluza. <\/span><\/p>\n<p class=\"p2\" style=\"text-align: justify;\"><span class=\"s1\">Desgraciadamente la actuaciones del gobierno de Susana D\u00edaz en este sentido dejan mucho que desear, por lo que entendemos que <strong>es urgente y necesario un cambio en el gobierno de Andaluc\u00eda<\/strong> que, desde Izquierda Unida, estamos convencidas de que cada vez est\u00e1 m\u00e1s pr\u00f3ximo, ha concluido Mari Carmen P\u00e9rez.<\/span><\/p>\n","protected":false},"excerpt":{"rendered":"<p>Mejorar y garantizar la calidad de los servicios p\u00fablicos, de modo especial la sanidad, la educaci\u00f3n y las pensiones son la se\u00f1a de identidad de cualquier pol\u00edtica de izquierdas por que atender y dar una respuesta adecuada a las necesidades esenciales de las personas debe ser el principal foco de las actuaciones p\u00fablicas, ha afirmado la parlamentaria andaluza Mari Carmen P\u00e9rez.<\/p>\n","protected":false},"author":1,"featured_media":1854,"comment_status":"open","ping_status":"open","sticky":false,"template":"","format":"standard","meta":{"cybocfi_hide_featured_image":"","_jetpack_newsletter_access":"","_jetpack_dont_email_post_to_subs":false,"_jetpack_newsletter_tier_id":0,"_jetpack_memberships_contains_paywalled_content":false,"_jetpack_memberships_contains_paid_content":false,"footnotes":""},"categories":[375,265],"tags":[978,982,980,981,229,979],"class_list":["post-3550","post","type-post","status-publish","format-standard","has-post-thumbnail","hentry","category-denuncia","category-esta-pasando","tag-hospital-motril","tag-hospital-santa-ana","tag-medicos","tag-sanidad","tag-servicios-publicos","tag-urgencias"],"jetpack_featured_media_url":"https:\/\/iumotril.org\/sitio\/wp-content\/uploads\/2016\/01\/IULVCA.jpg","jetpack_sharing_enabled":true,"jetpack_shortlink":"https:\/\/wp.me\/p4QsU5-Vg","jetpack-related-posts":[{"id":10709,"url":"https:\/\/iumotril.org\/sitio\/iu-verdes-equo-exige-para-motril-mas-medios-en-materia-sanitaria-con-urgencia\/","url_meta":{"origin":3550,"position":0},"title":"IU Verdes Equo exige para Motril m\u00e1s medios en materia sanitaria con urgencia","author":"Izquierda Unida Motril","date":"11 julio, 2025","format":false,"excerpt":"La falta de personal no solo afecta al \u00e1rea de urgencias del hospital o a las especialidades, sino que las listas de espera para ser atendidos por m\u00e9dicos de atenci\u00f3n primaria o pediatras son insostenibles y se van m\u00e1s all\u00e1 del mes en el mejor de los casos. Se\u00f1alan que\u2026","rel":"","context":"En \u00abCiudad\u00bb","block_context":{"text":"Ciudad","link":"https:\/\/iumotril.org\/sitio\/category\/ciudad\/"},"img":{"alt_text":"","src":"https:\/\/i0.wp.com\/iumotril.org\/sitio\/wp-content\/uploads\/2025\/07\/Ana-e-Inma-scaled.jpg?resize=350%2C200&ssl=1","width":350,"height":200,"srcset":"https:\/\/i0.wp.com\/iumotril.org\/sitio\/wp-content\/uploads\/2025\/07\/Ana-e-Inma-scaled.jpg?resize=350%2C200&ssl=1 1x, https:\/\/i0.wp.com\/iumotril.org\/sitio\/wp-content\/uploads\/2025\/07\/Ana-e-Inma-scaled.jpg?resize=525%2C300&ssl=1 1.5x, https:\/\/i0.wp.com\/iumotril.org\/sitio\/wp-content\/uploads\/2025\/07\/Ana-e-Inma-scaled.jpg?resize=700%2C400&ssl=1 2x, https:\/\/i0.wp.com\/iumotril.org\/sitio\/wp-content\/uploads\/2025\/07\/Ana-e-Inma-scaled.jpg?resize=1050%2C600&ssl=1 3x, https:\/\/i0.wp.com\/iumotril.org\/sitio\/wp-content\/uploads\/2025\/07\/Ana-e-Inma-scaled.jpg?resize=1400%2C800&ssl=1 4x"},"classes":[]},{"id":4188,"url":"https:\/\/iumotril.org\/sitio\/adelante-andalucia-se-compromete-a-la-mejora-del-hospital-de-motril-incrementando-la-inversion-publica-en-sanidad\/","url_meta":{"origin":3550,"position":1},"title":"Adelante Andaluc\u00eda se compromete a la mejora del Hospital de Motril incrementando la inversi\u00f3n p\u00fablica en Sanidad.","author":"Izquierda Unida Motril","date":"23 noviembre, 2018","format":false,"excerpt":"La candidatura granadina de Adelante Andaluc\u00eda se ha comprometido a llevar a cabo diversas actuaciones en la Costa, entre otras, la recuperaci\u00f3n de la F\u00e1brica del Pilar y su puesta en valor como patrimonio hist\u00f3rico y cultural, la conexi\u00f3n ferroviaria entre Granada y Motril a trav\u00e9s de cercan\u00edas y la\u2026","rel":"","context":"En \u00abAdelante Andaluc\u00eda\u00bb","block_context":{"text":"Adelante Andaluc\u00eda","link":"https:\/\/iumotril.org\/sitio\/category\/adelante-andalucia\/"},"img":{"alt_text":"","src":"https:\/\/i0.wp.com\/iumotril.org\/sitio\/wp-content\/uploads\/2018\/11\/fullsizeoutput_552a-1024x497.jpeg?resize=350%2C200","width":350,"height":200},"classes":[]},{"id":4075,"url":"https:\/\/iumotril.org\/sitio\/izquierda-unida-reclama-el-cese-del-gerente-del-hospital-comarcal-de-motril\/","url_meta":{"origin":3550,"position":2},"title":"Izquierda Unida reclama el cese del Gerente del Hospital Comarcal de Motril","author":"Izquierda Unida Motril","date":"11 octubre, 2018","format":false,"excerpt":"Izquierda Unida mantiene que las soluciones a los problemas del Hospital Comarcal deben adoptarse desde la perspectiva de la defensa decidida del car\u00e1cter p\u00fablico de la sanidad, contemplando medidas como la revisi\u00f3n de las condiciones laborales de los profesionales sanitarios para equipararlos a las de otros centros hospitalarios. Adem\u00e1s, considera\u2026","rel":"","context":"En \u00abEST\u00c1 PASANDO\u00bb","block_context":{"text":"EST\u00c1 PASANDO","link":"https:\/\/iumotril.org\/sitio\/category\/esta-pasando\/"},"img":{"alt_text":"","src":"https:\/\/i0.wp.com\/iumotril.org\/sitio\/wp-content\/uploads\/2018\/10\/Inma-y-Daniela_Hospital-octubre-300x146.jpg?resize=350%2C200","width":350,"height":200,"srcset":"https:\/\/i0.wp.com\/iumotril.org\/sitio\/wp-content\/uploads\/2018\/10\/Inma-y-Daniela_Hospital-octubre-300x146.jpg?resize=350%2C200 1x, https:\/\/i0.wp.com\/iumotril.org\/sitio\/wp-content\/uploads\/2018\/10\/Inma-y-Daniela_Hospital-octubre-300x146.jpg?resize=525%2C300 1.5x"},"classes":[]},{"id":2633,"url":"https:\/\/iumotril.org\/sitio\/izquierda-unida-denunciara-ante-el-parlamento-andaluz-los-despidos-en-mercomotril\/","url_meta":{"origin":3550,"position":3},"title":"IZQUIERDA UNIDA DENUNCIAR\u00c1 ANTE EL PARLAMENTO ANDALUZ LOS DESPIDOS EN MERCOMOTRIL","author":"Izquierda Unida Motril","date":"29 diciembre, 2016","format":false,"excerpt":"Tras participar en la concentraci\u00f3n que las trabajadoras y trabajadores de Mercomotril realizan diariamente a las puertas de la empresa y reunirse con representantes del comit\u00e9 de empresa, Mari Carmen P\u00e9rez ha anunciado que presentar\u00e1 una iniciativa parlamentaria contra el expediente de regulaci\u00f3n de empleo presentado, solicitando la intervenci\u00f3n de\u2026","rel":"","context":"En \u00abEST\u00c1 PASANDO\u00bb","block_context":{"text":"EST\u00c1 PASANDO","link":"https:\/\/iumotril.org\/sitio\/category\/esta-pasando\/"},"img":{"alt_text":"","src":"https:\/\/i0.wp.com\/iumotril.org\/sitio\/wp-content\/uploads\/2016\/12\/mari-carmen-mercomotril-1024x591.jpg?resize=350%2C200","width":350,"height":200,"srcset":"https:\/\/i0.wp.com\/iumotril.org\/sitio\/wp-content\/uploads\/2016\/12\/mari-carmen-mercomotril-1024x591.jpg?resize=350%2C200 1x, https:\/\/i0.wp.com\/iumotril.org\/sitio\/wp-content\/uploads\/2016\/12\/mari-carmen-mercomotril-1024x591.jpg?resize=525%2C300 1.5x"},"classes":[]},{"id":7618,"url":"https:\/\/iumotril.org\/sitio\/iu-equo-pide-que-se-reclame-a-la-junta-de-andalucia-mejoras-en-la-atencion-de-los-centros-de-salud\/","url_meta":{"origin":3550,"position":4},"title":"IU-Equo pide que se reclame a la Junta de Andaluc\u00eda mejoras en la atenci\u00f3n de los centros de salud","author":"Izquierda Unida Motril","date":"29 julio, 2021","format":false,"excerpt":"Denuncia el mal funcionamiento del sistema sanitario que se evidencia en las dificultades de tramitaci\u00f3n de asuntos en administraci\u00f3n, la demora en dar citas para consultas m\u00e9dicas, para la realizaci\u00f3n de anal\u00edticas, la realizaci\u00f3n de pruebas diagn\u00f3sticas o para pasar consulta con los especialistas. A estas deficiencias en el funcionamiento\u2026","rel":"","context":"En \u00abEST\u00c1 PASANDO\u00bb","block_context":{"text":"EST\u00c1 PASANDO","link":"https:\/\/iumotril.org\/sitio\/category\/esta-pasando\/"},"img":{"alt_text":"","src":"https:\/\/i0.wp.com\/iumotril.org\/sitio\/wp-content\/uploads\/2021\/07\/Jose-28-julio_2-300x225.jpg?resize=350%2C200","width":350,"height":200},"classes":[]},{"id":9898,"url":"https:\/\/iumotril.org\/sitio\/exigimos-mejoras-en-la-sanidad-publica-andaluza-nos-sumamos-a-las-movilizaciones-convocadas-el-domingo-7-de-abril-en-defensa-de-la-sanidad\/","url_meta":{"origin":3550,"position":5},"title":"Exigimos mejoras en la Sanidad p\u00fablica andaluza. Nos sumamos a las movilizaciones convocadas el domingo, 7 de abril en defensa de la sanidad","author":"Izquierda Unida Motril","date":"4 abril, 2024","format":false,"excerpt":"Inma Omiste ha se\u00f1alado que es evidente la preocupaci\u00f3n de la ciudadan\u00eda por el deterioro de la sanidad en Andaluc\u00eda expresada en el incremento de las listas de espera que se sit\u00faa en el mill\u00f3n de personas (el 12% de la poblaci\u00f3n andaluza), el n\u00famero de pacientes pendientes de una\u2026","rel":"","context":"En \u00abAyuntamiento\u00bb","block_context":{"text":"Ayuntamiento","link":"https:\/\/iumotril.org\/sitio\/category\/ayuntamiento\/"},"img":{"alt_text":"","src":"https:\/\/i0.wp.com\/iumotril.org\/sitio\/wp-content\/uploads\/2024\/04\/Tu-salud-Tu-derecho-Nuestra-sanidad.jpg?resize=350%2C200&ssl=1","width":350,"height":200,"srcset":"https:\/\/i0.wp.com\/iumotril.org\/sitio\/wp-content\/uploads\/2024\/04\/Tu-salud-Tu-derecho-Nuestra-sanidad.jpg?resize=350%2C200&ssl=1 1x, https:\/\/i0.wp.com\/iumotril.org\/sitio\/wp-content\/uploads\/2024\/04\/Tu-salud-Tu-derecho-Nuestra-sanidad.jpg?resize=525%2C300&ssl=1 1.5x, https:\/\/i0.wp.com\/iumotril.org\/sitio\/wp-content\/uploads\/2024\/04\/Tu-salud-Tu-derecho-Nuestra-sanidad.jpg?resize=700%2C400&ssl=1 2x, https:\/\/i0.wp.com\/iumotril.org\/sitio\/wp-content\/uploads\/2024\/04\/Tu-salud-Tu-derecho-Nuestra-sanidad.jpg?resize=1050%2C600&ssl=1 3x"},"classes":[]}],"jetpack_likes_enabled":true,"_links":{"self":[{"href":"https:\/\/iumotril.org\/sitio\/wp-json\/wp\/v2\/posts\/3550","targetHints":{"allow":["GET"]}}],"collection":[{"href":"https:\/\/iumotril.org\/sitio\/wp-json\/wp\/v2\/posts"}],"about":[{"href":"https:\/\/iumotril.org\/sitio\/wp-json\/wp\/v2\/types\/post"}],"author":[{"embeddable":true,"href":"https:\/\/iumotril.org\/sitio\/wp-json\/wp\/v2\/users\/1"}],"replies":[{"embeddable":true,"href":"https:\/\/iumotril.org\/sitio\/wp-json\/wp\/v2\/comments?post=3550"}],"version-history":[{"count":6,"href":"https:\/\/iumotril.org\/sitio\/wp-json\/wp\/v2\/posts\/3550\/revisions"}],"predecessor-version":[{"id":3558,"href":"https:\/\/iumotril.org\/sitio\/wp-json\/wp\/v2\/posts\/3550\/revisions\/3558"}],"wp:featuredmedia":[{"embeddable":true,"href":"https:\/\/iumotril.org\/sitio\/wp-json\/wp\/v2\/media\/1854"}],"wp:attachment":[{"href":"https:\/\/iumotril.org\/sitio\/wp-json\/wp\/v2\/media?parent=3550"}],"wp:term":[{"taxonomy":"category","embeddable":true,"href":"https:\/\/iumotril.org\/sitio\/wp-json\/wp\/v2\/categories?post=3550"},{"taxonomy":"post_tag","embeddable":true,"href":"https:\/\/iumotril.org\/sitio\/wp-json\/wp\/v2\/tags?post=3550"}],"curies":[{"name":"wp","href":"https:\/\/api.w.org\/{rel}","templated":true}]}}