{"id":3511,"date":"2018-04-26T18:05:30","date_gmt":"2018-04-26T16:05:30","guid":{"rendered":"http:\/\/iumotril.org\/sitio\/?p=3511"},"modified":"2018-04-26T18:34:54","modified_gmt":"2018-04-26T16:34:54","slug":"izquierda-unida-reclama-un-autobus-directo-entre-motril-y-malaga","status":"publish","type":"post","link":"https:\/\/iumotril.org\/sitio\/izquierda-unida-reclama-un-autobus-directo-entre-motril-y-malaga\/","title":{"rendered":"Izquierda Unida reclama un autob\u00fas directo entre Motril y M\u00e1laga"},"content":{"rendered":"<p class=\"p1\" style=\"text-align: justify;\"><strong><span class=\"s1\" style=\"color: #993300;\">Presenta una moci\u00f3n al Pleno municipal para que se establezca una conexi\u00f3n con la capital malague\u00f1a con un autob\u00fas que d\u00e9 servicio a los estudiantes y trabajadores que diariamente deben desplazarse y emplean para ello m\u00e1s de dos horas en realizar este trayecto.<\/span><\/strong><\/p>\n<p class=\"p2\" style=\"text-align: justify;\"><span class=\"s1\">Seg\u00fan ha informado Christian Linares, concejal de Izquierda Unida, la empresa ALSA, concesionaria de este servicio, estar\u00eda dispuesta a su puesta en marcha, por lo que ha reclamado al equipo de gobierno que lleve a cabo las gestiones necesarias para su concreci\u00f3n; que se remangue y se ponga a trabajar sin demoras en ello.<\/span><\/p>\n<p class=\"p2\" style=\"text-align: justify;\"><span class=\"s1\"><a href=\"https:\/\/iumotril.org\/sitio\/christian-e-inma_abril\/\"><img loading=\"lazy\" decoding=\"async\" data-attachment-id=\"3525\" data-permalink=\"https:\/\/iumotril.org\/sitio\/izquierda-unida-reclama-un-autobus-directo-entre-motril-y-malaga\/christian-e-inma_abril\/\" data-orig-file=\"https:\/\/iumotril.org\/sitio\/wp-content\/uploads\/2018\/04\/Christian-e-Inma_abril.jpg\" data-orig-size=\"1600,874\" data-comments-opened=\"1\" data-image-meta=\"{&quot;aperture&quot;:&quot;0&quot;,&quot;credit&quot;:&quot;&quot;,&quot;camera&quot;:&quot;&quot;,&quot;caption&quot;:&quot;&quot;,&quot;created_timestamp&quot;:&quot;0&quot;,&quot;copyright&quot;:&quot;&quot;,&quot;focal_length&quot;:&quot;0&quot;,&quot;iso&quot;:&quot;0&quot;,&quot;shutter_speed&quot;:&quot;0&quot;,&quot;title&quot;:&quot;&quot;,&quot;orientation&quot;:&quot;0&quot;}\" data-image-title=\"Christian e Inma_abril\" data-image-description=\"\" data-image-caption=\"\" data-large-file=\"https:\/\/iumotril.org\/sitio\/wp-content\/uploads\/2018\/04\/Christian-e-Inma_abril-1024x559.jpg\" class=\"alignleft wp-image-3525\" src=\"https:\/\/iumotril.org\/sitio\/wp-content\/uploads\/2018\/04\/Christian-e-Inma_abril-300x164.jpg\" alt=\"\" width=\"436\" height=\"238\" srcset=\"https:\/\/iumotril.org\/sitio\/wp-content\/uploads\/2018\/04\/Christian-e-Inma_abril-300x164.jpg 300w, https:\/\/iumotril.org\/sitio\/wp-content\/uploads\/2018\/04\/Christian-e-Inma_abril-768x420.jpg 768w, https:\/\/iumotril.org\/sitio\/wp-content\/uploads\/2018\/04\/Christian-e-Inma_abril-1024x559.jpg 1024w, https:\/\/iumotril.org\/sitio\/wp-content\/uploads\/2018\/04\/Christian-e-Inma_abril.jpg 1600w\" sizes=\"auto, (max-width: 436px) 100vw, 436px\" \/><\/a>El concejal de IU ha criticado que se priorice la c<strong>onexi\u00f3n con los centros comerciales de Granada<\/strong> antes que servicios como \u00e9ste que tienen una clara utilidad para los j\u00f3venes estudiantes de Motril que diariamente se desplazan a M\u00e1laga para asistir a centros de educaci\u00f3n universitaria o de Formaci\u00f3n Profesional.<\/span><\/p>\n<p class=\"p2\" style=\"text-align: justify;\"><span class=\"s1\">Precisamente a estos estudiantes, entre otros, ir\u00edan dirigidas las <a href=\"https:\/\/iumotril.org\/sitio\/izquierda-unida-propone-la-concesion-de-becas-educativas-a-los-estudiantes-de-motril\/\" target=\"_blank\" rel=\"noopener\">becas educativas<\/a> que ha propuesto Izquierda Unida y que <strong>el gobierno de la ciudad con el PSOE al frente tiene enterradas<\/strong> en un caj\u00f3n mientras que se est\u00e1 dedicando a la urgente construcci\u00f3n de un establecimiento de comida r\u00e1pida a la entrada de nuestra ciudad. Una instalaci\u00f3n absolutamente necesaria e imprescindible, que vienen reclamando hist\u00f3ricamente los motrile\u00f1os y motrile\u00f1as, ha ironizado Linares.<\/span><\/p>\n<p class=\"p2\" style=\"text-align: justify;\"><span class=\"s1\">Adem\u00e1s de esta iniciativa, Izquierda Unida vuelve de nuevo a presentar una moci\u00f3n para que se establezcan <strong>incentivos fiscales<\/strong> para la apertura de <strong>nuevos negocios locales<\/strong> en nuestra ciudad como medida de apoyo al <a href=\"https:\/\/iumotril.org\/sitio\/izquierda-unida-propone-la-rebaja-de-impuestos-y-tasas-municipales-para-el-pequeno-comercio-de-motril\/\" target=\"_blank\" rel=\"noopener\">peque\u00f1o comercio<\/a> motrile\u00f1o.<\/span><\/p>\n","protected":false},"excerpt":{"rendered":"<p>Christian Linares ha criticado que se priorice la conexi\u00f3n con los centros comerciales de Granada antes que servicios como \u00e9ste que tienen una clara utilidad para los j\u00f3venes estudiantes de Motril que diariamente se desplazan a M\u00e1laga para asistir a centros de educaci\u00f3n universitaria o de Formaci\u00f3n Profesional.<\/p>\n","protected":false},"author":1,"featured_media":0,"comment_status":"open","ping_status":"open","sticky":false,"template":"","format":"standard","meta":{"cybocfi_hide_featured_image":"","_jetpack_newsletter_access":"","_jetpack_dont_email_post_to_subs":false,"_jetpack_newsletter_tier_id":0,"_jetpack_memberships_contains_paywalled_content":false,"_jetpack_memberships_contains_paid_content":false,"footnotes":""},"categories":[265],"tags":[939,974,975,346,647,872,200],"class_list":["post-3511","post","type-post","status-publish","format-standard","hentry","category-esta-pasando","tag-becas-educativas","tag-bus-motril-malaga","tag-centros-comerciales","tag-comercio-local","tag-estudiantes","tag-incentivos","tag-mociones"],"jetpack_featured_media_url":"","jetpack_sharing_enabled":true,"jetpack_shortlink":"https:\/\/wp.me\/p4QsU5-UD","jetpack-related-posts":[{"id":3618,"url":"https:\/\/iumotril.org\/sitio\/izquierda-unida-reclama-medidas-y-politicas-para-la-gente-joven\/","url_meta":{"origin":3511,"position":0},"title":"Izquierda Unida reclama medidas y pol\u00edticas para la gente joven","author":"Izquierda Unida Motril","date":"8 junio, 2018","format":false,"excerpt":"Adem\u00e1s de reclamar pol\u00edticas integrales dirigidas a las personas j\u00f3venes de Motril que vayan m\u00e1s all\u00e1 de actuaciones dispersas y puntuales dirigidas al ocio, Christian Linares ha reivindicado el proyecto pol\u00edtico de su formaci\u00f3n para Motril: un proyecto de izquierdas que tenga como prioridades irrenunciables la lucha contra el paro,\u2026","rel":"","context":"En \u00abEST\u00c1 PASANDO\u00bb","block_context":{"text":"EST\u00c1 PASANDO","link":"https:\/\/iumotril.org\/sitio\/category\/esta-pasando\/"},"img":{"alt_text":"","src":"https:\/\/i0.wp.com\/iumotril.org\/sitio\/wp-content\/uploads\/2018\/06\/jovenes-726x1024.jpg?resize=350%2C200","width":350,"height":200,"srcset":"https:\/\/i0.wp.com\/iumotril.org\/sitio\/wp-content\/uploads\/2018\/06\/jovenes-726x1024.jpg?resize=350%2C200 1x, https:\/\/i0.wp.com\/iumotril.org\/sitio\/wp-content\/uploads\/2018\/06\/jovenes-726x1024.jpg?resize=525%2C300 1.5x"},"classes":[]},{"id":3505,"url":"https:\/\/iumotril.org\/sitio\/izquierda-unida-propone-una-estrategia-de-desarrollo-cultural-para-motril\/","url_meta":{"origin":3511,"position":1},"title":"Izquierda Unida propone una estrategia de desarrollo cultural para Motril","author":"Izquierda Unida Motril","date":"23 abril, 2018","format":false,"excerpt":"Izquierda Unida propone la elaboraci\u00f3n de una estrategia de desarrollo cultural de Motril que d\u00e9 cabida a una programaci\u00f3n de actividades estable que, en el medio plazo, se conforme como un elemento m\u00e1s que se integre en la oferta tur\u00edstica de Motril y contribuya, de ese modo, \u00a0al desarrollo econ\u00f3mico\u2026","rel":"","context":"En \u00abCultura\u00bb","block_context":{"text":"Cultura","link":"https:\/\/iumotril.org\/sitio\/category\/cultura\/"},"img":{"alt_text":"","src":"https:\/\/i0.wp.com\/iumotril.org\/sitio\/wp-content\/uploads\/2018\/04\/foto-feria-libro-225x300.jpg?resize=350%2C200","width":350,"height":200},"classes":[]},{"id":3382,"url":"https:\/\/iumotril.org\/sitio\/izquierda-unida-propone-la-concesion-de-becas-educativas-a-los-estudiantes-de-motril\/","url_meta":{"origin":3511,"position":2},"title":"Izquierda Unida propone la concesi\u00f3n de becas educativas a los estudiantes de Motril","author":"Izquierda Unida Motril","date":"1 marzo, 2018","format":false,"excerpt":"La dotaci\u00f3n econ\u00f3mica m\u00ednima para las becas, seg\u00fan la propuesta presentada por el Grupo Municipal de Izquierda Unida, ser\u00eda de 15 mil euros por curso acad\u00e9mico. Las becas ir\u00e1n destinadas a los alumnos y alumnas residentes en Motril de todos los ciclos educativos, desde la ense\u00f1anza infantil a la universitaria,\u2026","rel":"","context":"En \u00abEST\u00c1 PASANDO\u00bb","block_context":{"text":"EST\u00c1 PASANDO","link":"https:\/\/iumotril.org\/sitio\/category\/esta-pasando\/"},"img":{"alt_text":"","src":"https:\/\/i0.wp.com\/iumotril.org\/sitio\/wp-content\/uploads\/2018\/03\/Christina-e-Inma_febrero-225x300.jpg?resize=350%2C200","width":350,"height":200},"classes":[]},{"id":2667,"url":"https:\/\/iumotril.org\/sitio\/izquierda-unida-reclama-un-plan-de-movilidad-para-motril\/","url_meta":{"origin":3511,"position":3},"title":"IZQUIERDA UNIDA RECLAMA UN PLAN DE MOVILIDAD PARA MOTRIL","author":"Izquierda Unida Motril","date":"28 enero, 2017","format":false,"excerpt":"Mar\u00eda \u00c1ngeles Esc\u00e1mez, como responsable directa de esta situaci\u00f3n, ha dado muestras, una vez m\u00e1s, de su incompetencia e incapacidad para la gesti\u00f3n de cualquier asunto municipal. Parad\u00f3jicamente, la Teniente de Alcalde, aunque su dedicaci\u00f3n al ayuntamiento es parcial, asume las \u00e1reas de Personal y R\u00e9gimen Interior, Formaci\u00f3n y Empleo,\u2026","rel":"","context":"En \u00abEST\u00c1 PASANDO\u00bb","block_context":{"text":"EST\u00c1 PASANDO","link":"https:\/\/iumotril.org\/sitio\/category\/esta-pasando\/"},"img":{"alt_text":"","src":"https:\/\/i0.wp.com\/iumotril.org\/sitio\/wp-content\/uploads\/2017\/01\/MariaAngelesEscamez-300x300.jpg?resize=350%2C200","width":350,"height":200},"classes":[]},{"id":3472,"url":"https:\/\/iumotril.org\/sitio\/iu-emprendera-acciones-legales-para-que-el-ayuntamiento-cumpla-las-mociones-aprobadas-por-el-pleno\/","url_meta":{"origin":3511,"position":4},"title":"Izquierda Unida emprender\u00e1 acciones legales para que el Ayuntamiento cumpla las mociones aprobadas por el Pleno","author":"Izquierda Unida Motril","date":"13 abril, 2018","format":false,"excerpt":"Son medidas con un claro contenido social cuyos efectos no llegan a la ciudadan\u00eda por el modo de hacer pol\u00edtica del PSOE de Motril, alejado de los intereses de la mayor\u00eda social al estar m\u00e1s preocupado por otros intereses, en opini\u00f3n del concejal de Izquierda Unida.","rel":"","context":"En \u00abAyuntamiento\u00bb","block_context":{"text":"Ayuntamiento","link":"https:\/\/iumotril.org\/sitio\/category\/ayuntamiento\/"},"img":{"alt_text":"","src":"https:\/\/i0.wp.com\/iumotril.org\/sitio\/wp-content\/uploads\/2018\/04\/Chris-y-Dani_13-abril-300x225.jpg?resize=350%2C200","width":350,"height":200},"classes":[]},{"id":4670,"url":"https:\/\/iumotril.org\/sitio\/inma-omiste-sera-la-candidata-izquierda-unida-a-la-alcaldia-de-motril\/","url_meta":{"origin":3511,"position":5},"title":"Inma Omiste ser\u00e1 la candidata de Izquierda Unida a la Alcald\u00eda de Motril","author":"Izquierda Unida Motril","date":"5 febrero, 2019","format":false,"excerpt":"La candidata de IU a la Alcald\u00eda se plantea como principal objetivo poner el Ayuntamiento de Motril al servicio de sus vecinos y vecinas y revertir la situaci\u00f3n actual en la que los motrile\u00f1os y las motrile\u00f1as est\u00e1n al servicio del\u00a0 Ayuntamiento. La candidatura propuesta por Izquierda Unida que encabeza\u2026","rel":"","context":"En \u00abConfluencia electoral\u00bb","block_context":{"text":"Confluencia electoral","link":"https:\/\/iumotril.org\/sitio\/category\/confluencia-electoral\/"},"img":{"alt_text":"","src":"https:\/\/i0.wp.com\/iumotril.org\/sitio\/wp-content\/uploads\/2019\/02\/Inma-Omiste_Servicios-p%C3%BAblicos-30-enero-768x576_ok.jpg?resize=350%2C200","width":350,"height":200},"classes":[]}],"jetpack_likes_enabled":true,"_links":{"self":[{"href":"https:\/\/iumotril.org\/sitio\/wp-json\/wp\/v2\/posts\/3511","targetHints":{"allow":["GET"]}}],"collection":[{"href":"https:\/\/iumotril.org\/sitio\/wp-json\/wp\/v2\/posts"}],"about":[{"href":"https:\/\/iumotril.org\/sitio\/wp-json\/wp\/v2\/types\/post"}],"author":[{"embeddable":true,"href":"https:\/\/iumotril.org\/sitio\/wp-json\/wp\/v2\/users\/1"}],"replies":[{"embeddable":true,"href":"https:\/\/iumotril.org\/sitio\/wp-json\/wp\/v2\/comments?post=3511"}],"version-history":[{"count":9,"href":"https:\/\/iumotril.org\/sitio\/wp-json\/wp\/v2\/posts\/3511\/revisions"}],"predecessor-version":[{"id":3531,"href":"https:\/\/iumotril.org\/sitio\/wp-json\/wp\/v2\/posts\/3511\/revisions\/3531"}],"wp:attachment":[{"href":"https:\/\/iumotril.org\/sitio\/wp-json\/wp\/v2\/media?parent=3511"}],"wp:term":[{"taxonomy":"category","embeddable":true,"href":"https:\/\/iumotril.org\/sitio\/wp-json\/wp\/v2\/categories?post=3511"},{"taxonomy":"post_tag","embeddable":true,"href":"https:\/\/iumotril.org\/sitio\/wp-json\/wp\/v2\/tags?post=3511"}],"curies":[{"name":"wp","href":"https:\/\/api.w.org\/{rel}","templated":true}]}}