{"id":3505,"date":"2018-04-23T17:20:40","date_gmt":"2018-04-23T15:20:40","guid":{"rendered":"http:\/\/iumotril.org\/sitio\/?p=3505"},"modified":"2018-05-17T19:38:48","modified_gmt":"2018-05-17T17:38:48","slug":"izquierda-unida-propone-una-estrategia-de-desarrollo-cultural-para-motril","status":"publish","type":"post","link":"https:\/\/iumotril.org\/sitio\/izquierda-unida-propone-una-estrategia-de-desarrollo-cultural-para-motril\/","title":{"rendered":"Izquierda Unida propone una estrategia de desarrollo cultural para Motril"},"content":{"rendered":"<p style=\"text-align: justify;\"><span style=\"color: #993300;\"><strong>Con motivo de la celebraci\u00f3n del D\u00eda del Libro ha demandado que el fomento de la lectura y las actividades culturales en la ciudad no se limiten a fechas concretas, efem\u00e9rides y otras celebraciones. Propone una mayor apuesta por el desarrollo de una pol\u00edtica cultural que contribuya a hacer m\u00e1s atractiva y completar la oferta tur\u00edstica de Motril.<\/strong><\/span><\/p>\n<p style=\"text-align: justify;\"><a href=\"https:\/\/iumotril.org\/sitio\/foto-feria-libro\/\"><img loading=\"lazy\" decoding=\"async\" data-attachment-id=\"3518\" data-permalink=\"https:\/\/iumotril.org\/sitio\/izquierda-unida-propone-una-estrategia-de-desarrollo-cultural-para-motril\/foto-feria-libro\/\" data-orig-file=\"https:\/\/iumotril.org\/sitio\/wp-content\/uploads\/2018\/04\/foto-feria-libro.jpg\" data-orig-size=\"2448,3264\" data-comments-opened=\"1\" data-image-meta=\"{&quot;aperture&quot;:&quot;2.2&quot;,&quot;credit&quot;:&quot;&quot;,&quot;camera&quot;:&quot;iPhone 6&quot;,&quot;caption&quot;:&quot;&quot;,&quot;created_timestamp&quot;:&quot;1524479837&quot;,&quot;copyright&quot;:&quot;&quot;,&quot;focal_length&quot;:&quot;4.15&quot;,&quot;iso&quot;:&quot;50&quot;,&quot;shutter_speed&quot;:&quot;0.01&quot;,&quot;title&quot;:&quot;&quot;,&quot;orientation&quot;:&quot;0&quot;}\" data-image-title=\"foto feria libro\" data-image-description=\"\" data-image-caption=\"\" data-large-file=\"https:\/\/iumotril.org\/sitio\/wp-content\/uploads\/2018\/04\/foto-feria-libro-768x1024.jpg\" class=\"alignleft wp-image-3518\" title=\"Feria libro 2018\" src=\"https:\/\/iumotril.org\/sitio\/wp-content\/uploads\/2018\/04\/foto-feria-libro-225x300.jpg\" alt=\"\" width=\"354\" height=\"472\" srcset=\"https:\/\/iumotril.org\/sitio\/wp-content\/uploads\/2018\/04\/foto-feria-libro-225x300.jpg 225w, https:\/\/iumotril.org\/sitio\/wp-content\/uploads\/2018\/04\/foto-feria-libro-768x1024.jpg 768w\" sizes=\"auto, (max-width: 354px) 100vw, 354px\" \/><\/a>Christian Linares, concejal de Izquierda Unida en el ayuntamiento de Motril, ha lamentado la escasa entidad de la instalaci\u00f3n de las casetas de las librer\u00edas, que se reproduce a\u00f1o tras a\u00f1o por inercia, sin una intencionalidad definida y con una <a href=\"https:\/\/iumotril.org\/sitio\/es-tiempo-de-la-cultura-para-motril-mas-libros-mas-libres\/\">programaci\u00f3n de actividades<\/a> dispersa, poco imaginativa y sin objetivos definidos. Para Linares, el espacio central que el Ayuntamiento de Motril destina a la promoci\u00f3n del libro y de la lectura en este D\u00eda del Libro, es triste y desangelado, estando muy alejado de la imagen que deber\u00eda proyectarse.<\/p>\n<p style=\"text-align: justify;\">El concejal de IU ha valorado positivamente todos los esfuerzos que se hagan para <strong>promover el placer de la lectura y el gusto por los libros,<\/strong> y su contribuci\u00f3n para formar ciudadanas y ciudadanos con esp\u00edritu cr\u00edtico. Por ello, ha reconocido el trabajo y la labor que est\u00e1n desarrollando los t\u00e9cnicos municipales y los centros educativos motrile\u00f1os con este empe\u00f1o.<\/p>\n<p style=\"text-align: justify;\">Christian Linares ha reclamado una mayor apuesta por el <strong>desarrollo de pol\u00edticas culturales en nuestra ciudad,<\/strong> algo que, en su opini\u00f3n, no parece estar en la agenda del equipo de gobierno municipal, m\u00e1s ocupado en la construcci\u00f3n de centros comerciales\u00a0 y en las pol\u00edticas especulativas en beneficio de unos pocos, hipotecando de este modo el futuro de vecinos y vecinas de Motril.<\/p>\n<p style=\"text-align: justify;\">Izquierda Unida propone la elaboraci\u00f3n de una <strong>estrategia de desarrollo cultural de Motril<\/strong> que d\u00e9 cabida a una programaci\u00f3n de actividades estable que, en el medio plazo, se conforme como un elemento m\u00e1s <strong>que se integre en la oferta tur\u00edstica de Motril<\/strong> y contribuya, de ese modo, \u00a0al desarrollo econ\u00f3mico de la ciudad.<\/p>\n<p>[Audio. Declaraciones Christian Linares]<\/p>\n<audio class=\"wp-audio-shortcode\" id=\"audio-3505-1\" preload=\"none\" style=\"width: 100%;\" controls=\"controls\"><source type=\"audio\/mpeg\" src=\"https:\/\/iumotril.org\/sitio\/wp-content\/uploads\/2018\/04\/Declaraciones-Christian-Feria-libro-2018.m4a?_=1\" \/><a href=\"https:\/\/iumotril.org\/sitio\/wp-content\/uploads\/2018\/04\/Declaraciones-Christian-Feria-libro-2018.m4a\">https:\/\/iumotril.org\/sitio\/wp-content\/uploads\/2018\/04\/Declaraciones-Christian-Feria-libro-2018.m4a<\/a><\/audio>\n","protected":false},"excerpt":{"rendered":"<p>Izquierda Unida propone la elaboraci\u00f3n de una estrategia de desarrollo cultural de Motril que d\u00e9 cabida a una programaci\u00f3n de actividades estable que, en el medio plazo, se conforme como un elemento m\u00e1s que se integre en la oferta tur\u00edstica de Motril y contribuya, de ese modo, \u00a0al desarrollo econ\u00f3mico de la ciudad.<\/p>\n","protected":false},"author":1,"featured_media":0,"comment_status":"open","ping_status":"open","sticky":false,"template":"","format":"standard","meta":{"cybocfi_hide_featured_image":"","_jetpack_newsletter_access":"","_jetpack_dont_email_post_to_subs":false,"_jetpack_newsletter_tier_id":0,"_jetpack_memberships_contains_paywalled_content":false,"_jetpack_memberships_contains_paid_content":false,"footnotes":""},"categories":[996,265],"tags":[973,970,971,972],"class_list":["post-3505","post","type-post","status-publish","format-standard","hentry","category-cultura","category-esta-pasando","tag-apuesta-por-la-cultura","tag-feria-libro-2018","tag-mas-libros-mas-libres","tag-politicas-culturales"],"jetpack_featured_media_url":"","jetpack_sharing_enabled":true,"jetpack_shortlink":"https:\/\/wp.me\/p4QsU5-Ux","jetpack-related-posts":[{"id":2909,"url":"https:\/\/iumotril.org\/sitio\/izquierda-unida-propone-diferentes-actuaciones-para-promocionar-la-cultura-en-motril\/","url_meta":{"origin":3505,"position":0},"title":"Izquierda Unida propone diferentes actuaciones para promocionar la cultura en Motril","author":"Izquierda Unida Motril","date":"25 mayo, 2017","format":false,"excerpt":"Entre las mociones registradas para el pr\u00f3ximo Pleno municipal, IU presenta una propuesta para que Motril tenga una oferta cultural m\u00e1s amplia, m\u00e1s original, participativa e inclusiva, con un mayor respeto por su patrimonio e historia. Adem\u00e1s, presenta una segunda moci\u00f3n de car\u00e1cter local en la que reclama la lista\u2026","rel":"","context":"En \u00abEST\u00c1 PASANDO\u00bb","block_context":{"text":"EST\u00c1 PASANDO","link":"https:\/\/iumotril.org\/sitio\/category\/esta-pasando\/"},"img":{"alt_text":"","src":"http:\/\/iumotril.org\/sitio\/wp-content\/uploads\/2017\/05\/Trece-Rosas.bmp","width":350,"height":200,"srcset":"http:\/\/iumotril.org\/sitio\/wp-content\/uploads\/2017\/05\/Trece-Rosas.bmp 1x, http:\/\/iumotril.org\/sitio\/wp-content\/uploads\/2017\/05\/Trece-Rosas.bmp 1.5x"},"classes":[]},{"id":9523,"url":"https:\/\/iumotril.org\/sitio\/iu-verdes-equo-propone-mejoras-en-la-programacion-municipal-de-cultura-y-ocio\/","url_meta":{"origin":3505,"position":1},"title":"IU Verdes Equo propone mejoras en la programaci\u00f3n municipal de Cultura y Ocio","author":"Izquierda Unida Motril","date":"27 octubre, 2023","format":false,"excerpt":"Se\u00f1ala las carencias en la difusi\u00f3n de la programaci\u00f3n cultural municipal, que no se concreta en un programa material o digital con periodicidad adecuada, para darla a conocer con antelaci\u00f3n suficiente a los destinatarios potenciales. Una programaci\u00f3n cultural coherente y bien estructurada puede ser, adem\u00e1s, una potente se\u00f1a identidad que\u2026","rel":"","context":"En \u00abAyuntamiento\u00bb","block_context":{"text":"Ayuntamiento","link":"https:\/\/iumotril.org\/sitio\/category\/ayuntamiento\/"},"img":{"alt_text":"","src":"https:\/\/i0.wp.com\/iumotril.org\/sitio\/wp-content\/uploads\/2023\/10\/teatro-calderon-de-la-barca-motril-paulino-martinez-more-1227x675-1.jpg?resize=350%2C200&ssl=1","width":350,"height":200,"srcset":"https:\/\/i0.wp.com\/iumotril.org\/sitio\/wp-content\/uploads\/2023\/10\/teatro-calderon-de-la-barca-motril-paulino-martinez-more-1227x675-1.jpg?resize=350%2C200&ssl=1 1x, https:\/\/i0.wp.com\/iumotril.org\/sitio\/wp-content\/uploads\/2023\/10\/teatro-calderon-de-la-barca-motril-paulino-martinez-more-1227x675-1.jpg?resize=525%2C300&ssl=1 1.5x, https:\/\/i0.wp.com\/iumotril.org\/sitio\/wp-content\/uploads\/2023\/10\/teatro-calderon-de-la-barca-motril-paulino-martinez-more-1227x675-1.jpg?resize=700%2C400&ssl=1 2x, https:\/\/i0.wp.com\/iumotril.org\/sitio\/wp-content\/uploads\/2023\/10\/teatro-calderon-de-la-barca-motril-paulino-martinez-more-1227x675-1.jpg?resize=1050%2C600&ssl=1 3x"},"classes":[]},{"id":529,"url":"https:\/\/iumotril.org\/sitio\/es-tiempo-de-la-cultura-para-motril-mas-libros-mas-libres\/","url_meta":{"origin":3505,"position":2},"title":"Es Tiempo de la Cultura para Motril. M\u00e1s Libros, m\u00e1s libres.","author":"Izquierda Unida Motril","date":"22 abril, 2015","format":false,"excerpt":"Defendemos una pol\u00edtica cultural que incluya Planes de fomento de la lectura, con la participaci\u00f3n de centros educativos y la labor conjunta de profesores y bibliotecarios, que programen actividades dirigidas a todos los sectores de poblaci\u00f3n, ni\u00f1os, j\u00f3venes y adultos con los objetivos fundamentales de fomentar el h\u00e1bito lector y\u2026","rel":"","context":"En \u00abAyuntamiento\u00bb","block_context":{"text":"Ayuntamiento","link":"https:\/\/iumotril.org\/sitio\/category\/ayuntamiento\/"},"img":{"alt_text":"Feria Libro Motril 2015","src":"https:\/\/i0.wp.com\/iumotril.org\/sitio\/wp-content\/uploads\/2015\/04\/Feria-Libro-300x225.jpg?resize=350%2C200","width":350,"height":200},"classes":[]},{"id":9289,"url":"https:\/\/iumotril.org\/sitio\/u-verdes-equo-se-compromete-a-impulsar-la-actividad-artistica-creativa-y-cultural-en-motril-y-sus-barrios-a-traves-de-un-plan-estrategico-cultural\/","url_meta":{"origin":3505,"position":3},"title":"U-Verdes Equo se compromete a impulsar la actividad art\u00edstica, creativa y cultural en Motril y sus barrios a trav\u00e9s de un Plan estrat\u00e9gico cultural","author":"Izquierda Unida Motril","date":"19 mayo, 2023","format":false,"excerpt":"la ciudad necesita un revulsivo en cuanto a su pol\u00edtica cultural que venga de la mano de una planificaci\u00f3n estrat\u00e9gica a corto y medio plazo que permita una diversificaci\u00f3n de la oferta cultural, su deslocalizaci\u00f3n hacia los barrios y la participaci\u00f3n activa de las entidades culturales y de su tejido\u2026","rel":"","context":"En \u00abElecciones\u00bb","block_context":{"text":"Elecciones","link":"https:\/\/iumotril.org\/sitio\/category\/elecciones\/"},"img":{"alt_text":"","src":"https:\/\/i0.wp.com\/iumotril.org\/sitio\/wp-content\/uploads\/2023\/04\/f8eef440-2229-43bb-a075-fd467eece364-1024x684.jpg?resize=350%2C200&ssl=1","width":350,"height":200,"srcset":"https:\/\/i0.wp.com\/iumotril.org\/sitio\/wp-content\/uploads\/2023\/04\/f8eef440-2229-43bb-a075-fd467eece364-1024x684.jpg?resize=350%2C200&ssl=1 1x, https:\/\/i0.wp.com\/iumotril.org\/sitio\/wp-content\/uploads\/2023\/04\/f8eef440-2229-43bb-a075-fd467eece364-1024x684.jpg?resize=525%2C300&ssl=1 1.5x"},"classes":[]},{"id":3289,"url":"https:\/\/iumotril.org\/sitio\/izquierda-unida-propone-la-rebaja-de-impuestos-y-tasas-municipales-para-el-pequeno-comercio-de-motril\/","url_meta":{"origin":3505,"position":4},"title":"IZQUIERDA UNIDA PROPONE LA REBAJA DE IMPUESTOS Y TASAS MUNICIPALES PARA EL PEQUE\u00d1O COMERCIO DE MOTRIL","author":"Izquierda Unida Motril","date":"12 enero, 2018","format":false,"excerpt":"Sin embargo, el peque\u00f1o comercio de Motril no recibe ning\u00fan tipo de incentivo para el desarrollo de su actividad.\u00a0 Desde IU siempre se ha entendido que la actividad que se genere en Motril debe redundar en beneficio de la ciudad, algo que se da en el caso del peque\u00f1o comercio,\u2026","rel":"","context":"En \u00abEST\u00c1 PASANDO\u00bb","block_context":{"text":"EST\u00c1 PASANDO","link":"https:\/\/iumotril.org\/sitio\/category\/esta-pasando\/"},"img":{"alt_text":"","src":"https:\/\/i0.wp.com\/iumotril.org\/sitio\/wp-content\/uploads\/2018\/01\/Inma_comercio-local-e1515759310319-225x300.jpg?resize=350%2C200","width":350,"height":200},"classes":[]},{"id":5565,"url":"https:\/\/iumotril.org\/sitio\/iu-equo-propone-en-una-mocion-que-presenta-al-pleno-municipal-la-proteccion-de-las-acequias-de-motril\/","url_meta":{"origin":3505,"position":5},"title":"IU-EQUO propone en una moci\u00f3n que presenta al pleno municipal la protecci\u00f3n de las acequias de Motril","author":"Izquierda Unida Motril","date":"30 enero, 2020","format":false,"excerpt":"Entre las propuestas de acuerdo que se incluyen en la moci\u00f3n est\u00e1 realizar un inventario del patrimonio material ligado a las acequias del t\u00e9rmino municipal, de su estado, composici\u00f3n, distribuci\u00f3n, titularidad y funciones y la adopci\u00f3n de medidas que garanticen la presencia de un caudal m\u00ednimo ecol\u00f3gico, as\u00ed como la\u2026","rel":"","context":"En \u00abEST\u00c1 PASANDO\u00bb","block_context":{"text":"EST\u00c1 PASANDO","link":"https:\/\/iumotril.org\/sitio\/category\/esta-pasando\/"},"img":{"alt_text":"","src":"https:\/\/i0.wp.com\/iumotril.org\/sitio\/wp-content\/uploads\/2020\/01\/acequia.gif?resize=350%2C200","width":350,"height":200},"classes":[]}],"jetpack_likes_enabled":true,"_links":{"self":[{"href":"https:\/\/iumotril.org\/sitio\/wp-json\/wp\/v2\/posts\/3505","targetHints":{"allow":["GET"]}}],"collection":[{"href":"https:\/\/iumotril.org\/sitio\/wp-json\/wp\/v2\/posts"}],"about":[{"href":"https:\/\/iumotril.org\/sitio\/wp-json\/wp\/v2\/types\/post"}],"author":[{"embeddable":true,"href":"https:\/\/iumotril.org\/sitio\/wp-json\/wp\/v2\/users\/1"}],"replies":[{"embeddable":true,"href":"https:\/\/iumotril.org\/sitio\/wp-json\/wp\/v2\/comments?post=3505"}],"version-history":[{"count":5,"href":"https:\/\/iumotril.org\/sitio\/wp-json\/wp\/v2\/posts\/3505\/revisions"}],"predecessor-version":[{"id":3520,"href":"https:\/\/iumotril.org\/sitio\/wp-json\/wp\/v2\/posts\/3505\/revisions\/3520"}],"wp:attachment":[{"href":"https:\/\/iumotril.org\/sitio\/wp-json\/wp\/v2\/media?parent=3505"}],"wp:term":[{"taxonomy":"category","embeddable":true,"href":"https:\/\/iumotril.org\/sitio\/wp-json\/wp\/v2\/categories?post=3505"},{"taxonomy":"post_tag","embeddable":true,"href":"https:\/\/iumotril.org\/sitio\/wp-json\/wp\/v2\/tags?post=3505"}],"curies":[{"name":"wp","href":"https:\/\/api.w.org\/{rel}","templated":true}]}}