{"id":3489,"date":"2018-04-19T14:24:50","date_gmt":"2018-04-19T12:24:50","guid":{"rendered":"http:\/\/iumotril.org\/sitio\/?p=3489"},"modified":"2018-04-19T12:41:35","modified_gmt":"2018-04-19T10:41:35","slug":"el-partido-socialista-decidido-a-acabar-con-la-gestion-publica-de-los-servicios-municipales-en-motril","status":"publish","type":"post","link":"https:\/\/iumotril.org\/sitio\/el-partido-socialista-decidido-a-acabar-con-la-gestion-publica-de-los-servicios-municipales-en-motril\/","title":{"rendered":"El Partido Socialista decidido a acabar con la gesti\u00f3n p\u00fablica de los servicios municipales en Motril"},"content":{"rendered":"<p style=\"text-align: justify;\">L<span style=\"color: #993300;\">a progresiva privatizaci\u00f3n de servicios de LIMDECO, la limpieza de las playas o el mantenimiento de los parques y jardines son alguno de los servicios que el gobierno del partido socialista ha externalizado en los tres a\u00f1os que lleva al frente del gobierno de la ciudad. Una din\u00e1mica privatizadora que va a continuar hasta el fin de su mandato para poner en manos particulares determinados negocios para sus amigos y personas afines.<\/span><\/p>\n<p style=\"text-align: justify;\">Tres a\u00f1os despu\u00e9s de su llegada al gobierno de la ciudad, el partido socialista no s\u00f3lo se ha dedicado a dar continuidad a las pol\u00edticas de derechas de los anteriores gobiernos, adem\u00e1s ha intensificado la din\u00e1mica privatizadora que puso en marcha el partido popular en su momento. De este modo, seg\u00fan ha denunciado Izquierda Unida, se <strong>est\u00e1 haci\u00e9ndole el trabajo sucio a la derecha motrile\u00f1a,<\/strong> una vez m\u00e1s.<\/p>\n<p style=\"text-align: justify;\"><a href=\"https:\/\/iumotril.org\/sitio\/daniela-paque-inma-omiste-denuncian-privatizacion-servicios-municipales_abril\/\"><img loading=\"lazy\" decoding=\"async\" data-attachment-id=\"3507\" data-permalink=\"https:\/\/iumotril.org\/sitio\/el-partido-socialista-decidido-a-acabar-con-la-gestion-publica-de-los-servicios-municipales-en-motril\/daniela-paque-inma-omiste-denuncian-privatizacion-servicios-municipales_abril\/\" data-orig-file=\"https:\/\/iumotril.org\/sitio\/wp-content\/uploads\/2018\/04\/Daniela-Paqu\u00e9-Inma-Omiste-denuncian-privatizacion-servicios-municipales_abril.jpg\" data-orig-size=\"1600,777\" data-comments-opened=\"1\" data-image-meta=\"{&quot;aperture&quot;:&quot;0&quot;,&quot;credit&quot;:&quot;&quot;,&quot;camera&quot;:&quot;&quot;,&quot;caption&quot;:&quot;&quot;,&quot;created_timestamp&quot;:&quot;0&quot;,&quot;copyright&quot;:&quot;&quot;,&quot;focal_length&quot;:&quot;0&quot;,&quot;iso&quot;:&quot;0&quot;,&quot;shutter_speed&quot;:&quot;0&quot;,&quot;title&quot;:&quot;&quot;,&quot;orientation&quot;:&quot;0&quot;}\" data-image-title=\"Daniela Paqu\u00e9, Inma Omiste denuncian privatizacion servicios municipales_abril\" data-image-description=\"\" data-image-caption=\"\" data-large-file=\"https:\/\/iumotril.org\/sitio\/wp-content\/uploads\/2018\/04\/Daniela-Paqu\u00e9-Inma-Omiste-denuncian-privatizacion-servicios-municipales_abril-1024x497.jpg\" class=\"alignleft wp-image-3507 size-large\" src=\"https:\/\/iumotril.org\/sitio\/wp-content\/uploads\/2018\/04\/Daniela-Paqu\u00e9-Inma-Omiste-denuncian-privatizacion-servicios-municipales_abril-1024x497.jpg\" alt=\"\" width=\"620\" height=\"301\" srcset=\"https:\/\/iumotril.org\/sitio\/wp-content\/uploads\/2018\/04\/Daniela-Paqu\u00e9-Inma-Omiste-denuncian-privatizacion-servicios-municipales_abril-1024x497.jpg 1024w, https:\/\/iumotril.org\/sitio\/wp-content\/uploads\/2018\/04\/Daniela-Paqu\u00e9-Inma-Omiste-denuncian-privatizacion-servicios-municipales_abril-300x146.jpg 300w, https:\/\/iumotril.org\/sitio\/wp-content\/uploads\/2018\/04\/Daniela-Paqu\u00e9-Inma-Omiste-denuncian-privatizacion-servicios-municipales_abril-768x373.jpg 768w, https:\/\/iumotril.org\/sitio\/wp-content\/uploads\/2018\/04\/Daniela-Paqu\u00e9-Inma-Omiste-denuncian-privatizacion-servicios-municipales_abril-620x300.jpg 620w, https:\/\/iumotril.org\/sitio\/wp-content\/uploads\/2018\/04\/Daniela-Paqu\u00e9-Inma-Omiste-denuncian-privatizacion-servicios-municipales_abril.jpg 1600w\" sizes=\"auto, (max-width: 620px) 100vw, 620px\" \/><\/a>La portavoza del Grupo Municipal de Izquierda Unida, Daniela Paqu\u00e9, ha denunciado esta situaci\u00f3n y las gestiones y tr\u00e1mites que se est\u00e1n llevando a cabo para privatizar en el corto plazo distintas<strong> labores de mantenimiento urbano<\/strong>. Si la gesti\u00f3n del partido socialista en el ayuntamiento se est\u00e1 caracterizando por la dejadez, la desidia y la indiferencia ante los problemas reales de la ciudad y de sus vecinos y vecinas, sin embargo se est\u00e1n aplicando con dedicaci\u00f3n y diligencia en su af\u00e1n para privatizar los servicios p\u00fablicos. Con la excusa de mejorar su gesti\u00f3n, est\u00e1n arrasando con los servicios p\u00fablicos <strong>poniendo en manos privadas suculentos negocios para sus amigos<\/strong>, los de su socio de gobierno y para las personas afines, ha afirmado.<\/p>\n<p style=\"text-align: justify;\">Izquierda Unida ha reafirmado su <strong>defensa de la gesti\u00f3n p\u00fablica de los servicios municipales<\/strong> y de todos aquellos asuntos que afectan al inter\u00e9s general de la ciudadan\u00eda. Los servicios p\u00fablicos pueden gestionarse con eficacia y eficiencia en inter\u00e9s de todas y de todos. Basta con tener voluntad pol\u00edtica, algo que no est\u00e1 demostrando el partido socialista.<\/p>\n<p style=\"text-align: justify;\">Daniela Paqu\u00e9 ha calificado la gesti\u00f3n de los socialistas en el ayuntamiento de Motril de decepcionante. Han demostrado que est\u00e1n de paso en la Corporaci\u00f3n, <strong>sin el menor compromiso pol\u00edtico<\/strong>, anteponiendo sus situaciones personales a un proyecto pol\u00edtico que, adem\u00e1s, son incapaces de articular.<\/p>\n<p style=\"text-align: justify;\">Tres a\u00f1os despu\u00e9s de su llegada al gobierno, <strong>Motril sigue sin tener un presupuesto municipal<\/strong> por la incapacidad del equipo de gobierno de elaborar ni siquiera un borrador de cuentas p\u00fablicas que pudiera presentarse para su valoraci\u00f3n. El \u00faltimo episodio en este desprop\u00f3sito lo ha vuelto a protagonizar el responsable municipal de Econom\u00eda y Hacienda, S\u00e1nchez Cantalejo, que ha anunciado a trav\u00e9s de los medios la pr\u00f3xima presentaci\u00f3n de un \u201cborrador t\u00e9cnico\u201d para saldar la deuda de Limdeco. Un nuevo anuncio que s\u00f3lo pretende salir del paso.<\/p>\n<p style=\"text-align: justify;\">Daniela Paqu\u00e9 ha declarado que su formaci\u00f3n va a dedicar todos sus esfuerzos a <strong>echar democr\u00e1ticamente del Ayuntamiento de Motril a los partidos y a sus colaboradores necesarios que llevan a\u00f1os corrompiendo la instituci\u00f3n<\/strong>. Ello ser\u00e1 posible a trav\u00e9s de un nuevo<strong> proyecto pol\u00edtico abierto y participativo, de izquierdas<\/strong>, que gobierne para todas y todos los motrile\u00f1os, que gobierne para la mayor\u00eda ciudadana.<\/p>\n<p><span style=\"color: #993300;\">Audio de la comparecencia ante los medios.<\/span><\/p>\n<audio class=\"wp-audio-shortcode\" id=\"audio-3489-1\" preload=\"none\" style=\"width: 100%;\" controls=\"controls\"><source type=\"audio\/mpeg\" src=\"https:\/\/iumotril.org\/sitio\/wp-content\/uploads\/2018\/04\/Daniela-Paqu\u00e9-denuncia-privatizaci\u00f3n-servicios-municipales_19-abril.m4a?_=1\" \/><a href=\"https:\/\/iumotril.org\/sitio\/wp-content\/uploads\/2018\/04\/Daniela-Paqu\u00e9-denuncia-privatizaci\u00f3n-servicios-municipales_19-abril.m4a\">https:\/\/iumotril.org\/sitio\/wp-content\/uploads\/2018\/04\/Daniela-Paqu\u00e9-denuncia-privatizaci\u00f3n-servicios-municipales_19-abril.m4a<\/a><\/audio>\n","protected":false},"excerpt":{"rendered":"<p>Daniela Paqu\u00e9 ha declarado que su formaci\u00f3n va a dedicar todos sus esfuerzos a echar democr\u00e1ticamente del Ayuntamiento de Motril a los partidos y a sus colaboradores necesarios que llevan a\u00f1os corrompiendo la instituci\u00f3n. Ello ser\u00e1 posible a trav\u00e9s de un nuevo proyecto pol\u00edtico abierto y participativo, de izquierdas, que gobierne para todas y todos los motrile\u00f1os, que gobierne para la mayor\u00eda ciudadana.<\/p>\n","protected":false},"author":1,"featured_media":0,"comment_status":"open","ping_status":"open","sticky":false,"template":"","format":"standard","meta":{"cybocfi_hide_featured_image":"","_jetpack_newsletter_access":"","_jetpack_dont_email_post_to_subs":false,"_jetpack_newsletter_tier_id":0,"_jetpack_memberships_contains_paywalled_content":false,"_jetpack_memberships_contains_paid_content":false,"footnotes":""},"categories":[265],"tags":[213,824,851,969,764,968],"class_list":["post-3489","post","type-post","status-publish","format-standard","hentry","category-esta-pasando","tag-limdeco","tag-negocios","tag-privatizacion","tag-proyecto-politico-de-izquierda","tag-psoe-motril","tag-servicios-urbanos"],"jetpack_featured_media_url":"","jetpack_sharing_enabled":true,"jetpack_shortlink":"https:\/\/wp.me\/p4QsU5-Uh","jetpack-related-posts":[{"id":3706,"url":"https:\/\/iumotril.org\/sitio\/la-privatizacion-de-la-limpieza-la-pagaran-en-sus-recibos-los-vecinos-de-motril\/","url_meta":{"origin":3489,"position":0},"title":"La privatizaci\u00f3n de la limpieza la pagar\u00e1n en sus recibos los vecinos de Motril","author":"Izquierda Unida Motril","date":"5 julio, 2018","format":false,"excerpt":"La portavoz adjunta de IU se ha comprometido a la recuperaci\u00f3n de la gesti\u00f3n p\u00fablica de los servicios municipales privatizados, como es el caso del agua y de la limpieza, a partir de las pr\u00f3ximas elecciones cuando un bloque de izquierdas gobierne la ciudad, siguiendo la experiencia de otros municipios\u2026","rel":"","context":"En \u00abEmpresas municipales\u00bb","block_context":{"text":"Empresas municipales","link":"https:\/\/iumotril.org\/sitio\/category\/empresas-municipales\/"},"img":{"alt_text":"","src":"https:\/\/i0.wp.com\/iumotril.org\/sitio\/wp-content\/uploads\/2018\/07\/Inma-hoy-300x157.jpg?resize=350%2C200","width":350,"height":200},"classes":[]},{"id":3560,"url":"https:\/\/iumotril.org\/sitio\/el-lamentable-estado-de-dejadez-de-motril\/","url_meta":{"origin":3489,"position":1},"title":"El lamentable estado de dejadez de Motril","author":"Izquierda Unida Motril","date":"10 mayo, 2018","format":false,"excerpt":"Christian Linares ha se\u00f1alado que\u00a0 la principal actuaci\u00f3n de Flor Alm\u00f3n y de su equipo durante estos tres a\u00f1os de gobierno ha sido el desmantelamiento de la empresa p\u00fablica de limpieza LIMDECO, algunos de cuyos servicios han sido progresivamente privatizados en una estrategia acordada con la derecha motrile\u00f1a para, finalmente,\u2026","rel":"","context":"En \u00abCiudad\u00bb","block_context":{"text":"Ciudad","link":"https:\/\/iumotril.org\/sitio\/category\/ciudad\/"},"img":{"alt_text":"","src":"https:\/\/i0.wp.com\/iumotril.org\/sitio\/wp-content\/uploads\/2018\/05\/IMG-20180502-WA0024.jpg?resize=350%2C200&ssl=1","width":350,"height":200,"srcset":"https:\/\/i0.wp.com\/iumotril.org\/sitio\/wp-content\/uploads\/2018\/05\/IMG-20180502-WA0024.jpg?resize=350%2C200&ssl=1 1x, https:\/\/i0.wp.com\/iumotril.org\/sitio\/wp-content\/uploads\/2018\/05\/IMG-20180502-WA0024.jpg?resize=525%2C300&ssl=1 1.5x, https:\/\/i0.wp.com\/iumotril.org\/sitio\/wp-content\/uploads\/2018\/05\/IMG-20180502-WA0024.jpg?resize=700%2C400&ssl=1 2x, https:\/\/i0.wp.com\/iumotril.org\/sitio\/wp-content\/uploads\/2018\/05\/IMG-20180502-WA0024.jpg?resize=1050%2C600&ssl=1 3x, https:\/\/i0.wp.com\/iumotril.org\/sitio\/wp-content\/uploads\/2018\/05\/IMG-20180502-WA0024.jpg?resize=1400%2C800&ssl=1 4x"},"classes":[]},{"id":4801,"url":"https:\/\/iumotril.org\/sitio\/izquierda-unida-denuncia-sobrecostes-en-el-servicio-de-limpieza-municipal\/","url_meta":{"origin":3489,"position":2},"title":"Izquierda Unida denuncia sobrecostes en el servicio de limpieza municipal","author":"Izquierda Unida Motril","date":"27 marzo, 2019","format":false,"excerpt":"Rechazamos la privatizaci\u00f3n de los servicios p\u00fablicos municipales. No es la soluci\u00f3n para resolver los problemas de limpieza. Entendemos que la soluci\u00f3n pasa por dotar de los medios y recursos necesarios a las empresas p\u00fablicas para que lleven a cabo su tarea eficazmente y gestionarlas de forma profesional. Carece de\u2026","rel":"","context":"En \u00abCiudad\u00bb","block_context":{"text":"Ciudad","link":"https:\/\/iumotril.org\/sitio\/category\/ciudad\/"},"img":{"alt_text":"","src":"https:\/\/i0.wp.com\/iumotril.org\/sitio\/wp-content\/uploads\/2019\/03\/Inma-y-Jose-2_Marzo.jpg?resize=350%2C200","width":350,"height":200,"srcset":"https:\/\/i0.wp.com\/iumotril.org\/sitio\/wp-content\/uploads\/2019\/03\/Inma-y-Jose-2_Marzo.jpg?resize=350%2C200 1x, https:\/\/i0.wp.com\/iumotril.org\/sitio\/wp-content\/uploads\/2019\/03\/Inma-y-Jose-2_Marzo.jpg?resize=525%2C300 1.5x, https:\/\/i0.wp.com\/iumotril.org\/sitio\/wp-content\/uploads\/2019\/03\/Inma-y-Jose-2_Marzo.jpg?resize=700%2C400 2x, https:\/\/i0.wp.com\/iumotril.org\/sitio\/wp-content\/uploads\/2019\/03\/Inma-y-Jose-2_Marzo.jpg?resize=1050%2C600 3x, https:\/\/i0.wp.com\/iumotril.org\/sitio\/wp-content\/uploads\/2019\/03\/Inma-y-Jose-2_Marzo.jpg?resize=1400%2C800 4x"},"classes":[]},{"id":1901,"url":"https:\/\/iumotril.org\/sitio\/izquierda-unida-denuncia-el-abandono-de-limdeco-y-telemotril\/","url_meta":{"origin":3489,"position":3},"title":"Izquierda Unida denuncia el abandono de LIMDECO y Telemotril","author":"Izquierda Unida Motril","date":"23 febrero, 2016","format":false,"excerpt":"Ocho meses despu\u00e9s de llegar a la Alcald\u00eda, el gobierno de Flor Alm\u00f3n no ha hecho pr\u00e1cticamente nada en ning\u00fan \u00e1mbito para dar soluci\u00f3n a los muchos problemas que tiene Motril, exigi\u00e9ndole que se ponga a trabajar para solucionar los muchos problemas que tiene la ciudad. En el caso de\u2026","rel":"","context":"En \u00abEST\u00c1 PASANDO\u00bb","block_context":{"text":"EST\u00c1 PASANDO","link":"https:\/\/iumotril.org\/sitio\/category\/esta-pasando\/"},"img":{"alt_text":"FullSizeRender (7)","src":"https:\/\/i0.wp.com\/iumotril.org\/sitio\/wp-content\/uploads\/2016\/02\/FullSizeRender-7-1024x760.jpg?resize=350%2C200","width":350,"height":200,"srcset":"https:\/\/i0.wp.com\/iumotril.org\/sitio\/wp-content\/uploads\/2016\/02\/FullSizeRender-7-1024x760.jpg?resize=350%2C200 1x, https:\/\/i0.wp.com\/iumotril.org\/sitio\/wp-content\/uploads\/2016\/02\/FullSizeRender-7-1024x760.jpg?resize=525%2C300 1.5x"},"classes":[]},{"id":4245,"url":"https:\/\/iumotril.org\/sitio\/flor-almon-esta-entregando-a-empresas-privadas-cientos-de-miles-de-euros-en-contratos-de-limpieza\/","url_meta":{"origin":3489,"position":4},"title":"Flor Alm\u00f3n est\u00e1 entregando a empresas privadas cientos de miles de euros en contratos de limpieza","author":"Izquierda Unida Motril","date":"5 diciembre, 2018","format":false,"excerpt":"Un suculento negocio para las empresas privadas especializadas en este tipo de contratas a costa de los bolsillos de los vecinos que, previsiblemente, ver\u00e1n incrementado el importe de sus recibos, seg\u00fan ha afirmado Inma Omiste. Se trata, en definitiva, del resultado de la nefasta gesti\u00f3n municipal que est\u00e1 llevando a\u2026","rel":"","context":"En \u00abAyuntamiento\u00bb","block_context":{"text":"Ayuntamiento","link":"https:\/\/iumotril.org\/sitio\/category\/ayuntamiento\/"},"img":{"alt_text":"","src":"https:\/\/i0.wp.com\/iumotril.org\/sitio\/wp-content\/uploads\/2018\/12\/Limdeco-trabajador.jpg?resize=350%2C200","width":350,"height":200,"srcset":"https:\/\/i0.wp.com\/iumotril.org\/sitio\/wp-content\/uploads\/2018\/12\/Limdeco-trabajador.jpg?resize=350%2C200 1x, https:\/\/i0.wp.com\/iumotril.org\/sitio\/wp-content\/uploads\/2018\/12\/Limdeco-trabajador.jpg?resize=525%2C300 1.5x, https:\/\/i0.wp.com\/iumotril.org\/sitio\/wp-content\/uploads\/2018\/12\/Limdeco-trabajador.jpg?resize=700%2C400 2x"},"classes":[]},{"id":2849,"url":"https:\/\/iumotril.org\/sitio\/rechazamos-frontalmente-la-privatizacion-de-la-grua-municipal\/","url_meta":{"origin":3489,"position":5},"title":"RECHAZAMOS FRONTALMENTE LA PRIVATIZACI\u00d3N DE LA GR\u00daA MUNICIPAL","author":"Izquierda Unida Motril","date":"4 mayo, 2017","format":false,"excerpt":"La excusa del gobierno de Alm\u00f3n para privatizar el servicio es liberar a LIMDECO de la encomienda de la gesti\u00f3n de retirada, traspaso, dep\u00f3sito y custodia de veh\u00edculos, lo que le supone un d\u00e9ficit anual medio de 154 mil euros, dedicando a dicha gesti\u00f3n a 4,5 trabajadores. Una excusa tramposa\u2026","rel":"","context":"En \u00abEST\u00c1 PASANDO\u00bb","block_context":{"text":"EST\u00c1 PASANDO","link":"https:\/\/iumotril.org\/sitio\/category\/esta-pasando\/"},"img":{"alt_text":"","src":"https:\/\/i0.wp.com\/iumotril.org\/sitio\/wp-content\/uploads\/2017\/05\/Grua-municipal-1024x754.jpg?resize=350%2C200","width":350,"height":200,"srcset":"https:\/\/i0.wp.com\/iumotril.org\/sitio\/wp-content\/uploads\/2017\/05\/Grua-municipal-1024x754.jpg?resize=350%2C200 1x, https:\/\/i0.wp.com\/iumotril.org\/sitio\/wp-content\/uploads\/2017\/05\/Grua-municipal-1024x754.jpg?resize=525%2C300 1.5x"},"classes":[]}],"jetpack_likes_enabled":true,"_links":{"self":[{"href":"https:\/\/iumotril.org\/sitio\/wp-json\/wp\/v2\/posts\/3489","targetHints":{"allow":["GET"]}}],"collection":[{"href":"https:\/\/iumotril.org\/sitio\/wp-json\/wp\/v2\/posts"}],"about":[{"href":"https:\/\/iumotril.org\/sitio\/wp-json\/wp\/v2\/types\/post"}],"author":[{"embeddable":true,"href":"https:\/\/iumotril.org\/sitio\/wp-json\/wp\/v2\/users\/1"}],"replies":[{"embeddable":true,"href":"https:\/\/iumotril.org\/sitio\/wp-json\/wp\/v2\/comments?post=3489"}],"version-history":[{"count":3,"href":"https:\/\/iumotril.org\/sitio\/wp-json\/wp\/v2\/posts\/3489\/revisions"}],"predecessor-version":[{"id":3509,"href":"https:\/\/iumotril.org\/sitio\/wp-json\/wp\/v2\/posts\/3489\/revisions\/3509"}],"wp:attachment":[{"href":"https:\/\/iumotril.org\/sitio\/wp-json\/wp\/v2\/media?parent=3489"}],"wp:term":[{"taxonomy":"category","embeddable":true,"href":"https:\/\/iumotril.org\/sitio\/wp-json\/wp\/v2\/categories?post=3489"},{"taxonomy":"post_tag","embeddable":true,"href":"https:\/\/iumotril.org\/sitio\/wp-json\/wp\/v2\/tags?post=3489"}],"curies":[{"name":"wp","href":"https:\/\/api.w.org\/{rel}","templated":true}]}}