{"id":3486,"date":"2018-04-13T11:41:53","date_gmt":"2018-04-13T09:41:53","guid":{"rendered":"http:\/\/iumotril.org\/sitio\/?p=3486"},"modified":"2018-04-13T11:41:53","modified_gmt":"2018-04-13T09:41:53","slug":"izquierda-unida-hace-un-llamamiento-a-participar-en-los-actos-de-homenaje-a-la-republica-en-motril","status":"publish","type":"post","link":"https:\/\/iumotril.org\/sitio\/izquierda-unida-hace-un-llamamiento-a-participar-en-los-actos-de-homenaje-a-la-republica-en-motril\/","title":{"rendered":"Izquierda Unida hace un llamamiento a participar en los actos de homenaje a la Rep\u00fablica en Motril"},"content":{"rendered":"<p class=\"p1\" style=\"text-align: justify;\"><strong><span class=\"s1\" style=\"color: #993300;\">El s\u00e1bado, 14 de abril y el martes, 17 se desarrollar\u00e1n diferentes actos en homenaje a las v\u00edctimas del golpe de estado y de la dictadura franquista y en recuerdo del legado hist\u00f3rico de la segunda Rep\u00fablica Espa\u00f1ola que supuso, en Andaluc\u00eda, el empe\u00f1o de modernizar y hacer m\u00e1s justas sus arcaicas estructuras econ\u00f3micas, junto con el intento de superaci\u00f3n del dominio ejercido por la oligarqu\u00eda agraria, con el benepl\u00e1cito de la jerarqu\u00eda eclesi\u00e1stica.<\/span><\/strong><\/p>\n<p class=\"p1\" style=\"text-align: justify;\"><span class=\"s1\">Izquierda Unida convoca a todos y todas las motrile\u00f1as a acudir y participar en los actos que se organizan en Motril en Homenaje a la Rep\u00fablica el <strong>s\u00e1bado 14 de abril en el cementerio y el martes 17 en el Teatro Calder\u00f3n.<\/strong><\/span><\/p>\n<p class=\"p1\" style=\"text-align: justify;\"><span class=\"s1\">En el <strong>cementerio de Motril, a las 19 horas,<\/strong> se recordar\u00e1 a las v\u00edctimas del golpe de estado y de la represi\u00f3n franquista que fueron asesinadas en Motril y siguen desaparecidas en una fosa com\u00fan junto a la tapia 82 a\u00f1os despu\u00e9s del levantamiento militar contra la legalidad constitucional. Las investigaciones acad\u00e9micas realizadas se\u00f1alan que fueron m\u00e1s 140 las personas asesinadas en Motril por los fascistas.<\/span><\/p>\n<p class=\"p1\" style=\"text-align: justify;\"><span class=\"s1\"><a href=\"https:\/\/iumotril.org\/sitio\/cartel-2018-definitivo-1\/\"><img loading=\"lazy\" decoding=\"async\" data-attachment-id=\"3501\" data-permalink=\"https:\/\/iumotril.org\/sitio\/izquierda-unida-hace-un-llamamiento-a-participar-en-los-actos-de-homenaje-a-la-republica-en-motril\/cartel-2018-definitivo-1\/\" data-orig-file=\"https:\/\/iumotril.org\/sitio\/wp-content\/uploads\/2018\/04\/cartel-2018-definitivo-1.jpg\" data-orig-size=\"2480,3508\" data-comments-opened=\"1\" data-image-meta=\"{&quot;aperture&quot;:&quot;0&quot;,&quot;credit&quot;:&quot;&quot;,&quot;camera&quot;:&quot;&quot;,&quot;caption&quot;:&quot;&quot;,&quot;created_timestamp&quot;:&quot;0&quot;,&quot;copyright&quot;:&quot;&quot;,&quot;focal_length&quot;:&quot;0&quot;,&quot;iso&quot;:&quot;0&quot;,&quot;shutter_speed&quot;:&quot;0&quot;,&quot;title&quot;:&quot;&quot;,&quot;orientation&quot;:&quot;1&quot;}\" data-image-title=\"cartel 2018 definitivo (1)\" data-image-description=\"\" data-image-caption=\"\" data-large-file=\"https:\/\/iumotril.org\/sitio\/wp-content\/uploads\/2018\/04\/cartel-2018-definitivo-1-724x1024.jpg\" class=\"alignleft wp-image-3501\" title=\"Homenaje a la Rep\u00fablica espa\u00f1ola. Motril 2018\" src=\"https:\/\/iumotril.org\/sitio\/wp-content\/uploads\/2018\/04\/cartel-2018-definitivo-1-724x1024.jpg\" alt=\"\" width=\"600\" height=\"849\" srcset=\"https:\/\/iumotril.org\/sitio\/wp-content\/uploads\/2018\/04\/cartel-2018-definitivo-1-724x1024.jpg 724w, https:\/\/iumotril.org\/sitio\/wp-content\/uploads\/2018\/04\/cartel-2018-definitivo-1-212x300.jpg 212w, https:\/\/iumotril.org\/sitio\/wp-content\/uploads\/2018\/04\/cartel-2018-definitivo-1-768x1086.jpg 768w\" sizes=\"auto, (max-width: 600px) 100vw, 600px\" \/><\/a>En el acto, en el que se <strong>se recordar\u00e1 de un modo especial a las mujeres asesinadas en nuestra ciudad<\/strong>, se desplegar\u00e1 un mural con los nombres de todas las v\u00edctimas.<\/span><\/p>\n<p class=\"p1\" style=\"text-align: justify;\"><span class=\"s1\">Izquierda Unida anima a la ciudadan\u00eda a participar tambi\u00e9n en el acto de entrega de los <a href=\"http:\/\/asociacion14deabril.es\/premios-14-abril\/\" target=\"_blank\" rel=\"noopener\">Premios 14 de Abril,<\/a> que organiza la Asociaci\u00f3n 14 de Abril para la Recuperaci\u00f3n de la Memoria Hist\u00f3rica en la Costa de Granada, que tendr\u00e1 lugar en el <strong>Teatro Calder\u00f3n el martes, 17 de abril a las 19;30 horas.<\/strong><\/span><\/p>\n<p class=\"p1\" style=\"text-align: justify;\"><span class=\"s1\">Los reconocimientos de la Asociaci\u00f3n en esta nueva edici\u00f3n de los Premios ser\u00e1n para <a href=\"http:\/\/www.todoslosnombres.org\/content\/biografias\/matilde-landa-vaz\" target=\"_blank\" rel=\"noopener\"><strong>Matilde Landa (1904-1942)<\/strong><\/a>, un s\u00edmbolo de las mujeres que defendieron la Rep\u00fablica y combatieron la dictadura franquista y, de manera colectiva, a las <strong>mujeres motrile\u00f1as que se comprometieron en la lucha antifranquista<\/strong> durante la dictadura contribuyendo, de este modo, a traer la democracia a nuestra tierra. <\/span><\/p>\n<p class=\"p1\" style=\"text-align: justify;\"><span class=\"s1\">Izquierda Unida, en este 14 de Abril, llama a levantar las banderas republicanas para <strong>reivindicar un cambio pol\u00edtico, econ\u00f3mico y social<\/strong> que solo puede partir de un proceso constituyente que proclame la democracia, el gobierno del pueblo para el pueblo, la aplicaci\u00f3n efectiva del derecho al trabajo y a las pensiones dignas, a la igualdad y a la convivencia fraternal de todos los pueblos del Estado. Esto es, <strong>un proceso democr\u00e1tico que instaure la Rep\u00fablica<\/strong>.<\/span><\/p>\n<p class=\"p1\" style=\"text-align: justify;\"><span class=\"s1\">Una Rep\u00fablica para un nuevo pa\u00eds de trabajadores y trabajadoras. Un proceso constituyente para <strong>una transformaci\u00f3n socioecon\u00f3mica que deje atr\u00e1s el actual sistema pol\u00edtico corrupto.<\/strong><\/span><\/p>\n<p class=\"p1\" style=\"text-align: justify;\"><span class=\"s1\">Izquierda Unida reclama que unamos nuestras voces en un solo grito:<\/span><\/p>\n<h3 class=\"p3\" style=\"text-align: center;\"><span class=\"s1\" style=\"color: #993300;\">\u00a1\u00a1\u00a1\u00a1VIVA LA REP\u00daBLICA!!!<\/span><\/h3>\n","protected":false},"excerpt":{"rendered":"<p>Izquierda Unida, en este 14 de Abril, llama a levantar las banderas republicanas para reivindicar un cambio pol\u00edtico, econ\u00f3mico y social que solo puede partir de un proceso constituyente que proclame la democracia, el gobierno del pueblo para el pueblo, la aplicaci\u00f3n efectiva del derecho al trabajo y a las pensiones dignas, a la igualdad y a la convivencia fraternal de todos los pueblos del Estado. Esto es, un proceso democr\u00e1tico que instaure la Rep\u00fablica.<\/p>\n","protected":false},"author":1,"featured_media":0,"comment_status":"open","ping_status":"open","sticky":false,"template":"","format":"standard","meta":{"cybocfi_hide_featured_image":"","_jetpack_newsletter_access":"","_jetpack_dont_email_post_to_subs":false,"_jetpack_newsletter_tier_id":0,"_jetpack_memberships_contains_paywalled_content":false,"_jetpack_memberships_contains_paid_content":false,"footnotes":""},"categories":[265],"tags":[965,483,966,967,481],"class_list":["post-3486","post","type-post","status-publish","format-standard","hentry","category-esta-pasando","tag-actos-en-motril","tag-homenaje","tag-homenaje-a-las-mujeres","tag-premios-14-de-abril","tag-republica-espanola"],"jetpack_featured_media_url":"","jetpack_sharing_enabled":true,"jetpack_shortlink":"https:\/\/wp.me\/p4QsU5-Ue","jetpack-related-posts":[{"id":2036,"url":"https:\/\/iumotril.org\/sitio\/diversos-actos-politicos-y-culturales-celebraran-en-la-costa-el-85-aniversario-de-la-segunda-republica-espanola\/","url_meta":{"origin":3486,"position":0},"title":"DIVERSOS ACTOS POL\u00cdTICOS Y CULTURALES CELEBRAR\u00c1N EN LA COSTA EL 85 ANIVERSARIO DE LA SEGUNDA REP\u00daBLICA ESPA\u00d1OLA","author":"Izquierda Unida Motril","date":"12 abril, 2016","format":false,"excerpt":"El 14 de abril es un d\u00eda de celebraci\u00f3n para todos los que compartimos los ideales de libertad, justicia social, cultura y modernidad asociados en la memoria a la revoluci\u00f3n democr\u00e1tica que fue la segunda Rep\u00fablica Espa\u00f1ola. Por ello, entre el 14 y el 17 de abril se desarrollar\u00e1n en\u2026","rel":"","context":"En \u00abEST\u00c1 PASANDO\u00bb","block_context":{"text":"EST\u00c1 PASANDO","link":"https:\/\/iumotril.org\/sitio\/category\/esta-pasando\/"},"img":{"alt_text":"cartel 7","src":"https:\/\/i0.wp.com\/iumotril.org\/sitio\/wp-content\/uploads\/2016\/04\/cartel-7-724x1024.jpg?resize=350%2C200","width":350,"height":200},"classes":[]},{"id":4824,"url":"https:\/\/iumotril.org\/sitio\/izquierda-unida-llama-a-recordar-y-a-celebrar-la-republica-el-14-de-abril-en-la-costa-de-granada\/","url_meta":{"origin":3486,"position":1},"title":"Izquierda Unida llama a recordar y a celebrar la Rep\u00fablica el 14 de Abril en la Costa de Granada","author":"Izquierda Unida Motril","date":"11 abril, 2019","format":false,"excerpt":"Izquierda Unida hace un llamamiento a la ciudadan\u00eda de la Costa para que participe activamente en los actos organizados para conmemorar la Rep\u00fablica, celebrarla y reivindicar de ese modo los valores del republicanismo: la extensi\u00f3n del sufragio, el impulso de la educaci\u00f3n, el control de los poderes p\u00fablicos y econ\u00f3micos\u2026","rel":"","context":"En \u00abEST\u00c1 PASANDO\u00bb","block_context":{"text":"EST\u00c1 PASANDO","link":"https:\/\/iumotril.org\/sitio\/category\/esta-pasando\/"},"img":{"alt_text":"","src":"https:\/\/i0.wp.com\/iumotril.org\/sitio\/wp-content\/uploads\/2019\/04\/dia-repu_abril-2019.jpg?resize=350%2C200","width":350,"height":200,"srcset":"https:\/\/i0.wp.com\/iumotril.org\/sitio\/wp-content\/uploads\/2019\/04\/dia-repu_abril-2019.jpg?resize=350%2C200 1x, https:\/\/i0.wp.com\/iumotril.org\/sitio\/wp-content\/uploads\/2019\/04\/dia-repu_abril-2019.jpg?resize=525%2C300 1.5x, https:\/\/i0.wp.com\/iumotril.org\/sitio\/wp-content\/uploads\/2019\/04\/dia-repu_abril-2019.jpg?resize=700%2C400 2x, https:\/\/i0.wp.com\/iumotril.org\/sitio\/wp-content\/uploads\/2019\/04\/dia-repu_abril-2019.jpg?resize=1050%2C600 3x, https:\/\/i0.wp.com\/iumotril.org\/sitio\/wp-content\/uploads\/2019\/04\/dia-repu_abril-2019.jpg?resize=1400%2C800 4x"},"classes":[]},{"id":9920,"url":"https:\/\/iumotril.org\/sitio\/recuerdo-homenaje-y-reivindicacion-de-la-republica-en-motril\/","url_meta":{"origin":3486,"position":2},"title":"Recuerdo, homenaje y reivindicaci\u00f3n de la Rep\u00fablica en Motril","author":"Izquierda Unida Motril","date":"11 abril, 2024","format":false,"excerpt":"El s\u00e1bado, a las 10 horas, desde Lagos, saldr\u00e1 el grupo que emprender\u00e1 la subida a la mina del piojo en la sierra de L\u00fajar, en un recorrido que les llevar\u00e1 a la entrada de la mina,\u00a0 tambi\u00e9n conocida como mina del maquis por su gran significaci\u00f3n simb\u00f3lica para la\u2026","rel":"","context":"En \u00abEST\u00c1 PASANDO\u00bb","block_context":{"text":"EST\u00c1 PASANDO","link":"https:\/\/iumotril.org\/sitio\/category\/esta-pasando\/"},"img":{"alt_text":"","src":"https:\/\/i0.wp.com\/iumotril.org\/sitio\/wp-content\/uploads\/2024\/04\/14-aBRIL-ACTOS-mOTRIL.jpg?resize=350%2C200&ssl=1","width":350,"height":200,"srcset":"https:\/\/i0.wp.com\/iumotril.org\/sitio\/wp-content\/uploads\/2024\/04\/14-aBRIL-ACTOS-mOTRIL.jpg?resize=350%2C200&ssl=1 1x, https:\/\/i0.wp.com\/iumotril.org\/sitio\/wp-content\/uploads\/2024\/04\/14-aBRIL-ACTOS-mOTRIL.jpg?resize=525%2C300&ssl=1 1.5x, https:\/\/i0.wp.com\/iumotril.org\/sitio\/wp-content\/uploads\/2024\/04\/14-aBRIL-ACTOS-mOTRIL.jpg?resize=700%2C400&ssl=1 2x, https:\/\/i0.wp.com\/iumotril.org\/sitio\/wp-content\/uploads\/2024\/04\/14-aBRIL-ACTOS-mOTRIL.jpg?resize=1050%2C600&ssl=1 3x"},"classes":[]},{"id":2024,"url":"https:\/\/iumotril.org\/sitio\/el-partido-popular-y-los-hermanos-escamez-rechazan-condenar-el-golpe-de-estado-de-1936\/","url_meta":{"origin":3486,"position":3},"title":"EL PARTIDO POPULAR Y LOS HERMANOS ESC\u00c1MEZ RECHAZAN CONDENAR EL GOLPE DE ESTADO DE 1936","author":"Izquierda Unida Motril","date":"1 abril, 2016","format":false,"excerpt":"La moci\u00f3n presentada propon\u00eda la condena del golpe de estado de 1936; que el pr\u00f3ximo 14 de abril ondear\u00e1 en la sede consistorial la bandera republicana como homenaje a todas las personas republicanas que defendieron la legitimidad de la II Rep\u00fablica; que el Ayuntamiento organice actos conmemorativos del 85 aniversario\u2026","rel":"","context":"En \u00abEST\u00c1 PASANDO\u00bb","block_context":{"text":"EST\u00c1 PASANDO","link":"https:\/\/iumotril.org\/sitio\/category\/esta-pasando\/"},"img":{"alt_text":"REpublica machado","src":"https:\/\/i0.wp.com\/iumotril.org\/sitio\/wp-content\/uploads\/2016\/03\/REpublica-machado.jpg?resize=350%2C200","width":350,"height":200,"srcset":"https:\/\/i0.wp.com\/iumotril.org\/sitio\/wp-content\/uploads\/2016\/03\/REpublica-machado.jpg?resize=350%2C200 1x, https:\/\/i0.wp.com\/iumotril.org\/sitio\/wp-content\/uploads\/2016\/03\/REpublica-machado.jpg?resize=525%2C300 1.5x, https:\/\/i0.wp.com\/iumotril.org\/sitio\/wp-content\/uploads\/2016\/03\/REpublica-machado.jpg?resize=700%2C400 2x"},"classes":[]},{"id":10551,"url":"https:\/\/iumotril.org\/sitio\/memoria-de-la-republica-en-la-costa-de-granada\/","url_meta":{"origin":3486,"position":4},"title":"Memoria de la Rep\u00fablica en la Costa de Granada","author":"Izquierda Unida Motril","date":"9 abril, 2025","format":false,"excerpt":"Organizaciones pol\u00edticas y colectivos memorialistas convocan diferentes actos en Motril, Salobre\u00f1a y Almu\u00f1\u00e9car para reivindicar los valores republicanos que promovieron la igualdad, la justicia social y la educaci\u00f3n p\u00fablica y recordar a quienes fueron asesinados por el franquismo por su lealtad y compromiso con su legitimidad democr\u00e1tica. Las organizaciones promotoras\u2026","rel":"","context":"En \u00abEST\u00c1 PASANDO\u00bb","block_context":{"text":"EST\u00c1 PASANDO","link":"https:\/\/iumotril.org\/sitio\/category\/esta-pasando\/"},"img":{"alt_text":"","src":"https:\/\/i0.wp.com\/iumotril.org\/sitio\/wp-content\/uploads\/2025\/04\/b969b743-acc9-49a5-a20e-2bfa0ccbafb8-2.jpg?resize=350%2C200&ssl=1","width":350,"height":200,"srcset":"https:\/\/i0.wp.com\/iumotril.org\/sitio\/wp-content\/uploads\/2025\/04\/b969b743-acc9-49a5-a20e-2bfa0ccbafb8-2.jpg?resize=350%2C200&ssl=1 1x, https:\/\/i0.wp.com\/iumotril.org\/sitio\/wp-content\/uploads\/2025\/04\/b969b743-acc9-49a5-a20e-2bfa0ccbafb8-2.jpg?resize=525%2C300&ssl=1 1.5x, https:\/\/i0.wp.com\/iumotril.org\/sitio\/wp-content\/uploads\/2025\/04\/b969b743-acc9-49a5-a20e-2bfa0ccbafb8-2.jpg?resize=700%2C400&ssl=1 2x, https:\/\/i0.wp.com\/iumotril.org\/sitio\/wp-content\/uploads\/2025\/04\/b969b743-acc9-49a5-a20e-2bfa0ccbafb8-2.jpg?resize=1050%2C600&ssl=1 3x"},"classes":[]},{"id":9032,"url":"https:\/\/iumotril.org\/sitio\/la-asociacion-14-de-abril-izquierda-unida-y-verdes-equo-organizan-en-motril-diversas-actividades-de-homenaje-a-la-republica\/","url_meta":{"origin":3486,"position":5},"title":"La Asociaci\u00f3n 14 de Abril, Izquierda Unida y Verdes Equo, organizan en Motril  diversas actividades de homenaje a la Rep\u00fablica","author":"Izquierda Unida Motril","date":"14 abril, 2023","format":false,"excerpt":"El acto, al que se convoca a todos los motrile\u00f1os y motrile\u00f1as, dar\u00e1 comienzo a las seis de la tarde a la entrada del cementerio de Motril. Tras la realizaci\u00f3n del acto en el cementerio, a las 20 horas, tendr\u00e1 lugar en el Museo Hern\u00e1ndez Quero (calle Ruiz) la conferencia\u2026","rel":"","context":"En \u00abEST\u00c1 PASANDO\u00bb","block_context":{"text":"EST\u00c1 PASANDO","link":"https:\/\/iumotril.org\/sitio\/category\/esta-pasando\/"},"img":{"alt_text":"","src":"https:\/\/i0.wp.com\/iumotril.org\/sitio\/wp-content\/uploads\/2023\/04\/Proclamacion-14-Abril.jpg?resize=350%2C200&ssl=1","width":350,"height":200,"srcset":"https:\/\/i0.wp.com\/iumotril.org\/sitio\/wp-content\/uploads\/2023\/04\/Proclamacion-14-Abril.jpg?resize=350%2C200&ssl=1 1x, https:\/\/i0.wp.com\/iumotril.org\/sitio\/wp-content\/uploads\/2023\/04\/Proclamacion-14-Abril.jpg?resize=525%2C300&ssl=1 1.5x, https:\/\/i0.wp.com\/iumotril.org\/sitio\/wp-content\/uploads\/2023\/04\/Proclamacion-14-Abril.jpg?resize=700%2C400&ssl=1 2x"},"classes":[]}],"jetpack_likes_enabled":true,"_links":{"self":[{"href":"https:\/\/iumotril.org\/sitio\/wp-json\/wp\/v2\/posts\/3486","targetHints":{"allow":["GET"]}}],"collection":[{"href":"https:\/\/iumotril.org\/sitio\/wp-json\/wp\/v2\/posts"}],"about":[{"href":"https:\/\/iumotril.org\/sitio\/wp-json\/wp\/v2\/types\/post"}],"author":[{"embeddable":true,"href":"https:\/\/iumotril.org\/sitio\/wp-json\/wp\/v2\/users\/1"}],"replies":[{"embeddable":true,"href":"https:\/\/iumotril.org\/sitio\/wp-json\/wp\/v2\/comments?post=3486"}],"version-history":[{"count":7,"href":"https:\/\/iumotril.org\/sitio\/wp-json\/wp\/v2\/posts\/3486\/revisions"}],"predecessor-version":[{"id":3502,"href":"https:\/\/iumotril.org\/sitio\/wp-json\/wp\/v2\/posts\/3486\/revisions\/3502"}],"wp:attachment":[{"href":"https:\/\/iumotril.org\/sitio\/wp-json\/wp\/v2\/media?parent=3486"}],"wp:term":[{"taxonomy":"category","embeddable":true,"href":"https:\/\/iumotril.org\/sitio\/wp-json\/wp\/v2\/categories?post=3486"},{"taxonomy":"post_tag","embeddable":true,"href":"https:\/\/iumotril.org\/sitio\/wp-json\/wp\/v2\/tags?post=3486"}],"curies":[{"name":"wp","href":"https:\/\/api.w.org\/{rel}","templated":true}]}}