{"id":3472,"date":"2018-04-13T11:17:18","date_gmt":"2018-04-13T09:17:18","guid":{"rendered":"http:\/\/iumotril.org\/sitio\/?p=3472"},"modified":"2018-05-17T19:39:13","modified_gmt":"2018-05-17T17:39:13","slug":"iu-emprendera-acciones-legales-para-que-el-ayuntamiento-cumpla-las-mociones-aprobadas-por-el-pleno","status":"publish","type":"post","link":"https:\/\/iumotril.org\/sitio\/iu-emprendera-acciones-legales-para-que-el-ayuntamiento-cumpla-las-mociones-aprobadas-por-el-pleno\/","title":{"rendered":"Izquierda Unida emprender\u00e1 acciones legales para que el Ayuntamiento cumpla las mociones aprobadas por el Pleno"},"content":{"rendered":"<p class=\"p1\" style=\"text-align: justify;\"><span class=\"s1\" style=\"color: #993300;\">Denuncia que el equipo de gobierno no inicia los tr\u00e1mites necesarios para llevar a cabo las medidas de las mociones aprobadas por acuerdo plenario. En concreto medidas de apoyo a la<span class=\"Apple-converted-space\">\u00a0 <\/span>apertura de nuevos comercios, aprobada en 2013, la exenci\u00f3n del pago de tasas en el acceso al empleo p\u00fablico para personas desempleadas, aprobada en 2016, y la creaci\u00f3n de becas para estudiantes, aprobada en 2017.<\/span><\/p>\n<p class=\"p1\" style=\"text-align: justify;\"><span class=\"s1\">Se trata de medidas en positivo, todas ellas, beneficiosas para el conjunto de la ciudadan\u00eda que requieren de la modificaci\u00f3n de determinadas ordenanzas fiscales cuya tramitaci\u00f3n ni siquiera se ha iniciado, en alg\u00fan caso m\u00e1s de cinco a\u00f1os despu\u00e9s de su aprobaci\u00f3n.<\/span><\/p>\n<p class=\"p1\" style=\"text-align: justify;\"><span class=\"s1\"><a href=\"https:\/\/iumotril.org\/sitio\/chris-y-dani_13-abril\/\"><img loading=\"lazy\" decoding=\"async\" data-attachment-id=\"3491\" data-permalink=\"https:\/\/iumotril.org\/sitio\/iu-emprendera-acciones-legales-para-que-el-ayuntamiento-cumpla-las-mociones-aprobadas-por-el-pleno\/chris-y-dani_13-abril\/\" data-orig-file=\"https:\/\/iumotril.org\/sitio\/wp-content\/uploads\/2018\/04\/Chris-y-Dani_13-abril.jpg\" data-orig-size=\"3264,2448\" data-comments-opened=\"1\" data-image-meta=\"{&quot;aperture&quot;:&quot;2.2&quot;,&quot;credit&quot;:&quot;&quot;,&quot;camera&quot;:&quot;iPhone 6&quot;,&quot;caption&quot;:&quot;&quot;,&quot;created_timestamp&quot;:&quot;1523604848&quot;,&quot;copyright&quot;:&quot;&quot;,&quot;focal_length&quot;:&quot;4.15&quot;,&quot;iso&quot;:&quot;50&quot;,&quot;shutter_speed&quot;:&quot;0.03030303030303&quot;,&quot;title&quot;:&quot;&quot;,&quot;orientation&quot;:&quot;1&quot;}\" data-image-title=\"Chris y Dani_13 abril\" data-image-description=\"\" data-image-caption=\"\" data-large-file=\"https:\/\/iumotril.org\/sitio\/wp-content\/uploads\/2018\/04\/Chris-y-Dani_13-abril-1024x768.jpg\" class=\"alignleft wp-image-3491\" src=\"https:\/\/iumotril.org\/sitio\/wp-content\/uploads\/2018\/04\/Chris-y-Dani_13-abril-300x225.jpg\" alt=\"\" width=\"500\" height=\"375\" srcset=\"https:\/\/iumotril.org\/sitio\/wp-content\/uploads\/2018\/04\/Chris-y-Dani_13-abril-300x225.jpg 300w, https:\/\/iumotril.org\/sitio\/wp-content\/uploads\/2018\/04\/Chris-y-Dani_13-abril-768x576.jpg 768w, https:\/\/iumotril.org\/sitio\/wp-content\/uploads\/2018\/04\/Chris-y-Dani_13-abril-1024x768.jpg 1024w\" sizes=\"auto, (max-width: 500px) 100vw, 500px\" \/><\/a>Seg\u00fan Christian Linares, concejal de Izquierda Unida, son diversas las mociones que se quedan en los cajones de los miembros del equipo de gobierno o que duermen en las mesas de los funcionarios sin que se den las instrucciones oportunas para llevarlas a cabo. Algo que solo puede ser atribuido a <strong>falta de voluntad pol\u00edtica, de diligencia o, simplemente, a desidia o dejadez. <\/strong><\/span><\/p>\n<p class=\"p1\" style=\"text-align: justify;\"><span class=\"s1\">Adem\u00e1s, en opini\u00f3n de Linares, supone un <strong>desprecio a los vecinos y vecinas<\/strong> a los que Izquierda Unida representa democr\u00e1ticamente al ningunearse las propuestas que presenta en su representaci\u00f3n, a pesar de tener el apoyo plenario.<\/span><\/p>\n<p class=\"p1\" style=\"text-align: justify;\"><span class=\"s1\">Las <strong>medidas aprobadas<\/strong> por el Pleno que no se est\u00e1n llevando a cabo <strong>beneficiar\u00edan a los vecinos y vecinas que abrieran un nuevo <a href=\"https:\/\/iumotril.org\/sitio\/izquierda-unida-presenta-una-mocion-en-apoyo-al-pequeno-comercio-de-motril\/\" target=\"_blank\" rel=\"noopener\">comercio,<\/a> a las <a href=\"https:\/\/iumotril.org\/sitio\/izquierda-unida-reclama-la-exencion-del-pago-de-tasas-municipales-a-los-desempleadosas\/\" target=\"_blank\" rel=\"noopener\">personas desempleadas<\/a> y a los <a href=\"https:\/\/iumotril.org\/sitio\/defendemos-la-creacion-de-becas-educativas-municipales\/\" target=\"_blank\" rel=\"noopener\">estudiantes motrile\u00f1os<\/a> y a sus familias en su conjunto.<\/strong><\/span><\/p>\n<p class=\"p1\" style=\"text-align: justify;\"><span class=\"s1\">Son mediadas con un <strong>claro contenido social<\/strong> cuyos efectos no llegan a la ciudadan\u00eda por el modo de hacer pol\u00edtica del PSOE de Motril, alejado de los intereses de la mayor\u00eda social al estar m\u00e1s preocupado por otros intereses, en opini\u00f3n del concejal de Izquierda Unida.<\/span><\/p>\n<p class=\"p1\" style=\"text-align: justify;\"><span class=\"s1\">Contrasta la falta de aplicaci\u00f3n de estas medidas con la diligencia con las que se han puesto en marcha r<strong>ebajas en la tasa de basura que pagan las grandes comercializadora<\/strong>s o las<strong> bonificaciones a las licencias de obras a las grandes empresas<\/strong>.<\/span><\/p>\n<p class=\"p1\" style=\"text-align: justify;\"><span class=\"s1\">Esta es la gesti\u00f3n que est\u00e1 haciendo el partido socialista durante estos tres a\u00f1os en el Ayuntamiento de Motril. Una gesti\u00f3n que apenas tienen diferencias con las que llevaron a cabo en nuestra ciudad los gobiernos e la derecha motrile\u00f1a.<\/span><\/p>\n<p class=\"p1\" style=\"text-align: justify;\"><span class=\"s1\">Izquierda Unida considera que ha agotado todas las v\u00edas pol\u00edticas para reclamar el cumplimiento de las mociones aprobadas por el Pleno, por lo que <strong>reclamar\u00e1 su cumplimiento por la v\u00eda administrativa.<\/strong><\/span><\/p>\n<p class=\"p1\" style=\"text-align: justify;\"><span class=\"s1\">Linares ha denunciado el <strong>agotamiento del mandato de Flor Alm\u00f3n<\/strong> al frente del Ayuntamiento de Motril y ha anunciado que su formaci\u00f3n se pone a trabajar desde la movilizaci\u00f3n social y ciudadana para favorecer una confluencia con todas las fuerzas pol\u00edticas y sociales de izquierda que permita conformar <strong>una alternativa pol\u00edtica viable<\/strong> a los partidos que han gobernado la ciudad en las \u00faltimas d\u00e9cadas , que han corrompido la pol\u00edtica municipal. <\/span><\/p>\n","protected":false},"excerpt":{"rendered":"<p>Son medidas con un claro contenido social cuyos efectos no llegan a la ciudadan\u00eda por el modo de hacer pol\u00edtica del PSOE de Motril, alejado de los intereses de la mayor\u00eda social al estar m\u00e1s preocupado por otros intereses, en opini\u00f3n del concejal de Izquierda Unida.<\/p>\n","protected":false},"author":1,"featured_media":0,"comment_status":"open","ping_status":"open","sticky":false,"template":"","format":"standard","meta":{"cybocfi_hide_featured_image":"","_jetpack_newsletter_access":"","_jetpack_dont_email_post_to_subs":false,"_jetpack_newsletter_tier_id":0,"_jetpack_memberships_contains_paywalled_content":false,"_jetpack_memberships_contains_paid_content":false,"footnotes":""},"categories":[7,265],"tags":[963,962,961,200,960,964],"class_list":["post-3472","post","type-post","status-publish","format-standard","hentry","category-ayuntamiento","category-esta-pasando","tag-apoyo-comercio","tag-becas-estudiantes","tag-incumplimientos","tag-mociones","tag-propuestas-sociales","tag-tasas-desempleados"],"jetpack_featured_media_url":"","jetpack_sharing_enabled":true,"jetpack_shortlink":"https:\/\/wp.me\/p4QsU5-U0","jetpack-related-posts":[{"id":3825,"url":"https:\/\/iumotril.org\/sitio\/izquierda-unida-reclama-el-cumplimiento-de-diversas-mociones-de-caracter-social-aprobadas-por-el-pleno\/","url_meta":{"origin":3472,"position":0},"title":"Izquierda Unida reclama el cumplimiento de diversas mociones de car\u00e1cter social aprobadas por el Pleno","author":"Izquierda Unida Motril","date":"19 septiembre, 2018","format":false,"excerpt":"Ya es hora de que la pol\u00edtica municipal se dirija prioritariamente a las familias que est\u00e1n padeciendo el paro y la precariedad en el empleo y a los colectivos m\u00e1s vulnerables de nuestro municipio, ha afirmado. Para la portavoz de Izquierda Unida, la actuaci\u00f3n del gobierno local de Motril evidencia,\u2026","rel":"","context":"En \u00abAyuntamiento\u00bb","block_context":{"text":"Ayuntamiento","link":"https:\/\/iumotril.org\/sitio\/category\/ayuntamiento\/"},"img":{"alt_text":"","src":"https:\/\/i0.wp.com\/iumotril.org\/sitio\/wp-content\/uploads\/2018\/09\/Daniela-y-Jose_RP_11-julio-300x200.jpg?resize=350%2C200","width":350,"height":200},"classes":[]},{"id":11027,"url":"https:\/\/iumotril.org\/sitio\/aprobadas-las-mociones-presentadas-por-iu-a-pleno-para-la-mejora-de-la-zona-norte-y-contra-el-bloqueo-de-cuba\/","url_meta":{"origin":3472,"position":1},"title":"Aprobadas las mociones presentadas por IU a Pleno para la mejora de la Zona Norte y contra el bloqueo de Cuba.","author":"Izquierda Unida Motril","date":"30 marzo, 2026","format":false,"excerpt":"Izquierda Unida ha informado de la aprobaci\u00f3n en pleno de las mociones presentadas por su formaci\u00f3n, centradas en la mejora de los barrios y en la defensa de la solidaridad internacional. La primera de las iniciativas aprobadas responde a las demandas vecinales de la zona Norte de Motril, donde desde\u2026","rel":"","context":"En \u00abAyuntamiento\u00bb","block_context":{"text":"Ayuntamiento","link":"https:\/\/iumotril.org\/sitio\/category\/ayuntamiento\/"},"img":{"alt_text":"","src":"https:\/\/i0.wp.com\/iumotril.org\/sitio\/wp-content\/uploads\/2025\/03\/IMG_1227-scaled-e1774865273542.jpeg?resize=350%2C200&ssl=1","width":350,"height":200,"srcset":"https:\/\/i0.wp.com\/iumotril.org\/sitio\/wp-content\/uploads\/2025\/03\/IMG_1227-scaled-e1774865273542.jpeg?resize=350%2C200&ssl=1 1x, https:\/\/i0.wp.com\/iumotril.org\/sitio\/wp-content\/uploads\/2025\/03\/IMG_1227-scaled-e1774865273542.jpeg?resize=525%2C300&ssl=1 1.5x"},"classes":[]},{"id":5652,"url":"https:\/\/iumotril.org\/sitio\/exigimos-al-gobierno-local-la-realizacion-de-actuaciones-de-empleo-y-formacion-dirigidas-a-las-mujeres\/","url_meta":{"origin":3472,"position":2},"title":"Exigimos al gobierno local la realizaci\u00f3n de actuaciones de empleo y formaci\u00f3n dirigidas a las mujeres","author":"Izquierda Unida Motril","date":"9 marzo, 2020","format":false,"excerpt":"Proponemos y reclamamos actuaciones y medidas concretas que favorezcan la empleabilidad de las mujeres en nuestra ciudad y que puedan contribuir a la mejora de sus posibilidades de acceder a un empleo. Una vez m\u00e1s, es una cuesti\u00f3n de voluntad pol\u00edtica y de situar los problemas de la gente en\u2026","rel":"","context":"En \u00abAyuntamiento\u00bb","block_context":{"text":"Ayuntamiento","link":"https:\/\/iumotril.org\/sitio\/category\/ayuntamiento\/"},"img":{"alt_text":"","src":"https:\/\/i0.wp.com\/iumotril.org\/sitio\/wp-content\/uploads\/2020\/03\/F466989B-633A-4457-BFB8-35AE1D372CDE-1024x768.jpeg?resize=350%2C200","width":350,"height":200,"srcset":"https:\/\/i0.wp.com\/iumotril.org\/sitio\/wp-content\/uploads\/2020\/03\/F466989B-633A-4457-BFB8-35AE1D372CDE-1024x768.jpeg?resize=350%2C200 1x, https:\/\/i0.wp.com\/iumotril.org\/sitio\/wp-content\/uploads\/2020\/03\/F466989B-633A-4457-BFB8-35AE1D372CDE-1024x768.jpeg?resize=525%2C300 1.5x"},"classes":[]},{"id":1148,"url":"https:\/\/iumotril.org\/sitio\/aprobada-la-declaracion-de-motril-municipio-libre-de-desahucios\/","url_meta":{"origin":3472,"position":3},"title":"APROBADA LA DECLARACI\u00d3N DE MOTRIL MUNICIPIO LIBRE DE DESAHUCIOS","author":"Izquierda Unida Motril","date":"30 julio, 2015","format":false,"excerpt":"La moci\u00f3n aprobada determina, entre otras cuestiones, la creaci\u00f3n de una Oficina antidesahucios que articule y coordine las medidas necesarias para cubrir las demandas de emergencia habitacional que hay en nuestra ciudad. Entre las actuaciones que tendr\u00e1 encomendada est\u00e1 la creaci\u00f3n de un parque de viviendas en r\u00e9gimen de alquiler\u2026","rel":"","context":"En \u00abAyuntamiento\u00bb","block_context":{"text":"Ayuntamiento","link":"https:\/\/iumotril.org\/sitio\/category\/ayuntamiento\/"},"img":{"alt_text":"Motril libre desahucios Pleno 3007","src":"https:\/\/i0.wp.com\/iumotril.org\/sitio\/wp-content\/uploads\/2015\/07\/Motril-libre-desahucios-Pleno-3007-225x300.jpg?resize=350%2C200","width":350,"height":200},"classes":[]},{"id":4124,"url":"https:\/\/iumotril.org\/sitio\/exigimos-la-modificacion-de-ordenanzas-fiscales-para-favorecer-a-comerciantes-familias-y-desempleados\/","url_meta":{"origin":3472,"position":4},"title":"Exigimos la modificaci\u00f3n de Ordenanzas Fiscales para favorecer a comerciantes, familias y desempleados","author":"Izquierda Unida Motril","date":"5 noviembre, 2018","format":false,"excerpt":"Izquierda Unida viene denunciando durante todo el mandato de Flor Alm\u00f3n el incumplimiento reiterado por parte del gobierno local de las mociones aprobadas por el Pleno de la Corporaci\u00f3n. Una falta de compromiso que entiende como un desprecio a las reglas de funcionamiento democr\u00e1tico de la instituci\u00f3n municipal y, sobre\u2026","rel":"","context":"En \u00abAyuntamiento\u00bb","block_context":{"text":"Ayuntamiento","link":"https:\/\/iumotril.org\/sitio\/category\/ayuntamiento\/"},"img":{"alt_text":"","src":"https:\/\/i0.wp.com\/iumotril.org\/sitio\/wp-content\/uploads\/2017\/11\/cajero-300x200.jpg?resize=350%2C200","width":350,"height":200},"classes":[]},{"id":3618,"url":"https:\/\/iumotril.org\/sitio\/izquierda-unida-reclama-medidas-y-politicas-para-la-gente-joven\/","url_meta":{"origin":3472,"position":5},"title":"Izquierda Unida reclama medidas y pol\u00edticas para la gente joven","author":"Izquierda Unida Motril","date":"8 junio, 2018","format":false,"excerpt":"Adem\u00e1s de reclamar pol\u00edticas integrales dirigidas a las personas j\u00f3venes de Motril que vayan m\u00e1s all\u00e1 de actuaciones dispersas y puntuales dirigidas al ocio, Christian Linares ha reivindicado el proyecto pol\u00edtico de su formaci\u00f3n para Motril: un proyecto de izquierdas que tenga como prioridades irrenunciables la lucha contra el paro,\u2026","rel":"","context":"En \u00abEST\u00c1 PASANDO\u00bb","block_context":{"text":"EST\u00c1 PASANDO","link":"https:\/\/iumotril.org\/sitio\/category\/esta-pasando\/"},"img":{"alt_text":"","src":"https:\/\/i0.wp.com\/iumotril.org\/sitio\/wp-content\/uploads\/2018\/06\/jovenes-726x1024.jpg?resize=350%2C200","width":350,"height":200,"srcset":"https:\/\/i0.wp.com\/iumotril.org\/sitio\/wp-content\/uploads\/2018\/06\/jovenes-726x1024.jpg?resize=350%2C200 1x, https:\/\/i0.wp.com\/iumotril.org\/sitio\/wp-content\/uploads\/2018\/06\/jovenes-726x1024.jpg?resize=525%2C300 1.5x"},"classes":[]}],"jetpack_likes_enabled":true,"_links":{"self":[{"href":"https:\/\/iumotril.org\/sitio\/wp-json\/wp\/v2\/posts\/3472","targetHints":{"allow":["GET"]}}],"collection":[{"href":"https:\/\/iumotril.org\/sitio\/wp-json\/wp\/v2\/posts"}],"about":[{"href":"https:\/\/iumotril.org\/sitio\/wp-json\/wp\/v2\/types\/post"}],"author":[{"embeddable":true,"href":"https:\/\/iumotril.org\/sitio\/wp-json\/wp\/v2\/users\/1"}],"replies":[{"embeddable":true,"href":"https:\/\/iumotril.org\/sitio\/wp-json\/wp\/v2\/comments?post=3472"}],"version-history":[{"count":6,"href":"https:\/\/iumotril.org\/sitio\/wp-json\/wp\/v2\/posts\/3472\/revisions"}],"predecessor-version":[{"id":3503,"href":"https:\/\/iumotril.org\/sitio\/wp-json\/wp\/v2\/posts\/3472\/revisions\/3503"}],"wp:attachment":[{"href":"https:\/\/iumotril.org\/sitio\/wp-json\/wp\/v2\/media?parent=3472"}],"wp:term":[{"taxonomy":"category","embeddable":true,"href":"https:\/\/iumotril.org\/sitio\/wp-json\/wp\/v2\/categories?post=3472"},{"taxonomy":"post_tag","embeddable":true,"href":"https:\/\/iumotril.org\/sitio\/wp-json\/wp\/v2\/tags?post=3472"}],"curies":[{"name":"wp","href":"https:\/\/api.w.org\/{rel}","templated":true}]}}