{"id":344,"date":"2014-11-21T17:38:17","date_gmt":"2014-11-21T16:38:17","guid":{"rendered":"http:\/\/iumotril.org\/sitio\/?p=344"},"modified":"2014-11-21T13:39:59","modified_gmt":"2014-11-21T12:39:59","slug":"paque-rectifica-a-garcia-chamorro-lo-que-ha-llegado-es-la-hora-de-las-elecciones","status":"publish","type":"post","link":"https:\/\/iumotril.org\/sitio\/paque-rectifica-a-garcia-chamorro-lo-que-ha-llegado-es-la-hora-de-las-elecciones\/","title":{"rendered":"PAQU\u00c9 RECTIFICA A GARC\u00cdA CHAMORRO \u201cLO QUE HA LLEGADO ES LA HORA DE LAS ELECCIONES"},"content":{"rendered":"<p>La formaci\u00f3n de izquierdas ha criticado duramente el anuncio electoralista de Garc\u00eda Chamorro de un plan de mejora en la calle Ancha. Un plan que para IU \u00abllega tarde, es  insuficiente y una tomadura de pelo para l@s vecin@s del barrio\u00bb.<\/p>\n<p>Para Daniela Paqu\u00e9, Concejala de IU, la intencionalidad de Garc\u00eda Chamorro con este tipo de anuncios esta clara: \u201cLa Sra. Chamorro y su Gobierno Municipal han perdido la poca verg\u00fcenza pol\u00edtica que les quedaba, y ahora se quieren presentar como los valedores de los intereses de la zona norte de Motril. Una zona que nunca ha estado entre sus prioridades ya que llevan ocho a\u00f1os gobernando de espaldas a ellos\u201d.<br \/>\n<a href=\"https:\/\/iumotril.org\/sitio\/wp-content\/uploads\/2014\/11\/daniela-Paque-3.jpg\"><img loading=\"lazy\" decoding=\"async\" data-attachment-id=\"323\" data-permalink=\"https:\/\/iumotril.org\/sitio\/iu-denuncia-que-la-falta-de-prevision-y-organizacion-del-gobierno-municipal-esta-provocando-que-la-contratacion-de-144-jovenes-se-convierta-en-un-caos-organizativo\/daniela-paque-3\/\" data-orig-file=\"https:\/\/iumotril.org\/sitio\/wp-content\/uploads\/2014\/11\/daniela-Paque-3.jpg\" data-orig-size=\"4272,2848\" data-comments-opened=\"1\" data-image-meta=\"{&quot;aperture&quot;:&quot;5.6&quot;,&quot;credit&quot;:&quot;&quot;,&quot;camera&quot;:&quot;Canon EOS 1100D&quot;,&quot;caption&quot;:&quot;&quot;,&quot;created_timestamp&quot;:&quot;1339919228&quot;,&quot;copyright&quot;:&quot;&quot;,&quot;focal_length&quot;:&quot;51&quot;,&quot;iso&quot;:&quot;800&quot;,&quot;shutter_speed&quot;:&quot;0.008&quot;,&quot;title&quot;:&quot;&quot;,&quot;orientation&quot;:&quot;1&quot;}\" data-image-title=\"daniela Paque 3\" data-image-description=\"\" data-image-caption=\"\" data-large-file=\"https:\/\/iumotril.org\/sitio\/wp-content\/uploads\/2014\/11\/daniela-Paque-3-1024x683.jpg\" src=\"https:\/\/iumotril.org\/sitio\/wp-content\/uploads\/2014\/11\/daniela-Paque-3-300x200.jpg\" alt=\"daniela Paque 3\" width=\"300\" height=\"200\" class=\"aligncenter size-medium wp-image-323\" srcset=\"https:\/\/iumotril.org\/sitio\/wp-content\/uploads\/2014\/11\/daniela-Paque-3-300x200.jpg 300w, https:\/\/iumotril.org\/sitio\/wp-content\/uploads\/2014\/11\/daniela-Paque-3-768x512.jpg 768w, https:\/\/iumotril.org\/sitio\/wp-content\/uploads\/2014\/11\/daniela-Paque-3-1024x683.jpg 1024w\" sizes=\"auto, (max-width: 300px) 100vw, 300px\" \/><\/a><br \/>\nAdem\u00e1s para la edil las cantidades que el Gobierno Local tiene previsto invertir son escasas y generan un agravio comparativo: \u00abLa distribuci\u00f3n equilibrada y justa de las inversiones en nuestra ciudad continua siendo la asignatura pendiente de Garc\u00eda Chamorro,  ya que la inversi\u00f3n que han previsto para toda la Calle Ancha es de 155.000\u20ac, una cifra rid\u00edcula si la comparamos con las inversiones que han realizado, por ejemplo en la Plaza de la Libertad, cuya fuente vale pr\u00e1cticamente lo mismo que todo lo que el PP tiene previsto invertir en la Calle Ancha. Cifra cuya ridiculez aumenta si la comparamos con la de la Avenida de Andaluc\u00eda y ya no digamos si la comparamos con la Avenida de Salobre\u00f1a\u00bb. <\/p>\n<p>Paqu\u00e9 ha explicado como atendiendo a estos datos se observan las verdaderas prioridades del Equipo de Gracia Chamorro:\u00ab Unas prioridades que no pasan por realizar obras que supongan una mejora real de barrios como Calle Ancha, \u00c1lamos, San Antonio o Angustias. Lo que van a hacer en la calle Ancha es un parcheo sin m\u00e1s, porque a  escasos seis meses de las elecciones se han acordado de que en la zona este y norte de Motril tambi\u00e9n hay miles de votos.\u00bb<\/p>\n<p>En relaci\u00f3n al inexistente Plan Urban para la zona, Paqu\u00e9 ha sido contundente y ha acusado al PP de mentir y de crear falsas expectativas a los vecin@s ya que un Plan Urban en caso de concederse seria efectivo a largo plazo, unos diez a\u00f1os: \u00abEl Gobierno de Garc\u00eda Chamorro ha entrado en modo p\u00e1nico conscientes de la debacle electoral que se les avecina, lo que provoca que su desverg\u00fcenza pol\u00edtica por arrastrar votos no conozca l\u00edmites\u00bb. <\/p>\n<p>Para finalizar la edil ha a\u00f1adido:\u00abEst\u00e1n haciendo promesas de proyectos futuros irreales, porque la realidad es que en los casi 8 a\u00f1os de gobierno del PP en nuestra ciudad, se han concedido numerosas subvenciones e inversiones derivadas del Estado, de la Junta de Andaluc\u00eda e incluso de Europa, pero nunca en sus prioridades ha estado el invertir en la zona norte de Motril, de hecho no se ha realizado ni una sola inversi\u00f3n, arreglo o adecentamiento de la zona, es m\u00e1s no se hace ni el mantenimiento diario, condenando pr\u00e1cticamente  a la marginalidad. Haciendo caso omiso a todas las propuestas que IU ha hecho en los \u00faltimos ocho sobre la necesidad de inversiones y mejoras en estos barrios, unas propuestas que a pesar de contar con el apoyo de todo el Pleno, el PP no ha llevado a efecto<\/p>\n","protected":false},"excerpt":{"rendered":"<p>La formaci\u00f3n de izquierdas ha criticado duramente el anuncio electoralista [&hellip;]<\/p>\n","protected":false},"author":1,"featured_media":0,"comment_status":"open","ping_status":"open","sticky":false,"template":"","format":"standard","meta":{"cybocfi_hide_featured_image":"","_jetpack_newsletter_access":"","_jetpack_dont_email_post_to_subs":false,"_jetpack_newsletter_tier_id":0,"_jetpack_memberships_contains_paywalled_content":false,"_jetpack_memberships_contains_paid_content":false,"footnotes":""},"categories":[1],"tags":[],"class_list":["post-344","post","type-post","status-publish","format-standard","hentry","category-sin-categoria"],"jetpack_featured_media_url":"","jetpack_sharing_enabled":true,"jetpack_shortlink":"https:\/\/wp.me\/p4QsU5-5y","jetpack-related-posts":[{"id":514,"url":"https:\/\/iumotril.org\/sitio\/iu-denuncia-la-politica-discrecional-del-gobierno-de-garcia-chamorro-en-materia-de-personal\/","url_meta":{"origin":344,"position":0},"title":"IU denuncia la pol\u00edtica discrecional del Gobierno de Garc\u00eda Chamorro en materia de personal.","author":"Izquierda Unida Motril","date":"9 abril, 2015","format":false,"excerpt":"Daniela Paqu\u00e9, concejala de IU ha denunciado la pol\u00edtica de personal del PP Motril y califica como de desprop\u00f3sito que a menos de dos meses de las elecciones Municipales se modifique la relaci\u00f3n de puestos de trabajo del Ayuntamiento \u00a0 \u00abUna modificaci\u00f3n que no resulta ser fruto de las necesidades\u2026","rel":"","context":"En \u00abAyuntamiento\u00bb","block_context":{"text":"Ayuntamiento","link":"https:\/\/iumotril.org\/sitio\/category\/ayuntamiento\/"},"img":{"alt_text":"daniela IV","src":"https:\/\/i0.wp.com\/iumotril.org\/sitio\/wp-content\/uploads\/2014\/10\/daniela-IV-300x208.jpg?resize=350%2C200","width":350,"height":200},"classes":[]},{"id":244,"url":"https:\/\/iumotril.org\/sitio\/tras-la-denuncia-de-iu-el-ayuntamiento-retira-las-pegatinas-de-nichos-y-panteones\/","url_meta":{"origin":344,"position":1},"title":"TRAS LA DENUNCIA DE IU EL AYUNTAMIENTO RETIRA LAS PEGATINAS DE NICHOS Y PANTEONES","author":"Izquierda Unida Motril","date":"16 octubre, 2014","format":false,"excerpt":"Para IU Motril el hecho de que el Gobierno presidido por la Sra. Chamorro haya tardado menos de 48 en retirar las pegatinas colocadas en los nichos y panteones para informar sobre quienes no est\u00e1 al cobro de los respectivos pagos municipales, deja claro que la actuaci\u00f3n de los responsables\u2026","rel":"","context":"En \u00abSin categor\u00eda\u00bb","block_context":{"text":"Sin categor\u00eda","link":"https:\/\/iumotril.org\/sitio\/category\/sin-categoria\/"},"img":{"alt_text":"daniela IV","src":"https:\/\/i0.wp.com\/iumotril.org\/sitio\/wp-content\/uploads\/2014\/10\/daniela-IV-300x208.jpg?resize=350%2C200","width":350,"height":200},"classes":[]},{"id":7998,"url":"https:\/\/iumotril.org\/sitio\/la-negativa-a-dimitir-de-garcia-chamorro-es-un-desprecio-a-las-instituciones-y-a-la-honestidad-exigible-a-los-responsables-publicos\/","url_meta":{"origin":344,"position":2},"title":"La negativa a dimitir de Garc\u00eda Chamorro es un desprecio a las instituciones y a la honestidad exigible a los responsables p\u00fablicos","author":"Izquierda Unida Motril","date":"17 febrero, 2022","format":false,"excerpt":"La permanencia de Garc\u00eda Chamorro al frente de la alcald\u00eda de Motril traslada un indeseable mensaje a los vecinos y a las vecinas de Motril de que \u201ctodo vale\u201d, aunque se haya actuado en beneficio particular. Se contribuye de este modo al descr\u00e9dito de la actividad pol\u00edtica y a la\u2026","rel":"","context":"En \u00abAyuntamiento\u00bb","block_context":{"text":"Ayuntamiento","link":"https:\/\/iumotril.org\/sitio\/category\/ayuntamiento\/"},"img":{"alt_text":"","src":"https:\/\/i0.wp.com\/iumotril.org\/sitio\/wp-content\/uploads\/2022\/02\/916cedc7-c759-4adf-8f6d-4c7ed66380b4.jpg?resize=350%2C200","width":350,"height":200,"srcset":"https:\/\/i0.wp.com\/iumotril.org\/sitio\/wp-content\/uploads\/2022\/02\/916cedc7-c759-4adf-8f6d-4c7ed66380b4.jpg?resize=350%2C200 1x, https:\/\/i0.wp.com\/iumotril.org\/sitio\/wp-content\/uploads\/2022\/02\/916cedc7-c759-4adf-8f6d-4c7ed66380b4.jpg?resize=525%2C300 1.5x, https:\/\/i0.wp.com\/iumotril.org\/sitio\/wp-content\/uploads\/2022\/02\/916cedc7-c759-4adf-8f6d-4c7ed66380b4.jpg?resize=700%2C400 2x"},"classes":[]},{"id":7000,"url":"https:\/\/iumotril.org\/sitio\/iu-equo-reclama-a-garcia-chamorro-el-cumplimiento-del-pacto-anti-transfuguismo-en-motril\/","url_meta":{"origin":344,"position":3},"title":"IU-Equo reclama a Garc\u00eda Chamorro el cumplimiento del pacto anti transfuguismo en Motril","author":"Izquierda Unida Motril","date":"9 diciembre, 2020","format":false,"excerpt":"Todos los grupos de la oposici\u00f3n en el Ayuntamiento de Motril han solicitado a la alcaldesa Garc\u00eda Chamorro que ponga fin a esta situaci\u00f3n irregular, cumpla con la sentencia del Tribunal Supremo y con el pacto anti transfuguismo suscrito por todas las fuerzas pol\u00edticas en el \u00e1mbito estatal. Jose Llorente,\u2026","rel":"","context":"En \u00abEST\u00c1 PASANDO\u00bb","block_context":{"text":"EST\u00c1 PASANDO","link":"https:\/\/iumotril.org\/sitio\/category\/esta-pasando\/"},"img":{"alt_text":"","src":"","width":0,"height":0},"classes":[]},{"id":5290,"url":"https:\/\/iumotril.org\/sitio\/iu-equo-denuncia-falta-de-transparencia-en-la-gestion-de-luisa-garcia-chamorro\/","url_meta":{"origin":344,"position":4},"title":"IU-Equo denuncia falta de transparencia en la gesti\u00f3n de Luisa Garc\u00eda Chamorro","author":"Izquierda Unida Motril","date":"18 septiembre, 2019","format":false,"excerpt":"Tres meses despu\u00e9s de su llegada al gobierno, no se han publicado en la web de transparencia municipal, como es preceptivo, el sueldo de la alcaldesa y de los concejales y concejales, ni tampoco el del personal eventual incorporado a determinados grupos pol\u00edticos. Un detalle, muy revelador de la actitud\u2026","rel":"","context":"En \u00abEST\u00c1 PASANDO\u00bb","block_context":{"text":"EST\u00c1 PASANDO","link":"https:\/\/iumotril.org\/sitio\/category\/esta-pasando\/"},"img":{"alt_text":"","src":"https:\/\/i0.wp.com\/iumotril.org\/sitio\/wp-content\/uploads\/2019\/09\/Inma-Omiste-y-Jose-Llorente-_18-septiembre-1024x768.jpg?resize=350%2C200","width":350,"height":200,"srcset":"https:\/\/i0.wp.com\/iumotril.org\/sitio\/wp-content\/uploads\/2019\/09\/Inma-Omiste-y-Jose-Llorente-_18-septiembre-1024x768.jpg?resize=350%2C200 1x, https:\/\/i0.wp.com\/iumotril.org\/sitio\/wp-content\/uploads\/2019\/09\/Inma-Omiste-y-Jose-Llorente-_18-septiembre-1024x768.jpg?resize=525%2C300 1.5x"},"classes":[]},{"id":5414,"url":"https:\/\/iumotril.org\/sitio\/iu-equo-rechaza-el-proyecto-de-presupuestos-municipales-al-considerar-que-responde-unicamente-a-los-intereses-politicos-de-garcia-chamorro\/","url_meta":{"origin":344,"position":5},"title":"IU-Equo rechaza el proyecto de Presupuestos Municipales al considerar que responde \u00fanicamente a los intereses pol\u00edticos de Garc\u00eda Chamorro","author":"Izquierda Unida Motril","date":"14 noviembre, 2019","format":false,"excerpt":"El proyecto de presupuestos no es bueno para Motril, ha afirmado la portavoz de IU-Equo. Realiza una previsi\u00f3n de ingresos imprudente y alejada de la realidad. Adem\u00e1s, deja sin atender, o lo hace de modo insuficiente, partidas de gasto como la educaci\u00f3n, la dependencia o el fomento del empleo que\u2026","rel":"","context":"En \u00abAyuntamiento\u00bb","block_context":{"text":"Ayuntamiento","link":"https:\/\/iumotril.org\/sitio\/category\/ayuntamiento\/"},"img":{"alt_text":"","src":"https:\/\/i0.wp.com\/iumotril.org\/sitio\/wp-content\/uploads\/2019\/11\/Jose-e-Inma-noviembre-1024x683.jpg?resize=350%2C200","width":350,"height":200,"srcset":"https:\/\/i0.wp.com\/iumotril.org\/sitio\/wp-content\/uploads\/2019\/11\/Jose-e-Inma-noviembre-1024x683.jpg?resize=350%2C200 1x, https:\/\/i0.wp.com\/iumotril.org\/sitio\/wp-content\/uploads\/2019\/11\/Jose-e-Inma-noviembre-1024x683.jpg?resize=525%2C300 1.5x"},"classes":[]}],"jetpack_likes_enabled":true,"_links":{"self":[{"href":"https:\/\/iumotril.org\/sitio\/wp-json\/wp\/v2\/posts\/344","targetHints":{"allow":["GET"]}}],"collection":[{"href":"https:\/\/iumotril.org\/sitio\/wp-json\/wp\/v2\/posts"}],"about":[{"href":"https:\/\/iumotril.org\/sitio\/wp-json\/wp\/v2\/types\/post"}],"author":[{"embeddable":true,"href":"https:\/\/iumotril.org\/sitio\/wp-json\/wp\/v2\/users\/1"}],"replies":[{"embeddable":true,"href":"https:\/\/iumotril.org\/sitio\/wp-json\/wp\/v2\/comments?post=344"}],"version-history":[{"count":1,"href":"https:\/\/iumotril.org\/sitio\/wp-json\/wp\/v2\/posts\/344\/revisions"}],"predecessor-version":[{"id":345,"href":"https:\/\/iumotril.org\/sitio\/wp-json\/wp\/v2\/posts\/344\/revisions\/345"}],"wp:attachment":[{"href":"https:\/\/iumotril.org\/sitio\/wp-json\/wp\/v2\/media?parent=344"}],"wp:term":[{"taxonomy":"category","embeddable":true,"href":"https:\/\/iumotril.org\/sitio\/wp-json\/wp\/v2\/categories?post=344"},{"taxonomy":"post_tag","embeddable":true,"href":"https:\/\/iumotril.org\/sitio\/wp-json\/wp\/v2\/tags?post=344"}],"curies":[{"name":"wp","href":"https:\/\/api.w.org\/{rel}","templated":true}]}}