{"id":340,"date":"2014-11-20T17:08:48","date_gmt":"2014-11-20T16:08:48","guid":{"rendered":"http:\/\/iumotril.org\/sitio\/?p=340"},"modified":"2014-11-20T13:12:22","modified_gmt":"2014-11-20T12:12:22","slug":"340","status":"publish","type":"post","link":"https:\/\/iumotril.org\/sitio\/340\/","title":{"rendered":""},"content":{"rendered":"<p>La formaci\u00f3n de izquierdas ha emplazado al PP Motril a que devuelva\u00a0 a los trabajadores p\u00fablicos la paga extra que fue suprimida del 2012, siguiendo el ejemplo del Gobierno de Rajoy que ha anunciado que va a devolver el 25% de dicha paga a los trabajadores de su \u00e1mbito.<\/p>\n<p>\u201cSolicitamos la devoluci\u00f3n porque tras escuchar las declaraciones del Tte. Alcalde de Econom\u00eda donde afirmaba que el Ayuntamiento se encontraba en estabilidad presupuestaria e incluso con super\u00e1vit, gracias a que los dur\u00edsimos recortes impuestos en nuestro Ayuntamiento a cargo del Plan de Ajuste estaban comenzando a dar sus frutos. Pues que mejor que devolver parte de la paga para demostrar la veracidad de estos datos\u201d. Ha manifestado Paqu\u00e9. <a href=\"https:\/\/iumotril.org\/sitio\/wp-content\/uploads\/2014\/10\/daniela-IV.jpg\"><img loading=\"lazy\" decoding=\"async\" data-attachment-id=\"183\" data-permalink=\"https:\/\/iumotril.org\/sitio\/el-pp-continua-exprimiendo-el-bolsillo-a-los-motrilens\/daniela-iv\/\" data-orig-file=\"https:\/\/iumotril.org\/sitio\/wp-content\/uploads\/2014\/10\/daniela-IV.jpg\" data-orig-size=\"4143,2882\" data-comments-opened=\"1\" data-image-meta=\"{&quot;aperture&quot;:&quot;0&quot;,&quot;credit&quot;:&quot;&quot;,&quot;camera&quot;:&quot;&quot;,&quot;caption&quot;:&quot;&quot;,&quot;created_timestamp&quot;:&quot;0&quot;,&quot;copyright&quot;:&quot;&quot;,&quot;focal_length&quot;:&quot;0&quot;,&quot;iso&quot;:&quot;0&quot;,&quot;shutter_speed&quot;:&quot;0&quot;,&quot;title&quot;:&quot;&quot;,&quot;orientation&quot;:&quot;0&quot;}\" data-image-title=\"daniela IV\" data-image-description=\"\" data-image-caption=\"\" data-large-file=\"https:\/\/iumotril.org\/sitio\/wp-content\/uploads\/2014\/10\/daniela-IV-1024x712.jpg\" class=\"aligncenter size-medium wp-image-183\" src=\"https:\/\/iumotril.org\/sitio\/wp-content\/uploads\/2014\/10\/daniela-IV-300x208.jpg\" alt=\"daniela IV\" width=\"300\" height=\"208\" \/><\/a> Paqu\u00e9 adem\u00e1s ha ironizado manifestando que \u201ceste hecho ser\u00eda un ejemplo de coherencia por parte del PP Motril ya que si el Gobierno Municipal se convirti\u00f3 en el alumno m\u00e1s aventajado de la pol\u00edtica de recortes y eliminaci\u00f3n de derechos sociales y laborales de Rajoy, ahora esperamos que contin\u00fae en la misma l\u00ednea a la hora de aplicar la reposici\u00f3n de derechos\u201d.<\/p>\n<p>La edil de izquierdas ha aclarado que esta misma petici\u00f3n se hace extensiva a la Junta de Andaluc\u00eda para que dentro de su \u00e1mbito reponga la paga extra y haga efectiva esta misma devoluci\u00f3n a sus empleados. \u201cYa que desde IU entendemos que la crisis no la pueden seguir pagando los trabajadores, mientras que los casos de financiaci\u00f3n irregular de partidos van en aumento, as\u00ed como los casos de corrupci\u00f3n\u201d.<\/p>\n<p>Motril 20 Noviembre de 2014<\/p>\n","protected":false},"excerpt":{"rendered":"<p>La formaci\u00f3n de izquierdas ha emplazado al PP Motril a [&hellip;]<\/p>\n","protected":false},"author":1,"featured_media":0,"comment_status":"open","ping_status":"open","sticky":false,"template":"","format":"standard","meta":{"cybocfi_hide_featured_image":"","_jetpack_newsletter_access":"","_jetpack_dont_email_post_to_subs":false,"_jetpack_newsletter_tier_id":0,"_jetpack_memberships_contains_paywalled_content":false,"_jetpack_memberships_contains_paid_content":false,"footnotes":""},"categories":[7],"tags":[],"class_list":["post-340","post","type-post","status-publish","format-standard","hentry","category-ayuntamiento"],"jetpack_featured_media_url":"","jetpack_sharing_enabled":true,"jetpack_shortlink":"https:\/\/wp.me\/s4QsU5-340","jetpack-related-posts":[{"id":373,"url":"https:\/\/iumotril.org\/sitio\/la-negativa-del-pp-motril-a-devolver-paga-extra-del-2012-deja-al-descubierto-la-desastrosa-situacion-economica-del-ayuntamiento\/","url_meta":{"origin":340,"position":0},"title":"LA NEGATIVA DEL PP MOTRIL A DEVOLVER PAGA EXTRA DEL 2012 DEJA AL DESCUBIERTO LA DESASTROSA SITUACI\u00d3N ECON\u00d3MICA DEL AYUNTAMIENTO.","author":"Izquierda Unida Motril","date":"9 diciembre, 2014","format":false,"excerpt":"En el pasado pleno municipal el Equipo de Gobierno Popular vot\u00f3 en contra de la propuesta de IU para que se devolviera a los empleados p\u00fablicos municipales la paga extra que fue suprimida del 2012, siguiendo el ejemplo del Gobierno de Rajoy que ha anunciado que va a devolver el\u2026","rel":"","context":"En \u00abSin categor\u00eda\u00bb","block_context":{"text":"Sin categor\u00eda","link":"https:\/\/iumotril.org\/sitio\/category\/sin-categoria\/"},"img":{"alt_text":"","src":"","width":0,"height":0},"classes":[]},{"id":514,"url":"https:\/\/iumotril.org\/sitio\/iu-denuncia-la-politica-discrecional-del-gobierno-de-garcia-chamorro-en-materia-de-personal\/","url_meta":{"origin":340,"position":1},"title":"IU denuncia la pol\u00edtica discrecional del Gobierno de Garc\u00eda Chamorro en materia de personal.","author":"Izquierda Unida Motril","date":"9 abril, 2015","format":false,"excerpt":"Daniela Paqu\u00e9, concejala de IU ha denunciado la pol\u00edtica de personal del PP Motril y califica como de desprop\u00f3sito que a menos de dos meses de las elecciones Municipales se modifique la relaci\u00f3n de puestos de trabajo del Ayuntamiento \u00a0 \u00abUna modificaci\u00f3n que no resulta ser fruto de las necesidades\u2026","rel":"","context":"En \u00abAyuntamiento\u00bb","block_context":{"text":"Ayuntamiento","link":"https:\/\/iumotril.org\/sitio\/category\/ayuntamiento\/"},"img":{"alt_text":"daniela IV","src":"https:\/\/i0.wp.com\/iumotril.org\/sitio\/wp-content\/uploads\/2014\/10\/daniela-IV-300x208.jpg?resize=350%2C200","width":350,"height":200},"classes":[]},{"id":495,"url":"https:\/\/iumotril.org\/sitio\/el-enfrentamiento-entre-junta-y-ayuntamiento-provoca-que-los-trabajadores-del-programa-30-no-cobren-sus-nominas\/","url_meta":{"origin":340,"position":2},"title":"El enfrentamiento entre Junta y Ayuntamiento provoca que los trabajadores del programa +30 no cobren sus n\u00f3minas","author":"Izquierda Unida Motril","date":"11 marzo, 2015","format":false,"excerpt":"Desde IU critican duramente la actitud del Gobierno Popular Motrile\u00f1o y la del Gobierno de la Junta de Andaluc\u00eda, ya que unos por omisi\u00f3n y otros por acci\u00f3n, est\u00e1n provocando un perjuicio a aquell@s trabajador@s que participan en el programa + 30 los cuales a\u00fan no han cobrado sus n\u00f3minas,\u2026","rel":"","context":"En \u00abSin categor\u00eda\u00bb","block_context":{"text":"Sin categor\u00eda","link":"https:\/\/iumotril.org\/sitio\/category\/sin-categoria\/"},"img":{"alt_text":"dani novj","src":"https:\/\/i0.wp.com\/iumotril.org\/sitio\/wp-content\/uploads\/2015\/01\/dani-novj-219x300.jpg?resize=350%2C200","width":350,"height":200},"classes":[]},{"id":1928,"url":"https:\/\/iumotril.org\/sitio\/izquierda-unida-presenta-al-pleno-una-mocion-para-la-recuperacion-de-los-derechos-de-los-empleados-y-las-empleadas-publicos-municipales\/","url_meta":{"origin":340,"position":3},"title":"IZQUIERDA UNIDA PRESENTA AL PLENO UNA MOCI\u00d3N PARA LA RECUPERACI\u00d3N DE LOS DERECHOS DE LOS EMPLEADOS Y LAS EMPLEADAS P\u00daBLICOS MUNICIPALES","author":"Izquierda Unida Motril","date":"3 marzo, 2016","format":false,"excerpt":"Adem\u00e1s de esta Moci\u00f3n, el Grupo Municipal de Izquierda Unida presenta otra solicitando la revocaci\u00f3n de la concesi\u00f3n de la parcela de dominio p\u00fablico municipal al Chiringuito Oleaje, por incumplimiento de las condiciones del contrato, y una moci\u00f3n adicional reclamando la elaboraci\u00f3n un proyecto de rehabilitaci\u00f3n integral de la F\u00e1brica\u2026","rel":"","context":"En \u00abEST\u00c1 PASANDO\u00bb","block_context":{"text":"EST\u00c1 PASANDO","link":"https:\/\/iumotril.org\/sitio\/category\/esta-pasando\/"},"img":{"alt_text":"Daniela Paqu\u00e9 promete su cargo como Concejalal del Ayuntamiento de Motril","src":"https:\/\/i0.wp.com\/iumotril.org\/sitio\/wp-content\/uploads\/2015\/06\/Daniela_5635-1024x682.jpg?resize=350%2C200","width":350,"height":200},"classes":[]},{"id":2122,"url":"https:\/\/iumotril.org\/sitio\/izquierda-unida-reclama-dialogo-y-responsabilidad-para-evitar-el-conflicto-laboral-en-el-ayuntamiento-de-motril\/","url_meta":{"origin":340,"position":4},"title":"Izquierda Unida reclama di\u00e1logo y responsabilidad para evitar el conflicto laboral en el Ayuntamiento de Motril","author":"Izquierda Unida Motril","date":"20 mayo, 2016","format":false,"excerpt":"Daniela Paqu\u00e9, portavoz del Grupo municipal de Izquierda Unida, ha reclamado di\u00e1logo y responsabilidad de las partes para alcanzar una pronta soluci\u00f3n que suponga la recuperaci\u00f3n de los derechos sociales y laborales que reclaman los trabajadores y trabajadoras. IU Motril ha criticado que la llegada del nuevo equipo de gobierno\u2026","rel":"","context":"En \u00abAyuntamiento\u00bb","block_context":{"text":"Ayuntamiento","link":"https:\/\/iumotril.org\/sitio\/category\/ayuntamiento\/"},"img":{"alt_text":"IMG_1855","src":"https:\/\/i0.wp.com\/iumotril.org\/sitio\/wp-content\/uploads\/2016\/05\/IMG_1855-1024x768.jpg?resize=350%2C200","width":350,"height":200,"srcset":"https:\/\/i0.wp.com\/iumotril.org\/sitio\/wp-content\/uploads\/2016\/05\/IMG_1855-1024x768.jpg?resize=350%2C200 1x, https:\/\/i0.wp.com\/iumotril.org\/sitio\/wp-content\/uploads\/2016\/05\/IMG_1855-1024x768.jpg?resize=525%2C300 1.5x"},"classes":[]},{"id":2627,"url":"https:\/\/iumotril.org\/sitio\/iu-reclama-la-contratacion-de-desempleados-por-el-ayuntamiento\/","url_meta":{"origin":340,"position":5},"title":"IU RECLAMA LA CONTRATACI\u00d3N DE DESEMPLEADOS POR EL AYUNTAMIENTO","author":"Izquierda Unida Motril","date":"16 diciembre, 2016","format":false,"excerpt":"La portavoz de Izquierda Unida ha puesto en duda la capacidad de la Concejala de empleo y formaci\u00f3n para resolver este proceso con las garant\u00edas necesarias, dadas las m\u00faltiples competencias de su \u00c1rea (Esc\u00e1mez tiene responsabilidades sobre la Polic\u00eda Municipal, Personal y R\u00e9gimen Interior, Movilidad, Empleo y Formaci\u00f3n) y teniendo\u2026","rel":"","context":"En \u00abEST\u00c1 PASANDO\u00bb","block_context":{"text":"EST\u00c1 PASANDO","link":"https:\/\/iumotril.org\/sitio\/category\/esta-pasando\/"},"img":{"alt_text":"","src":"https:\/\/i0.wp.com\/iumotril.org\/sitio\/wp-content\/uploads\/2016\/12\/Archivo_000-23-1024x768.jpeg?resize=350%2C200","width":350,"height":200,"srcset":"https:\/\/i0.wp.com\/iumotril.org\/sitio\/wp-content\/uploads\/2016\/12\/Archivo_000-23-1024x768.jpeg?resize=350%2C200 1x, https:\/\/i0.wp.com\/iumotril.org\/sitio\/wp-content\/uploads\/2016\/12\/Archivo_000-23-1024x768.jpeg?resize=525%2C300 1.5x"},"classes":[]}],"jetpack_likes_enabled":true,"_links":{"self":[{"href":"https:\/\/iumotril.org\/sitio\/wp-json\/wp\/v2\/posts\/340","targetHints":{"allow":["GET"]}}],"collection":[{"href":"https:\/\/iumotril.org\/sitio\/wp-json\/wp\/v2\/posts"}],"about":[{"href":"https:\/\/iumotril.org\/sitio\/wp-json\/wp\/v2\/types\/post"}],"author":[{"embeddable":true,"href":"https:\/\/iumotril.org\/sitio\/wp-json\/wp\/v2\/users\/1"}],"replies":[{"embeddable":true,"href":"https:\/\/iumotril.org\/sitio\/wp-json\/wp\/v2\/comments?post=340"}],"version-history":[{"count":3,"href":"https:\/\/iumotril.org\/sitio\/wp-json\/wp\/v2\/posts\/340\/revisions"}],"predecessor-version":[{"id":343,"href":"https:\/\/iumotril.org\/sitio\/wp-json\/wp\/v2\/posts\/340\/revisions\/343"}],"wp:attachment":[{"href":"https:\/\/iumotril.org\/sitio\/wp-json\/wp\/v2\/media?parent=340"}],"wp:term":[{"taxonomy":"category","embeddable":true,"href":"https:\/\/iumotril.org\/sitio\/wp-json\/wp\/v2\/categories?post=340"},{"taxonomy":"post_tag","embeddable":true,"href":"https:\/\/iumotril.org\/sitio\/wp-json\/wp\/v2\/tags?post=340"}],"curies":[{"name":"wp","href":"https:\/\/api.w.org\/{rel}","templated":true}]}}