{"id":3326,"date":"2018-01-22T18:47:42","date_gmt":"2018-01-22T17:47:42","guid":{"rendered":"http:\/\/iumotril.org\/sitio\/?p=3326"},"modified":"2018-01-22T18:47:42","modified_gmt":"2018-01-22T17:47:42","slug":"izquierda-unida-colectivos-sociales-y-organizaciones-humanitarias-rechazan-ante-el-eva-9-su-posible-utilizacion-como-centro-de-internamiento-de-inmigrantes","status":"publish","type":"post","link":"https:\/\/iumotril.org\/sitio\/izquierda-unida-colectivos-sociales-y-organizaciones-humanitarias-rechazan-ante-el-eva-9-su-posible-utilizacion-como-centro-de-internamiento-de-inmigrantes\/","title":{"rendered":"IZQUIERDA UNIDA, COLECTIVOS SOCIALES y ORGANIZACIONES HUMANITARIAS RECHAZAN ANTE EL EVA-9 SU POSIBLE UTILIZACI\u00d3N COMO CENTRO DE INTERNAMIENTO DE INMIGRANTES"},"content":{"rendered":"<p class=\"p1\"><strong><span class=\"s1\" style=\"color: #993300;\">Se han concentrado ante sus instalaciones para mostrar su oposici\u00f3n a las intenciones del gobierno de adaptarlas para su utilizaci\u00f3n como Centro de Internamiento de Inmigrantes. En la concentraci\u00f3n ha participado la parlamentaria andaluza de IU, Mari Carmen P\u00e9rez junto con representantes de colectivos sociales de Motril y de la plataforma CIES NO de Granada. La concentraci\u00f3n ha contado con el apoyo de la Asociaci\u00f3n Derechos Humanos e Inmigraci\u00f3n de Motril.<\/span><\/strong><\/p>\n<p class=\"p1\"><span class=\"s1\">Daniela Paqu\u00e9, portavoz de IU en el Ayuntamiento de Motril ha pedido a Flor Alm\u00f3n que no se queda callada y que defienda los intereses de los vecinos y vecinas de Motril que, su juicio, no quieren otro centro de internamiento en su ciudad. Ha criticado que son muchas las necesidades que tiene Motril y que no son atendidas por el gobierno de Espa\u00f1a, como la conservaci\u00f3n del litoral o la creaci\u00f3n de infraestructuras de <a href=\"https:\/\/iumotril.org\/sitio\/img_1962\/\"><img loading=\"lazy\" decoding=\"async\" data-attachment-id=\"3329\" data-permalink=\"https:\/\/iumotril.org\/sitio\/izquierda-unida-colectivos-sociales-y-organizaciones-humanitarias-rechazan-ante-el-eva-9-su-posible-utilizacion-como-centro-de-internamiento-de-inmigrantes\/img_1962\/\" data-orig-file=\"https:\/\/iumotril.org\/sitio\/wp-content\/uploads\/2018\/01\/IMG_1962.jpg\" data-orig-size=\"3264,2448\" data-comments-opened=\"1\" data-image-meta=\"{&quot;aperture&quot;:&quot;2.2&quot;,&quot;credit&quot;:&quot;&quot;,&quot;camera&quot;:&quot;iPhone 6&quot;,&quot;caption&quot;:&quot;&quot;,&quot;created_timestamp&quot;:&quot;1516619413&quot;,&quot;copyright&quot;:&quot;&quot;,&quot;focal_length&quot;:&quot;4.15&quot;,&quot;iso&quot;:&quot;32&quot;,&quot;shutter_speed&quot;:&quot;0.00025201612903226&quot;,&quot;title&quot;:&quot;&quot;,&quot;orientation&quot;:&quot;1&quot;}\" data-image-title=\"IMG_1962\" data-image-description=\"\" data-image-caption=\"\" data-large-file=\"https:\/\/iumotril.org\/sitio\/wp-content\/uploads\/2018\/01\/IMG_1962-1024x768.jpg\" class=\"size-medium wp-image-3329 alignleft\" src=\"https:\/\/iumotril.org\/sitio\/wp-content\/uploads\/2018\/01\/IMG_1962-300x225.jpg\" alt=\"\" width=\"300\" height=\"225\" srcset=\"https:\/\/iumotril.org\/sitio\/wp-content\/uploads\/2018\/01\/IMG_1962-300x225.jpg 300w, https:\/\/iumotril.org\/sitio\/wp-content\/uploads\/2018\/01\/IMG_1962-768x576.jpg 768w, https:\/\/iumotril.org\/sitio\/wp-content\/uploads\/2018\/01\/IMG_1962-1024x768.jpg 1024w\" sizes=\"auto, (max-width: 300px) 100vw, 300px\" \/><\/a>transporte, antes que la instalaci\u00f3n de este Centro que requerir\u00eda, adem\u00e1s, una cuantiosa inversi\u00f3n para su adaptaci\u00f3n a la funci\u00f3n que se pretende.<\/span><\/p>\n<p class=\"p1\"><span class=\"s1\">Mari Carmen P\u00e9rez, ha denunciado la pol\u00edtica migratoria del gobierno de Mariano Rajoy, autoritaria y represiva en su opini\u00f3n, que trata a las personas inmigrantes como a delincuentes. Ha reafirmado el compromiso de IU Andaluc\u00eda de utilizar todos los medios a su alcance para que no se ponga en marcha este nuevo CIE ni ning\u00fan otro en la provincia ni en la comunidad aut\u00f3noma. P\u00e9rez ha reclamado el cierre de todos los CIES existentes y la puesta en marcha de centros de acogida que tengan una funci\u00f3n integradora de las personas migrantes que llegan a nuestro pa\u00eds.<\/span><\/p>\n<p class=\"p1\"><span class=\"s1\">Por su parte, el portavoz de la Plataforma CIES, Miguel, ha manifestado tambi\u00e9n su oposici\u00f3n a la existencia de este tipo de centros en nuestro pa\u00eds, criticando, adem\u00e1s, que el Ayuntamiento de Motril haya permitido recientemente el traslado en autobuses, sin asistencia alguna, de decenas de inmigrantes desde Motril a Granada, dej\u00e1ndolos a su suerte.<\/span><\/p>\n<p class=\"p1\"><span class=\"s1\">La Asociaci\u00f3n Derechos Humanos e Inmigraci\u00f3n de Motril se ha sumado al rechazo a la instalaci\u00f3n de un nuevo CIE en Motril. <\/span><\/p>\n","protected":false},"excerpt":{"rendered":"<p>Mari Carmen P\u00e9rez, ha denunciado la pol\u00edtica migratoria del gobierno de Mariano Rajoy, autoritaria y represiva en su opini\u00f3n, que trata a las personas inmigrantes como a delincuentes. Ha reafirmado el compromiso de IU Andaluc\u00eda de utilizar todos los medios a su alcance para que no se ponga en marcha este nuevo CIE ni ning\u00fan otro en la provincia ni en la comunidad aut\u00f3noma. P\u00e9rez ha reclamado el cierre de todos los CIES existentes y la puesta en marcha de centros de acogida que tengan una funci\u00f3n integradora de las personas migrantes que llegan a nuestro pa\u00eds.<\/p>\n","protected":false},"author":1,"featured_media":0,"comment_status":"open","ping_status":"open","sticky":false,"template":"","format":"standard","meta":{"cybocfi_hide_featured_image":"","_jetpack_newsletter_access":"","_jetpack_dont_email_post_to_subs":false,"_jetpack_newsletter_tier_id":0,"_jetpack_memberships_contains_paywalled_content":false,"_jetpack_memberships_contains_paid_content":false,"footnotes":""},"categories":[265],"tags":[892,627,890,629,891,240],"class_list":["post-3326","post","type-post","status-publish","format-standard","hentry","category-esta-pasando","tag-acogida","tag-cies","tag-eva-9","tag-inmigrantes","tag-personas-migrantes","tag-refugiados"],"jetpack_featured_media_url":"","jetpack_sharing_enabled":true,"jetpack_shortlink":"https:\/\/wp.me\/p4QsU5-RE","jetpack-related-posts":[{"id":3296,"url":"https:\/\/iumotril.org\/sitio\/izquierda-unida-recha-la-instalacion-de-un-nuevo-centro-de-internamiento-de-inmigrantes-en-en-motril\/","url_meta":{"origin":3326,"position":0},"title":"IZQUIERDA UNIDA RECHAZA LA INSTALACI\u00d3N DE UN NUEVO CENTRO DE INTERNAMIENTO DE INMIGRANTES EN EN MOTRIL","author":"Izquierda Unida Motril","date":"19 enero, 2018","format":false,"excerpt":"Izquierda Unida llamar\u00e1 a la movilizaci\u00f3n de los vecinos y vecinas de Motril y de los colectivos y organizaciones sociales para manifestar su oposici\u00f3n y su rechazo a la existencia de centros de internamiento de inmigrantes, en Motril, en Andaluc\u00eda y en Espa\u00f1a.\u00a0Izquierda Unida rechaza de plano la pol\u00edtica migratoria\u2026","rel":"","context":"En \u00abEST\u00c1 PASANDO\u00bb","block_context":{"text":"EST\u00c1 PASANDO","link":"https:\/\/iumotril.org\/sitio\/category\/esta-pasando\/"},"img":{"alt_text":"","src":"https:\/\/i0.wp.com\/iumotril.org\/sitio\/wp-content\/uploads\/2018\/01\/inmigrantes_motril_3-248x300.jpg?resize=350%2C200","width":350,"height":200},"classes":[]},{"id":2483,"url":"https:\/\/iumotril.org\/sitio\/izquierda-unida-propone-visitar-el-centro-de-estancia-temporal-de-inmigrantes-de-motril\/","url_meta":{"origin":3326,"position":1},"title":"IZQUIERDA UNIDA PROPONE VISITAR EL CENTRO DE ESTANCIA TEMPORAL DE INMIGRANTES DE MOTRIL","author":"Izquierda Unida Motril","date":"2 noviembre, 2016","format":false,"excerpt":"Izquierda Unida, como muchas otras organizaciones humanitarias y de defensa de los derechos humanos, se opone firmemente al uso del internamiento de personas migrantes como m\u00e9todo de control migratorio. El internamiento debe ser siempre evitable y descartado cuando estamos ante personas vulnerables, mujeres v\u00edctimas de trata, ni\u00f1os y ni\u00f1as.","rel":"","context":"En \u00abEST\u00c1 PASANDO\u00bb","block_context":{"text":"EST\u00c1 PASANDO","link":"https:\/\/iumotril.org\/sitio\/category\/esta-pasando\/"},"img":{"alt_text":"cies","src":"https:\/\/i0.wp.com\/iumotril.org\/sitio\/wp-content\/uploads\/2016\/11\/cies.jpg?resize=350%2C200","width":350,"height":200},"classes":[]},{"id":4068,"url":"https:\/\/iumotril.org\/sitio\/izquierda-unida-denuncia-que-no-se-le-permite-visitar-las-instalaciones-del-centro-de-inmigrantes-del-puerto-de-motril\/","url_meta":{"origin":3326,"position":2},"title":"Izquierda Unida denuncia que no se le permite visitar las instalaciones del Centro de Inmigrantes del Puerto de Motril","author":"Izquierda Unida Motril","date":"9 octubre, 2018","format":false,"excerpt":"Izquierda Unida reclama al Ayuntamiento de Motril la puesta en marcha de un Protocolo de emergencia ante la llegada masiva de pateras (Pecol)\u00a0 con el objetivo de articular una acogida colectiva de personas migrantes de manera organizada y profesional, un modelo impulsado por el Ayuntamiento de Granada que est\u00e1 dando\u2026","rel":"","context":"En \u00abEST\u00c1 PASANDO\u00bb","block_context":{"text":"EST\u00c1 PASANDO","link":"https:\/\/iumotril.org\/sitio\/category\/esta-pasando\/"},"img":{"alt_text":"Inmigrantes","src":"https:\/\/i0.wp.com\/iumotril.org\/sitio\/wp-content\/uploads\/2018\/08\/inmigrantes-300x200.jpg?resize=350%2C200","width":350,"height":200},"classes":[]},{"id":3683,"url":"https:\/\/iumotril.org\/sitio\/se-quiere-utilizar-la-llegada-de-inmigrantes-para-alentar-el-racismo-y-la-xenofobia\/","url_meta":{"origin":3326,"position":3},"title":"Se quiere utilizar la llegada de inmigrantes para alentar el racismo y la xenofobia","author":"Izquierda Unida Motril","date":"29 junio, 2018","format":false,"excerpt":"Daniela Paqu\u00e9 ha defendido la necesidad de que la acogida y la atenci\u00f3n a los inmigrantes se haga desde el respeto a la dignidad de las personas y a los derechos humanos, por lo que ha ratificado el rechazo de Izquierda Unida al modelo que suponen los CIEs y los\u2026","rel":"","context":"En \u00abEST\u00c1 PASANDO\u00bb","block_context":{"text":"EST\u00c1 PASANDO","link":"https:\/\/iumotril.org\/sitio\/category\/esta-pasando\/"},"img":{"alt_text":"","src":"https:\/\/i0.wp.com\/iumotril.org\/sitio\/wp-content\/uploads\/2018\/06\/Inmigracion_29-junio-e1530267007244-225x300.jpg?resize=350%2C200","width":350,"height":200},"classes":[]},{"id":3006,"url":"https:\/\/iumotril.org\/sitio\/el-paripe-del-consejo-economico-y-social-de-motril\/","url_meta":{"origin":3326,"position":4},"title":"EL PARIP\u00c9 DEL CONSEJO ECON\u00d3MICO Y SOCIAL DE MOTRIL.","author":"Izquierda Unida Motril","date":"24 julio, 2017","format":false,"excerpt":"Un parip\u00e9, en palabras de la representante de Izquierda Unida en el Consejo, Daniela Paqu\u00e9, para la que la convocatoria del CESMO no ha tenido otro objetivo que hacerse una foto con colectivos afines y confundir interesadamente a la ciudadan\u00eda. La representante de IU ha denunciado que se incorporan nuevos\u2026","rel":"","context":"En \u00abEST\u00c1 PASANDO\u00bb","block_context":{"text":"EST\u00c1 PASANDO","link":"https:\/\/iumotril.org\/sitio\/category\/esta-pasando\/"},"img":{"alt_text":"","src":"https:\/\/i0.wp.com\/iumotril.org\/sitio\/wp-content\/uploads\/2017\/07\/Foto-de-Familia-de-los-miembros-del-Consejo-Econ%C3%B3mico-y-Social-998x483.jpg?resize=350%2C200","width":350,"height":200,"srcset":"https:\/\/i0.wp.com\/iumotril.org\/sitio\/wp-content\/uploads\/2017\/07\/Foto-de-Familia-de-los-miembros-del-Consejo-Econ%C3%B3mico-y-Social-998x483.jpg?resize=350%2C200 1x, https:\/\/i0.wp.com\/iumotril.org\/sitio\/wp-content\/uploads\/2017\/07\/Foto-de-Familia-de-los-miembros-del-Consejo-Econ%C3%B3mico-y-Social-998x483.jpg?resize=525%2C300 1.5x"},"classes":[]},{"id":4178,"url":"https:\/\/iumotril.org\/sitio\/acogida-de-migrantes-racismo-mentiras-y-solidaridad\/","url_meta":{"origin":3326,"position":5},"title":"Acogida de Migrantes: Racismo, Mentiras y Solidaridad","author":"Izquierda Unida Motril","date":"20 noviembre, 2018","format":false,"excerpt":"Lo seguiremos haciendo por que tenemos memoria y recordamos que hemos sido y somos un pa\u00eds de emigrantes. No somos capaces de mirar para otro lado, cuando la gente joven, nuestros hijos e hijas, nuestros sobrinos, nuestras nietas y nietos han tenido que salir a buscar un proyecto de vida\u2026","rel":"","context":"En \u00abEST\u00c1 PASANDO\u00bb","block_context":{"text":"EST\u00c1 PASANDO","link":"https:\/\/iumotril.org\/sitio\/category\/esta-pasando\/"},"img":{"alt_text":"Migrantes marroqu\u00edes acogidos en sede IU Motril","src":"https:\/\/i0.wp.com\/iumotril.org\/sitio\/wp-content\/uploads\/2018\/11\/Migrantes-en-sede-300x225.jpg?resize=350%2C200","width":350,"height":200},"classes":[]}],"jetpack_likes_enabled":true,"_links":{"self":[{"href":"https:\/\/iumotril.org\/sitio\/wp-json\/wp\/v2\/posts\/3326","targetHints":{"allow":["GET"]}}],"collection":[{"href":"https:\/\/iumotril.org\/sitio\/wp-json\/wp\/v2\/posts"}],"about":[{"href":"https:\/\/iumotril.org\/sitio\/wp-json\/wp\/v2\/types\/post"}],"author":[{"embeddable":true,"href":"https:\/\/iumotril.org\/sitio\/wp-json\/wp\/v2\/users\/1"}],"replies":[{"embeddable":true,"href":"https:\/\/iumotril.org\/sitio\/wp-json\/wp\/v2\/comments?post=3326"}],"version-history":[{"count":3,"href":"https:\/\/iumotril.org\/sitio\/wp-json\/wp\/v2\/posts\/3326\/revisions"}],"predecessor-version":[{"id":3333,"href":"https:\/\/iumotril.org\/sitio\/wp-json\/wp\/v2\/posts\/3326\/revisions\/3333"}],"wp:attachment":[{"href":"https:\/\/iumotril.org\/sitio\/wp-json\/wp\/v2\/media?parent=3326"}],"wp:term":[{"taxonomy":"category","embeddable":true,"href":"https:\/\/iumotril.org\/sitio\/wp-json\/wp\/v2\/categories?post=3326"},{"taxonomy":"post_tag","embeddable":true,"href":"https:\/\/iumotril.org\/sitio\/wp-json\/wp\/v2\/tags?post=3326"}],"curies":[{"name":"wp","href":"https:\/\/api.w.org\/{rel}","templated":true}]}}