{"id":331,"date":"2014-11-18T14:30:01","date_gmt":"2014-11-18T13:30:01","guid":{"rendered":"http:\/\/iumotril.org\/sitio\/?p=331"},"modified":"2014-11-18T13:19:41","modified_gmt":"2014-11-18T12:19:41","slug":"la-alcaldesa-tambien-la-lia-con-los-vendedores-ambulantes","status":"publish","type":"post","link":"https:\/\/iumotril.org\/sitio\/la-alcaldesa-tambien-la-lia-con-los-vendedores-ambulantes\/","title":{"rendered":"LA ALCALDESA TAMBI\u00c9N LA L\u00cdA CON LOS VENDEDORES AMBULANTES"},"content":{"rendered":"<p><a href=\"https:\/\/iumotril.org\/sitio\/wp-content\/uploads\/2014\/11\/IMG_20141118_100826.jpg\"><img loading=\"lazy\" decoding=\"async\" data-attachment-id=\"332\" data-permalink=\"https:\/\/iumotril.org\/sitio\/la-alcaldesa-tambien-la-lia-con-los-vendedores-ambulantes\/img_20141118_100826\/\" data-orig-file=\"https:\/\/iumotril.org\/sitio\/wp-content\/uploads\/2014\/11\/IMG_20141118_100826.jpg\" data-orig-size=\"4224,3168\" data-comments-opened=\"1\" data-image-meta=\"{&quot;aperture&quot;:&quot;2.2&quot;,&quot;credit&quot;:&quot;&quot;,&quot;camera&quot;:&quot;Aquaris E5 HD&quot;,&quot;caption&quot;:&quot;&quot;,&quot;created_timestamp&quot;:&quot;1416301707&quot;,&quot;copyright&quot;:&quot;&quot;,&quot;focal_length&quot;:&quot;3.5&quot;,&quot;iso&quot;:&quot;115&quot;,&quot;shutter_speed&quot;:&quot;0.005674&quot;,&quot;title&quot;:&quot;&quot;,&quot;orientation&quot;:&quot;1&quot;}\" data-image-title=\"IMG_20141118_100826\" data-image-description=\"\" data-image-caption=\"\" data-large-file=\"https:\/\/iumotril.org\/sitio\/wp-content\/uploads\/2014\/11\/IMG_20141118_100826-1024x768.jpg\" class=\"aligncenter  wp-image-332\" src=\"https:\/\/iumotril.org\/sitio\/wp-content\/uploads\/2014\/11\/IMG_20141118_100826-300x225.jpg\" alt=\"IMG_20141118_100826\" width=\"324\" height=\"217\" \/><\/a><\/p>\n<p>La decisi\u00f3n unilateral de Gobierno Municipal de reubicar el mercado de la Rambla de los \u00c1lamos en la Ronda de Levante ha levantado ampollas entre los vendedores ambulantes que esta ma\u00f1ana se han concentrado en las puertas del Ayuntamiento para pedir una reuni\u00f3n con la Alcaldesa donde trasladarle sus protestas por una decisi\u00f3n que les perjudica.<\/p>\n<p>\u00abCon la excusa de las supuestas mejoras del carril bici de la Rambla de los \u00c1lamos ,- y digo supuestas porque a tenor de las \u00faltimas obras realizadas por el Gobierno Popular nos podemos esperar cualquier desastre-, Garc\u00eda Chamorro la ha vuelto a liar cambiando el sitio del mercadillo. Vuelve a imponer decisiones arbitrarias que provocan la asfixia de los que menos tienen. Una nueva vuelta de tuerca de la pol\u00edtica del ordeno y mando del PP\u00bb.<\/p>\n<p>Paqu\u00e9 ha explicado algunas de las quejas de los vendedores respecto la nueva ubicaci\u00f3n, siendo la principal la lejan\u00eda con respecto del centro: \u00abSi las ventas ya eran bajas en la Rambla de los \u00c1lamos, ahora que van a estar a\u00fan m\u00e1s lejos, muchos temen que las ventas caigan en picado, algo que provocar\u00e1 la pr\u00e1ctica quiebra de muchos de ellos. Adem\u00e1s el nuevo espacio que el Gobierno Municipal ha impuesto no tiene ni las dimensiones ni los accesos necesarios para instalar el mercado, ya que existe una mediana con jardineras que puede provocar ca\u00eddas y un h\u00e1ndicap a la hora de trasladar las mercanc\u00edas, adem\u00e1s los metros de profundidad con los que cuenta cada puesto no son suficientes\u00bb.<\/p>\n<p>La representante de IU tiene claro cu\u00e1l deb\u00eda haber sido el procedimiento llevado a cabo por Garc\u00eda Chamorro: \u00abLa Alcaldesa deber\u00eda haberse reunido previamente con los vendedores para buscar un consenso sobre el cambio de ubicaci\u00f3n y para informarles si el cambio es definitivo o temporal. Pero la prepotencia con la que gobiernan les lleva a provocar situaciones que pod\u00eda haberse evitado, prefiere imponer de forma coercitiva el cambio de sitio bajo amenaza de multa para aquellos que instalasen sus puestos en la Rambla de los \u00c1lamos, cerrar las puertas del Ayuntamiento y plagarlo de polic\u00edas locales antes que reunirse con los ciuadan@s afectados. No se puede gobernar peor una ciudad ni queriendo\u00bb. Ha sentenciado Paqu\u00e9<\/p>\n<p>\u00abEl PP no gobierna para favorecer a la clase trabajadora ni para ayudar a las familias m\u00e1s necesitadas, el PP gobierna para favorecer a los mismos de siempre, para fomentar la brecha de las desigualdades en nuestra ciudad, convertida por culpa del PP en una ciudad en decadencia y sin futuro\u00bb.<\/p>\n","protected":false},"excerpt":{"rendered":"<p>La decisi\u00f3n unilateral de Gobierno Municipal de reubicar el mercado [&hellip;]<\/p>\n","protected":false},"author":1,"featured_media":0,"comment_status":"open","ping_status":"open","sticky":false,"template":"","format":"standard","meta":{"cybocfi_hide_featured_image":"","_jetpack_newsletter_access":"","_jetpack_dont_email_post_to_subs":false,"_jetpack_newsletter_tier_id":0,"_jetpack_memberships_contains_paywalled_content":false,"_jetpack_memberships_contains_paid_content":false,"footnotes":""},"categories":[7],"tags":[],"class_list":["post-331","post","type-post","status-publish","format-standard","hentry","category-ayuntamiento"],"jetpack_featured_media_url":"","jetpack_sharing_enabled":true,"jetpack_shortlink":"https:\/\/wp.me\/p4QsU5-5l","jetpack-related-posts":[{"id":7473,"url":"https:\/\/iumotril.org\/sitio\/iu-equo-reclama-al-gobierno-local-actuaciones-de-mejora-en-el-barrio-de-los-alamos\/","url_meta":{"origin":331,"position":0},"title":"IU-Equo reclama al gobierno local actuaciones de mejora en el barrio de los \u00c1lamos","author":"Izquierda Unida Motril","date":"26 mayo, 2021","format":false,"excerpt":"La portavoz de IU-Equo, Inma Omiste, ha se\u00f1alado que, a pesar de ser uno de los barrios m\u00e1s poblados de Motril, el barrio de los \u00c1lamos no est\u00e1 mereciendo de parte del Ayuntamiento la atenci\u00f3n necesaria para su conservaci\u00f3n, mantenimiento y, en definitiva, para su mejora. Una falta de actuaciones\u2026","rel":"","context":"En \u00abEST\u00c1 PASANDO\u00bb","block_context":{"text":"EST\u00c1 PASANDO","link":"https:\/\/iumotril.org\/sitio\/category\/esta-pasando\/"},"img":{"alt_text":"","src":"https:\/\/i0.wp.com\/iumotril.org\/sitio\/wp-content\/uploads\/2021\/05\/iNMA-oMISTE-26-MAYO-1024x768.jpg?resize=350%2C200","width":350,"height":200,"srcset":"https:\/\/i0.wp.com\/iumotril.org\/sitio\/wp-content\/uploads\/2021\/05\/iNMA-oMISTE-26-MAYO-1024x768.jpg?resize=350%2C200 1x, https:\/\/i0.wp.com\/iumotril.org\/sitio\/wp-content\/uploads\/2021\/05\/iNMA-oMISTE-26-MAYO-1024x768.jpg?resize=525%2C300 1.5x"},"classes":[]},{"id":10914,"url":"https:\/\/iumotril.org\/sitio\/izquierda-unida-denuncia-el-deterioro-de-las-aceras-en-la-calle-chile-y-la-inaccion-del-equipo-de-gobierno\/","url_meta":{"origin":331,"position":1},"title":"Izquierda Unida denuncia el deterioro de las aceras en la Calle Chile y la inacci\u00f3n del equipo de gobierno","author":"Izquierda Unida Motril","date":"22 diciembre, 2025","format":false,"excerpt":"Izquierda Unida ha exigido a la alcaldesa que deje de lado las falacias y cumpla con los vecinos y vecinas de todos los barrios, no s\u00f3lo de determinadas zonas. Reclaman la reparaci\u00f3n inmediata de los desperfectos de la Calle Chile, de la Rambla de Los \u00c1lamos, as\u00ed como de las\u2026","rel":"","context":"En \u00abAyuntamiento\u00bb","block_context":{"text":"Ayuntamiento","link":"https:\/\/iumotril.org\/sitio\/category\/ayuntamiento\/"},"img":{"alt_text":"","src":"https:\/\/i0.wp.com\/iumotril.org\/sitio\/wp-content\/uploads\/2025\/12\/Ana-H-Chile.jpeg?resize=350%2C200&ssl=1","width":350,"height":200,"srcset":"https:\/\/i0.wp.com\/iumotril.org\/sitio\/wp-content\/uploads\/2025\/12\/Ana-H-Chile.jpeg?resize=350%2C200&ssl=1 1x, https:\/\/i0.wp.com\/iumotril.org\/sitio\/wp-content\/uploads\/2025\/12\/Ana-H-Chile.jpeg?resize=525%2C300&ssl=1 1.5x, https:\/\/i0.wp.com\/iumotril.org\/sitio\/wp-content\/uploads\/2025\/12\/Ana-H-Chile.jpeg?resize=700%2C400&ssl=1 2x, https:\/\/i0.wp.com\/iumotril.org\/sitio\/wp-content\/uploads\/2025\/12\/Ana-H-Chile.jpeg?resize=1050%2C600&ssl=1 3x"},"classes":[]},{"id":10659,"url":"https:\/\/iumotril.org\/sitio\/izquierda-unida-verdes-equo-denuncia-el-pesimo-estado-de-los-parques-infantiles-del-barrio-de-los-alamos\/","url_meta":{"origin":331,"position":2},"title":"Izquierda Unida Verdes Equo denuncia el p\u00e9simo estado de los Parques Infantiles del barrio de los \u00c1lamos","author":"Izquierda Unida Motril","date":"12 junio, 2025","format":false,"excerpt":"En la Rambla de los \u00c1lamos en general el estado de conservaci\u00f3n, limpieza y mantenimiento es nefasto y los vecinos tienen razones m\u00e1s que suficientes para sentirse abandonados, esto no lo va a tapar el gobierno de las derechas ni con fotos ni con publirreportajes, porque estos barrios viven en\u2026","rel":"","context":"En \u00abBarrios\u00bb","block_context":{"text":"Barrios","link":"https:\/\/iumotril.org\/sitio\/category\/barrios\/"},"img":{"alt_text":"","src":"https:\/\/i0.wp.com\/iumotril.org\/sitio\/wp-content\/uploads\/2025\/06\/IMG_2791-scaled.jpg?resize=350%2C200&ssl=1","width":350,"height":200,"srcset":"https:\/\/i0.wp.com\/iumotril.org\/sitio\/wp-content\/uploads\/2025\/06\/IMG_2791-scaled.jpg?resize=350%2C200&ssl=1 1x, https:\/\/i0.wp.com\/iumotril.org\/sitio\/wp-content\/uploads\/2025\/06\/IMG_2791-scaled.jpg?resize=525%2C300&ssl=1 1.5x, https:\/\/i0.wp.com\/iumotril.org\/sitio\/wp-content\/uploads\/2025\/06\/IMG_2791-scaled.jpg?resize=700%2C400&ssl=1 2x, https:\/\/i0.wp.com\/iumotril.org\/sitio\/wp-content\/uploads\/2025\/06\/IMG_2791-scaled.jpg?resize=1050%2C600&ssl=1 3x, https:\/\/i0.wp.com\/iumotril.org\/sitio\/wp-content\/uploads\/2025\/06\/IMG_2791-scaled.jpg?resize=1400%2C800&ssl=1 4x"},"classes":[]},{"id":10052,"url":"https:\/\/iumotril.org\/sitio\/iu-verdes-equo-critica-el-retraso-de-la-puesta-en-marcha-del-centro-para-la-juventud-formacion-y-empleo-en-la-rambla-de-los-alamos\/","url_meta":{"origin":331,"position":3},"title":"IU-Verdes Equo critica el retraso de la puesta en marcha del Centro para la Juventud, Formaci\u00f3n y Empleo en la Rambla de los \u00c1lamos","author":"Izquierda Unida Motril","date":"16 julio, 2024","format":false,"excerpt":"La realidad de todo ese gran anuncio es un edificio cerrado.-ha declarado el portavoz de Juventud, Christian linares-. Esta situaci\u00f3n no solo refleja una falta de compromiso con la juventud, sino tambi\u00e9n una grave carencia en la planificaci\u00f3n y ejecuci\u00f3n de pol\u00edticas que verdaderamente beneficien a nuestra comunidad Y, por\u2026","rel":"","context":"En \u00abAyuntamiento\u00bb","block_context":{"text":"Ayuntamiento","link":"https:\/\/iumotril.org\/sitio\/category\/ayuntamiento\/"},"img":{"alt_text":"","src":"https:\/\/i0.wp.com\/iumotril.org\/sitio\/wp-content\/uploads\/2024\/07\/Centro-juventud-y-empleo-los-Alamos.jpeg?resize=350%2C200&ssl=1","width":350,"height":200,"srcset":"https:\/\/i0.wp.com\/iumotril.org\/sitio\/wp-content\/uploads\/2024\/07\/Centro-juventud-y-empleo-los-Alamos.jpeg?resize=350%2C200&ssl=1 1x, https:\/\/i0.wp.com\/iumotril.org\/sitio\/wp-content\/uploads\/2024\/07\/Centro-juventud-y-empleo-los-Alamos.jpeg?resize=525%2C300&ssl=1 1.5x, https:\/\/i0.wp.com\/iumotril.org\/sitio\/wp-content\/uploads\/2024\/07\/Centro-juventud-y-empleo-los-Alamos.jpeg?resize=700%2C400&ssl=1 2x, https:\/\/i0.wp.com\/iumotril.org\/sitio\/wp-content\/uploads\/2024\/07\/Centro-juventud-y-empleo-los-Alamos.jpeg?resize=1050%2C600&ssl=1 3x"},"classes":[]},{"id":254,"url":"https:\/\/iumotril.org\/sitio\/izquierda-unida-considera-el-cambio-de-actitud-del-pp-con-la-poblacion-rumana-como-de-interesado\/","url_meta":{"origin":331,"position":4},"title":"IZQUIERDA UNIDA CONSIDERA EL CAMBIO DE ACTITUD DEL PP CON LA POBLACI\u00d3N RUMANA COMO DE INTERESADO","author":"Izquierda Unida Motril","date":"22 octubre, 2014","format":false,"excerpt":"IU Motril ha aplaudido el anuncio realizado por la Alcaldesa que en el centro intercultural de Los \u00c1lamos se instalar\u00e1 una mesa electoral para los comicios a la presidencia de Ruman\u00eda, pero ve con recelo el cambio de actitud del PP con los ciudadan@s ruman@s, y se muestra convencida que\u2026","rel":"","context":"En \u00abSin categor\u00eda\u00bb","block_context":{"text":"Sin categor\u00eda","link":"https:\/\/iumotril.org\/sitio\/category\/sin-categoria\/"},"img":{"alt_text":"daniela","src":"https:\/\/i0.wp.com\/iumotril.org\/sitio\/wp-content\/uploads\/2014\/07\/daniela.jpg?resize=350%2C200","width":350,"height":200},"classes":[]},{"id":108,"url":"https:\/\/iumotril.org\/sitio\/denunciamos-el-estado-de-suciedad-de-las-calles-de-motril\/","url_meta":{"origin":331,"position":5},"title":"DENUNCIAMOS EL ESTADO DE SUCIEDAD DE LAS CALLES DE MOTRIL","author":"Izquierda Unida Motril","date":"15 septiembre, 2014","format":false,"excerpt":"Daniela Paqu\u00e9, concejala de IU en el Ayuntamiento de Motril, ha denunciado el estado de abandono y acumulaci\u00f3n de suciedad en determinadas zonas de la ciudad, dando una \u00abimagen lamentable\u00bb, ejemplo de la mala gesti\u00f3n del PP, \u00abporque para lograr que Motril sea referente tur\u00edstico, algo que pretende y vende\u2026","rel":"","context":"En \u00abSin categor\u00eda\u00bb","block_context":{"text":"Sin categor\u00eda","link":"https:\/\/iumotril.org\/sitio\/category\/sin-categoria\/"},"img":{"alt_text":"rambla alamos 2013 002","src":"https:\/\/i0.wp.com\/iumotril.org\/sitio\/wp-content\/uploads\/2014\/09\/rambla-alamos-2013-002-300x200.jpg?resize=350%2C200","width":350,"height":200},"classes":[]}],"jetpack_likes_enabled":true,"_links":{"self":[{"href":"https:\/\/iumotril.org\/sitio\/wp-json\/wp\/v2\/posts\/331","targetHints":{"allow":["GET"]}}],"collection":[{"href":"https:\/\/iumotril.org\/sitio\/wp-json\/wp\/v2\/posts"}],"about":[{"href":"https:\/\/iumotril.org\/sitio\/wp-json\/wp\/v2\/types\/post"}],"author":[{"embeddable":true,"href":"https:\/\/iumotril.org\/sitio\/wp-json\/wp\/v2\/users\/1"}],"replies":[{"embeddable":true,"href":"https:\/\/iumotril.org\/sitio\/wp-json\/wp\/v2\/comments?post=331"}],"version-history":[{"count":4,"href":"https:\/\/iumotril.org\/sitio\/wp-json\/wp\/v2\/posts\/331\/revisions"}],"predecessor-version":[{"id":338,"href":"https:\/\/iumotril.org\/sitio\/wp-json\/wp\/v2\/posts\/331\/revisions\/338"}],"wp:attachment":[{"href":"https:\/\/iumotril.org\/sitio\/wp-json\/wp\/v2\/media?parent=331"}],"wp:term":[{"taxonomy":"category","embeddable":true,"href":"https:\/\/iumotril.org\/sitio\/wp-json\/wp\/v2\/categories?post=331"},{"taxonomy":"post_tag","embeddable":true,"href":"https:\/\/iumotril.org\/sitio\/wp-json\/wp\/v2\/tags?post=331"}],"curies":[{"name":"wp","href":"https:\/\/api.w.org\/{rel}","templated":true}]}}