{"id":3262,"date":"2018-01-02T11:45:38","date_gmt":"2018-01-02T10:45:38","guid":{"rendered":"http:\/\/iumotril.org\/sitio\/?p=3262"},"modified":"2018-01-02T11:45:38","modified_gmt":"2018-01-02T10:45:38","slug":"feliz-y-combativo-2018","status":"publish","type":"post","link":"https:\/\/iumotril.org\/sitio\/feliz-y-combativo-2018\/","title":{"rendered":"Feliz y combativo 2018"},"content":{"rendered":"<p><a href=\"https:\/\/iumotril.org\/sitio\/feliz-y-combativo-2018-jpg\/\"><img loading=\"lazy\" decoding=\"async\" data-attachment-id=\"3267\" data-permalink=\"https:\/\/iumotril.org\/sitio\/feliz-y-combativo-2018\/feliz-y-combativo-2018-jpg\/\" data-orig-file=\"https:\/\/iumotril.org\/sitio\/wp-content\/uploads\/2018\/01\/Feliz-y-combativo-2018.jpg.bmp\" data-orig-size=\"700,232\" data-comments-opened=\"1\" data-image-meta=\"{&quot;aperture&quot;:&quot;0&quot;,&quot;credit&quot;:&quot;&quot;,&quot;camera&quot;:&quot;&quot;,&quot;caption&quot;:&quot;&quot;,&quot;created_timestamp&quot;:&quot;0&quot;,&quot;copyright&quot;:&quot;&quot;,&quot;focal_length&quot;:&quot;0&quot;,&quot;iso&quot;:&quot;0&quot;,&quot;shutter_speed&quot;:&quot;0&quot;,&quot;title&quot;:&quot;&quot;,&quot;orientation&quot;:&quot;0&quot;}\" data-image-title=\"Feliz y combativo 2018.jpg\" data-image-description=\"\" data-image-caption=\"\" data-large-file=\"https:\/\/iumotril.org\/sitio\/wp-content\/uploads\/2018\/01\/Feliz-y-combativo-2018.jpg.bmp\" class=\"aligncenter wp-image-3267\" src=\"https:\/\/iumotril.org\/sitio\/wp-content\/uploads\/2018\/01\/Feliz-y-combativo-2018.jpg.bmp\" alt=\"\" width=\"501\" height=\"166\" \/><\/a><\/p>\n","protected":false},"excerpt":{"rendered":"","protected":false},"author":1,"featured_media":0,"comment_status":"open","ping_status":"open","sticky":false,"template":"","format":"standard","meta":{"cybocfi_hide_featured_image":"","_jetpack_newsletter_access":"","_jetpack_dont_email_post_to_subs":false,"_jetpack_newsletter_tier_id":0,"_jetpack_memberships_contains_paywalled_content":false,"_jetpack_memberships_contains_paid_content":false,"footnotes":""},"categories":[265,1],"tags":[867,866,869,870,871,868],"class_list":["post-3262","post","type-post","status-publish","format-standard","hentry","category-esta-pasando","category-sin-categoria","tag-combativo","tag-feliz-2108","tag-feminista","tag-justo","tag-libre","tag-un-nuevo-pais"],"jetpack_featured_media_url":"","jetpack_sharing_enabled":true,"jetpack_shortlink":"https:\/\/wp.me\/p4QsU5-QC","jetpack-related-posts":[{"id":2642,"url":"https:\/\/iumotril.org\/sitio\/2642-2\/","url_meta":{"origin":3262,"position":0},"title":"FELIZ Y COMBATIVO 2017","author":"Izquierda Unida Motril","date":"30 diciembre, 2016","format":false,"excerpt":"","rel":"","context":"En \u00abEST\u00c1 PASANDO\u00bb","block_context":{"text":"EST\u00c1 PASANDO","link":"https:\/\/iumotril.org\/sitio\/category\/esta-pasando\/"},"img":{"alt_text":"","src":"https:\/\/i0.wp.com\/iumotril.org\/sitio\/wp-content\/uploads\/2016\/12\/Feliz-y-combativo-300x200.png?resize=350%2C200","width":350,"height":200},"classes":[]},{"id":155,"url":"https:\/\/iumotril.org\/sitio\/la-movilizacion-feminista-consigue-la-retirada-de-la-reforma-de-la-ley-del-aborto-por-el-derecho-al-aborto-libre-publico-gratuito-y-fuera-del-codigo-penal\/","url_meta":{"origin":3262,"position":1},"title":"La movilizaci\u00f3n feminista consigue la retirada de la reforma de la ley del aborto: por el derecho al aborto libre, p\u00fablico, gratuito y fuera del c\u00f3digo penal","author":"Izquierda Unida Motril","date":"24 septiembre, 2014","format":false,"excerpt":"IU junto con el movimiento feminista nos congratulamos del comunicado oficial del Presidente del Gobierno, Mariano Rajoy, ratificando la retirada de la reforma de la Ley del aborto y el triunfo que ello supone para las mujeres.Ha sido la presi\u00f3n y la masiva movilizaci\u00f3n social y pol\u00edtica de las mujeres,\u2026","rel":"","context":"En \u00abSin categor\u00eda\u00bb","block_context":{"text":"Sin categor\u00eda","link":"https:\/\/iumotril.org\/sitio\/category\/sin-categoria\/"},"img":{"alt_text":"397386_609273772416934_976855905_n","src":"https:\/\/i0.wp.com\/iumotril.org\/sitio\/wp-content\/uploads\/2014\/09\/397386_609273772416934_976855905_n-214x300.jpg?resize=350%2C200","width":350,"height":200},"classes":[]},{"id":9848,"url":"https:\/\/iumotril.org\/sitio\/este-8-de-marzo-paz-feminismo-y-revolucion\/","url_meta":{"origin":3262,"position":2},"title":"Este 8 de marzo PAZ, FEMINISMO Y REVOLUCI\u00d3N","author":"Izquierda Unida Motril","date":"7 marzo, 2024","format":false,"excerpt":"Herrera ha declarado que este 8 de marzo estaremos junto a miles de mujeres y hombres en las calles de Motril, reivindicando feminismo para vivir y reivindicando la necesidad de que continuemos avanzando en derechos y apostando por un reparto justo y democr\u00e1tico de todos los trabajos, especialmente los trabajos\u2026","rel":"","context":"En \u00abEST\u00c1 PASANDO\u00bb","block_context":{"text":"EST\u00c1 PASANDO","link":"https:\/\/iumotril.org\/sitio\/category\/esta-pasando\/"},"img":{"alt_text":"","src":"https:\/\/i0.wp.com\/iumotril.org\/sitio\/wp-content\/uploads\/2024\/03\/8M-2024.jpg?resize=350%2C200&ssl=1","width":350,"height":200,"srcset":"https:\/\/i0.wp.com\/iumotril.org\/sitio\/wp-content\/uploads\/2024\/03\/8M-2024.jpg?resize=350%2C200&ssl=1 1x, https:\/\/i0.wp.com\/iumotril.org\/sitio\/wp-content\/uploads\/2024\/03\/8M-2024.jpg?resize=525%2C300&ssl=1 1.5x, https:\/\/i0.wp.com\/iumotril.org\/sitio\/wp-content\/uploads\/2024\/03\/8M-2024.jpg?resize=700%2C400&ssl=1 2x"},"classes":[]},{"id":2065,"url":"https:\/\/iumotril.org\/sitio\/consulta-a-las-bases-sobre-un-acuerdo-electoral-para-el-26j\/","url_meta":{"origin":3262,"position":3},"title":"Consulta a las bases sobre un Acuerdo Electoral para el 26J","author":"Izquierda Unida Motril","date":"2 mayo, 2016","format":false,"excerpt":"Vamos a afrontar un nuevo proceso electoral y estamos convencidos y convencidas de que estas nuevas elecciones son una oportunidad para revertir una situaci\u00f3n que est\u00e1 llevando a nuestro pa\u00eds a ser uno de los m\u00e1s desiguales, injustos y empobrecidos de nuestro entorno.","rel":"","context":"En \u00abEST\u00c1 PASANDO\u00bb","block_context":{"text":"EST\u00c1 PASANDO","link":"https:\/\/iumotril.org\/sitio\/category\/esta-pasando\/"},"img":{"alt_text":"Texto_Pregunta","src":"https:\/\/i0.wp.com\/iumotril.org\/sitio\/wp-content\/uploads\/2016\/05\/Texto_Pregunta.jpg?resize=350%2C200","width":350,"height":200,"srcset":"https:\/\/i0.wp.com\/iumotril.org\/sitio\/wp-content\/uploads\/2016\/05\/Texto_Pregunta.jpg?resize=350%2C200 1x, https:\/\/i0.wp.com\/iumotril.org\/sitio\/wp-content\/uploads\/2016\/05\/Texto_Pregunta.jpg?resize=525%2C300 1.5x, https:\/\/i0.wp.com\/iumotril.org\/sitio\/wp-content\/uploads\/2016\/05\/Texto_Pregunta.jpg?resize=700%2C400 2x, https:\/\/i0.wp.com\/iumotril.org\/sitio\/wp-content\/uploads\/2016\/05\/Texto_Pregunta.jpg?resize=1050%2C600 3x"},"classes":[]},{"id":7857,"url":"https:\/\/iumotril.org\/sitio\/izquierda-unida-llama-a-la-participacion-en-la-concentracion-convocada-por-motril-feminista-el-25n\/","url_meta":{"origin":3262,"position":4},"title":"Izquierda Unida llama a la participaci\u00f3n en la concentraci\u00f3n convocada por Motril Feminista el 25N","author":"Izquierda Unida Motril","date":"25 noviembre, 2021","format":false,"excerpt":"La violencia machista es un problema estructural, una violaci\u00f3n de los derechos humanos que requiere unas pol\u00edticas fuertes que reconozcan los derechos de las v\u00edctimas y se traduzcan en recursos. Por eso es necesario no dejar de movilizarse y demostrar la fortaleza y determinaci\u00f3n de las mujeres en la defensa\u2026","rel":"","context":"En \u00abEST\u00c1 PASANDO\u00bb","block_context":{"text":"EST\u00c1 PASANDO","link":"https:\/\/iumotril.org\/sitio\/category\/esta-pasando\/"},"img":{"alt_text":"","src":"https:\/\/i0.wp.com\/iumotril.org\/sitio\/wp-content\/uploads\/2021\/11\/FFB1Um4XEAELGYl.jpg?resize=350%2C200","width":350,"height":200,"srcset":"https:\/\/i0.wp.com\/iumotril.org\/sitio\/wp-content\/uploads\/2021\/11\/FFB1Um4XEAELGYl.jpg?resize=350%2C200 1x, https:\/\/i0.wp.com\/iumotril.org\/sitio\/wp-content\/uploads\/2021\/11\/FFB1Um4XEAELGYl.jpg?resize=525%2C300 1.5x"},"classes":[]},{"id":4976,"url":"https:\/\/iumotril.org\/sitio\/hagamos-futuro\/","url_meta":{"origin":3262,"position":5},"title":"Hagamos Futuro.","author":"Izquierda Unida Motril","date":"13 mayo, 2019","format":false,"excerpt":"Aqu\u00ed ten\u00e9is el v\u00eddeo de campa\u00f1a que hemos producido para dar a conocer nuestro programa de gobierno para Motril. Un proyecto de izquierdas, ecologista, feminista y de futuro. Ay\u00fadanos a difundir. Comp\u00e1rtelo. Hagamos Futuro.","rel":"","context":"En \u00abElecciones\u00bb","block_context":{"text":"Elecciones","link":"https:\/\/iumotril.org\/sitio\/category\/elecciones\/"},"img":{"alt_text":"","src":"https:\/\/i0.wp.com\/img.youtube.com\/vi\/9q6zCACc5xk\/0.jpg?resize=350%2C200","width":350,"height":200},"classes":[]}],"jetpack_likes_enabled":true,"_links":{"self":[{"href":"https:\/\/iumotril.org\/sitio\/wp-json\/wp\/v2\/posts\/3262","targetHints":{"allow":["GET"]}}],"collection":[{"href":"https:\/\/iumotril.org\/sitio\/wp-json\/wp\/v2\/posts"}],"about":[{"href":"https:\/\/iumotril.org\/sitio\/wp-json\/wp\/v2\/types\/post"}],"author":[{"embeddable":true,"href":"https:\/\/iumotril.org\/sitio\/wp-json\/wp\/v2\/users\/1"}],"replies":[{"embeddable":true,"href":"https:\/\/iumotril.org\/sitio\/wp-json\/wp\/v2\/comments?post=3262"}],"version-history":[{"count":5,"href":"https:\/\/iumotril.org\/sitio\/wp-json\/wp\/v2\/posts\/3262\/revisions"}],"predecessor-version":[{"id":3273,"href":"https:\/\/iumotril.org\/sitio\/wp-json\/wp\/v2\/posts\/3262\/revisions\/3273"}],"wp:attachment":[{"href":"https:\/\/iumotril.org\/sitio\/wp-json\/wp\/v2\/media?parent=3262"}],"wp:term":[{"taxonomy":"category","embeddable":true,"href":"https:\/\/iumotril.org\/sitio\/wp-json\/wp\/v2\/categories?post=3262"},{"taxonomy":"post_tag","embeddable":true,"href":"https:\/\/iumotril.org\/sitio\/wp-json\/wp\/v2\/tags?post=3262"}],"curies":[{"name":"wp","href":"https:\/\/api.w.org\/{rel}","templated":true}]}}