{"id":3235,"date":"2017-12-13T11:37:42","date_gmt":"2017-12-13T10:37:42","guid":{"rendered":"http:\/\/iumotril.org\/sitio\/?p=3235"},"modified":"2017-12-13T11:37:42","modified_gmt":"2017-12-13T10:37:42","slug":"izquierda-unida-reclama-la-eliminacion-de-las-barreras-arquitectonicas-en-las-instalaciones-municipales","status":"publish","type":"post","link":"https:\/\/iumotril.org\/sitio\/izquierda-unida-reclama-la-eliminacion-de-las-barreras-arquitectonicas-en-las-instalaciones-municipales\/","title":{"rendered":"IZQUIERDA UNIDA RECLAMA LA ELIMINACI\u00d3N DE LAS BARRERAS ARQUITECT\u00d3NICAS EN LAS INSTALACIONES MUNICIPALES."},"content":{"rendered":"<p style=\"text-align: justify;\"><span style=\"color: #993300;\">El Grupo Municipal de Izquierda Unida considera que la ciudad de Motril ha retrocedido en los \u00faltimos a\u00f1os en materia de accesibilidad universal. Una situaci\u00f3n que resulta especialmente grave para las personas con movilidad reducida, pero tambi\u00e9n para el conjunto de los peatones y viandantes debido, entre otros aspectos, a la prioridad para el tr\u00e1fico de veh\u00edculos y a la ocupaci\u00f3n sistem\u00e1tica de los espacios peatonales p\u00fablicos por parte de negocios privados a trav\u00e9s de la instalaci\u00f3n de veladores y otros obst\u00e1culos similares.<\/span><\/p>\n<figure id=\"attachment_3242\" aria-describedby=\"caption-attachment-3242\" style=\"width: 400px\" class=\"wp-caption alignleft\"><a href=\"https:\/\/iumotril.org\/sitio\/izquierda-unida-reclama-la-eliminacion-de-las-barreras-arquitectonicas-en-las-instalaciones-municipales\/aceso-atras-ayuntamiento-3\/\" rel=\"attachment wp-att-3242\"><img loading=\"lazy\" decoding=\"async\" data-attachment-id=\"3242\" data-permalink=\"https:\/\/iumotril.org\/sitio\/izquierda-unida-reclama-la-eliminacion-de-las-barreras-arquitectonicas-en-las-instalaciones-municipales\/aceso-atras-ayuntamiento-3\/\" data-orig-file=\"https:\/\/iumotril.org\/sitio\/wp-content\/uploads\/2017\/12\/Aceso-atras-ayuntamiento-2.jpg\" data-orig-size=\"2448,3169\" data-comments-opened=\"1\" data-image-meta=\"{&quot;aperture&quot;:&quot;2.2&quot;,&quot;credit&quot;:&quot;&quot;,&quot;camera&quot;:&quot;iPhone 6&quot;,&quot;caption&quot;:&quot;&quot;,&quot;created_timestamp&quot;:&quot;1513077689&quot;,&quot;copyright&quot;:&quot;&quot;,&quot;focal_length&quot;:&quot;4.15&quot;,&quot;iso&quot;:&quot;32&quot;,&quot;shutter_speed&quot;:&quot;0.02&quot;,&quot;title&quot;:&quot;&quot;,&quot;orientation&quot;:&quot;0&quot;}\" data-image-title=\"\" data-image-description=\"\" data-image-caption=\"&lt;p&gt;Acceso principal Ayuntamiento de Motril&lt;\/p&gt;\n\" data-large-file=\"https:\/\/iumotril.org\/sitio\/wp-content\/uploads\/2017\/12\/Aceso-atras-ayuntamiento-2-791x1024.jpg\" class=\"wp-image-3242\" src=\"https:\/\/iumotril.org\/sitio\/wp-content\/uploads\/2017\/12\/Aceso-atras-ayuntamiento-2-232x300.jpg\" alt=\"\" width=\"400\" height=\"518\" srcset=\"https:\/\/iumotril.org\/sitio\/wp-content\/uploads\/2017\/12\/Aceso-atras-ayuntamiento-2-232x300.jpg 232w, https:\/\/iumotril.org\/sitio\/wp-content\/uploads\/2017\/12\/Aceso-atras-ayuntamiento-2-768x994.jpg 768w, https:\/\/iumotril.org\/sitio\/wp-content\/uploads\/2017\/12\/Aceso-atras-ayuntamiento-2-791x1024.jpg 791w\" sizes=\"auto, (max-width: 400px) 100vw, 400px\" \/><\/a><figcaption id=\"caption-attachment-3242\" class=\"wp-caption-text\">Acceso principal Ayuntamiento de Motril<\/figcaption><\/figure>\n<p style=\"text-align: justify;\">Christian Linares, concejal de Izquierda Unida ha manifestado que su formaci\u00f3n defiende <strong>que Motril sea una ciudad cien por cien accesible e inclusiva,<\/strong> por lo que el contenido de la moci\u00f3n que presentan asume las reivindicaciones de vecinos y vecinas que han puesto en evidencia en reiteradas ocasiones las graves deficiencias de nuestro municipio en este sentido. Linares ha se\u00f1alado que en la moci\u00f3n se propone que las calles de nuestra ciudad deber\u00edan poder ser atravesadas a pie o en silla de ruedas con comodidad y seguridad bajo los criterios de la accesibilidad universal, para lo que es necesario reorganizar el transporte p\u00fablico y la carga y descarga, as\u00ed como asegurar que las nuevas obras que se realicen respondan a un modelo de v\u00edas con plataforma \u00fanica y prioridad peatonal.<\/p>\n<p style=\"text-align: justify;\">Adem\u00e1s, en la moci\u00f3n presentada se solicita que se proceda a la <strong>instalaci\u00f3n de ba\u00f1os p\u00fablicos en los diferentes distritos<\/strong> de la ciudad y a llevar a cabo la adecuaci\u00f3n de espacios en los parques infantiles que respondan a las necesidades de los ni\u00f1os y ni\u00f1as con diversidad funcional.<\/p>\n<p style=\"text-align: justify;\"><span style=\"color: #993300;\"><strong>El suministro de agua potable, un derecho b\u00e1sico de todos.<\/strong><\/span><\/p>\n<p style=\"text-align: justify;\">Izquierda Unida presenta una segunda moci\u00f3n al Pleno en la que reclama que el Ayuntamiento de Motril garantice el suministro b\u00e1sico de agua potable a todos sus vecinos y vecinas, al considerar que se trata de un derecho b\u00e1sico irrenunciable.<\/p>\n<p style=\"text-align: justify;\">La moci\u00f3n presentada responde a la oposici\u00f3n de Izquierda Unida en la comarca de la Costa a la <strong><a href=\"https:\/\/iumotril.org\/sitio\/el-recibo-del-agua-sube-en-la-costa-de-granada-los-beneficios-de-la-empresa-crecen\/\">subida de de los recibos del 7,25%<\/a> acordada por la Mancomunidad<\/strong> que comenzar\u00e1 aplicarse en 2018.<\/p>\n<p style=\"text-align: justify;\">Inmaculada Omiste, representante de Izquierda Unida en la Mancomunidad ha presentado esta moci\u00f3n en la que, adem\u00e1s, se reclama que la Corporaci\u00f3n Municipal declare formalmente su compromiso en defensa de los intereses de los vecinos y vecinas por encima de cualquier otra consideraci\u00f3n econ\u00f3mica, mercantil o de cualquier otra \u00edndole.<\/p>\n","protected":false},"excerpt":{"rendered":"<p>Izquierda Unida ha registrado una Moci\u00f3n para su debate en el pr\u00f3ximo pleno municipal en la que reclama al gobierno municipal la mejora de la accesibilidad en el Ayuntamiento y en todos los edificios municipales, eliminando las barreras arquitect\u00f3nicas existentes, instalando rampas de entrada y creando itinerarios para que puedan ser recorridos en su totalidad por personas con movilidad reducida. En una segunda moci\u00f3n reclama que el Ayuntamiento de Motril garantice el suministro b\u00e1sico de agua potable a todos sus vecinos y vecinas, al considerar que se trata de un derecho b\u00e1sico irrenunciable.<\/p>\n","protected":false},"author":1,"featured_media":0,"comment_status":"open","ping_status":"open","sticky":false,"template":"","format":"standard","meta":{"cybocfi_hide_featured_image":"","_jetpack_newsletter_access":"","_jetpack_dont_email_post_to_subs":false,"_jetpack_newsletter_tier_id":0,"_jetpack_memberships_contains_paywalled_content":false,"_jetpack_memberships_contains_paid_content":false,"footnotes":""},"categories":[265],"tags":[563,204,860,861,560],"class_list":["post-3235","post","type-post","status-publish","format-standard","hentry","category-esta-pasando","tag-accesibilidad","tag-agua","tag-barreras-arquitectonicas","tag-inclusion","tag-personas"],"jetpack_featured_media_url":"","jetpack_sharing_enabled":true,"jetpack_shortlink":"https:\/\/wp.me\/p4QsU5-Qb","jetpack-related-posts":[{"id":5473,"url":"https:\/\/iumotril.org\/sitio\/iu-equo-propone-adecuar-los-parques-infantiles-para-los-menores-con-diversidad-funcional\/","url_meta":{"origin":3235,"position":0},"title":"IU-Equo propone adecuar los parques infantiles para los menores con diversidad funcional","author":"Izquierda Unida Motril","date":"27 noviembre, 2019","format":false,"excerpt":"El Grupo Municipal de IU-Equo propone llevar a cabo la adecuaci\u00f3n de espacios en los parques infantiles de la ciudad, para que respondan a las necesidades de los ni\u00f1os y ni\u00f1as con diversidad funcional, entre otras medidas que incluye en una moci\u00f3n para la eliminaci\u00f3n de barreras arquitect\u00f3nicas en calles,\u2026","rel":"","context":"En \u00abCiudad\u00bb","block_context":{"text":"Ciudad","link":"https:\/\/iumotril.org\/sitio\/category\/ciudad\/"},"img":{"alt_text":"","src":"https:\/\/i0.wp.com\/iumotril.org\/sitio\/wp-content\/uploads\/2019\/11\/Jose_-barreras-27-noviembre.jpg?resize=350%2C200","width":350,"height":200},"classes":[]},{"id":2513,"url":"https:\/\/iumotril.org\/sitio\/el-barrio-de-aviacion-abandonado\/","url_meta":{"origin":3235,"position":1},"title":"EL BARRIO DE AVIACI\u00d3N ABANDONADO","author":"Izquierda Unida Motril","date":"18 noviembre, 2016","format":false,"excerpt":"Calles sin aceras, barreras arquitect\u00f3nicas, aparcamientos en descampados, pistas deportivas fuera de uso amenazadas de convertirse en un espacio dedicado al culto religioso, maleza por doquier, basura, ausencia de contenedores\u2026 Este es el entorno del barrio de Aviaci\u00f3n consecuencia de la desidia e incompetencia de los gobiernos del PP, PA-PSOE,\u2026","rel":"","context":"En \u00abEST\u00c1 PASANDO\u00bb","block_context":{"text":"EST\u00c1 PASANDO","link":"https:\/\/iumotril.org\/sitio\/category\/esta-pasando\/"},"img":{"alt_text":"aviacion","src":"https:\/\/i0.wp.com\/iumotril.org\/sitio\/wp-content\/uploads\/2016\/11\/AVIACI%C3%93N.jpg?resize=350%2C200","width":350,"height":200,"srcset":"https:\/\/i0.wp.com\/iumotril.org\/sitio\/wp-content\/uploads\/2016\/11\/AVIACI%C3%93N.jpg?resize=350%2C200 1x, https:\/\/i0.wp.com\/iumotril.org\/sitio\/wp-content\/uploads\/2016\/11\/AVIACI%C3%93N.jpg?resize=525%2C300 1.5x"},"classes":[]},{"id":4253,"url":"https:\/\/iumotril.org\/sitio\/el-acceso-al-nuevo-espacio-comercial-de-motril-es-un-peligro-para-conductores-viandantes-y-vecinos\/","url_meta":{"origin":3235,"position":2},"title":"El acceso al nuevo espacio comercial de Motril es un peligro para vecinos,  viandantes y conductores.","author":"Izquierda Unida Motril","date":"12 diciembre, 2018","format":false,"excerpt":"Omiste ha recordado que su Grupo Municipal ha sido el \u00fanico que no ha dado su apoyo a la modificaci\u00f3n del PGOU que permiti\u00f3 poner en marcha este proyecto, que fue votada favorablemente por los restantes grupos pol\u00edticos. Cuando se trata de especulaci\u00f3n y de grandes negocios que favorecen a\u2026","rel":"","context":"En \u00abCiudad\u00bb","block_context":{"text":"Ciudad","link":"https:\/\/iumotril.org\/sitio\/category\/ciudad\/"},"img":{"alt_text":"deterioro aceras avenida europa","src":"https:\/\/i0.wp.com\/iumotril.org\/sitio\/wp-content\/uploads\/2018\/12\/Avenida-europa_3.jpg?resize=350%2C200&ssl=1","width":350,"height":200,"srcset":"https:\/\/i0.wp.com\/iumotril.org\/sitio\/wp-content\/uploads\/2018\/12\/Avenida-europa_3.jpg?resize=350%2C200&ssl=1 1x, https:\/\/i0.wp.com\/iumotril.org\/sitio\/wp-content\/uploads\/2018\/12\/Avenida-europa_3.jpg?resize=525%2C300&ssl=1 1.5x, https:\/\/i0.wp.com\/iumotril.org\/sitio\/wp-content\/uploads\/2018\/12\/Avenida-europa_3.jpg?resize=700%2C400&ssl=1 2x, https:\/\/i0.wp.com\/iumotril.org\/sitio\/wp-content\/uploads\/2018\/12\/Avenida-europa_3.jpg?resize=1050%2C600&ssl=1 3x, https:\/\/i0.wp.com\/iumotril.org\/sitio\/wp-content\/uploads\/2018\/12\/Avenida-europa_3.jpg?resize=1400%2C800&ssl=1 4x"},"classes":[]},{"id":2351,"url":"https:\/\/iumotril.org\/sitio\/izquierda-unida-denuncia-la-falta-de-accesibilidad-en-las-playas-de-calahonda\/","url_meta":{"origin":3235,"position":3},"title":"IZQUIERDA UNIDA DENUNCIA LA FALTA DE ACCESIBILIDAD EN LAS PLAYAS DE CALAHONDA","author":"Izquierda Unida Motril","date":"17 agosto, 2016","format":false,"excerpt":"Se hace eco de las denuncias de varios vecinos afectados que critican el deplorable estado de las pasarelas, los ba\u00f1os o las duchas que, en ning\u00fan caso, contemplan la plena accesibilidad de las personas con diversidad funcional.","rel":"","context":"En \u00abEST\u00c1 PASANDO\u00bb","block_context":{"text":"EST\u00c1 PASANDO","link":"https:\/\/iumotril.org\/sitio\/category\/esta-pasando\/"},"img":{"alt_text":"","src":"https:\/\/i0.wp.com\/iumotril.org\/sitio\/wp-content\/uploads\/2016\/08\/calahonda-3-222x300.jpg?resize=350%2C200&ssl=1","width":350,"height":200,"srcset":"https:\/\/i0.wp.com\/iumotril.org\/sitio\/wp-content\/uploads\/2016\/08\/calahonda-3-222x300.jpg?resize=350%2C200&ssl=1 1x, https:\/\/i0.wp.com\/iumotril.org\/sitio\/wp-content\/uploads\/2016\/08\/calahonda-3-222x300.jpg?resize=525%2C300&ssl=1 1.5x"},"classes":[]},{"id":10721,"url":"https:\/\/iumotril.org\/sitio\/iu-verdes-equo-propone-mejoras-en-el-acerado-de-motril\/","url_meta":{"origin":3235,"position":4},"title":"IU Verdes Equo propone mejoras en el acerado de Motril","author":"Izquierda Unida Motril","date":"24 julio, 2025","format":false,"excerpt":"La formaci\u00f3n defiende que Motril sea una ciudad 100% accesible, amable e inclusiva, por lo que establece como una prioridad eliminar las barreras y obst\u00e1culos del acerado que dificultan el tr\u00e1nsito por determinadas calles. Para la mejora de la infraestructura peatonal proponen la realizaci\u00f3n de un diagn\u00f3stico del estado de\u2026","rel":"","context":"En \u00abAyuntamiento\u00bb","block_context":{"text":"Ayuntamiento","link":"https:\/\/iumotril.org\/sitio\/category\/ayuntamiento\/"},"img":{"alt_text":"","src":"https:\/\/i0.wp.com\/iumotril.org\/sitio\/wp-content\/uploads\/2025\/07\/Ana-Herrera-e-Inma-Omiste-scaled.jpg?resize=350%2C200&ssl=1","width":350,"height":200,"srcset":"https:\/\/i0.wp.com\/iumotril.org\/sitio\/wp-content\/uploads\/2025\/07\/Ana-Herrera-e-Inma-Omiste-scaled.jpg?resize=350%2C200&ssl=1 1x, https:\/\/i0.wp.com\/iumotril.org\/sitio\/wp-content\/uploads\/2025\/07\/Ana-Herrera-e-Inma-Omiste-scaled.jpg?resize=525%2C300&ssl=1 1.5x, https:\/\/i0.wp.com\/iumotril.org\/sitio\/wp-content\/uploads\/2025\/07\/Ana-Herrera-e-Inma-Omiste-scaled.jpg?resize=700%2C400&ssl=1 2x, https:\/\/i0.wp.com\/iumotril.org\/sitio\/wp-content\/uploads\/2025\/07\/Ana-Herrera-e-Inma-Omiste-scaled.jpg?resize=1050%2C600&ssl=1 3x, https:\/\/i0.wp.com\/iumotril.org\/sitio\/wp-content\/uploads\/2025\/07\/Ana-Herrera-e-Inma-Omiste-scaled.jpg?resize=1400%2C800&ssl=1 4x"},"classes":[]},{"id":10914,"url":"https:\/\/iumotril.org\/sitio\/izquierda-unida-denuncia-el-deterioro-de-las-aceras-en-la-calle-chile-y-la-inaccion-del-equipo-de-gobierno\/","url_meta":{"origin":3235,"position":5},"title":"Izquierda Unida denuncia el deterioro de las aceras en la Calle Chile y la inacci\u00f3n del equipo de gobierno","author":"Izquierda Unida Motril","date":"22 diciembre, 2025","format":false,"excerpt":"Izquierda Unida ha exigido a la alcaldesa que deje de lado las falacias y cumpla con los vecinos y vecinas de todos los barrios, no s\u00f3lo de determinadas zonas. Reclaman la reparaci\u00f3n inmediata de los desperfectos de la Calle Chile, de la Rambla de Los \u00c1lamos, as\u00ed como de las\u2026","rel":"","context":"En \u00abAyuntamiento\u00bb","block_context":{"text":"Ayuntamiento","link":"https:\/\/iumotril.org\/sitio\/category\/ayuntamiento\/"},"img":{"alt_text":"","src":"https:\/\/i0.wp.com\/iumotril.org\/sitio\/wp-content\/uploads\/2025\/12\/Ana-H-Chile.jpeg?resize=350%2C200&ssl=1","width":350,"height":200,"srcset":"https:\/\/i0.wp.com\/iumotril.org\/sitio\/wp-content\/uploads\/2025\/12\/Ana-H-Chile.jpeg?resize=350%2C200&ssl=1 1x, https:\/\/i0.wp.com\/iumotril.org\/sitio\/wp-content\/uploads\/2025\/12\/Ana-H-Chile.jpeg?resize=525%2C300&ssl=1 1.5x, https:\/\/i0.wp.com\/iumotril.org\/sitio\/wp-content\/uploads\/2025\/12\/Ana-H-Chile.jpeg?resize=700%2C400&ssl=1 2x, https:\/\/i0.wp.com\/iumotril.org\/sitio\/wp-content\/uploads\/2025\/12\/Ana-H-Chile.jpeg?resize=1050%2C600&ssl=1 3x"},"classes":[]}],"jetpack_likes_enabled":true,"_links":{"self":[{"href":"https:\/\/iumotril.org\/sitio\/wp-json\/wp\/v2\/posts\/3235","targetHints":{"allow":["GET"]}}],"collection":[{"href":"https:\/\/iumotril.org\/sitio\/wp-json\/wp\/v2\/posts"}],"about":[{"href":"https:\/\/iumotril.org\/sitio\/wp-json\/wp\/v2\/types\/post"}],"author":[{"embeddable":true,"href":"https:\/\/iumotril.org\/sitio\/wp-json\/wp\/v2\/users\/1"}],"replies":[{"embeddable":true,"href":"https:\/\/iumotril.org\/sitio\/wp-json\/wp\/v2\/comments?post=3235"}],"version-history":[{"count":9,"href":"https:\/\/iumotril.org\/sitio\/wp-json\/wp\/v2\/posts\/3235\/revisions"}],"predecessor-version":[{"id":3248,"href":"https:\/\/iumotril.org\/sitio\/wp-json\/wp\/v2\/posts\/3235\/revisions\/3248"}],"wp:attachment":[{"href":"https:\/\/iumotril.org\/sitio\/wp-json\/wp\/v2\/media?parent=3235"}],"wp:term":[{"taxonomy":"category","embeddable":true,"href":"https:\/\/iumotril.org\/sitio\/wp-json\/wp\/v2\/categories?post=3235"},{"taxonomy":"post_tag","embeddable":true,"href":"https:\/\/iumotril.org\/sitio\/wp-json\/wp\/v2\/tags?post=3235"}],"curies":[{"name":"wp","href":"https:\/\/api.w.org\/{rel}","templated":true}]}}