{"id":3212,"date":"2017-12-01T19:16:54","date_gmt":"2017-12-01T18:16:54","guid":{"rendered":"http:\/\/iumotril.org\/sitio\/?p=3212"},"modified":"2017-12-02T18:52:34","modified_gmt":"2017-12-02T17:52:34","slug":"el-recibo-del-agua-sube-en-la-costa-de-granada-los-beneficios-de-la-empresa-crecen","status":"publish","type":"post","link":"https:\/\/iumotril.org\/sitio\/el-recibo-del-agua-sube-en-la-costa-de-granada-los-beneficios-de-la-empresa-crecen\/","title":{"rendered":"EL RECIBO DEL AGUA SUBE EN LA COSTA DE GRANADA, LOS BENEFICIOS DE LA EMPRESA CRECEN"},"content":{"rendered":"<p style=\"text-align: justify;\"><strong><span style=\"color: #993300;\">Izquierda Unida ha solicitado al Presidente de la Mancomunidad de Municipios que paralice la modificaci\u00f3n de la Ordenanza Fiscal reguladora de la Tasa por la prestaci\u00f3n de servicios vinculados en el Ciclo Integral del Agua, que supondr\u00eda un incremento en los recibos de los usuarios del 7,25%. Asimismo, ha anunciado el registro de alegaciones a la decisi\u00f3n acordada por la Junta General de la Mancomunidad y la presentaci\u00f3n de mociones en los Ayuntamientos afectados por dicha subida.<\/span><\/strong><\/p>\n<figure id=\"attachment_3222\" aria-describedby=\"caption-attachment-3222\" style=\"width: 701px\" class=\"wp-caption alignleft\"><a href=\"https:\/\/iumotril.org\/sitio\/pleno-mancomunidad-14-09-15-39\/\"><img loading=\"lazy\" decoding=\"async\" data-attachment-id=\"3222\" data-permalink=\"https:\/\/iumotril.org\/sitio\/el-recibo-del-agua-sube-en-la-costa-de-granada-los-beneficios-de-la-empresa-crecen\/pleno-mancomunidad-14-09-15-39\/\" data-orig-file=\"https:\/\/iumotril.org\/sitio\/wp-content\/uploads\/2017\/12\/PLENO-MANCOMUNIDAD-14-09-15-39.jpg\" data-orig-size=\"701,393\" data-comments-opened=\"1\" data-image-meta=\"{&quot;aperture&quot;:&quot;5.6&quot;,&quot;credit&quot;:&quot;&quot;,&quot;camera&quot;:&quot;Canon EOS 400D DIGITAL&quot;,&quot;caption&quot;:&quot;&quot;,&quot;created_timestamp&quot;:&quot;1442230916&quot;,&quot;copyright&quot;:&quot;&quot;,&quot;focal_length&quot;:&quot;80&quot;,&quot;iso&quot;:&quot;800&quot;,&quot;shutter_speed&quot;:&quot;0.016666666666667&quot;,&quot;title&quot;:&quot;&quot;,&quot;orientation&quot;:&quot;1&quot;}\" data-image-title=\"PLENO-MANCOMUNIDAD-14-09-15-39\" data-image-description=\"\" data-image-caption=\"\" data-large-file=\"https:\/\/iumotril.org\/sitio\/wp-content\/uploads\/2017\/12\/PLENO-MANCOMUNIDAD-14-09-15-39.jpg\" class=\"wp-image-3222 size-full\" src=\"https:\/\/iumotril.org\/sitio\/wp-content\/uploads\/2017\/12\/PLENO-MANCOMUNIDAD-14-09-15-39.jpg\" alt=\"\" width=\"701\" height=\"393\" srcset=\"https:\/\/iumotril.org\/sitio\/wp-content\/uploads\/2017\/12\/PLENO-MANCOMUNIDAD-14-09-15-39.jpg 701w, https:\/\/iumotril.org\/sitio\/wp-content\/uploads\/2017\/12\/PLENO-MANCOMUNIDAD-14-09-15-39-300x168.jpg 300w, https:\/\/iumotril.org\/sitio\/wp-content\/uploads\/2017\/12\/PLENO-MANCOMUNIDAD-14-09-15-39-195x110.jpg 195w\" sizes=\"auto, (max-width: 701px) 100vw, 701px\" \/><\/a><figcaption id=\"caption-attachment-3222\" class=\"wp-caption-text\">Sergio G\u00aa Alabarce, Presidente de la Mancomunidad con su antecesor, Jos\u00e9 G\u00aa Fuentes. Almu\u00f1\u00e9car Digital.<\/figcaption><\/figure>\n<p style=\"text-align: justify;\">La modificaci\u00f3n aprobada por la Mancomunidad supone un incremento del 7,25% en los recibos de los usuarios a partir del 1 de enero de 2018\u00a0 \u00a0al acumularse a la subida a\u00fan no aplicada correspondiente a 2016.\u00a0En un escrito dirigido al Presidente, <strong>Sergio Garc\u00eda Alabarce (PSOE-A)<\/strong>, con copia a los alcaldes y alcaldesas de los municipios vinculados al Ciclo Integral del Agua, ha solicitado la paralizaci\u00f3n de dicha modificaci\u00f3n al entender que el procedimiento seguido resulta irregular al tener su origen una pr\u00f3rroga an\u00f3mala del contrato de prestaci\u00f3n del servicio, llevada a cabo siete a\u00f1os antes de la finalizaci\u00f3n de su vigencia sin criterio objetivo alguno.<\/p>\n<p style=\"text-align: justify;\">La diputada andaluza de IU, M\u00aa Carmen P\u00e9rez, denunci\u00f3 recientemente en Motril esta nueva subida del agua en la Costa de Granada, que est\u00e1 condenando a muchas familias a situaciones de pobreza energ\u00e9tica, mientras que<strong> la empresa concesionaria Aguas y Servicios est\u00e1 obteniendo en los \u00faltimos a\u00f1os beneficios econ\u00f3micos millonarios anualmente.<\/strong><\/p>\n<p style=\"text-align: justify;\">Inma Omiste, vocal en representaci\u00f3n de IU en la Junta General de la Mancomunidad, ha anunciado que su formaci\u00f3n ya ha elaborado las <strong>alegaciones a la modificaci\u00f3n de la Ordenanza<\/strong> en las que propone, para el caso de que no se paralice el procedimiento, <strong>que no se produzca el corte del suministro en ning\u00fan caso<\/strong>, siempre que la causa del impago sea atribuible a la situaci\u00f3n de vulnerabilidad social del usuario.<br \/>\nAsimismo, propone en sus alegaciones que las <strong>bonificaciones en la Tasa para parados de larga duraci\u00f3n, familias numerosas y pensionistas<\/strong> se aplique sobre la cuant\u00eda total del recibo y no \u00fanicamente sobre el coste del consumo, ya que a \u00e9ste se le suman diversos c\u00e1nones que llegan a suponer un incremento cercano al 35% del recibo.<\/p>\n<p style=\"text-align: justify;\">Por su parte, Juani Boto, coordinador comarcal de IU, ha informado de la <strong>presentaci\u00f3n de mociones en los Ayuntamientos<\/strong> vinculados al Ciclo Integral del Agua, en las que se propone que las Corporaciones Municipales asuman las alegaciones presentadas por IU, adem\u00e1s de instar a la Mancomunidad a que imposibilite el corte del suministro a personas en situaci\u00f3n de vulnerabilidad social. En este sentido, se demanda que se refuercen y doten de recursos adecuados a los servicios sociales municipales para que presten el apoyo y asesoramiento necesario a sus vecinos y vecinas en cualquier gesti\u00f3n relacionada con la prestaci\u00f3n del servicio.<br \/>\nEl <strong>Ayuntamiento de Almu\u00f1\u00e9car<\/strong>, en su sesi\u00f3n plenaria celebrada ayer, jueves, a<strong>prob\u00f3 la moci\u00f3n presentada<\/strong> por el Grupo Municipal de IU con la abstenci\u00f3n del PSOE y del Partido Andalucista.<\/p>\n<p style=\"text-align: justify;\">Juani Boto ha informado de que, desde Izquierda Unida en la Costa de Granada, se est\u00e1 movilizando a los usuarios afectados para que <strong>presenten alegaciones a t\u00edtulo individual<\/strong> contra la subida de los recibos, ofreci\u00e9ndoles todo el apoyo y asesoramiento necesario para su presentaci\u00f3n.<\/p>\n","protected":false},"excerpt":{"rendered":"<p>La diputada andaluza de IU, M\u00aa Carmen P\u00e9rez, denunci\u00f3 recientemente en Motril esta nueva subida del agua en la Costa de Granada, que est\u00e1 condenando a muchas familias a situaciones de pobreza energ\u00e9tica, mientras que la empresa concesionaria Aguas y Servicios est\u00e1 obteniendo en los \u00faltimos a\u00f1os beneficios econ\u00f3micos cercanos a los tres millones de euros anuales.<\/p>\n","protected":false},"author":1,"featured_media":0,"comment_status":"open","ping_status":"open","sticky":false,"template":"","format":"standard","meta":{"cybocfi_hide_featured_image":"","_jetpack_newsletter_access":"","_jetpack_dont_email_post_to_subs":false,"_jetpack_newsletter_tier_id":0,"_jetpack_memberships_contains_paywalled_content":false,"_jetpack_memberships_contains_paid_content":false,"footnotes":""},"categories":[265],"tags":[338,73,505,656,859,529,858],"class_list":["post-3212","post","type-post","status-publish","format-standard","hentry","category-esta-pasando","tag-aguas-y-servicios","tag-corrupcion","tag-costa-de-granada","tag-jose-garcia-fuentes","tag-mancomunidad-costa-tropical","tag-negocio-del-agua","tag-sergio-garcia-alabarce"],"jetpack_featured_media_url":"","jetpack_sharing_enabled":true,"jetpack_shortlink":"https:\/\/wp.me\/p4QsU5-PO","jetpack-related-posts":[{"id":2425,"url":"https:\/\/iumotril.org\/sitio\/el-negocio-sucio-del-agua-en-la-costa-de-granada\/","url_meta":{"origin":3212,"position":0},"title":"El negocio (sucio) del Agua en la Costa de Granada","author":"Izquierda Unida Motril","date":"6 octubre, 2016","format":false,"excerpt":"Interesante entrevista con el Presidente de la Mancomunidad de Municipios, Sergio Garc\u00eda Alabarce (evidentemente). Un ejemplo de cinismo.","rel":"","context":"En \u00abEST\u00c1 PASANDO\u00bb","block_context":{"text":"EST\u00c1 PASANDO","link":"https:\/\/iumotril.org\/sitio\/category\/esta-pasando\/"},"img":{"alt_text":"","src":"https:\/\/i0.wp.com\/img.youtube.com\/vi\/GGuIb_Q_YbU\/0.jpg?resize=350%2C200","width":350,"height":200},"classes":[]},{"id":2895,"url":"https:\/\/iumotril.org\/sitio\/izquierda-unida-exige-que-aguas-y-servicios-cese-en-los-cortes-de-suministro-a-familias-sin-recursos\/","url_meta":{"origin":3212,"position":1},"title":"Izquierda Unida exige que Aguas y Servicios cese en los cortes de suministro a familias sin recursos","author":"Izquierda Unida Motril","date":"25 mayo, 2017","format":false,"excerpt":"Izquierda Unida hace un llamamiento a los vecinos y vecinas para que apoyen estas reivindicaciones con su presencia el pr\u00f3ximo lunes, d\u00eda 29, a las 11 horas, en las oficinas de la Mancomunidad (Casa Garach en Motril) donde se presentar\u00e1 por escrito estas reclamaciones.","rel":"","context":"En \u00abEST\u00c1 PASANDO\u00bb","block_context":{"text":"EST\u00c1 PASANDO","link":"https:\/\/iumotril.org\/sitio\/category\/esta-pasando\/"},"img":{"alt_text":"","src":"https:\/\/i0.wp.com\/iumotril.org\/sitio\/wp-content\/uploads\/2017\/05\/Cartel-movilizaciones-mancomunidad_mayo-2017-724x1024.jpg?resize=350%2C200","width":350,"height":200},"classes":[]},{"id":2905,"url":"https:\/\/iumotril.org\/sitio\/reclamamos-a-la-mancomunidad-un-gestion-eficaz-y-transparente-en-defensa-de-los-intereses-de-los-vecinos\/","url_meta":{"origin":3212,"position":2},"title":"Reclamamos a la Mancomunidad un gesti\u00f3n eficaz y transparente en defensa de los intereses de los vecinos","author":"Izquierda Unida Motril","date":"26 mayo, 2017","format":false,"excerpt":"Izquierda Unida hace un llamamiento a los vecinos y vecinas de la Costa a que se sumen a este acto de protesta, el lunes 29 de mayo a las 11 horas, para exigir que la gesti\u00f3n de la Mancomunidad tenga como principal objetivo la defensa de sus intereses y no\u2026","rel":"","context":"En \u00abEST\u00c1 PASANDO\u00bb","block_context":{"text":"EST\u00c1 PASANDO","link":"https:\/\/iumotril.org\/sitio\/category\/esta-pasando\/"},"img":{"alt_text":"","src":"https:\/\/i0.wp.com\/iumotril.org\/sitio\/wp-content\/uploads\/2017\/05\/Cartel-Agua_mayo-2017-212x300.jpeg?resize=350%2C200","width":350,"height":200},"classes":[]},{"id":2888,"url":"https:\/\/iumotril.org\/sitio\/iu-critica-las-contrataciones-de-profesionales-afines-al-presidente-en-la-mancomunidad\/","url_meta":{"origin":3212,"position":3},"title":"IU CRITICA LA CONTRATACI\u00d3N DE PROFESIONALES AFINES AL PRESIDENTE EN LA MANCOMUNIDAD","author":"Izquierda Unida Motril","date":"24 mayo, 2017","format":false,"excerpt":"Izquierda Unida llama a la ciudadan\u00eda a protestar en la sede de la Mancomunidad por su mala gesti\u00f3n y falta de transparencia. El lunes, 29 a las 11 horas en la sede de la Mancomunidad.","rel":"","context":"En \u00abEST\u00c1 PASANDO\u00bb","block_context":{"text":"EST\u00c1 PASANDO","link":"https:\/\/iumotril.org\/sitio\/category\/esta-pasando\/"},"img":{"alt_text":"","src":"https:\/\/i0.wp.com\/iumotril.org\/sitio\/wp-content\/uploads\/2017\/05\/Juani-Boto-e-Inma-Omiste_mayo-2017-1024x768.jpeg?resize=350%2C200","width":350,"height":200,"srcset":"https:\/\/i0.wp.com\/iumotril.org\/sitio\/wp-content\/uploads\/2017\/05\/Juani-Boto-e-Inma-Omiste_mayo-2017-1024x768.jpeg?resize=350%2C200 1x, https:\/\/i0.wp.com\/iumotril.org\/sitio\/wp-content\/uploads\/2017\/05\/Juani-Boto-e-Inma-Omiste_mayo-2017-1024x768.jpeg?resize=525%2C300 1.5x"},"classes":[]},{"id":3249,"url":"https:\/\/iumotril.org\/sitio\/la-mancomunidad-aprueba-una-subida-del-725-en-el-recibo-del-agua-con-el-beneplacito-del-pp-y-del-psoe\/","url_meta":{"origin":3212,"position":4},"title":"LA MANCOMUNIDAD APRUEBA UNA SUBIDA DEL 7,25% EN EL RECIBO DEL  AGUA CON EL BENEPL\u00c1CITO DEL PP y del PSOE.","author":"Izquierda Unida Motril","date":"22 diciembre, 2017","format":false,"excerpt":"Desde Izquierda Unida se sigue denunciando que empresa contin\u00faa cortando el suministro de agua potable a familias sin recursos y cobrando cuotas de reenganche abusivas, as\u00ed como intereses de demora desmedidos de la deuda contra\u00edda. Veintid\u00f3s a\u00f1os de gesti\u00f3n del agua en los pueblos y ciudades de la Costa han\u2026","rel":"","context":"En \u00abEST\u00c1 PASANDO\u00bb","block_context":{"text":"EST\u00c1 PASANDO","link":"https:\/\/iumotril.org\/sitio\/category\/esta-pasando\/"},"img":{"alt_text":"","src":"https:\/\/i0.wp.com\/iumotril.org\/sitio\/wp-content\/uploads\/2017\/12\/PLENO-MANCOMUNIDAD-14-09-15-39-300x168.jpg?resize=350%2C200","width":350,"height":200},"classes":[]},{"id":1358,"url":"https:\/\/iumotril.org\/sitio\/izquierda-unida-reclama-un-cambio-del-modelo-de-gestion-de-la-mancomunidad\/","url_meta":{"origin":3212,"position":5},"title":"IZQUIERDA UNIDA RECLAMA UN CAMBIO DEL MODELO DE GESTI\u00d3N DE LA MANCOMUNIDAD","author":"Izquierda Unida Motril","date":"14 septiembre, 2015","format":false,"excerpt":"Izquierda Unida exigir\u00e1 la realizaci\u00f3n de una auditor\u00eda econ\u00f3mica y de gesti\u00f3n de la empresa Agua y Servicios, el inicio del proceso de remunicipalizaci\u00f3n del servicio de agua y la asunci\u00f3n de nuevos servicios, como recogida de basuras y gesti\u00f3n de residuos agr\u00edcolas. Inma Omiste ha manifestado la voluntad pol\u00edtica\u2026","rel":"","context":"En \u00abAyuntamiento\u00bb","block_context":{"text":"Ayuntamiento","link":"https:\/\/iumotril.org\/sitio\/category\/ayuntamiento\/"},"img":{"alt_text":"Inma en Mancomunidad_2","src":"https:\/\/i0.wp.com\/iumotril.org\/sitio\/wp-content\/uploads\/2015\/09\/Inma-en-Mancomunidad_2-300x300.jpg?resize=350%2C200","width":350,"height":200},"classes":[]}],"jetpack_likes_enabled":true,"_links":{"self":[{"href":"https:\/\/iumotril.org\/sitio\/wp-json\/wp\/v2\/posts\/3212","targetHints":{"allow":["GET"]}}],"collection":[{"href":"https:\/\/iumotril.org\/sitio\/wp-json\/wp\/v2\/posts"}],"about":[{"href":"https:\/\/iumotril.org\/sitio\/wp-json\/wp\/v2\/types\/post"}],"author":[{"embeddable":true,"href":"https:\/\/iumotril.org\/sitio\/wp-json\/wp\/v2\/users\/1"}],"replies":[{"embeddable":true,"href":"https:\/\/iumotril.org\/sitio\/wp-json\/wp\/v2\/comments?post=3212"}],"version-history":[{"count":9,"href":"https:\/\/iumotril.org\/sitio\/wp-json\/wp\/v2\/posts\/3212\/revisions"}],"predecessor-version":[{"id":3228,"href":"https:\/\/iumotril.org\/sitio\/wp-json\/wp\/v2\/posts\/3212\/revisions\/3228"}],"wp:attachment":[{"href":"https:\/\/iumotril.org\/sitio\/wp-json\/wp\/v2\/media?parent=3212"}],"wp:term":[{"taxonomy":"category","embeddable":true,"href":"https:\/\/iumotril.org\/sitio\/wp-json\/wp\/v2\/categories?post=3212"},{"taxonomy":"post_tag","embeddable":true,"href":"https:\/\/iumotril.org\/sitio\/wp-json\/wp\/v2\/tags?post=3212"}],"curies":[{"name":"wp","href":"https:\/\/api.w.org\/{rel}","templated":true}]}}