{"id":3205,"date":"2017-11-26T08:33:47","date_gmt":"2017-11-26T07:33:47","guid":{"rendered":"http:\/\/iumotril.org\/sitio\/?p=3205"},"modified":"2017-11-26T08:33:47","modified_gmt":"2017-11-26T07:33:47","slug":"enmiendas-al-presupuesto-de-la-junta-para-mejorar-motril","status":"publish","type":"post","link":"https:\/\/iumotril.org\/sitio\/enmiendas-al-presupuesto-de-la-junta-para-mejorar-motril\/","title":{"rendered":"Enmiendas al Presupuesto de la Junta para mejorar Motril"},"content":{"rendered":"<p class=\"p1\" style=\"text-align: justify;\"><span class=\"s1\">El Grupo Parlamentario de <\/span><span class=\"s2\">Izquierda Unida LV-CA ha registrado 27 enmiendas de \u00e1mbito auton\u00f3mico a los presupuestos de la Junta de Andaluc\u00eda para llevar<span class=\"Apple-converted-space\">\u00a0 <\/span>a cabo diversas propuestas que permitir\u00edan mejorar el desarrollo social de la comunidad aut\u00f3noma y <strong>la vida de los andaluces y andaluzas.<\/strong> Tambi\u00e9n ha registrado 10 enmiendas que promueven mayores inversiones en la provincia de Granada, entre las que se incluye la dotaci\u00f3n de una partida presupuestaria para la rehabilitaci\u00f3n de la F\u00e1brica del Pilar y otra para la elaboraci\u00f3n de un plan integral de dinamizaci\u00f3n de la Costa Tropical.<\/span><span class=\"s2\"><a href=\"https:\/\/iumotril.org\/sitio\/fabrica\/\"><img loading=\"lazy\" decoding=\"async\" data-attachment-id=\"3215\" data-permalink=\"https:\/\/iumotril.org\/sitio\/enmiendas-al-presupuesto-de-la-junta-para-mejorar-motril\/fabrica\/\" data-orig-file=\"https:\/\/iumotril.org\/sitio\/wp-content\/uploads\/2017\/11\/fabrica.jpeg\" data-orig-size=\"339,149\" data-comments-opened=\"1\" data-image-meta=\"{&quot;aperture&quot;:&quot;0&quot;,&quot;credit&quot;:&quot;&quot;,&quot;camera&quot;:&quot;&quot;,&quot;caption&quot;:&quot;&quot;,&quot;created_timestamp&quot;:&quot;0&quot;,&quot;copyright&quot;:&quot;&quot;,&quot;focal_length&quot;:&quot;0&quot;,&quot;iso&quot;:&quot;0&quot;,&quot;shutter_speed&quot;:&quot;0&quot;,&quot;title&quot;:&quot;&quot;,&quot;orientation&quot;:&quot;0&quot;}\" data-image-title=\"fabrica\" data-image-description=\"\" data-image-caption=\"\" data-large-file=\"https:\/\/iumotril.org\/sitio\/wp-content\/uploads\/2017\/11\/fabrica.jpeg\" class=\"alignleft wp-image-3215 size-full\" src=\"https:\/\/iumotril.org\/sitio\/wp-content\/uploads\/2017\/11\/fabrica.jpeg\" alt=\"\" width=\"339\" height=\"149\" srcset=\"https:\/\/iumotril.org\/sitio\/wp-content\/uploads\/2017\/11\/fabrica.jpeg 339w, https:\/\/iumotril.org\/sitio\/wp-content\/uploads\/2017\/11\/fabrica-300x132.jpeg 300w\" sizes=\"auto, (max-width: 339px) 100vw, 339px\" \/><\/a> Izquierda Unida propone la creaci\u00f3n de una partida presupuestaria de <strong>2 millones de euros<\/strong> para la rehabilitaci\u00f3n de la <strong>F\u00e1brica del Pilar<\/strong> de Motril y del Museo Industrial del Az\u00facar. Adem\u00e1s, ha registrado una segunda enmienda para la dotaci\u00f3n presupuestaria de un <strong>Plan de dinamizaci\u00f3n de la Costa de Granada<\/strong>, por un importe de 450.000 euros.<\/span><\/p>\n<p class=\"p3\" style=\"text-align: justify;\"><span class=\"s2\">La coordinadora provincial de Izquierda Unida y parlamentaria andaluza, <strong>Mari Carmen P\u00e9rez<\/strong>, ha informado en Motril de la presentaci\u00f3n de estas dos enmiendas de adici\u00f3n que entiende que responden a los intereses la ciudad y de sus vecinos y vecinas.<\/span><\/p>\n<p class=\"p3\" style=\"text-align: justify;\"><span class=\"s2\">En el caso de la F\u00e1brica del Pilar se trata de una reivindicaci\u00f3n hist\u00f3rica que no ha merecido la menor atenci\u00f3n por parte de los gobiernos del PSOE en ning\u00fan momento, a pesar de su especial inter\u00e9s y la <strong>repercusi\u00f3n para la ciudad y para la Comarca. <\/strong><\/span><\/p>\n<p class=\"p3\" style=\"text-align: justify;\"><span class=\"s2\">El complejo de la F\u00e1brica del Pilar es uno de los principales exponentes del patrimonio azucarero que se conservan y representa una de las m\u00e1s importantes se\u00f1as de identidad de la ciudad de Motril y de su historia. Desde 1996 la F\u00e1brica est\u00e1 inscrita en el Cat\u00e1logo general de Patrimonio Hist\u00f3rico Andaluz.<\/span><\/p>\n<p class=\"p3\" style=\"text-align: justify;\"><span class=\"s2\">Para la Parlamentaria andaluza, el modelo tur\u00edstico de la Costa, basado en intereses especulativos, la estacionalidad de la oferta y la excesiva dependencia del turismo y del sector servicios, justifica plenamente la elaboraci\u00f3n de un Plan de dinamizaci\u00f3n de la Costa de Granada que, entre otros objetivos, persiga revertir los datos del paro en Motril y en la Comarca de la Costa, que est\u00e1n c<strong>ondenando a miles personas a la pobreza<\/strong>, y las condiciones de <strong>precariedad<\/strong> a que est\u00e1n sometidos los trabajadores y las trabajadoras de los diferentes sectores de actividad.<\/span><\/p>\n","protected":false},"excerpt":{"rendered":"<p>Izquierda Unida propone la creaci\u00f3n de una partida presupuestaria de 2 millones de euros para la rehabilitaci\u00f3n de la F\u00e1brica del Pilar de Motril y del Museo Industrial del Az\u00facar. Adem\u00e1s, ha registrado una segunda enmienda para la dotaci\u00f3n presupuestaria de un Plan de dinamizaci\u00f3n de la Costa de Granada, por un importe de 450.000 euros.<\/p>\n","protected":false},"author":1,"featured_media":0,"comment_status":"open","ping_status":"open","sticky":false,"template":"","format":"standard","meta":{"cybocfi_hide_featured_image":"","_jetpack_newsletter_access":"","_jetpack_dont_email_post_to_subs":false,"_jetpack_newsletter_tier_id":0,"_jetpack_memberships_contains_paywalled_content":false,"_jetpack_memberships_contains_paid_content":false,"footnotes":""},"categories":[265],"tags":[855,831,304,292,857,93,856],"class_list":["post-3205","post","type-post","status-publish","format-standard","hentry","category-esta-pasando","tag-enmiendas-presupuestos","tag-fabrica-del-pilar","tag-junta-andalucia","tag-mari-carmen-perez","tag-mejoras","tag-motril","tag-plan-dinamizacion-costa"],"jetpack_featured_media_url":"","jetpack_sharing_enabled":true,"jetpack_shortlink":"https:\/\/wp.me\/p4QsU5-PH","jetpack-related-posts":[{"id":3140,"url":"https:\/\/iumotril.org\/sitio\/motril-no-esta-en-el-mapa-de-la-junta-de-andalucia\/","url_meta":{"origin":3205,"position":0},"title":"MOTRIL NO EST\u00c1 EN EL MAPA DE LA JUNTA DE ANDALUC\u00cdA","author":"Izquierda Unida Motril","date":"24 octubre, 2017","format":false,"excerpt":"Para la diputada andaluza, el anteproyecto de presupuestos presentado por el gobierno andaluz es otra vuelta de tuerca m\u00e1s en la profundizaci\u00f3n de las desigualdades en Andaluc\u00eda y la continuidad de pol\u00edticas contrarias a los intereses de la mayor\u00eda de las andaluzas y andaluces. Un a\u00f1o m\u00e1s, el presupuesto del\u2026","rel":"","context":"En \u00abEST\u00c1 PASANDO\u00bb","block_context":{"text":"EST\u00c1 PASANDO","link":"https:\/\/iumotril.org\/sitio\/category\/esta-pasando\/"},"img":{"alt_text":"","src":"https:\/\/i0.wp.com\/img.youtube.com\/vi\/FoQ9hhaHLew\/0.jpg?resize=350%2C200","width":350,"height":200},"classes":[]},{"id":266,"url":"https:\/\/iumotril.org\/sitio\/enmienda-totalidad-presupuestos-generales-2015-el-pasado-martes-21-de-octubre-se-debatio-en-el-congreso-las-enmiendas-a-la-totalidad-de-los-presupuestos-generales-del-estado-para-el-ano-2015\/","url_meta":{"origin":3205,"position":1},"title":"ENMIENDA TOTALIDAD PRESUPUESTOS GENERALES 2015  El pasado martes 21 de octubre se debati\u00f3 en el Congreso las enmiendas a la totalidad de los Presupuestos Generales del Estado para el a\u00f1o 2015.","author":"Izquierda Unida Motril","date":"27 octubre, 2014","format":false,"excerpt":"Garz\u00f3n: \"En este pa\u00eds mandan las grandes fortunas y no quienes se presentan a las elecciones\" https:\/\/www.youtube.com\/watch?v=3QhFo0qdsqc","rel":"","context":"En \u00abSin categor\u00eda\u00bb","block_context":{"text":"Sin categor\u00eda","link":"https:\/\/iumotril.org\/sitio\/category\/sin-categoria\/"},"img":{"alt_text":"a. garzon","src":"https:\/\/i0.wp.com\/iumotril.org\/sitio\/wp-content\/uploads\/2014\/10\/a.-garzon-300x168.jpg?resize=350%2C200","width":350,"height":200},"classes":[]},{"id":1507,"url":"https:\/\/iumotril.org\/sitio\/izquierda-unida-denuncia-que-en-el-proyecto-de-presupuestos-de-la-junta-de-andalucia-se-deja-de-lado-a-la-costa\/","url_meta":{"origin":3205,"position":2},"title":"IZQUIERDA UNIDA DENUNCIA QUE EN EL PROYECTO DE PRESUPUESTOS DE LA JUNTA DE ANDALUC\u00cdA SE  DEJA DE LADO A LA COSTA","author":"Izquierda Unida Motril","date":"21 octubre, 2015","format":false,"excerpt":"La diputada andaluza se ha comprometido a presentar diversas iniciativas parlamentarias en los \u00e1mbitos auton\u00f3mico y nacional a trav\u00e9s de su Grupo para sacar adelante propuestas y medidas de mejora para Motril y para la Comarca de la Costa para que tengan cabida en los pr\u00f3ximos presupuestos para 2016.","rel":"","context":"En \u00abEST\u00c1 PASANDO\u00bb","block_context":{"text":"EST\u00c1 PASANDO","link":"https:\/\/iumotril.org\/sitio\/category\/esta-pasando\/"},"img":{"alt_text":"mari carmen perez 2_octubre 2015","src":"http:\/\/iumotril.org\/sitio\/wp-content\/uploads\/2015\/10\/mari-carmen-perez-2_octubre-2015.bmp","width":350,"height":200},"classes":[]},{"id":2649,"url":"https:\/\/iumotril.org\/sitio\/izquierda-unida-reclama-mayores-inversiones-en-infraestructuras-para-motril\/","url_meta":{"origin":3205,"position":3},"title":"IZQUIERDA UNIDA RECLAMA MAYORES INVERSIONES EN INFRAESTRUCTURAS PARA MOTRIL","author":"Izquierda Unida Motril","date":"17 enero, 2017","format":false,"excerpt":"IU-Motril ha celebrado que, por fin, la nueva estaci\u00f3n de autobuses haya entrado en funcionamiento despu\u00e9s de los reiterados anuncios e inauguraciones fantasmas que se han venido realizando durante los \u00faltimos meses con objetivos \u00fanicamente propagand\u00edsticos. No obstante, considera que Motril est\u00e1 abandonado por la Junta de Andaluc\u00eda, por la\u2026","rel":"","context":"En \u00abEST\u00c1 PASANDO\u00bb","block_context":{"text":"EST\u00c1 PASANDO","link":"https:\/\/iumotril.org\/sitio\/category\/esta-pasando\/"},"img":{"alt_text":"","src":"https:\/\/i0.wp.com\/iumotril.org\/sitio\/wp-content\/uploads\/2017\/01\/Estacion-Buses.jpg?resize=350%2C200","width":350,"height":200,"srcset":"https:\/\/i0.wp.com\/iumotril.org\/sitio\/wp-content\/uploads\/2017\/01\/Estacion-Buses.jpg?resize=350%2C200 1x, https:\/\/i0.wp.com\/iumotril.org\/sitio\/wp-content\/uploads\/2017\/01\/Estacion-Buses.jpg?resize=525%2C300 1.5x, https:\/\/i0.wp.com\/iumotril.org\/sitio\/wp-content\/uploads\/2017\/01\/Estacion-Buses.jpg?resize=700%2C400 2x"},"classes":[]},{"id":2807,"url":"https:\/\/iumotril.org\/sitio\/la-visita-de-susana-diaz-a-motril-un-acto-de-campana-camuflado-como-institucional\/","url_meta":{"origin":3205,"position":4},"title":"LA VISITA DE SUSANA D\u00cdAZ A MOTRIL: UN ACTO DE CAMPA\u00d1A CAMUFLADO COMO INSTITUCIONAL","author":"Izquierda Unida Motril","date":"17 abril, 2017","format":false,"excerpt":"El Grupo Municipal de Izquierda Unida ha entregado a Susana D\u00edaz un documento en el que critica el olvido y el abandono que sufre la ciudad por parte de la Administraci\u00f3n auton\u00f3mica, que se evidencia en la carencia de las inversiones necesarias para resituar Motril. En este documento Izquierda Unida\u2026","rel":"","context":"En \u00abEST\u00c1 PASANDO\u00bb","block_context":{"text":"EST\u00c1 PASANDO","link":"https:\/\/iumotril.org\/sitio\/category\/esta-pasando\/"},"img":{"alt_text":"","src":"https:\/\/i0.wp.com\/iumotril.org\/sitio\/wp-content\/uploads\/2017\/04\/Susana-en-Motril-971x1024.jpeg?resize=350%2C200","width":350,"height":200,"srcset":"https:\/\/i0.wp.com\/iumotril.org\/sitio\/wp-content\/uploads\/2017\/04\/Susana-en-Motril-971x1024.jpeg?resize=350%2C200 1x, https:\/\/i0.wp.com\/iumotril.org\/sitio\/wp-content\/uploads\/2017\/04\/Susana-en-Motril-971x1024.jpeg?resize=525%2C300 1.5x"},"classes":[]},{"id":3173,"url":"https:\/\/iumotril.org\/sitio\/el-pleno-del-ayuntamiento-de-motril-exige-a-la-junta-el-pago-de-3-273-541-euros-que-le-adeuda-por-la-patrica\/","url_meta":{"origin":3205,"position":5},"title":"EL PLENO DEL AYUNTAMIENTO DE MOTRIL EXIGE A LA JUNTA EL PAGO DE 3.273.541 euros QUE LE ADEUDA POR LA PATRICA.","author":"Izquierda Unida Motril","date":"9 noviembre, 2017","format":false,"excerpt":"Izquierda Unida est\u00e1 llevando a cabo en Andaluc\u00eda una campa\u00f1a en la que denuncia que Susana D\u00edaz tiene intervenidos los ayuntamientos andaluces de facto con el impago de esta deuda con las negativas consecuencias que \u00e9ste supone para las actuaciones de los gobiernos locales. En la provincia de Granada la\u2026","rel":"","context":"En \u00abEST\u00c1 PASANDO\u00bb","block_context":{"text":"EST\u00c1 PASANDO","link":"https:\/\/iumotril.org\/sitio\/category\/esta-pasando\/"},"img":{"alt_text":"","src":"https:\/\/i0.wp.com\/iumotril.org\/sitio\/wp-content\/uploads\/2017\/11\/Patrica_Motril-212x300.jpg?resize=350%2C200","width":350,"height":200},"classes":[]}],"jetpack_likes_enabled":true,"_links":{"self":[{"href":"https:\/\/iumotril.org\/sitio\/wp-json\/wp\/v2\/posts\/3205","targetHints":{"allow":["GET"]}}],"collection":[{"href":"https:\/\/iumotril.org\/sitio\/wp-json\/wp\/v2\/posts"}],"about":[{"href":"https:\/\/iumotril.org\/sitio\/wp-json\/wp\/v2\/types\/post"}],"author":[{"embeddable":true,"href":"https:\/\/iumotril.org\/sitio\/wp-json\/wp\/v2\/users\/1"}],"replies":[{"embeddable":true,"href":"https:\/\/iumotril.org\/sitio\/wp-json\/wp\/v2\/comments?post=3205"}],"version-history":[{"count":5,"href":"https:\/\/iumotril.org\/sitio\/wp-json\/wp\/v2\/posts\/3205\/revisions"}],"predecessor-version":[{"id":3217,"href":"https:\/\/iumotril.org\/sitio\/wp-json\/wp\/v2\/posts\/3205\/revisions\/3217"}],"wp:attachment":[{"href":"https:\/\/iumotril.org\/sitio\/wp-json\/wp\/v2\/media?parent=3205"}],"wp:term":[{"taxonomy":"category","embeddable":true,"href":"https:\/\/iumotril.org\/sitio\/wp-json\/wp\/v2\/categories?post=3205"},{"taxonomy":"post_tag","embeddable":true,"href":"https:\/\/iumotril.org\/sitio\/wp-json\/wp\/v2\/tags?post=3205"}],"curies":[{"name":"wp","href":"https:\/\/api.w.org\/{rel}","templated":true}]}}