{"id":3160,"date":"2017-11-08T12:37:11","date_gmt":"2017-11-08T11:37:11","guid":{"rendered":"http:\/\/iumotril.org\/sitio\/?p=3160"},"modified":"2017-11-08T13:16:41","modified_gmt":"2017-11-08T12:16:41","slug":"los-bancos-volveran-a-pagar-tasas-por-la-instalacion-de-cajeros-automaticos-en-motril","status":"publish","type":"post","link":"https:\/\/iumotril.org\/sitio\/los-bancos-volveran-a-pagar-tasas-por-la-instalacion-de-cajeros-automaticos-en-motril\/","title":{"rendered":"LOS BANCOS VOLVER\u00c1N A PAGAR TASAS POR LA INSTALACI\u00d3N DE CAJEROS AUTOM\u00c1TICOS EN MOTRIL"},"content":{"rendered":"<p style=\"text-align: justify;\">El Pleno del ayuntamiento de Motril ha aprobado por unanimidad la <strong>propuesta de Izquierda Unida para que los bancos y entidades financieras paguen una tasa espec\u00edfica por la instalaci\u00f3n de cajeros autom\u00e1ticos<\/strong> en las v\u00edas p\u00fablicas de la ciudad. En los \u00faltimos tres a\u00f1os los gobiernos del <a href=\"https:\/\/iumotril.org\/sitio\/el-ayuntamiento-de-motril-perdona-a-los-bancos-la-tasa-de-ocupacion-por-los-cajeros-automaticos\/\">PP y del PSOE les hab\u00edan perdonado el pago de esta tasa<\/a> por ser de menor cuant\u00eda.<\/p>\n<p style=\"text-align: justify;\">Con la aprobaci\u00f3n de la <strong>propuesta de Izquierda Unida Motril<\/strong> se da inicio al procedimiento de modificaci\u00f3n de la Ordenanza Fiscal de Ocupaci\u00f3n de V\u00edas P\u00fablicas, con objeto de que los bancos abonen una tasa espec\u00edfica de una cuant\u00eda razonable, coherente con la actividad que generan y con los beneficios econ\u00f3micos que obtienen.<\/p>\n<p style=\"text-align: justify;\"><a href=\"https:\/\/iumotril.org\/sitio\/el-ayuntamiento-de-motril-perdona-a-los-bancos-la-tasa-de-ocupacion-por-los-cajeros-automaticos\/cajero\/\" rel=\"attachment wp-att-3170\"><img loading=\"lazy\" decoding=\"async\" data-attachment-id=\"3170\" data-permalink=\"https:\/\/iumotril.org\/sitio\/el-ayuntamiento-de-motril-perdona-a-los-bancos-la-tasa-de-ocupacion-por-los-cajeros-automaticos\/cajero\/\" data-orig-file=\"https:\/\/iumotril.org\/sitio\/wp-content\/uploads\/2017\/11\/cajero.jpg\" data-orig-size=\"1200,800\" data-comments-opened=\"1\" data-image-meta=\"{&quot;aperture&quot;:&quot;0&quot;,&quot;credit&quot;:&quot;&quot;,&quot;camera&quot;:&quot;&quot;,&quot;caption&quot;:&quot;&quot;,&quot;created_timestamp&quot;:&quot;0&quot;,&quot;copyright&quot;:&quot;&quot;,&quot;focal_length&quot;:&quot;0&quot;,&quot;iso&quot;:&quot;0&quot;,&quot;shutter_speed&quot;:&quot;0&quot;,&quot;title&quot;:&quot;&quot;,&quot;orientation&quot;:&quot;0&quot;}\" data-image-title=\"cajero\" data-image-description=\"\" data-image-caption=\"\" data-large-file=\"https:\/\/iumotril.org\/sitio\/wp-content\/uploads\/2017\/11\/cajero-1024x683.jpg\" class=\"alignleft wp-image-3170 size-medium\" src=\"https:\/\/iumotril.org\/sitio\/wp-content\/uploads\/2017\/11\/cajero-300x200.jpg\" alt=\"\" width=\"300\" height=\"200\" srcset=\"https:\/\/iumotril.org\/sitio\/wp-content\/uploads\/2017\/11\/cajero-300x200.jpg 300w, https:\/\/iumotril.org\/sitio\/wp-content\/uploads\/2017\/11\/cajero-768x512.jpg 768w, https:\/\/iumotril.org\/sitio\/wp-content\/uploads\/2017\/11\/cajero-1024x683.jpg 1024w, https:\/\/iumotril.org\/sitio\/wp-content\/uploads\/2017\/11\/cajero.jpg 1200w\" sizes=\"auto, (max-width: 300px) 100vw, 300px\" \/><\/a>Todos los grupos pol\u00edticos han dado su apoyo a la moci\u00f3n, si bien el representante del Partido Popular, Sr. <strong>Garc\u00eda Fuentes<\/strong>, defendi\u00f3 que la tasa que se establezca sea proporcionada con objeto de <strong>no molestar a las entidades financieras<\/strong>, no fuera a ser que decidieran trasladar sus oficinas de Motril o eliminar los cajeros autom\u00e1ticos.<\/p>\n<p style=\"text-align: justify;\">La concejal de IU, Inma Omiste, que defendi\u00f3 la Moci\u00f3n, ha reprochado al edil derechista su preocupaci\u00f3n por no molestar a los bancos y no acordarse en los mismos t\u00e9rminos de los <strong>motrile\u00f1os y motrile\u00f1as que pagan sus impuestos, en algunos casos elevad\u00edsimos, sin que al Partido Popular le preocupe lo m\u00e1s m\u00ednimo<\/strong>. Como tampoco les importa que alguna de estas <strong>entidades financieras siga neg\u00e1ndose a<\/strong> cumplir con las resoluciones judiciales que les obliga a <strong>devolver las ilegales cl\u00e1usulas suelo<\/strong> o que contin\u00faen <a href=\"https:\/\/iumotril.org\/sitio\/un-ano-despues-de-aprobada-se-anuncia-la-creacion-de-la-oficina-antidesahucios\/\"><strong>echando de sus casas a familias motrile\u00f1as sin recursos.<\/strong><\/a><\/p>\n<p style=\"text-align: justify;\">Omiste ha recordado que tres de las entidades bancarias que se ver\u00e1n afectadas por el pago de esta tasa han obtenido en los seis primeros meses del a\u00f1o importantes beneficios econ\u00f3micos: <strong>Santander, 3.616 millones de euros<\/strong>, <strong>BBVA, 2.306 millones<\/strong> y <strong>CaixaBank, 839 millones<\/strong>.<\/p>\n","protected":false},"excerpt":{"rendered":"<p>Con la aprobaci\u00f3n de la propuesta de Izquierda Unida Motril se da inicio al procedimiento de modificaci\u00f3n de la Ordenanza Fiscal de Ocupaci\u00f3n de V\u00edas P\u00fablicas, con objeto de que los bancos abonen una tasa espec\u00edfica de una cuant\u00eda razonable, coherente con la actividad que generan y con los beneficios econ\u00f3micos que obtienen.<\/p>\n","protected":false},"author":1,"featured_media":0,"comment_status":"open","ping_status":"open","sticky":false,"template":"","format":"standard","meta":{"cybocfi_hide_featured_image":"","_jetpack_newsletter_access":"","_jetpack_dont_email_post_to_subs":false,"_jetpack_newsletter_tier_id":0,"_jetpack_memberships_contains_paywalled_content":false,"_jetpack_memberships_contains_paid_content":false,"footnotes":""},"categories":[265],"tags":[837,840,842,838,341,115,841],"class_list":["post-3160","post","type-post","status-publish","format-standard","hentry","category-esta-pasando","tag-bancos","tag-cajeros-automaticos","tag-cuantia-razonable","tag-entidades-financieras","tag-garcia-fuentes","tag-inma-omiste","tag-tasa-ocupacion-vias-publicas"],"jetpack_featured_media_url":"","jetpack_sharing_enabled":true,"jetpack_shortlink":"https:\/\/wp.me\/p4QsU5-OY","jetpack-related-posts":[{"id":3150,"url":"https:\/\/iumotril.org\/sitio\/el-ayuntamiento-de-motril-perdona-a-los-bancos-la-tasa-de-ocupacion-por-los-cajeros-automaticos\/","url_meta":{"origin":3160,"position":0},"title":"EL AYUNTAMIENTO DE MOTRIL PERDONA A LOS BANCOS LA TASA DE OCUPACI\u00d3N POR LOS CAJEROS AUTOM\u00c1TICOS.","author":"Izquierda Unida Motril","date":"3 noviembre, 2017","format":false,"excerpt":"Izquierda Unida eleva al Pleno una propuesta de Modificaci\u00f3n de la ordenanza fiscal de ocupaci\u00f3n de la v\u00eda p\u00fablica que establece una tasa por metro cuadrado o fracci\u00f3n de ocupaci\u00f3n en cualquier calle por parte de cajeros autom\u00e1ticos de 350 euros mensuales. De este modo, se estima que la recaudaci\u00f3n\u2026","rel":"","context":"En \u00abEST\u00c1 PASANDO\u00bb","block_context":{"text":"EST\u00c1 PASANDO","link":"https:\/\/iumotril.org\/sitio\/category\/esta-pasando\/"},"img":{"alt_text":"","src":"https:\/\/i0.wp.com\/iumotril.org\/sitio\/wp-content\/uploads\/2017\/11\/cajero-1024x683.jpg?resize=350%2C200","width":350,"height":200,"srcset":"https:\/\/i0.wp.com\/iumotril.org\/sitio\/wp-content\/uploads\/2017\/11\/cajero-1024x683.jpg?resize=350%2C200 1x, https:\/\/i0.wp.com\/iumotril.org\/sitio\/wp-content\/uploads\/2017\/11\/cajero-1024x683.jpg?resize=525%2C300 1.5x"},"classes":[]},{"id":4122,"url":"https:\/\/iumotril.org\/sitio\/el-ayuntamiento-de-motril-perdona-a-los-bancos-miles-de-euros-de-tasas-por-la-instalacion-de-cajeros-automaticos\/","url_meta":{"origin":3160,"position":1},"title":"El Ayuntamiento de Motril perdona a los bancos miles de euros de tasas por la instalaci\u00f3n de cajeros autom\u00e1ticos","author":"Izquierda Unida Motril","date":"30 octubre, 2018","format":false,"excerpt":"Se da la circunstancia de que un quiosco de prensa o\u00a0 una caseta de venta de churros de 2 metros cuadrados ubicados en la v\u00eda p\u00fablica, est\u00e1 pagando una tasa de 581,8 euros anuales, mientras que un cajero del BBVA, o del Banco de Santander, o de cualquier otra entidad\u2026","rel":"","context":"En \u00abAyuntamiento\u00bb","block_context":{"text":"Ayuntamiento","link":"https:\/\/iumotril.org\/sitio\/category\/ayuntamiento\/"},"img":{"alt_text":"","src":"https:\/\/i0.wp.com\/iumotril.org\/sitio\/wp-content\/uploads\/2018\/10\/Christian_30-octubre-300x225.jpg?resize=350%2C200","width":350,"height":200},"classes":[]},{"id":8105,"url":"https:\/\/iumotril.org\/sitio\/iu-equo-propone-incrementar-la-cuantia-de-la-tasa-de-ocupacion-a-las-entidades-bancarias-por-la-utilizacion-de-cajeros-electronicos-en-las-vias-publicas\/","url_meta":{"origin":3160,"position":2},"title":"IU-Equo propone incrementar la cuant\u00eda de la tasa de ocupaci\u00f3n a las entidades bancarias por la utilizaci\u00f3n de cajeros electr\u00f3nicos en las v\u00edas p\u00fablicas","author":"Izquierda Unida Motril","date":"24 marzo, 2022","format":false,"excerpt":"Transcurrido m\u00e1s de un a\u00f1o desde la anterior actualizaci\u00f3n de la ordenanza, y a la vista de la evoluci\u00f3n del negocio bancario que ha intensificado la utilizaci\u00f3n de los cajeros autom\u00e1ticos ubicados en las v\u00edas p\u00fablicas, desde IU-Equo se entiende que es necesaria la actualizaci\u00f3n de determinados aspectos de dicha\u2026","rel":"","context":"En \u00abAyuntamiento\u00bb","block_context":{"text":"Ayuntamiento","link":"https:\/\/iumotril.org\/sitio\/category\/ayuntamiento\/"},"img":{"alt_text":"","src":"https:\/\/i0.wp.com\/iumotril.org\/sitio\/wp-content\/uploads\/2022\/03\/Inma-24-marzo.jpg?resize=350%2C200","width":350,"height":200,"srcset":"https:\/\/i0.wp.com\/iumotril.org\/sitio\/wp-content\/uploads\/2022\/03\/Inma-24-marzo.jpg?resize=350%2C200 1x, https:\/\/i0.wp.com\/iumotril.org\/sitio\/wp-content\/uploads\/2022\/03\/Inma-24-marzo.jpg?resize=525%2C300 1.5x, https:\/\/i0.wp.com\/iumotril.org\/sitio\/wp-content\/uploads\/2022\/03\/Inma-24-marzo.jpg?resize=700%2C400 2x"},"classes":[]},{"id":5299,"url":"https:\/\/iumotril.org\/sitio\/iu-equo-propone-que-los-bancos-paguen-mayores-tasas-por-la-utilizacion-de-sus-cajeros-automaticos-en-las-calles\/","url_meta":{"origin":3160,"position":3},"title":"IU-Equo propone que los bancos paguen mayores tasas por la utilizaci\u00f3n de sus cajeros autom\u00e1ticos en las calles","author":"Izquierda Unida Motril","date":"26 septiembre, 2019","format":false,"excerpt":"En su propuesta, el Grupo de IU-Equo establece que los cajeros autom\u00e1ticos paguen una tasa por metro o fracci\u00f3n de ocupaci\u00f3n de cualquier v\u00eda p\u00fablica de 550 euros\/mes muy por encima de los 154 euros que pagan actualmente. La formaci\u00f3n de izquierdas propone que ese incremento sustancial de la recaudaci\u00f3n\u2026","rel":"","context":"En \u00abEST\u00c1 PASANDO\u00bb","block_context":{"text":"EST\u00c1 PASANDO","link":"https:\/\/iumotril.org\/sitio\/category\/esta-pasando\/"},"img":{"alt_text":"","src":"https:\/\/i0.wp.com\/iumotril.org\/sitio\/wp-content\/uploads\/2019\/09\/Jose-Inma-2509-1024x768.jpg?resize=350%2C200","width":350,"height":200,"srcset":"https:\/\/i0.wp.com\/iumotril.org\/sitio\/wp-content\/uploads\/2019\/09\/Jose-Inma-2509-1024x768.jpg?resize=350%2C200 1x, https:\/\/i0.wp.com\/iumotril.org\/sitio\/wp-content\/uploads\/2019\/09\/Jose-Inma-2509-1024x768.jpg?resize=525%2C300 1.5x"},"classes":[]},{"id":3382,"url":"https:\/\/iumotril.org\/sitio\/izquierda-unida-propone-la-concesion-de-becas-educativas-a-los-estudiantes-de-motril\/","url_meta":{"origin":3160,"position":4},"title":"Izquierda Unida propone la concesi\u00f3n de becas educativas a los estudiantes de Motril","author":"Izquierda Unida Motril","date":"1 marzo, 2018","format":false,"excerpt":"La dotaci\u00f3n econ\u00f3mica m\u00ednima para las becas, seg\u00fan la propuesta presentada por el Grupo Municipal de Izquierda Unida, ser\u00eda de 15 mil euros por curso acad\u00e9mico. Las becas ir\u00e1n destinadas a los alumnos y alumnas residentes en Motril de todos los ciclos educativos, desde la ense\u00f1anza infantil a la universitaria,\u2026","rel":"","context":"En \u00abEST\u00c1 PASANDO\u00bb","block_context":{"text":"EST\u00c1 PASANDO","link":"https:\/\/iumotril.org\/sitio\/category\/esta-pasando\/"},"img":{"alt_text":"","src":"https:\/\/i0.wp.com\/iumotril.org\/sitio\/wp-content\/uploads\/2018\/03\/Christina-e-Inma_febrero-225x300.jpg?resize=350%2C200","width":350,"height":200},"classes":[]},{"id":6700,"url":"https:\/\/iumotril.org\/sitio\/los-cajeros-de-los-bancos-pagaran-la-tasa-de-ocupacion-de-la-via-publica\/","url_meta":{"origin":3160,"position":5},"title":"Los cajeros de los bancos pagar\u00e1n la tasa de ocupaci\u00f3n de la v\u00eda p\u00fablica","author":"Izquierda Unida Motril","date":"25 septiembre, 2020","format":false,"excerpt":"A pesar de ello, la portavoz de IU-Equo cree necesario que la tasa que se ha fijado, 680 euros al a\u00f1o, se incremente en el pr\u00f3ximo ejercicio, dadas las caracter\u00edsticas del negocio bancario y la mayor utilizaci\u00f3n en los \u00faltimos tiempos por parte de los clientes que se ven obligados\u2026","rel":"","context":"En \u00abEST\u00c1 PASANDO\u00bb","block_context":{"text":"EST\u00c1 PASANDO","link":"https:\/\/iumotril.org\/sitio\/category\/esta-pasando\/"},"img":{"alt_text":"","src":"https:\/\/i0.wp.com\/iumotril.org\/sitio\/wp-content\/uploads\/2020\/09\/cajero-768x512-1-300x200.jpg?resize=350%2C200","width":350,"height":200},"classes":[]}],"jetpack_likes_enabled":true,"_links":{"self":[{"href":"https:\/\/iumotril.org\/sitio\/wp-json\/wp\/v2\/posts\/3160","targetHints":{"allow":["GET"]}}],"collection":[{"href":"https:\/\/iumotril.org\/sitio\/wp-json\/wp\/v2\/posts"}],"about":[{"href":"https:\/\/iumotril.org\/sitio\/wp-json\/wp\/v2\/types\/post"}],"author":[{"embeddable":true,"href":"https:\/\/iumotril.org\/sitio\/wp-json\/wp\/v2\/users\/1"}],"replies":[{"embeddable":true,"href":"https:\/\/iumotril.org\/sitio\/wp-json\/wp\/v2\/comments?post=3160"}],"version-history":[{"count":3,"href":"https:\/\/iumotril.org\/sitio\/wp-json\/wp\/v2\/posts\/3160\/revisions"}],"predecessor-version":[{"id":3175,"href":"https:\/\/iumotril.org\/sitio\/wp-json\/wp\/v2\/posts\/3160\/revisions\/3175"}],"wp:attachment":[{"href":"https:\/\/iumotril.org\/sitio\/wp-json\/wp\/v2\/media?parent=3160"}],"wp:term":[{"taxonomy":"category","embeddable":true,"href":"https:\/\/iumotril.org\/sitio\/wp-json\/wp\/v2\/categories?post=3160"},{"taxonomy":"post_tag","embeddable":true,"href":"https:\/\/iumotril.org\/sitio\/wp-json\/wp\/v2\/tags?post=3160"}],"curies":[{"name":"wp","href":"https:\/\/api.w.org\/{rel}","templated":true}]}}