{"id":3056,"date":"2017-08-17T13:21:14","date_gmt":"2017-08-17T11:21:14","guid":{"rendered":"http:\/\/iumotril.org\/sitio\/?p=3056"},"modified":"2017-08-17T13:21:14","modified_gmt":"2017-08-17T11:21:14","slug":"un-nuevo-desprecio-de-la-teniente-de-alcalde-escamez-ahora-con-los-taxistas-de-motril","status":"publish","type":"post","link":"https:\/\/iumotril.org\/sitio\/un-nuevo-desprecio-de-la-teniente-de-alcalde-escamez-ahora-con-los-taxistas-de-motril\/","title":{"rendered":"UN NUEVO DESPRECIO DE LA TENIENTE DE ALCALDE ESC\u00c1MEZ. AHORA CON LOS TAXISTAS DE MOTRIL"},"content":{"rendered":"<p style=\"text-align: justify;\">Los taxistas de Motril hacen cola a las puertas del despacho de la Sra. Esc\u00e1mez a la espera de que se digne a recibirles, a pesar de estar citados una hora y media antes. Aunque desde el pasado lunes, d\u00eda 14, los profesionales del taxi llevan a cabo un paro indefinido, <strong>la Teniente de Alcalde y concejala de seguridad no ha recibido a\u00fan a los representantes de las dos asociaciones profesionales del sector<\/strong>, que integran a los 38 taxistas de Motril, y que convocan y apoyan en su totalidad las demandas que plantean.\u00a0El desinter\u00e9s y la falta de capacidad de la edil de seguridad, <strong>M\u00aa \u00c1ngeles Esc\u00e1mez<\/strong>, para escuchar y atender las reivindicaciones del sector del Taxi est\u00e1 enquistando <strong>un conflicto que deja a la ciudad sin un servicio p\u00fablico esencial coincidiendo con las fiestas patronales y con el ecuador de la temporada tur\u00edstica.<\/strong><\/p>\n<p style=\"text-align: justify;\"><a href=\"https:\/\/iumotril.org\/sitio\/taxistas\/\"><img loading=\"lazy\" decoding=\"async\" data-attachment-id=\"3063\" data-permalink=\"https:\/\/iumotril.org\/sitio\/un-nuevo-desprecio-de-la-teniente-de-alcalde-escamez-ahora-con-los-taxistas-de-motril\/taxistas\/\" data-orig-file=\"https:\/\/iumotril.org\/sitio\/wp-content\/uploads\/2017\/08\/Taxistas.jpeg\" data-orig-size=\"3264,2448\" data-comments-opened=\"1\" data-image-meta=\"{&quot;aperture&quot;:&quot;2.2&quot;,&quot;credit&quot;:&quot;&quot;,&quot;camera&quot;:&quot;iPhone 6&quot;,&quot;caption&quot;:&quot;&quot;,&quot;created_timestamp&quot;:&quot;1502965416&quot;,&quot;copyright&quot;:&quot;&quot;,&quot;focal_length&quot;:&quot;4.15&quot;,&quot;iso&quot;:&quot;80&quot;,&quot;shutter_speed&quot;:&quot;0.03030303030303&quot;,&quot;title&quot;:&quot;&quot;,&quot;orientation&quot;:&quot;0&quot;}\" data-image-title=\"Taxistas\" data-image-description=\"\" data-image-caption=\"\" data-large-file=\"https:\/\/iumotril.org\/sitio\/wp-content\/uploads\/2017\/08\/Taxistas-1024x768.jpeg\" class=\"alignleft wp-image-3063\" src=\"https:\/\/iumotril.org\/sitio\/wp-content\/uploads\/2017\/08\/Taxistas-1024x768.jpeg\" alt=\"\" width=\"520\" height=\"390\" srcset=\"https:\/\/iumotril.org\/sitio\/wp-content\/uploads\/2017\/08\/Taxistas-1024x768.jpeg 1024w, https:\/\/iumotril.org\/sitio\/wp-content\/uploads\/2017\/08\/Taxistas-300x225.jpeg 300w, https:\/\/iumotril.org\/sitio\/wp-content\/uploads\/2017\/08\/Taxistas-768x576.jpeg 768w\" sizes=\"auto, (max-width: 520px) 100vw, 520px\" \/><\/a>El Grupo Municipal de <strong>Izquierda Unida<\/strong> ha manifestado su <strong>apoyo a la movilizaci\u00f3n<\/strong> que se est\u00e1 llevando a cabo al entender que se trata, en conjunto, de <strong>reivindicaciones razonables que contribuir\u00edan a la mejora de la prestaci\u00f3n del servicio y que redundar\u00edan en beneficio de la ciudadan\u00eda.<\/strong> En este sentido, ha reclamado al equipo de gobierno que se ponga a trabajar para solucionar una situaci\u00f3n que est\u00e1 ocasionando importantes perjuicios a vecinos y visitantes.<\/p>\n<p style=\"text-align: justify;\">No es de recibo que los profesionales del taxi est\u00e9n esperando a las puertas del despacho de la concejal de seguridad durante m\u00e1s de una hora mientras que \u00e9sta despacha con sus t\u00e9cnicos en una clara actitud de desprecio y menoscabo del colectivo, ha manifestado Christian Linares, concejal de Izquierda Unida.<\/p>\n<p style=\"text-align: justify;\">El edil de IU ha recordado los <strong>diversos conflictos que tiene abiertos la Sra. Esc\u00e1mez en diferentes \u00e1mbitos<\/strong>, como el de los bomberos o el de los empleados p\u00fablicos, por ejemplo, lo que en su opini\u00f3n l<strong>a desacredita pol\u00edticamente para seguir asumiendo las responsabilidades que tiene delegadas.<\/strong><\/p>\n<p style=\"text-align: justify;\">El paro convocado por las dos asociaciones profesionales del sector y secundado por la totalidad del colectivo tiene por objeto reclamar, entre otras cuestiones, el <strong>fin del intrusismo, el cambio de ubicaci\u00f3n de la parada de taxis de la nueva estaci\u00f3n de autobuses, la habilitaci\u00f3n de marquesinas en la Avenida de Andaluc\u00eda o una nueva parada en la playa de Poniente, a la altura del Hoyo 19.<\/strong><\/p>\n","protected":false},"excerpt":{"rendered":"<p>El Grupo Municipal de Izquierda Unida ha manifestado su apoyo a la movilizaci\u00f3n que se est\u00e1 llevando a cabo al entender que se trata, en conjunto, de reivindicaciones razonables que contribuir\u00edan a la mejora de la prestaci\u00f3n del servicio y que redundar\u00edan en beneficio de la ciudadan\u00eda. En este sentido, ha reclamado al equipo de gobierno que se ponga a trabajar para solucionar una situaci\u00f3n que est\u00e1 ocasionando importantes perjuicios a vecinos y visitantes.<\/p>\n","protected":false},"author":1,"featured_media":0,"comment_status":"open","ping_status":"open","sticky":false,"template":"","format":"standard","meta":{"cybocfi_hide_featured_image":"","_jetpack_newsletter_access":"","_jetpack_dont_email_post_to_subs":false,"_jetpack_newsletter_tier_id":0,"_jetpack_memberships_contains_paywalled_content":false,"_jetpack_memberships_contains_paid_content":false,"footnotes":""},"categories":[265],"tags":[712,146,130,800,635],"class_list":["post-3056","post","type-post","status-publish","format-standard","hentry","category-esta-pasando","tag-angeles-escamez","tag-desprecio","tag-escamez","tag-huelga-taxi","tag-incapacidad-politica"],"jetpack_featured_media_url":"","jetpack_sharing_enabled":true,"jetpack_shortlink":"https:\/\/wp.me\/p4QsU5-Ni","jetpack-related-posts":[{"id":3092,"url":"https:\/\/iumotril.org\/sitio\/izquierda-unida-cuestiona-la-dedicacion-parcial-de-la-teniente-de-alcalde-maria-angeles-escamez\/","url_meta":{"origin":3056,"position":0},"title":"Izquierda Unida cuestiona la dedicaci\u00f3n parcial de la Teniente de Alcalde Mar\u00eda \u00c1ngeles Esc\u00e1mez.","author":"Izquierda Unida Motril","date":"27 septiembre, 2017","format":false,"excerpt":"La tercera Teniente de Alcalde, Mar\u00eda \u00c1ngeles Esc\u00e1mez, tiene asignada una dedicaci\u00f3n parcial de 32 horas para el desarrollo de las funciones que tiene encomendadas, pese a ser la concejala del equipo de gobierno que m\u00e1s competencias delegadas asume. Esc\u00e1mez es la \u00fanica de los cuatro tenientes de alcalde que\u2026","rel":"","context":"En \u00abEST\u00c1 PASANDO\u00bb","block_context":{"text":"EST\u00c1 PASANDO","link":"https:\/\/iumotril.org\/sitio\/category\/esta-pasando\/"},"img":{"alt_text":"","src":"https:\/\/i0.wp.com\/iumotril.org\/sitio\/wp-content\/uploads\/2017\/09\/csm_La_teniente_de_alcalde_responsablde_Formacion_y_Empleo__Maria_Angeles_Escamez_a9150d0111.jpg?resize=350%2C200","width":350,"height":200},"classes":[]},{"id":2667,"url":"https:\/\/iumotril.org\/sitio\/izquierda-unida-reclama-un-plan-de-movilidad-para-motril\/","url_meta":{"origin":3056,"position":1},"title":"IZQUIERDA UNIDA RECLAMA UN PLAN DE MOVILIDAD PARA MOTRIL","author":"Izquierda Unida Motril","date":"28 enero, 2017","format":false,"excerpt":"Mar\u00eda \u00c1ngeles Esc\u00e1mez, como responsable directa de esta situaci\u00f3n, ha dado muestras, una vez m\u00e1s, de su incompetencia e incapacidad para la gesti\u00f3n de cualquier asunto municipal. Parad\u00f3jicamente, la Teniente de Alcalde, aunque su dedicaci\u00f3n al ayuntamiento es parcial, asume las \u00e1reas de Personal y R\u00e9gimen Interior, Formaci\u00f3n y Empleo,\u2026","rel":"","context":"En \u00abEST\u00c1 PASANDO\u00bb","block_context":{"text":"EST\u00c1 PASANDO","link":"https:\/\/iumotril.org\/sitio\/category\/esta-pasando\/"},"img":{"alt_text":"","src":"https:\/\/i0.wp.com\/iumotril.org\/sitio\/wp-content\/uploads\/2017\/01\/MariaAngelesEscamez-300x300.jpg?resize=350%2C200","width":350,"height":200},"classes":[]},{"id":2762,"url":"https:\/\/iumotril.org\/sitio\/reclamamos-la-dimision-de-la-teniente-de-alcalde-ma-angeles-escamez\/","url_meta":{"origin":3056,"position":2},"title":"Reclamamos la dimisi\u00f3n de la Teniente de Alcalde, M\u00aa \u00c1ngeles Esc\u00e1mez","author":"Izquierda Unida Motril","date":"29 marzo, 2017","format":false,"excerpt":"Tras conocer el contenido de sendos informes de la Intervenci\u00f3n Municipal y del Secretario del Ayuntamiento que se\u00f1alan la reiteraci\u00f3n en efectuar determinados pagos a empleados municipales al margen de todo procedimiento administrativo, sin ning\u00fan control por los \u00f3rganos de gobierno municipal competentes, Izquierda Unida ha reclamado la dimisi\u00f3n de\u2026","rel":"","context":"En \u00abEST\u00c1 PASANDO\u00bb","block_context":{"text":"EST\u00c1 PASANDO","link":"https:\/\/iumotril.org\/sitio\/category\/esta-pasando\/"},"img":{"alt_text":"","src":"https:\/\/i0.wp.com\/iumotril.org\/sitio\/wp-content\/uploads\/2017\/01\/MariaAngelesEscamez-300x300.jpg?resize=350%2C200","width":350,"height":200},"classes":[]},{"id":2805,"url":"https:\/\/iumotril.org\/sitio\/izquierda-unida-amplia-su-demanda-ante-la-fiscalia-por-el-pago-de-gratificaciones-y-horas-extraordinarias-en-el-ayuntamiento-de-motril\/","url_meta":{"origin":3056,"position":3},"title":"Izquierda Unida ampl\u00eda su demanda ante la Fiscal\u00eda por el pago de gratificaciones y horas extraordinarias en el Ayuntamiento de Motril","author":"Izquierda Unida Motril","date":"11 abril, 2017","format":false,"excerpt":"Para Izquierda Unida, la presentaci\u00f3n de esta demanda es un acto de responsabilidad pol\u00edtica que le corresponde leg\u00edtimamente en su papel de oposici\u00f3n, como representante de miles de motrile\u00f1os y motrile\u00f1as que depositaron su confianza en su formaci\u00f3n en las \u00faltimas elecciones municipales. As\u00ed se trabaja por Motril, velando por\u2026","rel":"","context":"En \u00abEST\u00c1 PASANDO\u00bb","block_context":{"text":"EST\u00c1 PASANDO","link":"https:\/\/iumotril.org\/sitio\/category\/esta-pasando\/"},"img":{"alt_text":"","src":"http:\/\/iumotril.org\/sitio\/wp-content\/uploads\/2015\/10\/mari-carmen-perez-2_octubre-2015.bmp","width":350,"height":200},"classes":[]},{"id":2975,"url":"https:\/\/iumotril.org\/sitio\/denunciamos-las-actuaciones-de-responsables-municipales-contrarias-al-interes-general-de-la-ciudad\/","url_meta":{"origin":3056,"position":4},"title":"DENUNCIAMOS LAS ACTUACIONES DE RESPONSABLES MUNICIPALES CONTRARIAS AL INTER\u00c9S GENERAL DE LA CIUDAD.","author":"Izquierda Unida Motril","date":"23 junio, 2017","format":false,"excerpt":"La portavoz de IU ha exigido responsabilidades pol\u00edticas y administrativas, en su caso, al Teniente de Alcalde y presidente del Consejo de Administraci\u00f3n de Limdeco, S\u00e1nchez Cantalejo y a Antonio Esc\u00e1mez, Teniente de alcalde de Urbanismo, al considerarlos principales responsables de estas decisiones. Desde Izquierda Unida se considera que en\u2026","rel":"","context":"En \u00abEST\u00c1 PASANDO\u00bb","block_context":{"text":"EST\u00c1 PASANDO","link":"https:\/\/iumotril.org\/sitio\/category\/esta-pasando\/"},"img":{"alt_text":"","src":"http:\/\/iumotril.org\/sitio\/wp-content\/uploads\/2017\/06\/Escamez-y-Ca-ntalejo.bmp","width":350,"height":200,"srcset":"http:\/\/iumotril.org\/sitio\/wp-content\/uploads\/2017\/06\/Escamez-y-Ca-ntalejo.bmp 1x, http:\/\/iumotril.org\/sitio\/wp-content\/uploads\/2017\/06\/Escamez-y-Ca-ntalejo.bmp 1.5x"},"classes":[]},{"id":3611,"url":"https:\/\/iumotril.org\/sitio\/motril-necesita-un-ayuntamiento-que-defienda-la-igualdad-entre-mujeres-y-hombres\/","url_meta":{"origin":3056,"position":5},"title":"Motril necesita un Ayuntamiento que defienda la igualdad entre mujeres y hombres","author":"Izquierda Unida Motril","date":"7 junio, 2018","format":false,"excerpt":"La concejala de IU ha reclamado la adopci\u00f3n de pol\u00edticas municipales de Igualdad, consensuadas con los colectivos de mujeres, de car\u00e1cter transversal y con recursos suficientes que permitan combatir cualquier pr\u00e1ctica discriminatoria y trabajar por la Igualdad efectiva entre hombres y mujeres. Algo que, a lo largo de estos tres\u2026","rel":"","context":"En \u00abEST\u00c1 PASANDO\u00bb","block_context":{"text":"EST\u00c1 PASANDO","link":"https:\/\/iumotril.org\/sitio\/category\/esta-pasando\/"},"img":{"alt_text":"","src":"https:\/\/i0.wp.com\/iumotril.org\/sitio\/wp-content\/uploads\/2018\/06\/Inma-Omiste_rprensa-mujer_7-junio-e1528365595159-225x300.jpg?resize=350%2C200","width":350,"height":200},"classes":[]}],"jetpack_likes_enabled":true,"_links":{"self":[{"href":"https:\/\/iumotril.org\/sitio\/wp-json\/wp\/v2\/posts\/3056","targetHints":{"allow":["GET"]}}],"collection":[{"href":"https:\/\/iumotril.org\/sitio\/wp-json\/wp\/v2\/posts"}],"about":[{"href":"https:\/\/iumotril.org\/sitio\/wp-json\/wp\/v2\/types\/post"}],"author":[{"embeddable":true,"href":"https:\/\/iumotril.org\/sitio\/wp-json\/wp\/v2\/users\/1"}],"replies":[{"embeddable":true,"href":"https:\/\/iumotril.org\/sitio\/wp-json\/wp\/v2\/comments?post=3056"}],"version-history":[{"count":4,"href":"https:\/\/iumotril.org\/sitio\/wp-json\/wp\/v2\/posts\/3056\/revisions"}],"predecessor-version":[{"id":3065,"href":"https:\/\/iumotril.org\/sitio\/wp-json\/wp\/v2\/posts\/3056\/revisions\/3065"}],"wp:attachment":[{"href":"https:\/\/iumotril.org\/sitio\/wp-json\/wp\/v2\/media?parent=3056"}],"wp:term":[{"taxonomy":"category","embeddable":true,"href":"https:\/\/iumotril.org\/sitio\/wp-json\/wp\/v2\/categories?post=3056"},{"taxonomy":"post_tag","embeddable":true,"href":"https:\/\/iumotril.org\/sitio\/wp-json\/wp\/v2\/tags?post=3056"}],"curies":[{"name":"wp","href":"https:\/\/api.w.org\/{rel}","templated":true}]}}