{"id":3034,"date":"2017-08-02T12:30:05","date_gmt":"2017-08-02T10:30:05","guid":{"rendered":"http:\/\/iumotril.org\/sitio\/?p=3034"},"modified":"2017-08-02T12:32:18","modified_gmt":"2017-08-02T10:32:18","slug":"feria-de-motril-un-pupurri-de-actividades-sin-identidad-ni-sentido","status":"publish","type":"post","link":"https:\/\/iumotril.org\/sitio\/feria-de-motril-un-pupurri-de-actividades-sin-identidad-ni-sentido\/","title":{"rendered":"Feria de Motril, un pupurr\u00ed de actividades sin identidad ni sentido"},"content":{"rendered":"<p style=\"text-align: justify;\"><strong><span style=\"color: #993300;\">Con el pre\u00e1mbulo vergonzoso de la celebraci\u00f3n de una corrida de toros, el programa de fiestas de la Feria de Motril es, un a\u00f1o m\u00e1s, un ejercicio de improvisaci\u00f3n, de falta de criterio en la elecci\u00f3n de artistas y actuaciones y de desentendimiento de los intereses e inquietudes de los vecinos y vecinas en general.<\/span><\/strong><\/p>\n<p>Nuevamente, en 2017, volvemos a encontrarnos una Feria sin sentido, que no responde a las necesidades de los motrile\u00f1os y motrile\u00f1as y <strong>cuya programaci\u00f3n refleja improvisaci\u00f3n para llenar la semana de actos desperdigados<\/strong>, sin personalidad ni identidad propia.<\/p>\n<p>Christian Linares, concejal de IU, ha criticado la elecci\u00f3n de algunos de los artistas que actuar\u00e1n en la Feria, al considerarlos <strong>faltos de atractivo y carentes de la m\u00e1s m\u00ednima popularidad y \u00a0relevancia en el panorama musical<\/strong>\u00a0actual.<\/p>\n<p><a href=\"https:\/\/iumotril.org\/sitio\/motril-feria-agosto-2017\/\"><img loading=\"lazy\" decoding=\"async\" data-attachment-id=\"3043\" data-permalink=\"https:\/\/iumotril.org\/sitio\/feria-de-motril-un-pupurri-de-actividades-sin-identidad-ni-sentido\/motril-feria-agosto-2017\/\" data-orig-file=\"https:\/\/iumotril.org\/sitio\/wp-content\/uploads\/2017\/08\/Motril-feria-agosto-2017.jpg\" data-orig-size=\"300,296\" data-comments-opened=\"1\" data-image-meta=\"{&quot;aperture&quot;:&quot;0&quot;,&quot;credit&quot;:&quot;&quot;,&quot;camera&quot;:&quot;&quot;,&quot;caption&quot;:&quot;&quot;,&quot;created_timestamp&quot;:&quot;0&quot;,&quot;copyright&quot;:&quot;&quot;,&quot;focal_length&quot;:&quot;0&quot;,&quot;iso&quot;:&quot;0&quot;,&quot;shutter_speed&quot;:&quot;0&quot;,&quot;title&quot;:&quot;&quot;,&quot;orientation&quot;:&quot;0&quot;}\" data-image-title=\"Motril feria agosto 2017\" data-image-description=\"\" data-image-caption=\"\" data-large-file=\"https:\/\/iumotril.org\/sitio\/wp-content\/uploads\/2017\/08\/Motril-feria-agosto-2017.jpg\" class=\"size-full wp-image-3043 alignleft\" src=\"https:\/\/iumotril.org\/sitio\/wp-content\/uploads\/2017\/08\/Motril-feria-agosto-2017.jpg\" alt=\"\" width=\"300\" height=\"296\" srcset=\"https:\/\/iumotril.org\/sitio\/wp-content\/uploads\/2017\/08\/Motril-feria-agosto-2017.jpg 300w, https:\/\/iumotril.org\/sitio\/wp-content\/uploads\/2017\/08\/Motril-feria-agosto-2017-36x36.jpg 36w\" sizes=\"auto, (max-width: 300px) 100vw, 300px\" \/><\/a>El edil de IU ha insistido en la necesidad de <strong>dotar de coherencia y sentido a la programaci\u00f3n de actividades de la Feria<\/strong> con el objeto de ir conformando una identidad propia y representativa de las inquietudes y los intereses de los motrile\u00f1os y motrile\u00f1as. En este sentido, ha puesto como ejemplo programaciones de otras localidades costeras, como Salobre\u00f1a y Almu\u00f1\u00e9car que han consolidado eventos propios, como el Festival de Jazz en la Costa o el Festival Tendencias, que gozan de un importante prestigio cultural y merecen la atenci\u00f3n del p\u00fablico no s\u00f3lo de sus localidades.<\/p>\n<p>Christian Linares <strong>ha cuestionado tambi\u00e9n la organizaci\u00f3n de la inauguraci\u00f3n de la Feria<\/strong>, en la que probablemente se solapen eventos con gran afluencia de p\u00fablico, como la ofrenda floral a la Patrona, que tendr\u00e1 lugar en la iglesia del Cerro y el preg\u00f3n y el castillo de fuegos artificiales que se desarrollar\u00e1n en la playa, con poco tiempo de diferencia entre ellos.<\/p>\n<p>El concejal de IU ha denunciado, finalmente, la <strong>ausencia una vez m\u00e1s de transporte p\u00fablico durante la Feria para los vecinos de la zona norte de la ciudad<\/strong>, una tradici\u00f3n que no deja de cumplirse a\u00f1o tras a\u00f1o y que considera inaceptable.<\/p>\n<p>Por \u00faltimo, ha expresado el rechazo rotundo de su formaci\u00f3n al apoyo que desde el Ayuntamiento y la Mancomunidad se ha prestado para la celebraci\u00f3n de una corrida de toros, <strong>un espect\u00e1culo de crueldad contra los animales que no puede contar, en ning\u00fan caso, con la complicidad de las instituciones p\u00fablicas.<\/strong><\/p>\n<p><a href=\"http:\/\/www.motril.es\/fileadmin\/areas\/fiestas\/feriadedia\/2017\/Fiestas2017_programa.pdf\">Programa fiestas patronales 2017<\/a>. Ayuntamiento Motril<\/p>\n","protected":false},"excerpt":{"rendered":"<p>El edil de IU ha insistido en la necesidad de dotar de coherencia y sentido a la programaci\u00f3n de actividades de la Feria con el objeto de ir conformando una identidad propia y representativa de las inquietudes y los intereses de los motrile\u00f1os y motrile\u00f1as. En este sentido, ha puesto como ejemplo programaciones de otras localidades costeras, como Salobre\u00f1a y Almu\u00f1\u00e9car que han consolidado eventos propios, como el Festival de Jazz en la Costa o el Festival Tendencias, que gozan de un importante prestigio cultural y merecen la atenci\u00f3n del p\u00fablico no s\u00f3lo de sus localidades.<\/p>\n","protected":false},"author":1,"featured_media":0,"comment_status":"open","ping_status":"open","sticky":false,"template":"","format":"standard","meta":{"cybocfi_hide_featured_image":"","_jetpack_newsletter_access":"","_jetpack_dont_email_post_to_subs":false,"_jetpack_newsletter_tier_id":0,"_jetpack_memberships_contains_paywalled_content":false,"_jetpack_memberships_contains_paid_content":false,"footnotes":""},"categories":[265],"tags":[798,62,796,799,797,792],"class_list":["post-3034","post","type-post","status-publish","format-standard","hentry","category-esta-pasando","tag-criterio","tag-cultura","tag-feria-2017","tag-identidad","tag-improvisacion","tag-toros"],"jetpack_featured_media_url":"","jetpack_sharing_enabled":true,"jetpack_shortlink":"https:\/\/wp.me\/p4QsU5-MW","jetpack-related-posts":[{"id":10092,"url":"https:\/\/iumotril.org\/sitio\/nuestra-disconformidad-con-la-organizacion-y-la-programacion-de-actuaciones-de-la-feria-de-motril\/","url_meta":{"origin":3034,"position":0},"title":"Nuestra disconformidad con la organizaci\u00f3n y la programaci\u00f3n de actuaciones de la Feria de Motril","author":"Izquierda Unida Motril","date":"7 agosto, 2024","format":false,"excerpt":"Como otros a\u00f1os, nos encontramos con una feria dividida en dos: la feria de noche en el Cortijo del Conde, y la feria de d\u00eda en el centro. En lugar de juntar ambas celebraciones en el mismo espacio, como ocurre en la feria de Almu\u00f1\u00e9car o la de Granada, por\u2026","rel":"","context":"En \u00abAyuntamiento\u00bb","block_context":{"text":"Ayuntamiento","link":"https:\/\/iumotril.org\/sitio\/category\/ayuntamiento\/"},"img":{"alt_text":"","src":"https:\/\/i0.wp.com\/iumotril.org\/sitio\/wp-content\/uploads\/2024\/08\/Presentacion-Fiestas-Patronales-2024.jpeg?resize=350%2C200&ssl=1","width":350,"height":200,"srcset":"https:\/\/i0.wp.com\/iumotril.org\/sitio\/wp-content\/uploads\/2024\/08\/Presentacion-Fiestas-Patronales-2024.jpeg?resize=350%2C200&ssl=1 1x, https:\/\/i0.wp.com\/iumotril.org\/sitio\/wp-content\/uploads\/2024\/08\/Presentacion-Fiestas-Patronales-2024.jpeg?resize=525%2C300&ssl=1 1.5x, https:\/\/i0.wp.com\/iumotril.org\/sitio\/wp-content\/uploads\/2024\/08\/Presentacion-Fiestas-Patronales-2024.jpeg?resize=700%2C400&ssl=1 2x, https:\/\/i0.wp.com\/iumotril.org\/sitio\/wp-content\/uploads\/2024\/08\/Presentacion-Fiestas-Patronales-2024.jpeg?resize=1050%2C600&ssl=1 3x, https:\/\/i0.wp.com\/iumotril.org\/sitio\/wp-content\/uploads\/2024\/08\/Presentacion-Fiestas-Patronales-2024.jpeg?resize=1400%2C800&ssl=1 4x"},"classes":[]},{"id":1244,"url":"https:\/\/iumotril.org\/sitio\/feria-de-motril-2015-una-feria-muy-mejorable\/","url_meta":{"origin":3034,"position":1},"title":"Feria de Motril 2015, una Feria muy mejorable","author":"Izquierda Unida Motril","date":"18 agosto, 2015","format":false,"excerpt":"La Feria de Motril de 2015 no ser\u00e1 recordada como una de las mejores ni m\u00e1s brillantes de nuestra ciudad. El escaso atractivo de los eventos programados, la soluci\u00f3n dada a la Feria de d\u00eda, o las malas condiciones de los espacios destinados a la diversi\u00f3n de los j\u00f3venes han\u2026","rel":"","context":"En \u00abCiudad\u00bb","block_context":{"text":"Ciudad","link":"https:\/\/iumotril.org\/sitio\/category\/ciudad\/"},"img":{"alt_text":"csm_Feria_de_Dia_2015_6d5d6c3c4e","src":"https:\/\/i0.wp.com\/iumotril.org\/sitio\/wp-content\/uploads\/2015\/07\/csm_Feria_de_Dia_2015_6d5d6c3c4e.jpg?resize=350%2C200","width":350,"height":200},"classes":[]},{"id":3068,"url":"https:\/\/iumotril.org\/sitio\/una-feria-de-motril-triste-y-gris-como-la-ciudad-que-esta-dejando-el-gobierno-del-psoe-pa\/","url_meta":{"origin":3034,"position":2},"title":"Una Feria de Motril triste y gris, como la ciudad que est\u00e1 dejando el gobierno del PSOE-PA","author":"Izquierda Unida Motril","date":"1 septiembre, 2017","format":false,"excerpt":"La escasa afluencia al recinto ferial, la marginaci\u00f3n de los barrios, la mala gesti\u00f3n de la feria de d\u00eda, la insuficiencia de transporte p\u00fablico y un programa de fiestas rampl\u00f3n, plano y sin atractivo, puede ser el resumen de las pasadas fiestas de agosto en Motril. Una muestra m\u00e1s de\u2026","rel":"","context":"En \u00abEST\u00c1 PASANDO\u00bb","block_context":{"text":"EST\u00c1 PASANDO","link":"https:\/\/iumotril.org\/sitio\/category\/esta-pasando\/"},"img":{"alt_text":"","src":"https:\/\/i0.wp.com\/iumotril.org\/sitio\/wp-content\/uploads\/2017\/08\/Flor-Alm%C3%B3n-y-miembros-del-equipo-de-Gobierno-en-la-inauguraci%C3%B3n-de-la-Feria-de-D%C3%ADa-1024x787.jpg?resize=350%2C200","width":350,"height":200,"srcset":"https:\/\/i0.wp.com\/iumotril.org\/sitio\/wp-content\/uploads\/2017\/08\/Flor-Alm%C3%B3n-y-miembros-del-equipo-de-Gobierno-en-la-inauguraci%C3%B3n-de-la-Feria-de-D%C3%ADa-1024x787.jpg?resize=350%2C200 1x, https:\/\/i0.wp.com\/iumotril.org\/sitio\/wp-content\/uploads\/2017\/08\/Flor-Alm%C3%B3n-y-miembros-del-equipo-de-Gobierno-en-la-inauguraci%C3%B3n-de-la-Feria-de-D%C3%ADa-1024x787.jpg?resize=525%2C300 1.5x"},"classes":[]},{"id":5264,"url":"https:\/\/iumotril.org\/sitio\/iu-equo-rechaza-la-celebracion-de-una-corrida-de-toros-en-las-fiestas-de-motril\/","url_meta":{"origin":3034,"position":3},"title":"IU-Equo rechaza la celebraci\u00f3n de una corrida de toros en las Fiestas de Motril","author":"Izquierda Unida Motril","date":"6 agosto, 2019","format":false,"excerpt":"IU-Equo ha criticado que el Ayuntamiento de Motril siga promoviendo este tipo de espect\u00e1culos durante la Feria, una semana festiva que debe ser para todos los motrile\u00f1os y motrile\u00f1as, para disfrutar con vecinos, familia y amigos, para divertirse sin necesidad de organizar espect\u00e1culos que consisten, b\u00e1sicamente, en el maltrato animal.\u2026","rel":"","context":"En \u00abEST\u00c1 PASANDO\u00bb","block_context":{"text":"EST\u00c1 PASANDO","link":"https:\/\/iumotril.org\/sitio\/category\/esta-pasando\/"},"img":{"alt_text":"","src":"https:\/\/i0.wp.com\/iumotril.org\/sitio\/wp-content\/uploads\/2019\/08\/Toros-en-Motril_8-de-agosto-1024x576.jpg?resize=350%2C200","width":350,"height":200,"srcset":"https:\/\/i0.wp.com\/iumotril.org\/sitio\/wp-content\/uploads\/2019\/08\/Toros-en-Motril_8-de-agosto-1024x576.jpg?resize=350%2C200 1x, https:\/\/i0.wp.com\/iumotril.org\/sitio\/wp-content\/uploads\/2019\/08\/Toros-en-Motril_8-de-agosto-1024x576.jpg?resize=525%2C300 1.5x"},"classes":[]},{"id":8351,"url":"https:\/\/iumotril.org\/sitio\/iu-equo-pide-redoblar-esfuerzos-para-prevenir-y-evitar-agresiones-sexuales-en-la-feria-de-motril\/","url_meta":{"origin":3034,"position":4},"title":"IU-Equo pide redoblar esfuerzos para prevenir y evitar agresiones sexuales en la Feria de Motril","author":"Izquierda Unida Motril","date":"9 agosto, 2022","format":false,"excerpt":"Seg\u00fan la portavoz de IU-Equo, a la preocupaci\u00f3n por las agresiones sexuales hay que a\u00f1adir la alerta por los casos de sumisi\u00f3n mediante pinchazos que no dejan de denunciarse en las diferentes fiestas y celebraciones que se est\u00e1n desarrollando durante este verano. Adem\u00e1s hay que tener en cuenta \u2013\u2013ha se\u00f1alado\u2013\u2013\u2026","rel":"","context":"En \u00abEST\u00c1 PASANDO\u00bb","block_context":{"text":"EST\u00c1 PASANDO","link":"https:\/\/iumotril.org\/sitio\/category\/esta-pasando\/"},"img":{"alt_text":"","src":"https:\/\/i0.wp.com\/iumotril.org\/sitio\/wp-content\/uploads\/2022\/08\/IMG-6296-scaled.jpg?resize=350%2C200","width":350,"height":200,"srcset":"https:\/\/i0.wp.com\/iumotril.org\/sitio\/wp-content\/uploads\/2022\/08\/IMG-6296-scaled.jpg?resize=350%2C200 1x, https:\/\/i0.wp.com\/iumotril.org\/sitio\/wp-content\/uploads\/2022\/08\/IMG-6296-scaled.jpg?resize=525%2C300 1.5x, https:\/\/i0.wp.com\/iumotril.org\/sitio\/wp-content\/uploads\/2022\/08\/IMG-6296-scaled.jpg?resize=700%2C400 2x, https:\/\/i0.wp.com\/iumotril.org\/sitio\/wp-content\/uploads\/2022\/08\/IMG-6296-scaled.jpg?resize=1050%2C600 3x, https:\/\/i0.wp.com\/iumotril.org\/sitio\/wp-content\/uploads\/2022\/08\/IMG-6296-scaled.jpg?resize=1400%2C800 4x"},"classes":[]},{"id":1077,"url":"https:\/\/iumotril.org\/sitio\/precios-populares-para-la-feria-de-dia\/","url_meta":{"origin":3034,"position":5},"title":"Precios populares para la Feria de d\u00eda","author":"Izquierda Unida Motril","date":"22 julio, 2015","format":false,"excerpt":"Izquierda Unida ha valorado positivamente el apoyo a los bares y restaurantes para que puedan proceder a la instalaci\u00f3n de sus barras en las calles de Motril. Sin embargo, considera que es necesario garantizar que los precios de las consumiciones resulten razonables y sean asequibles a todos los\u00a0vecinos\/as y visitantes.\u2026","rel":"","context":"En \u00abTurismo\u00bb","block_context":{"text":"Turismo","link":"https:\/\/iumotril.org\/sitio\/category\/turismo\/"},"img":{"alt_text":"csm_Feria_de_Dia_2015_6d5d6c3c4e","src":"https:\/\/i0.wp.com\/iumotril.org\/sitio\/wp-content\/uploads\/2015\/07\/csm_Feria_de_Dia_2015_6d5d6c3c4e.jpg?resize=350%2C200","width":350,"height":200},"classes":[]}],"jetpack_likes_enabled":true,"_links":{"self":[{"href":"https:\/\/iumotril.org\/sitio\/wp-json\/wp\/v2\/posts\/3034","targetHints":{"allow":["GET"]}}],"collection":[{"href":"https:\/\/iumotril.org\/sitio\/wp-json\/wp\/v2\/posts"}],"about":[{"href":"https:\/\/iumotril.org\/sitio\/wp-json\/wp\/v2\/types\/post"}],"author":[{"embeddable":true,"href":"https:\/\/iumotril.org\/sitio\/wp-json\/wp\/v2\/users\/1"}],"replies":[{"embeddable":true,"href":"https:\/\/iumotril.org\/sitio\/wp-json\/wp\/v2\/comments?post=3034"}],"version-history":[{"count":8,"href":"https:\/\/iumotril.org\/sitio\/wp-json\/wp\/v2\/posts\/3034\/revisions"}],"predecessor-version":[{"id":3048,"href":"https:\/\/iumotril.org\/sitio\/wp-json\/wp\/v2\/posts\/3034\/revisions\/3048"}],"wp:attachment":[{"href":"https:\/\/iumotril.org\/sitio\/wp-json\/wp\/v2\/media?parent=3034"}],"wp:term":[{"taxonomy":"category","embeddable":true,"href":"https:\/\/iumotril.org\/sitio\/wp-json\/wp\/v2\/categories?post=3034"},{"taxonomy":"post_tag","embeddable":true,"href":"https:\/\/iumotril.org\/sitio\/wp-json\/wp\/v2\/tags?post=3034"}],"curies":[{"name":"wp","href":"https:\/\/api.w.org\/{rel}","templated":true}]}}