{"id":3006,"date":"2017-07-24T12:19:41","date_gmt":"2017-07-24T10:19:41","guid":{"rendered":"http:\/\/iumotril.org\/sitio\/?p=3006"},"modified":"2017-07-24T12:19:41","modified_gmt":"2017-07-24T10:19:41","slug":"el-paripe-del-consejo-economico-y-social-de-motril","status":"publish","type":"post","link":"https:\/\/iumotril.org\/sitio\/el-paripe-del-consejo-economico-y-social-de-motril\/","title":{"rendered":"EL PARIP\u00c9 DEL CONSEJO ECON\u00d3MICO Y SOCIAL DE MOTRIL."},"content":{"rendered":"<p style=\"text-align: justify;\"><span style=\"color: #993300;\"><strong>M\u00e1s de dos a\u00f1os despu\u00e9s de su llegada al gobierno de la ciudad, y tras el ostracismo al que le conden\u00f3 el Partido Popular, Flor Alm\u00f3n ha celebrado una reuni\u00f3n del Consejo con el \u00fanico objetivo de hacerse una foto propagand\u00edstica y encubrir su falta de voluntad pol\u00edtica para alcanzar un acuerdo que permita elaborar un presupuesto participativo que d\u00e9 forma a un proyecto de progreso para la ciudad.<\/strong><\/span><\/p>\n<p style=\"text-align: justify;\">Desde Izquierda Unida se viene reclamando con insistencia una apertura de las instituciones y de la gesti\u00f3n de los asuntos municipales a la participaci\u00f3n ciudadana en todos los \u00e1mbitos. En este sentido, reclam\u00f3 al equipo de gobierno la convocatoria del Consejo con objeto de a<strong>decuar su composici\u00f3n a la actual realidad socioecon\u00f3mica<\/strong> y abrirlo a la <strong>participaci\u00f3n de un mayor n\u00famero de entidades representativas<\/strong>, fundamentalmente a aquellas de car\u00e1cter social, como es el caso de los colectivos antidesahucios, de apoyo a los inmigrantes y de atenci\u00f3n a personas en situaci\u00f3n de vulnerabilidad social.<\/p>\n<figure id=\"attachment_3030\" aria-describedby=\"caption-attachment-3030\" style=\"width: 566px\" class=\"wp-caption alignleft\"><a href=\"https:\/\/iumotril.org\/sitio\/foto-de-familia-de-los-miembros-del-consejo-economico-y-social-998x483\/\"><img loading=\"lazy\" decoding=\"async\" data-attachment-id=\"3030\" data-permalink=\"https:\/\/iumotril.org\/sitio\/el-paripe-del-consejo-economico-y-social-de-motril\/foto-de-familia-de-los-miembros-del-consejo-economico-y-social-998x483\/\" data-orig-file=\"https:\/\/iumotril.org\/sitio\/wp-content\/uploads\/2017\/07\/Foto-de-Familia-de-los-miembros-del-Consejo-Econ\u00f3mico-y-Social-998x483.jpg\" data-orig-size=\"998,483\" data-comments-opened=\"1\" data-image-meta=\"{&quot;aperture&quot;:&quot;0&quot;,&quot;credit&quot;:&quot;&quot;,&quot;camera&quot;:&quot;&quot;,&quot;caption&quot;:&quot;&quot;,&quot;created_timestamp&quot;:&quot;0&quot;,&quot;copyright&quot;:&quot;&quot;,&quot;focal_length&quot;:&quot;0&quot;,&quot;iso&quot;:&quot;0&quot;,&quot;shutter_speed&quot;:&quot;0&quot;,&quot;title&quot;:&quot;&quot;,&quot;orientation&quot;:&quot;0&quot;}\" data-image-title=\"Foto-de-Familia-de-los-miembros-del-Consejo-Econ\u00f3mico-y-Social-998&amp;#215;483\" data-image-description=\"\" data-image-caption=\"\" data-large-file=\"https:\/\/iumotril.org\/sitio\/wp-content\/uploads\/2017\/07\/Foto-de-Familia-de-los-miembros-del-Consejo-Econ\u00f3mico-y-Social-998x483.jpg\" class=\"wp-image-3030\" src=\"https:\/\/iumotril.org\/sitio\/wp-content\/uploads\/2017\/07\/Foto-de-Familia-de-los-miembros-del-Consejo-Econ\u00f3mico-y-Social-998x483.jpg\" alt=\"\" width=\"566\" height=\"274\" srcset=\"https:\/\/iumotril.org\/sitio\/wp-content\/uploads\/2017\/07\/Foto-de-Familia-de-los-miembros-del-Consejo-Econ\u00f3mico-y-Social-998x483.jpg 998w, https:\/\/iumotril.org\/sitio\/wp-content\/uploads\/2017\/07\/Foto-de-Familia-de-los-miembros-del-Consejo-Econ\u00f3mico-y-Social-998x483-300x145.jpg 300w, https:\/\/iumotril.org\/sitio\/wp-content\/uploads\/2017\/07\/Foto-de-Familia-de-los-miembros-del-Consejo-Econ\u00f3mico-y-Social-998x483-768x372.jpg 768w, https:\/\/iumotril.org\/sitio\/wp-content\/uploads\/2017\/07\/Foto-de-Familia-de-los-miembros-del-Consejo-Econ\u00f3mico-y-Social-998x483-620x300.jpg 620w\" sizes=\"auto, (max-width: 566px) 100vw, 566px\" \/><\/a><figcaption id=\"caption-attachment-3030\" class=\"wp-caption-text\">Foto de Familia. Motril@Digital<\/figcaption><\/figure>\n<p style=\"text-align: justify;\">Sin embargo, el presidente del Consejo, el Teniente de Alcalde S\u00e1nchez Cantalejo, liquid\u00f3 la reuni\u00f3n del Consejo en diez minutos, felicit\u00e1ndose por su convocatoria y destacando la \u201cgran noticia\u201d que esto supone para Motril.<\/p>\n<p style=\"text-align: justify;\">Un parip\u00e9, en palabras de la representante de Izquierda Unida en el Consejo, Daniela Paqu\u00e9, para la que la convocatoria del CESMO no ha tenido otro objetivo que hacerse una <strong>foto con colectivos afines y confundir interesadamente a la ciudadan\u00eda<\/strong>. La representante de IU ha denunciado que <strong>se incorporan nuevos colectivos al Consejo<\/strong>, como el de <strong>cazadores o el de amigos del flamenco<\/strong>, mientras que <strong>se excluyen a las asociaciones de mujeres, a Stop Desahucios, Motril Acoge, Asociaciones vecinales o C\u00e1ritas, por ejemplo.<\/strong><\/p>\n<p style=\"text-align: justify;\">Izquierda Unida propuso que, en su primera reuni\u00f3n, el Consejo abordara la <strong>modificaci\u00f3n de sus estatutos<\/strong> (redactados en 2002) para hacer posible la incorporaci\u00f3n de estos colectivos a ese \u00f3rgano de participaci\u00f3n, algo que el equipo de gobierno no parece compartir.<\/p>\n<p style=\"text-align: justify;\">Para Izquierda Unida, el Consejo<strong> se configura a medida del equipo de gobierno<\/strong>, como un \u00f3rgano de participaci\u00f3n meramente decorativo y vac\u00edo de contenido de modo que no puede contar ni con su acuerdo ni con su aceptaci\u00f3n.<\/p>\n","protected":false},"excerpt":{"rendered":"<p>Un parip\u00e9, en palabras de la representante de Izquierda Unida en el Consejo, Daniela Paqu\u00e9, para la que la convocatoria del CESMO no ha tenido otro objetivo que hacerse una foto con colectivos afines y confundir interesadamente a la ciudadan\u00eda. La representante de IU ha denunciado que se incorporan nuevos colectivos al Consejo, como el de cazadores o el de amigos del flamenco, mientras que se excluyen a las asociaciones de mujeres, a Stop Desahucios, Motril Acoge, Asociaciones vecinales o C\u00e1ritas, por ejemplo.<\/p>\n","protected":false},"author":1,"featured_media":0,"comment_status":"open","ping_status":"open","sticky":false,"template":"","format":"standard","meta":{"cybocfi_hide_featured_image":"","_jetpack_newsletter_access":"","_jetpack_dont_email_post_to_subs":false,"_jetpack_newsletter_tier_id":0,"_jetpack_memberships_contains_paywalled_content":false,"_jetpack_memberships_contains_paid_content":false,"footnotes":""},"categories":[265],"tags":[790,791,502,111,568],"class_list":["post-3006","post","type-post","status-publish","format-standard","hentry","category-esta-pasando","tag-cesmo","tag-colectivos-sociales","tag-consejo","tag-participacion","tag-presupuestos"],"jetpack_featured_media_url":"","jetpack_sharing_enabled":true,"jetpack_shortlink":"https:\/\/wp.me\/p4QsU5-Mu","jetpack-related-posts":[{"id":7605,"url":"https:\/\/iumotril.org\/sitio\/iu-equo-denuncia-una-vez-mas-la-manipulacion-propagandistica-de-telemotril\/","url_meta":{"origin":3006,"position":0},"title":"IU-Equo denuncia una vez m\u00e1s la manipulaci\u00f3n propagand\u00edstica de Telemotril","author":"Izquierda Unida Motril","date":"21 julio, 2021","format":false,"excerpt":"El representante de IU-Equo en el consejo de administraci\u00f3n de Telemotril ha denunciado que la actual direcci\u00f3n est\u00e1 al servicio exclusivo de los intereses partidistas del gobierno local y que est\u00e1 llevando a cabo una gesti\u00f3n pol\u00edtica a su medida y no profesional. Telemotril es la \u201cpunta de lanza de\u2026","rel":"","context":"En \u00abEST\u00c1 PASANDO\u00bb","block_context":{"text":"EST\u00c1 PASANDO","link":"https:\/\/iumotril.org\/sitio\/category\/esta-pasando\/"},"img":{"alt_text":"","src":"https:\/\/i0.wp.com\/iumotril.org\/sitio\/wp-content\/uploads\/2021\/07\/Jose-20-julio-300x292.jpg?resize=350%2C200","width":350,"height":200},"classes":[]},{"id":1866,"url":"https:\/\/iumotril.org\/sitio\/izquierda-unida-reclama-la-creacion-de-un-consejo-municipal-de-juventud\/","url_meta":{"origin":3006,"position":1},"title":"Izquierda Unida reclama la creaci\u00f3n de un Consejo Municipal de Juventud","author":"Izquierda Unida Motril","date":"3 febrero, 2016","format":false,"excerpt":"Motril es una de las ciudades de la provincia de Granada con mayor movimiento asociativo, sin embargo, no dispone de espacios adecuados para el desarrollo de las actividades que desde los colectivos de j\u00f3venes se proponen. Adem\u00e1s, los j\u00f3venes reclaman la creaci\u00f3n del Consejo Municipal de la Juventud con la\u2026","rel":"","context":"En \u00abEST\u00c1 PASANDO\u00bb","block_context":{"text":"EST\u00c1 PASANDO","link":"https:\/\/iumotril.org\/sitio\/category\/esta-pasando\/"},"img":{"alt_text":"cartel parque 2","src":"https:\/\/i0.wp.com\/iumotril.org\/sitio\/wp-content\/uploads\/2016\/02\/cartel-parque-2.jpg?resize=350%2C200","width":350,"height":200},"classes":[]},{"id":8035,"url":"https:\/\/iumotril.org\/sitio\/iu-equo-apoya-el-rechazo-del-consejo-municipal-de-la-mujer-a-la-actuacion-de-placido-domingo-en-motril\/","url_meta":{"origin":3006,"position":2},"title":"IU-Equo apoya el rechazo del Consejo Municipal de la Mujer a la actuaci\u00f3n de Pl\u00e1cido Domingo en Motril","author":"Izquierda Unida Motril","date":"25 febrero, 2022","format":false,"excerpt":"Al contrario, lejos de tener consecuencias positivas para la ciudad, contar con Pl\u00e1cido Domingo supone el blanqueamiento de una conducta inapropiada con las mujeres y traslada el indeseable mensaje de que acosar a las mujeres, sobre todo desde una posici\u00f3n de poder, no tiene coste alguno para los acosadores, aunque\u2026","rel":"","context":"En \u00abEST\u00c1 PASANDO\u00bb","block_context":{"text":"EST\u00c1 PASANDO","link":"https:\/\/iumotril.org\/sitio\/category\/esta-pasando\/"},"img":{"alt_text":"","src":"https:\/\/i0.wp.com\/iumotril.org\/sitio\/wp-content\/uploads\/2022\/02\/fotonoticia_20210820142230_rr.jpg?resize=350%2C200","width":350,"height":200,"srcset":"https:\/\/i0.wp.com\/iumotril.org\/sitio\/wp-content\/uploads\/2022\/02\/fotonoticia_20210820142230_rr.jpg?resize=350%2C200 1x, https:\/\/i0.wp.com\/iumotril.org\/sitio\/wp-content\/uploads\/2022\/02\/fotonoticia_20210820142230_rr.jpg?resize=525%2C300 1.5x"},"classes":[]},{"id":6741,"url":"https:\/\/iumotril.org\/sitio\/el-consejo-audiovisual-de-andalucia-certifica-la-falta-de-pluralidad-politica-en-los-informativos-de-telemotril\/","url_meta":{"origin":3006,"position":3},"title":"El Consejo Audiovisual de Andaluc\u00eda certifica la falta de pluralidad pol\u00edtica en los informativos de Telemotril","author":"Izquierda Unida Motril","date":"15 octubre, 2020","format":false,"excerpt":"Poco m\u00e1s de un a\u00f1o de gesti\u00f3n le ha bastado al Partido Popular y a sus socios de derechas para recuperar los niveles de manipulaci\u00f3n informativa en Telemotril que alcanz\u00f3 en sus per\u00edodos anteriores de mandato. La direcci\u00f3n pol\u00edtica impuesta por el PP ha puesto a Telemotril al servicio de\u2026","rel":"","context":"En \u00abAyuntamiento\u00bb","block_context":{"text":"Ayuntamiento","link":"https:\/\/iumotril.org\/sitio\/category\/ayuntamiento\/"},"img":{"alt_text":"","src":"https:\/\/i0.wp.com\/iumotril.org\/sitio\/wp-content\/uploads\/2020\/10\/jose-e-Inma-15-oct-176x176.jpg?resize=350%2C200","width":350,"height":200,"srcset":"https:\/\/i0.wp.com\/iumotril.org\/sitio\/wp-content\/uploads\/2020\/10\/jose-e-Inma-15-oct-176x176.jpg?resize=350%2C200 1x, https:\/\/i0.wp.com\/iumotril.org\/sitio\/wp-content\/uploads\/2020\/10\/jose-e-Inma-15-oct-176x176.jpg?resize=525%2C300 1.5x"},"classes":[]},{"id":7463,"url":"https:\/\/iumotril.org\/sitio\/inma-omiste-la-alcaldesa-reclama-al-gobierno-de-espana-la-gestion-de-fondos-europeos-pero-es-incapaz-de-ejecutar-el-presupuesto-de-ayudas-al-pequeno-comercio-de-motril\/","url_meta":{"origin":3006,"position":4},"title":"Inma Omiste: la alcaldesa reclama al gobierno de Espa\u00f1a la gesti\u00f3n de fondos europeos, pero es incapaz de ejecutar el presupuesto de ayudas al peque\u00f1o comercio de Motril","author":"Izquierda Unida Motril","date":"25 mayo, 2021","format":false,"excerpt":"La portavoz de IU-Equo, ha pedido a la alcaldesa que se deje de \u201cbatallitas pol\u00edticas contra el gobierno de Espa\u00f1a\u201d y se dedique, de una vez por todas, a trabajar por Motril y atender las necesidades de sus vecinas y de sus vecinas que, como en el caso del peque\u00f1o\u2026","rel":"","context":"En \u00abEST\u00c1 PASANDO\u00bb","block_context":{"text":"EST\u00c1 PASANDO","link":"https:\/\/iumotril.org\/sitio\/category\/esta-pasando\/"},"img":{"alt_text":"","src":"https:\/\/i0.wp.com\/iumotril.org\/sitio\/wp-content\/uploads\/2021\/05\/Luisa-protesta-Madrid.jpg?resize=350%2C200","width":350,"height":200,"srcset":"https:\/\/i0.wp.com\/iumotril.org\/sitio\/wp-content\/uploads\/2021\/05\/Luisa-protesta-Madrid.jpg?resize=350%2C200 1x, https:\/\/i0.wp.com\/iumotril.org\/sitio\/wp-content\/uploads\/2021\/05\/Luisa-protesta-Madrid.jpg?resize=525%2C300 1.5x, https:\/\/i0.wp.com\/iumotril.org\/sitio\/wp-content\/uploads\/2021\/05\/Luisa-protesta-Madrid.jpg?resize=700%2C400 2x"},"classes":[]},{"id":2849,"url":"https:\/\/iumotril.org\/sitio\/rechazamos-frontalmente-la-privatizacion-de-la-grua-municipal\/","url_meta":{"origin":3006,"position":5},"title":"RECHAZAMOS FRONTALMENTE LA PRIVATIZACI\u00d3N DE LA GR\u00daA MUNICIPAL","author":"Izquierda Unida Motril","date":"4 mayo, 2017","format":false,"excerpt":"La excusa del gobierno de Alm\u00f3n para privatizar el servicio es liberar a LIMDECO de la encomienda de la gesti\u00f3n de retirada, traspaso, dep\u00f3sito y custodia de veh\u00edculos, lo que le supone un d\u00e9ficit anual medio de 154 mil euros, dedicando a dicha gesti\u00f3n a 4,5 trabajadores. Una excusa tramposa\u2026","rel":"","context":"En \u00abEST\u00c1 PASANDO\u00bb","block_context":{"text":"EST\u00c1 PASANDO","link":"https:\/\/iumotril.org\/sitio\/category\/esta-pasando\/"},"img":{"alt_text":"","src":"https:\/\/i0.wp.com\/iumotril.org\/sitio\/wp-content\/uploads\/2017\/05\/Grua-municipal-1024x754.jpg?resize=350%2C200","width":350,"height":200,"srcset":"https:\/\/i0.wp.com\/iumotril.org\/sitio\/wp-content\/uploads\/2017\/05\/Grua-municipal-1024x754.jpg?resize=350%2C200 1x, https:\/\/i0.wp.com\/iumotril.org\/sitio\/wp-content\/uploads\/2017\/05\/Grua-municipal-1024x754.jpg?resize=525%2C300 1.5x"},"classes":[]}],"jetpack_likes_enabled":true,"_links":{"self":[{"href":"https:\/\/iumotril.org\/sitio\/wp-json\/wp\/v2\/posts\/3006","targetHints":{"allow":["GET"]}}],"collection":[{"href":"https:\/\/iumotril.org\/sitio\/wp-json\/wp\/v2\/posts"}],"about":[{"href":"https:\/\/iumotril.org\/sitio\/wp-json\/wp\/v2\/types\/post"}],"author":[{"embeddable":true,"href":"https:\/\/iumotril.org\/sitio\/wp-json\/wp\/v2\/users\/1"}],"replies":[{"embeddable":true,"href":"https:\/\/iumotril.org\/sitio\/wp-json\/wp\/v2\/comments?post=3006"}],"version-history":[{"count":4,"href":"https:\/\/iumotril.org\/sitio\/wp-json\/wp\/v2\/posts\/3006\/revisions"}],"predecessor-version":[{"id":3032,"href":"https:\/\/iumotril.org\/sitio\/wp-json\/wp\/v2\/posts\/3006\/revisions\/3032"}],"wp:attachment":[{"href":"https:\/\/iumotril.org\/sitio\/wp-json\/wp\/v2\/media?parent=3006"}],"wp:term":[{"taxonomy":"category","embeddable":true,"href":"https:\/\/iumotril.org\/sitio\/wp-json\/wp\/v2\/categories?post=3006"},{"taxonomy":"post_tag","embeddable":true,"href":"https:\/\/iumotril.org\/sitio\/wp-json\/wp\/v2\/tags?post=3006"}],"curies":[{"name":"wp","href":"https:\/\/api.w.org\/{rel}","templated":true}]}}