{"id":2991,"date":"2017-07-12T17:45:31","date_gmt":"2017-07-12T15:45:31","guid":{"rendered":"http:\/\/iumotril.org\/sitio\/?p=2991"},"modified":"2017-07-12T17:45:31","modified_gmt":"2017-07-12T15:45:31","slug":"izquierda-unida-considera-desastrosa-la-gestion-de-flor-almon-durante-sus-dos-anos-de-mandato","status":"publish","type":"post","link":"https:\/\/iumotril.org\/sitio\/izquierda-unida-considera-desastrosa-la-gestion-de-flor-almon-durante-sus-dos-anos-de-mandato\/","title":{"rendered":"IZQUIERDA UNIDA CONSIDERA DESASTROSA LA GESTI\u00d3N DE FLOR ALM\u00d3N DURANTE SUS DOS A\u00d1OS DE MANDATO."},"content":{"rendered":"<p style=\"text-align: justify;\"><span style=\"color: #993300;\"><strong>Izquierda Unida ha realizado la valoraci\u00f3n de la gesti\u00f3n de Flor Alm\u00f3n y de su equipo de gobierno desde su llegada al Ayuntamiento ahora hace dos a\u00f1os y ha adelantado las propuestas que presentar\u00e1 en el pr\u00f3ximo pleno extraordinario de Debate sobre el estado de la ciudad, que tendr\u00e1 lugar el pr\u00f3ximo viernes, d\u00eda 14. <\/strong><\/span><\/p>\n<p>A juicio de Izquierda Unida, dos a\u00f1os de gobierno del PSOE y del PA en nuestra ciudad no han supuesto ninguna mejora sustancial para Motril ni para sus ciudadanos y ciudadanas. Al contrario, no s\u00f3lo<strong> Motril no avanza sino que ha sido abandonada a su suerte por la desidia e incapacidad de sus gobernantes<\/strong>. La percepci\u00f3n de una ciudad abandonada se va extendiendo entre vecinos y visitantes.<\/p>\n<p><a href=\"https:\/\/iumotril.org\/sitio\/puntalon2_julio\/\"><img loading=\"lazy\" decoding=\"async\" data-attachment-id=\"3001\" data-permalink=\"https:\/\/iumotril.org\/sitio\/izquierda-unida-considera-desastrosa-la-gestion-de-flor-almon-durante-sus-dos-anos-de-mandato\/puntalon2_julio\/\" data-orig-file=\"https:\/\/iumotril.org\/sitio\/wp-content\/uploads\/2017\/07\/Puntalon2_julio.jpg\" data-orig-size=\"1600,1200\" data-comments-opened=\"1\" data-image-meta=\"{&quot;aperture&quot;:&quot;0&quot;,&quot;credit&quot;:&quot;&quot;,&quot;camera&quot;:&quot;&quot;,&quot;caption&quot;:&quot;&quot;,&quot;created_timestamp&quot;:&quot;0&quot;,&quot;copyright&quot;:&quot;&quot;,&quot;focal_length&quot;:&quot;0&quot;,&quot;iso&quot;:&quot;0&quot;,&quot;shutter_speed&quot;:&quot;0&quot;,&quot;title&quot;:&quot;&quot;,&quot;orientation&quot;:&quot;0&quot;}\" data-image-title=\"Puntalon2_julio\" data-image-description=\"\" data-image-caption=\"\" data-large-file=\"https:\/\/iumotril.org\/sitio\/wp-content\/uploads\/2017\/07\/Puntalon2_julio-1024x768.jpg\" class=\"size-large wp-image-3001 alignleft\" src=\"https:\/\/iumotril.org\/sitio\/wp-content\/uploads\/2017\/07\/Puntalon2_julio-1024x768.jpg\" alt=\"\" width=\"620\" height=\"465\" srcset=\"https:\/\/iumotril.org\/sitio\/wp-content\/uploads\/2017\/07\/Puntalon2_julio-1024x768.jpg 1024w, https:\/\/iumotril.org\/sitio\/wp-content\/uploads\/2017\/07\/Puntalon2_julio-300x225.jpg 300w, https:\/\/iumotril.org\/sitio\/wp-content\/uploads\/2017\/07\/Puntalon2_julio-768x576.jpg 768w, https:\/\/iumotril.org\/sitio\/wp-content\/uploads\/2017\/07\/Puntalon2_julio.jpg 1600w\" sizes=\"auto, (max-width: 620px) 100vw, 620px\" \/><\/a>Dos a\u00f1os despu\u00e9s de su llegada a la Alcald\u00eda, Motril languidece sin un proyecto de ciudad que ponga las bases de un desarrollo futuro basado en un crecimiento sostenible y de actuaciones y medidas que den prioridad las necesidades de las personas, a la mayor\u00eda social.<\/p>\n<p><strong>Motril<\/strong> (sus barrios, sus plazas, sus calles, sus anejos) <strong>es una ciudad que est\u00e1 sucia<\/strong>, con un servicio p\u00fablico de limpieza (LIMDECO) mal gestionado, que sigue dirigido por el mismo equipo directivo que la llev\u00f3 a la ruina con las negativas consecuencias que los vecinos y vecinas de Motril sufren en sus propias carnes d\u00eda a d\u00eda.<\/p>\n<p><strong>Las playas de Motril siguen presentando innumerables deficiencias,<\/strong> debido a la falta de actuaciones del gobierno central y de la Junta de Andaluc\u00eda y a la incapacidad de los responsables municipales para llevar a cabo una gesti\u00f3n eficaz. Muestra de ello es que, a d\u00eda de hoy, las playas de Motril no cuentan con el servicio de vigilancia y socorrismo por \u201cproblemas administrativos\u201d.<\/p>\n<p><strong>Tras dos a\u00f1os de gesti\u00f3n del PSOE-PA, Motril tiene una tasa de paro de m\u00e1s del 30% de su poblaci\u00f3n activa<\/strong>, 6.000 hombres y mujeres apuntados en las listas del paro, muy por encima de la media provincial y andaluza. Una situaci\u00f3n dram\u00e1tica que no ha sido motivo suficiente para que el equipo de gobierno haya adoptado ninguna iniciativa relevante que contribuyera a dar una soluci\u00f3n al problema del desempleo en nuestra ciudad.<\/p>\n<p>La portavoz municipal de IU, Daniela Paqu\u00e9, ha enumerado algunas de las <strong>propuestas e iniciativas<\/strong> que su formaci\u00f3n presentar\u00e1 al Pleno el pr\u00f3ximo viernes para alcanzar diferentes objetivos: <strong>creaci\u00f3n de empleo, una pol\u00edtica fiscal progresiva y m\u00e1s justa, apoyo y fomento de la actividad agraria, un modelo de ciudad para las personas y una administraci\u00f3n municipal al servicio de las necesidades de vecinos y ciudadanos<\/strong>, entre otras.<\/p>\n<p>El pleno extraordinario, que se celebrar\u00e1 por iniciativa de Izquierda Unida, brindar\u00e1 la ocasi\u00f3n al gobierno local de Motril de rendir cuentas de su gesti\u00f3n a la ciudan\u00eda y explicar a los vecinos y vecinas la labor llevada a cabo a lo largo de estos dos a\u00f1os as\u00ed como resultados alcanzados. Del mismo modo el resto de grupos que integran la Corporaci\u00f3n municipal podr\u00e1n realizar su valoraci\u00f3n de esa gesti\u00f3n, as\u00ed como detallar el trabajo que han realizado desde la oposici\u00f3n.<\/p>\n<p>Se trata de un ejercicio de salud democr\u00e1tica y de transparencia necesario, motivo por el que <strong>desde Izquierda Unida se ha invitado a todos los motrile\u00f1os a seguir el debate y a participar en el mismo.<\/strong><\/p>\n<p>El pleno tendr\u00e1 lugar el viernes, 14 a partir de las 9:30 horas en el Ayuntamiento.<\/p>\n","protected":false},"excerpt":{"rendered":"<p>A juicio de Izquierda Unida, dos a\u00f1os de gobierno del PSOE y del PA en nuestra ciudad no han supuesto ninguna mejora sustancial para Motril ni para sus ciudadanos y ciudadanas. Al contrario, no s\u00f3lo Motril no avanza sino que ha sido abandonada a su suerte por la desidia e incapacidad de sus gobernantes. La percepci\u00f3n de una ciudad abandonada se va extendiendo entre vecinos y visitantes.<\/p>\n","protected":false},"author":1,"featured_media":0,"comment_status":"open","ping_status":"open","sticky":false,"template":"","format":"standard","meta":{"cybocfi_hide_featured_image":"","_jetpack_newsletter_access":"","_jetpack_dont_email_post_to_subs":false,"_jetpack_newsletter_tier_id":0,"_jetpack_memberships_contains_paywalled_content":false,"_jetpack_memberships_contains_paid_content":false,"footnotes":""},"categories":[265],"tags":[786,787,785,783],"class_list":["post-2991","post","type-post","status-publish","format-standard","hentry","category-esta-pasando","tag-balance-gestion","tag-desastre","tag-dos-anos-de-almon","tag-motril-abandonado"],"jetpack_featured_media_url":"","jetpack_sharing_enabled":true,"jetpack_shortlink":"https:\/\/wp.me\/p4QsU5-Mf","jetpack-related-posts":[{"id":2999,"url":"https:\/\/iumotril.org\/sitio\/mientras-la-ciudad-va-a-la-deriva-para-flor-almon-motril-es-un-oasis-de-bienestar-y-prosperidad\/","url_meta":{"origin":2991,"position":0},"title":"Mientras la ciudad va a la deriva, para Flor Alm\u00f3n Motril es un oasis de bienestar y prosperidad","author":"Izquierda Unida Motril","date":"17 julio, 2017","format":false,"excerpt":"La portavoz de Izquierda Unida ha reclamado al gobierno local un cambio de rumbo en su gesti\u00f3n que apueste por pol\u00edticas de progreso para Motril y para sus vecinos y vecinas. En concreto, ha reclamado la modernizaci\u00f3n de la Administraci\u00f3n local para ponerse al servicio real de los ciudadanos y\u2026","rel":"","context":"En \u00abEST\u00c1 PASANDO\u00bb","block_context":{"text":"EST\u00c1 PASANDO","link":"https:\/\/iumotril.org\/sitio\/category\/esta-pasando\/"},"img":{"alt_text":"","src":"https:\/\/i0.wp.com\/iumotril.org\/sitio\/wp-content\/uploads\/2017\/07\/debate-ciudad-1024x768.jpeg?resize=350%2C200","width":350,"height":200,"srcset":"https:\/\/i0.wp.com\/iumotril.org\/sitio\/wp-content\/uploads\/2017\/07\/debate-ciudad-1024x768.jpeg?resize=350%2C200 1x, https:\/\/i0.wp.com\/iumotril.org\/sitio\/wp-content\/uploads\/2017\/07\/debate-ciudad-1024x768.jpeg?resize=525%2C300 1.5x"},"classes":[]},{"id":4339,"url":"https:\/\/iumotril.org\/sitio\/la-gestion-de-flor-almon-esta-dejando-los-servicios-municipales-arrasados\/","url_meta":{"origin":2991,"position":1},"title":"La gesti\u00f3n de Flor Alm\u00f3n est\u00e1 dejando los servicios municipales arrasados","author":"Izquierda Unida Motril","date":"4 enero, 2019","format":false,"excerpt":"Flor Alm\u00f3n y sus socios en el equipo de gobierno llevan m\u00e1s de tres a\u00f1os ignorando los problemas y las necesidades reales de la ciudad y de sus vecinos y vecinas, sin la menor intenci\u00f3n de abordarlos ni de resolverlos; incluso, agrav\u00e1ndolos, en muchos casos. Por ese motivo, se encuentran\u2026","rel":"","context":"En \u00abCiudad\u00bb","block_context":{"text":"Ciudad","link":"https:\/\/iumotril.org\/sitio\/category\/ciudad\/"},"img":{"alt_text":"","src":"https:\/\/i0.wp.com\/iumotril.org\/sitio\/wp-content\/uploads\/2019\/01\/Inma_2_Balance-2018_4-enero.jpg?resize=350%2C200&ssl=1","width":350,"height":200,"srcset":"https:\/\/i0.wp.com\/iumotril.org\/sitio\/wp-content\/uploads\/2019\/01\/Inma_2_Balance-2018_4-enero.jpg?resize=350%2C200&ssl=1 1x, https:\/\/i0.wp.com\/iumotril.org\/sitio\/wp-content\/uploads\/2019\/01\/Inma_2_Balance-2018_4-enero.jpg?resize=525%2C300&ssl=1 1.5x, https:\/\/i0.wp.com\/iumotril.org\/sitio\/wp-content\/uploads\/2019\/01\/Inma_2_Balance-2018_4-enero.jpg?resize=700%2C400&ssl=1 2x, https:\/\/i0.wp.com\/iumotril.org\/sitio\/wp-content\/uploads\/2019\/01\/Inma_2_Balance-2018_4-enero.jpg?resize=1050%2C600&ssl=1 3x, https:\/\/i0.wp.com\/iumotril.org\/sitio\/wp-content\/uploads\/2019\/01\/Inma_2_Balance-2018_4-enero.jpg?resize=1400%2C800&ssl=1 4x"},"classes":[]},{"id":2673,"url":"https:\/\/iumotril.org\/sitio\/izquierda-unida-recomienda-a-flor-almon-viajar-menos-y-trabajar-mas-en-motril\/","url_meta":{"origin":2991,"position":2},"title":"IZQUIERDA UNIDA RECOMIENDA A FLOR ALM\u00d3N VIAJAR MENOS Y TRABAJAR M\u00c1S EN MOTRIL","author":"Izquierda Unida Motril","date":"29 enero, 2017","format":false,"excerpt":"Izquierda Unida reclama a la alcaldesa viajera, Flor Alm\u00f3n, a su s\u00e9quito y al Partido Socialista que trabajen para dinamizar la ciudad y contribuir a su crecimiento y desarrollo econ\u00f3mico y social a trav\u00e9s de la puesta en marcha de estrategias de empleo local, con oportunidades de empleo y formaci\u00f3n\u2026","rel":"","context":"En \u00abEST\u00c1 PASANDO\u00bb","block_context":{"text":"EST\u00c1 PASANDO","link":"https:\/\/iumotril.org\/sitio\/category\/esta-pasando\/"},"img":{"alt_text":"","src":"https:\/\/i0.wp.com\/iumotril.org\/sitio\/wp-content\/uploads\/2017\/01\/FITUR-MOTRIL-22-ENERO-1024x613-1024x613.jpg?resize=350%2C200","width":350,"height":200,"srcset":"https:\/\/i0.wp.com\/iumotril.org\/sitio\/wp-content\/uploads\/2017\/01\/FITUR-MOTRIL-22-ENERO-1024x613-1024x613.jpg?resize=350%2C200 1x, https:\/\/i0.wp.com\/iumotril.org\/sitio\/wp-content\/uploads\/2017\/01\/FITUR-MOTRIL-22-ENERO-1024x613-1024x613.jpg?resize=525%2C300 1.5x"},"classes":[]},{"id":4829,"url":"https:\/\/iumotril.org\/sitio\/izquierda-unida-exige-a-flor-almon-el-cumplimiento-de-los-acuerdos-con-los-empleados-municipales\/","url_meta":{"origin":2991,"position":3},"title":"Izquierda Unida exige a Flor Alm\u00f3n el cumplimiento de los acuerdos con los empleados municipales","author":"Izquierda Unida Motril","date":"10 abril, 2019","format":false,"excerpt":"Para Izquierda Unida, Flor Alm\u00f3n y el partido socialista est\u00e1n pagando, un elevado peaje por\u00a0 presidir el gobierno municipal. Han sido, durante todo su mandato, espectadores mudos de los manejos de los hermanos Esc\u00e1mez. El mandato de Alm\u00f3n ha sido una ocasi\u00f3n perdida para la recuperaci\u00f3n de los derechos arrebatados\u2026","rel":"","context":"En \u00abAyuntamiento\u00bb","block_context":{"text":"Ayuntamiento","link":"https:\/\/iumotril.org\/sitio\/category\/ayuntamiento\/"},"img":{"alt_text":"Inma Omiste, candidata a la Alcald\u00eda de Motril y Jose Llorente","src":"https:\/\/i0.wp.com\/iumotril.org\/sitio\/wp-content\/uploads\/2019\/04\/Inma-y-Jose_10-abril.jpg?resize=350%2C200","width":350,"height":200,"srcset":"https:\/\/i0.wp.com\/iumotril.org\/sitio\/wp-content\/uploads\/2019\/04\/Inma-y-Jose_10-abril.jpg?resize=350%2C200 1x, https:\/\/i0.wp.com\/iumotril.org\/sitio\/wp-content\/uploads\/2019\/04\/Inma-y-Jose_10-abril.jpg?resize=525%2C300 1.5x, https:\/\/i0.wp.com\/iumotril.org\/sitio\/wp-content\/uploads\/2019\/04\/Inma-y-Jose_10-abril.jpg?resize=700%2C400 2x, https:\/\/i0.wp.com\/iumotril.org\/sitio\/wp-content\/uploads\/2019\/04\/Inma-y-Jose_10-abril.jpg?resize=1050%2C600 3x, https:\/\/i0.wp.com\/iumotril.org\/sitio\/wp-content\/uploads\/2019\/04\/Inma-y-Jose_10-abril.jpg?resize=1400%2C800 4x"},"classes":[]},{"id":3478,"url":"https:\/\/iumotril.org\/sitio\/izquierda-unida-vuelve-a-pedir-a-flor-almon-que-viaje-menos-y-trabaje-mas-en-motril\/","url_meta":{"origin":2991,"position":4},"title":"Izquierda Unida vuelve a pedir a Flor Alm\u00f3n que viaje menos y trabaje m\u00e1s en Motril","author":"Izquierda Unida Motril","date":"11 abril, 2018","format":false,"excerpt":"Izquierda Unida rechaza frontalmente este modo de hacer pol\u00edtica que comparten tanto el PP como el PSOE, y entiende que el partido socialista ha dejado suficientemente claras sus se\u00f1as de identidad con su gesti\u00f3n en Motril durante estos tres \u00faltimos a\u00f1os.","rel":"","context":"En \u00abEST\u00c1 PASANDO\u00bb","block_context":{"text":"EST\u00c1 PASANDO","link":"https:\/\/iumotril.org\/sitio\/category\/esta-pasando\/"},"img":{"alt_text":"","src":"https:\/\/i0.wp.com\/iumotril.org\/sitio\/wp-content\/uploads\/2018\/04\/Viaje-a-Bruselas-300x180.jpg?resize=350%2C200","width":350,"height":200},"classes":[]},{"id":3260,"url":"https:\/\/iumotril.org\/sitio\/izquierda-unida-critica-la-inaccion-del-gobierno-de-flor-almon-en-2017\/","url_meta":{"origin":2991,"position":5},"title":"Izquierda Unida critica la inacci\u00f3n del Gobierno de Flor Alm\u00f3n en 2017","author":"Izquierda Unida Motril","date":"29 diciembre, 2017","format":false,"excerpt":"Daniela Paqu\u00e9, portavoz del Grupo Municipal de Izquierda Unida, ha hecho balance del gobierno de Alm\u00f3n durante 2017 y ha rendido cuentas de la actividad de su Grupo pol\u00edtico, a su juicio \u00fanica oposici\u00f3n al equipo de gobierno del PSOE y del PA , ya que \u00e9ste ha contado con\u2026","rel":"","context":"En \u00abEST\u00c1 PASANDO\u00bb","block_context":{"text":"EST\u00c1 PASANDO","link":"https:\/\/iumotril.org\/sitio\/category\/esta-pasando\/"},"img":{"alt_text":"","src":"https:\/\/i0.wp.com\/iumotril.org\/sitio\/wp-content\/uploads\/2017\/12\/IMG_1659-497x1024.jpg?resize=350%2C200","width":350,"height":200},"classes":[]}],"jetpack_likes_enabled":true,"_links":{"self":[{"href":"https:\/\/iumotril.org\/sitio\/wp-json\/wp\/v2\/posts\/2991","targetHints":{"allow":["GET"]}}],"collection":[{"href":"https:\/\/iumotril.org\/sitio\/wp-json\/wp\/v2\/posts"}],"about":[{"href":"https:\/\/iumotril.org\/sitio\/wp-json\/wp\/v2\/types\/post"}],"author":[{"embeddable":true,"href":"https:\/\/iumotril.org\/sitio\/wp-json\/wp\/v2\/users\/1"}],"replies":[{"embeddable":true,"href":"https:\/\/iumotril.org\/sitio\/wp-json\/wp\/v2\/comments?post=2991"}],"version-history":[{"count":4,"href":"https:\/\/iumotril.org\/sitio\/wp-json\/wp\/v2\/posts\/2991\/revisions"}],"predecessor-version":[{"id":3003,"href":"https:\/\/iumotril.org\/sitio\/wp-json\/wp\/v2\/posts\/2991\/revisions\/3003"}],"wp:attachment":[{"href":"https:\/\/iumotril.org\/sitio\/wp-json\/wp\/v2\/media?parent=2991"}],"wp:term":[{"taxonomy":"category","embeddable":true,"href":"https:\/\/iumotril.org\/sitio\/wp-json\/wp\/v2\/categories?post=2991"},{"taxonomy":"post_tag","embeddable":true,"href":"https:\/\/iumotril.org\/sitio\/wp-json\/wp\/v2\/tags?post=2991"}],"curies":[{"name":"wp","href":"https:\/\/api.w.org\/{rel}","templated":true}]}}