{"id":2947,"date":"2017-06-12T16:30:42","date_gmt":"2017-06-12T14:30:42","guid":{"rendered":"http:\/\/iumotril.org\/sitio\/?p=2947"},"modified":"2017-06-12T16:30:42","modified_gmt":"2017-06-12T14:30:42","slug":"reclamamos-al-puerto-de-motril-una-mayor-implicacion-en-la-solucion-de-los-problemas-de-la-ciudad","status":"publish","type":"post","link":"https:\/\/iumotril.org\/sitio\/reclamamos-al-puerto-de-motril-una-mayor-implicacion-en-la-solucion-de-los-problemas-de-la-ciudad\/","title":{"rendered":"Reclamamos al Puerto de Motril una mayor implicaci\u00f3n en la soluci\u00f3n de los problemas de la ciudad"},"content":{"rendered":"<p style=\"text-align: justify;\"><span style=\"color: #993300;\"><strong>El Grupo Municipal de IU ha mantenido un encuentro con representantes de la Autoridad Portuaria de Motril para trasladar sus propuestas e iniciativas en relaci\u00f3n con el desarrollo de la actividad del Puerto y conocer de primera mano la estrategia y proyectos que tiene previsto poner en marcha.<\/strong><\/span><\/p>\n<p><u>Motril, 12 de junio.-<\/u><\/p>\n<p style=\"text-align: justify;\">Desde Izquierda Unida se ha trasladado a la <a href=\"http:\/\/www.apmotril.com\/\">Autoridad Portuaria<\/a> diversas propuestas en relaci\u00f3n con el desarrollo de la actividad del Puerto de Motril. En concreto, relacionados con su inquietud por su evidente <strong>desconexi\u00f3n con los barrios de El Varadero y Santa Adela<\/strong>, por la insuficiente participaci\u00f3n de sus vecinos en los asuntos que les afectan y por el hecho de que, a pesar de ser los principales afectados por las <strong>consecuencias negativas de la actividad portuaria<\/strong>, los vecinos del barrio no se benefician especialmente en lo que tienen que ver con el empleo ni con la actividad econ\u00f3mica.<\/p>\n<p style=\"text-align: justify;\"><a href=\"https:\/\/iumotril.org\/sitio\/puerto-motril\/\"><img loading=\"lazy\" decoding=\"async\" data-attachment-id=\"2957\" data-permalink=\"https:\/\/iumotril.org\/sitio\/reclamamos-al-puerto-de-motril-una-mayor-implicacion-en-la-solucion-de-los-problemas-de-la-ciudad\/puerto-motril\/\" data-orig-file=\"https:\/\/iumotril.org\/sitio\/wp-content\/uploads\/2017\/06\/puerto-motril.jpg\" data-orig-size=\"337,149\" data-comments-opened=\"1\" data-image-meta=\"{&quot;aperture&quot;:&quot;0&quot;,&quot;credit&quot;:&quot;&quot;,&quot;camera&quot;:&quot;&quot;,&quot;caption&quot;:&quot;&quot;,&quot;created_timestamp&quot;:&quot;0&quot;,&quot;copyright&quot;:&quot;&quot;,&quot;focal_length&quot;:&quot;0&quot;,&quot;iso&quot;:&quot;0&quot;,&quot;shutter_speed&quot;:&quot;0&quot;,&quot;title&quot;:&quot;&quot;,&quot;orientation&quot;:&quot;0&quot;}\" data-image-title=\"puerto motril\" data-image-description=\"\" data-image-caption=\"\" data-large-file=\"https:\/\/iumotril.org\/sitio\/wp-content\/uploads\/2017\/06\/puerto-motril.jpg\" class=\" wp-image-2957 alignleft\" src=\"https:\/\/iumotril.org\/sitio\/wp-content\/uploads\/2017\/06\/puerto-motril.jpg\" alt=\"\" width=\"538\" height=\"238\" srcset=\"https:\/\/iumotril.org\/sitio\/wp-content\/uploads\/2017\/06\/puerto-motril.jpg 337w, https:\/\/iumotril.org\/sitio\/wp-content\/uploads\/2017\/06\/puerto-motril-300x133.jpg 300w\" sizes=\"auto, (max-width: 538px) 100vw, 538px\" \/><\/a><br \/>\nIzquierda Unida defiende el desarrollo de <strong>un puerto abierto e integrado en la ciudad<\/strong> que favorezca la cohesi\u00f3n social. As\u00ed mismo, entiende que el Puerto que reclaman los ciudadanos es un <a href=\"https:\/\/iumotril.org\/sitio\/izquierda-unida-presenta-al-pleno-una-mocion-demandando-un-puerto-limpio-sin-ruidos-y-en-convivencia-con-la-ciudad\/\">puerto limpio<\/a>, en el que se adopten medidas para minimizar los <strong>efectos negativos de la actividad de la d\u00e1rsena<\/strong>, como la contaminaci\u00f3n ac\u00fastica que provoca la entrada y salida de los ferrys y la contaminaci\u00f3n atmosf\u00e9rica que provoca, entre otros factores, la acumulaci\u00f3n de graneles en sus instalaciones.<\/p>\n<p style=\"text-align: justify;\">En el mismo encuentro, ha presentado a los representantes del Puerto de Motril su <strong>propuesta para la construcci\u00f3n de un \u201cpaseo blando\u201d en la <a href=\"https:\/\/iumotril.org\/sitio\/denunciamos-el-vertido-masivo-de-aguas-sucias-a-la-playa-de-las-azucenas\/\">playa de las Azucenas<\/a> que llegue hasta Torrenueva<\/strong>, una propuesta que fue aprobada por unanimidad por la Corporaci\u00f3n motrile\u00f1a el mes de junio del a\u00f1o pasado pero que, sin embargo, no se ha llevado a cabo. En este sentido, desde Izquierda Unida se ha reclamado la implicaci\u00f3n de la Autoridad Portuaria en este proyecto teniendo en cuenta las consecuencias negativas que la ampliaci\u00f3n de sus instalaciones ha tenido y tiene sobre esta playa de Motril.<\/p>\n<p style=\"text-align: justify;\">Los representantes de Izquierda Unida han trasladado a la Presidencia del Puerto sus demandas de mayor participaci\u00f3n del tejido social y asociativo en sus decisiones, reclamando la <strong>creaci\u00f3n de una Comisi\u00f3n Puerto-Ciudad<\/strong> que permita la amplia participaci\u00f3n de la sociedad civil en estos asuntos.<\/p>\n<p style=\"text-align: justify;\">Es innegable que el Puerto de Motril se ha configurado a lo largo de estos \u00faltimos diez a\u00f1os como motor de desarrollo econ\u00f3mico de la provincia de Granada. Sin embargo, ese potencial no est\u00e1 teniendo las consecuencias deseables en t\u00e9rminos de creaci\u00f3n de empleo, adecuada integraci\u00f3n con el entorno en el que desarrolla su actividad o en cuanto a fomento de la cohesi\u00f3n social.<\/p>\n<p style=\"text-align: justify;\">Por ello, desde Izquierda Unida se considera que las actuaciones de la Autoridad Portuaria deber\u00edan estar orientadas a corregir esta situaci\u00f3n.<\/p>\n","protected":false},"excerpt":{"rendered":"<p>En el mismo encuentro, ha presentado a los representantes del Puerto de Motril su propuesta para la construcci\u00f3n de un \u201cpaseo blando\u201d en la playa de las Azucenas que llegue hasta Torrenueva, una propuesta que fue aprobada por unanimidad por la Corporaci\u00f3n motrile\u00f1a el mes de junio del a\u00f1o pasado pero que, sin embargo, no se ha llevado a cabo.<\/p>\n","protected":false},"author":1,"featured_media":0,"comment_status":"open","ping_status":"open","sticky":false,"template":"","format":"standard","meta":{"cybocfi_hide_featured_image":"","_jetpack_newsletter_access":"","_jetpack_dont_email_post_to_subs":false,"_jetpack_newsletter_tier_id":0,"_jetpack_memberships_contains_paywalled_content":false,"_jetpack_memberships_contains_paid_content":false,"footnotes":""},"categories":[265],"tags":[770,772,63,771,316,157,120,193,773],"class_list":["post-2947","post","type-post","status-publish","format-standard","hentry","category-esta-pasando","tag-autoridad-portuaria","tag-plan-director","tag-propuestas","tag-puerto-abierto","tag-puerto-limpio","tag-puerto-motril","tag-santa-adela","tag-varadero","tag-vecinos"],"jetpack_featured_media_url":"","jetpack_sharing_enabled":true,"jetpack_shortlink":"https:\/\/wp.me\/p4QsU5-Lx","jetpack-related-posts":[{"id":10045,"url":"https:\/\/iumotril.org\/sitio\/vecinos-de-varadero-y-santa-adela-reclaman-apoyo-para-la-solucion-de-los-problemas-de-polucion-atmosferica-y-acustica-creados-por-el-puerto-de-motril\/","url_meta":{"origin":2947,"position":0},"title":"Vecinos de Varadero y Santa Adela reclaman apoyo para la soluci\u00f3n de los problemas de poluci\u00f3n atmosf\u00e9rica y ac\u00fastica creados por el Puerto de Motril","author":"Izquierda Unida Motril","date":"4 julio, 2024","format":false,"excerpt":"Desde IU Verdes Equo se ha manifestado reiteradamente su apoyo a las demandas vecinales, que se ha concretado con la presentaci\u00f3n de diferentes iniciativas y propuestas al pleno, que han sido rechazadas por la mayor\u00eda absoluta del gobierno municipal. En el \u00faltimo pleno del \u00faltimo d\u00eda 2 de julio, Partido\u2026","rel":"","context":"En \u00abAyuntamiento\u00bb","block_context":{"text":"Ayuntamiento","link":"https:\/\/iumotril.org\/sitio\/category\/ayuntamiento\/"},"img":{"alt_text":"","src":"https:\/\/i0.wp.com\/iumotril.org\/sitio\/wp-content\/uploads\/2024\/07\/Varadero-contaminacion.jpg?resize=350%2C200&ssl=1","width":350,"height":200,"srcset":"https:\/\/i0.wp.com\/iumotril.org\/sitio\/wp-content\/uploads\/2024\/07\/Varadero-contaminacion.jpg?resize=350%2C200&ssl=1 1x, https:\/\/i0.wp.com\/iumotril.org\/sitio\/wp-content\/uploads\/2024\/07\/Varadero-contaminacion.jpg?resize=525%2C300&ssl=1 1.5x"},"classes":[]},{"id":4845,"url":"https:\/\/iumotril.org\/sitio\/izquierda-unida-demanda-al-presidente-de-la-autoridad-portuaria-un-puerto-limpio-y-abierto-a-la-ciudad\/","url_meta":{"origin":2947,"position":1},"title":"Izquierda Unida demanda al Presidente de la Autoridad Portuaria un Puerto limpio y abierto a la ciudad.","author":"Izquierda Unida Motril","date":"15 abril, 2019","format":false,"excerpt":"Izquierda Unida defiende un Puerto Limpio para Motril en el que se adopten medidas para minimizar los efectos negativos de la actividad de la d\u00e1rsena, como las contaminaciones ac\u00fastica y ambiental que provocan alguna de ellas que repercuten en el normal desarrollo de la actividad diaria de sus vecinas y\u2026","rel":"","context":"En \u00abEST\u00c1 PASANDO\u00bb","block_context":{"text":"EST\u00c1 PASANDO","link":"https:\/\/iumotril.org\/sitio\/category\/esta-pasando\/"},"img":{"alt_text":"","src":"https:\/\/i0.wp.com\/iumotril.org\/sitio\/wp-content\/uploads\/2019\/04\/fullsizeoutput_645b.jpeg?resize=350%2C200","width":350,"height":200,"srcset":"https:\/\/i0.wp.com\/iumotril.org\/sitio\/wp-content\/uploads\/2019\/04\/fullsizeoutput_645b.jpeg?resize=350%2C200 1x, https:\/\/i0.wp.com\/iumotril.org\/sitio\/wp-content\/uploads\/2019\/04\/fullsizeoutput_645b.jpeg?resize=525%2C300 1.5x, https:\/\/i0.wp.com\/iumotril.org\/sitio\/wp-content\/uploads\/2019\/04\/fullsizeoutput_645b.jpeg?resize=700%2C400 2x"},"classes":[]},{"id":1003,"url":"https:\/\/iumotril.org\/sitio\/el-puerto-de-motril-continua-dando-la-espalda-a-los-vecinos-y-ciudadanos\/","url_meta":{"origin":2947,"position":2},"title":"El Puerto de Motril contin\u00faa dando la espalda a los vecinos y ciudadanos","author":"Izquierda Unida Motril","date":"3 julio, 2015","format":false,"excerpt":"La organizaci\u00f3n del evento para celebrar su d\u00e9cimo aniversario y la relaci\u00f3n de las empresas, entidades, instituciones y personalidades reconocidas en la primera edici\u00f3n de los Premios Puerto de Motril son una buena muestra de ello. La Autoridad Portuaria, en un ejercicio m\u00e1s de endogamia, premia y reconoce a los\u2026","rel":"","context":"En \u00abParticipaci\u00f3n\u00bb","block_context":{"text":"Participaci\u00f3n","link":"https:\/\/iumotril.org\/sitio\/category\/participacion\/"},"img":{"alt_text":"Puerto Motril El Varadero","src":"https:\/\/i0.wp.com\/iumotril.org\/sitio\/wp-content\/uploads\/2015\/07\/varadero-300x241.jpg?resize=350%2C200","width":350,"height":200},"classes":[]},{"id":5020,"url":"https:\/\/iumotril.org\/sitio\/inma-omiste-impulsaremos-el-desarrollo-de-un-puerto-abierto-e-integrado-en-la-ciudad\/","url_meta":{"origin":2947,"position":3},"title":"Inma Omiste: Impulsaremos el desarrollo de un Puerto abierto e integrado en la ciudad","author":"Izquierda Unida Motril","date":"15 mayo, 2019","format":false,"excerpt":"El programa de gobierno de IU-Equo propone la apertura progresiva de las instalaciones del Puerto pesquero a la ciudadan\u00eda y la rehabilitaci\u00f3n integral de los barrios de Santa Adela y Varadero para dotarlos de actividad comercial y de atractivo tur\u00edstico y atajar, de ese modo, la brecha de exclusi\u00f3n social\u2026","rel":"","context":"En \u00abElecciones\u00bb","block_context":{"text":"Elecciones","link":"https:\/\/iumotril.org\/sitio\/category\/elecciones\/"},"img":{"alt_text":"","src":"https:\/\/i0.wp.com\/iumotril.org\/sitio\/wp-content\/uploads\/2019\/05\/Jose-Llorente-Daniela-Paque%CC%81-Inma-Omiste-y-Juan-Luis-Valdivieso-candidatas-IU-Equo_15-mayo-1024x683.jpg?resize=350%2C200","width":350,"height":200},"classes":[]},{"id":1507,"url":"https:\/\/iumotril.org\/sitio\/izquierda-unida-denuncia-que-en-el-proyecto-de-presupuestos-de-la-junta-de-andalucia-se-deja-de-lado-a-la-costa\/","url_meta":{"origin":2947,"position":4},"title":"IZQUIERDA UNIDA DENUNCIA QUE EN EL PROYECTO DE PRESUPUESTOS DE LA JUNTA DE ANDALUC\u00cdA SE  DEJA DE LADO A LA COSTA","author":"Izquierda Unida Motril","date":"21 octubre, 2015","format":false,"excerpt":"La diputada andaluza se ha comprometido a presentar diversas iniciativas parlamentarias en los \u00e1mbitos auton\u00f3mico y nacional a trav\u00e9s de su Grupo para sacar adelante propuestas y medidas de mejora para Motril y para la Comarca de la Costa para que tengan cabida en los pr\u00f3ximos presupuestos para 2016.","rel":"","context":"En \u00abEST\u00c1 PASANDO\u00bb","block_context":{"text":"EST\u00c1 PASANDO","link":"https:\/\/iumotril.org\/sitio\/category\/esta-pasando\/"},"img":{"alt_text":"mari carmen perez 2_octubre 2015","src":"http:\/\/iumotril.org\/sitio\/wp-content\/uploads\/2015\/10\/mari-carmen-perez-2_octubre-2015.bmp","width":350,"height":200},"classes":[]},{"id":1534,"url":"https:\/\/iumotril.org\/sitio\/izquierda-unida-presenta-al-pleno-una-mocion-demandando-un-puerto-limpio-sin-ruidos-y-en-convivencia-con-la-ciudad\/","url_meta":{"origin":2947,"position":5},"title":"IZQUIERDA UNIDA PRESENTA AL PLENO UNA MOCI\u00d3N DEMANDANDO UN PUERTO LIMPIO, SIN RUIDOS Y EN CONVIVENCIA CON LA CIUDAD","author":"Izquierda Unida Motril","date":"27 octubre, 2015","format":false,"excerpt":"Izquierda Unida ha hecho p\u00fablicas las mociones que presenta al pr\u00f3ximo Pleno del Ayuntamiento, entre otras la que solicita que el Puerto de Motril desarrolle sus actividades conforme a la legislaci\u00f3n medioambiental. El concejal de Izquierda Unida, Christian Linares, ha subrayado que la Delegaci\u00f3n de Agricultura, Pesca y Medio Ambiente\u2026","rel":"","context":"En \u00abEST\u00c1 PASANDO\u00bb","block_context":{"text":"EST\u00c1 PASANDO","link":"https:\/\/iumotril.org\/sitio\/category\/esta-pasando\/"},"img":{"alt_text":"IMG_0832","src":"https:\/\/i0.wp.com\/iumotril.org\/sitio\/wp-content\/uploads\/2015\/10\/IMG_0832-233x300.jpg?resize=350%2C200","width":350,"height":200},"classes":[]}],"jetpack_likes_enabled":true,"_links":{"self":[{"href":"https:\/\/iumotril.org\/sitio\/wp-json\/wp\/v2\/posts\/2947","targetHints":{"allow":["GET"]}}],"collection":[{"href":"https:\/\/iumotril.org\/sitio\/wp-json\/wp\/v2\/posts"}],"about":[{"href":"https:\/\/iumotril.org\/sitio\/wp-json\/wp\/v2\/types\/post"}],"author":[{"embeddable":true,"href":"https:\/\/iumotril.org\/sitio\/wp-json\/wp\/v2\/users\/1"}],"replies":[{"embeddable":true,"href":"https:\/\/iumotril.org\/sitio\/wp-json\/wp\/v2\/comments?post=2947"}],"version-history":[{"count":7,"href":"https:\/\/iumotril.org\/sitio\/wp-json\/wp\/v2\/posts\/2947\/revisions"}],"predecessor-version":[{"id":2963,"href":"https:\/\/iumotril.org\/sitio\/wp-json\/wp\/v2\/posts\/2947\/revisions\/2963"}],"wp:attachment":[{"href":"https:\/\/iumotril.org\/sitio\/wp-json\/wp\/v2\/media?parent=2947"}],"wp:term":[{"taxonomy":"category","embeddable":true,"href":"https:\/\/iumotril.org\/sitio\/wp-json\/wp\/v2\/categories?post=2947"},{"taxonomy":"post_tag","embeddable":true,"href":"https:\/\/iumotril.org\/sitio\/wp-json\/wp\/v2\/tags?post=2947"}],"curies":[{"name":"wp","href":"https:\/\/api.w.org\/{rel}","templated":true}]}}