{"id":2938,"date":"2017-06-07T17:12:11","date_gmt":"2017-06-07T15:12:11","guid":{"rendered":"http:\/\/iumotril.org\/sitio\/?p=2938"},"modified":"2017-06-07T17:12:11","modified_gmt":"2017-06-07T15:12:11","slug":"nuestro-apoyo-a-los-estibadores-de-motril","status":"publish","type":"post","link":"https:\/\/iumotril.org\/sitio\/nuestro-apoyo-a-los-estibadores-de-motril\/","title":{"rendered":"Nuestro apoyo a los estibadores de Motril"},"content":{"rendered":"<p style=\"text-align: justify;\"><span style=\"color: #993300;\"><strong>Una representaci\u00f3n de IU ha mantenido esta ma\u00f1ana un encuentro con los estibadores de Motril para trasladar su apoyo a las movilizaciones que est\u00e1n llevando a cabo frente a las pretensiones del gobierno de liberalizar el sector y precarizar sus condiciones laborales.<\/strong><\/span><\/p>\n<p>Seg\u00fan han denunciado los representantes de los trabajadores de la estiba del Puerto de Motril, la \u00fanica pretensi\u00f3n de la reforma aprobada por el gobierno no es otra que liberalizar el sector y despedir a los estibadores portuarios para colocar otros trabajadores con p\u00e9rdida de derechos y menoscabo de sus condiciones laborales.<\/p>\n<p><a href=\"https:\/\/iumotril.org\/sitio\/estibadores_junio\/\"><img loading=\"lazy\" decoding=\"async\" data-attachment-id=\"2950\" data-permalink=\"https:\/\/iumotril.org\/sitio\/nuestro-apoyo-a-los-estibadores-de-motril\/estibadores_junio\/\" data-orig-file=\"https:\/\/iumotril.org\/sitio\/wp-content\/uploads\/2017\/06\/Estibadores_junio.jpg\" data-orig-size=\"4032,3024\" data-comments-opened=\"1\" data-image-meta=\"{&quot;aperture&quot;:&quot;1.7&quot;,&quot;credit&quot;:&quot;&quot;,&quot;camera&quot;:&quot;SM-G935F&quot;,&quot;caption&quot;:&quot;&quot;,&quot;created_timestamp&quot;:&quot;1496825298&quot;,&quot;copyright&quot;:&quot;&quot;,&quot;focal_length&quot;:&quot;4.2&quot;,&quot;iso&quot;:&quot;40&quot;,&quot;shutter_speed&quot;:&quot;0.0011848341232227&quot;,&quot;title&quot;:&quot;&quot;,&quot;orientation&quot;:&quot;1&quot;}\" data-image-title=\"Estibadores_junio\" data-image-description=\"\" data-image-caption=\"\" data-large-file=\"https:\/\/iumotril.org\/sitio\/wp-content\/uploads\/2017\/06\/Estibadores_junio-1024x768.jpg\" class=\"size-large wp-image-2950 alignleft\" src=\"https:\/\/iumotril.org\/sitio\/wp-content\/uploads\/2017\/06\/Estibadores_junio-1024x768.jpg\" alt=\"\" width=\"620\" height=\"465\" srcset=\"https:\/\/iumotril.org\/sitio\/wp-content\/uploads\/2017\/06\/Estibadores_junio-1024x768.jpg 1024w, https:\/\/iumotril.org\/sitio\/wp-content\/uploads\/2017\/06\/Estibadores_junio-300x225.jpg 300w, https:\/\/iumotril.org\/sitio\/wp-content\/uploads\/2017\/06\/Estibadores_junio-768x576.jpg 768w\" sizes=\"auto, (max-width: 620px) 100vw, 620px\" \/><\/a>La plantilla de estibadores del Puerto de Motril \u00ad&#8211;integrada por 17 trabajadores fijos y una bolsa de trabajadores eventuales, entre los que hay diversas estibadoras\u00ad\u2014han secundado en su totalidad las jornadas de huelga convocadas por el Coordinadora del Sector, que se prolongar\u00e1n hasta el pr\u00f3ximo viernes, 9 de junio.<\/p>\n<p>Los estibadores y estibadoras defienden reformas que aseguren el <strong>mantenimiento del empleo y unas condiciones de trabajo dignas,<\/strong> as\u00ed como la garant\u00eda de los principios de igualdad, m\u00e9rito y capacidad en el acceso al empleo.<\/p>\n<p>Los representantes de los trabajadores portuarios de Motril han trasladado a los concejales del Grupo Municipal de Izquierda Unida la necesidad de la implicaci\u00f3n del equipo de gobierno municipal en la defensa de sus reivindicaciones.<\/p>\n<p>El Grupo Municipal de IU ha anunciado que presentar\u00e1 una Moci\u00f3n al pr\u00f3ximo Pleno en <strong>apoyo al sector de la Estiba en Motril,<\/strong> instando al Ministerio de Fomento y a la Patronal del sector a <strong>consensuar las medidas<\/strong> que permitan superar las incertidumbres que genera la situaci\u00f3n actual, tras la sentencia del Tribunal de Justicia de la UE, en 2014 y el Decreto Ley recientemente aprobado por el Gobierno.<\/p>\n","protected":false},"excerpt":{"rendered":"<p>El Grupo Municipal de IU presentar\u00e1 una Moci\u00f3n al pr\u00f3ximo Pleno en apoyo al sector de la Estiba en Motril, instando al Ministerio de Fomento y a la Patronal del sector a consensuar las medidas que permitan superar las incertidumbres que genera la situaci\u00f3n actual, tras la sentencia del Tribunal de Justicia de la UE, en 2014 y el Decreto Ley recientemente aprobado por el Gobierno.<\/p>\n","protected":false},"author":1,"featured_media":0,"comment_status":"open","ping_status":"open","sticky":false,"template":"","format":"standard","meta":{"cybocfi_hide_featured_image":"","_jetpack_newsletter_access":"","_jetpack_dont_email_post_to_subs":false,"_jetpack_newsletter_tier_id":0,"_jetpack_memberships_contains_paywalled_content":false,"_jetpack_memberships_contains_paid_content":false,"footnotes":""},"categories":[265],"tags":[381,769,35,157],"class_list":["post-2938","post","type-post","status-publish","format-standard","hentry","category-esta-pasando","tag-movilizaciones","tag-estibadores","tag-huelga","tag-puerto-motril"],"jetpack_featured_media_url":"","jetpack_sharing_enabled":true,"jetpack_shortlink":"https:\/\/wp.me\/p4QsU5-Lo","jetpack-related-posts":[{"id":9857,"url":"https:\/\/iumotril.org\/sitio\/por-los-derechos-laborales-y-en-defensa-de-los-servicios-publicos-municipales\/","url_meta":{"origin":2938,"position":0},"title":"Por los derechos laborales y en defensa de los servicios p\u00fablicos municipales","author":"Izquierda Unida Motril","date":"12 marzo, 2024","format":false,"excerpt":"Se hace necesario que la ciudadan\u00eda motrile\u00f1a salga a la calle en defensa de los intereses de los trabajadores dando una respuesta rotunda a la actuaci\u00f3n de Aguas y Servicios que mantiene bloqueada de facto la negociaci\u00f3n del convenio colectivo y a la decisi\u00f3n adoptada por el gobierno municipal de\u2026","rel":"","context":"En \u00abAyuntamiento\u00bb","block_context":{"text":"Ayuntamiento","link":"https:\/\/iumotril.org\/sitio\/category\/ayuntamiento\/"},"img":{"alt_text":"","src":"https:\/\/i0.wp.com\/iumotril.org\/sitio\/wp-content\/uploads\/2024\/03\/d9efe014-f783-40bb-a21e-1c388f223118.jpg?resize=350%2C200&ssl=1","width":350,"height":200,"srcset":"https:\/\/i0.wp.com\/iumotril.org\/sitio\/wp-content\/uploads\/2024\/03\/d9efe014-f783-40bb-a21e-1c388f223118.jpg?resize=350%2C200&ssl=1 1x, https:\/\/i0.wp.com\/iumotril.org\/sitio\/wp-content\/uploads\/2024\/03\/d9efe014-f783-40bb-a21e-1c388f223118.jpg?resize=525%2C300&ssl=1 1.5x"},"classes":[]},{"id":7843,"url":"https:\/\/iumotril.org\/sitio\/iu-equo-apoya-las-demandas-de-las-trabajadoras-municipales-de-limpieza\/","url_meta":{"origin":2938,"position":1},"title":"IU-Equo apoya las demandas de las trabajadoras municipales de limpieza","author":"Izquierda Unida Motril","date":"30 noviembre, 2021","format":false,"excerpt":"Con las propuestas de la concejal\u00eda lo \u00fanico que se consigue es intentar \u201cexprimir\u201d a las trabadoras a costa de la calidad del servicio que, en estas condiciones, no se puede realizar convenientemente. --Ha se\u00f1alado, Inma Omiste, que ha pedido al concejal una actitud m\u00e1s dialogante y voluntad de entendimiento\u2026","rel":"","context":"En \u00abAyuntamiento\u00bb","block_context":{"text":"Ayuntamiento","link":"https:\/\/iumotril.org\/sitio\/category\/ayuntamiento\/"},"img":{"alt_text":"","src":"https:\/\/i0.wp.com\/iumotril.org\/sitio\/wp-content\/uploads\/2021\/11\/PHOTO-2021-11-30-14-42-43.jpg?resize=350%2C200","width":350,"height":200,"srcset":"https:\/\/i0.wp.com\/iumotril.org\/sitio\/wp-content\/uploads\/2021\/11\/PHOTO-2021-11-30-14-42-43.jpg?resize=350%2C200 1x, https:\/\/i0.wp.com\/iumotril.org\/sitio\/wp-content\/uploads\/2021\/11\/PHOTO-2021-11-30-14-42-43.jpg?resize=525%2C300 1.5x, https:\/\/i0.wp.com\/iumotril.org\/sitio\/wp-content\/uploads\/2021\/11\/PHOTO-2021-11-30-14-42-43.jpg?resize=700%2C400 2x"},"classes":[]},{"id":386,"url":"https:\/\/iumotril.org\/sitio\/iu-de-motril-apoya-a-los-trabajadores-de-la-empresa-torras-papel-que-se-estan-viendo-sometidos-a-la-reforma-laboral-del-pp\/","url_meta":{"origin":2938,"position":2},"title":"IU DE MOTRIL APOYA A LOS TRABAJADORES DE LA EMPRESA TORRAS PAPEL QUE SE EST\u00c1N VIENDO SOMETIDOS A LA REFORMA LABORAL DEL PP","author":"Izquierda Unida Motril","date":"16 enero, 2015","format":false,"excerpt":"La formaci\u00f3n de izquierdas ha mostrado su apoyo a l@s trabajador@s de Torras Papel l@s cuales est\u00e1n padeciendo las nefastas consecuencias de la reforma laboral, una reforma que siempre cont\u00f3 con la oposici\u00f3n de IU: \u00abSiempre hemos defendido que la Reforma Laboral del Partido Popular era solo un instrumento de\u2026","rel":"","context":"En \u00abempleo\u00bb","block_context":{"text":"empleo","link":"https:\/\/iumotril.org\/sitio\/category\/empleo\/"},"img":{"alt_text":"","src":"","width":0,"height":0},"classes":[]},{"id":2538,"url":"https:\/\/iumotril.org\/sitio\/estudiantes-y-trabajadores-en-lucha-en-defensa-de-sus-derechos\/","url_meta":{"origin":2938,"position":3},"title":"ESTUDIANTES Y TRABAJADORES EN LUCHA EN DEFENSA DE SUS DERECHOS","author":"Izquierda Unida Motril","date":"24 noviembre, 2016","format":false,"excerpt":"Izquierda Unida hace un llamamiento al pueblo de Motril para que se sume a estas movilizaciones y d\u00e9 su apoyo y m\u00e1xima solidaridad a los trabajadores y trabajadoras y a sus hijos e hijas en la lucha que mantienen por defender sus derechos.","rel":"","context":"En \u00abEST\u00c1 PASANDO\u00bb","block_context":{"text":"EST\u00c1 PASANDO","link":"https:\/\/iumotril.org\/sitio\/category\/esta-pasando\/"},"img":{"alt_text":"img_5345","src":"https:\/\/i0.wp.com\/iumotril.org\/sitio\/wp-content\/uploads\/2016\/11\/IMG_5345-1024x768.jpg?resize=350%2C200","width":350,"height":200,"srcset":"https:\/\/i0.wp.com\/iumotril.org\/sitio\/wp-content\/uploads\/2016\/11\/IMG_5345-1024x768.jpg?resize=350%2C200 1x, https:\/\/i0.wp.com\/iumotril.org\/sitio\/wp-content\/uploads\/2016\/11\/IMG_5345-1024x768.jpg?resize=525%2C300 1.5x"},"classes":[]},{"id":9270,"url":"https:\/\/iumotril.org\/sitio\/toni-valero-ha-apoyado-hoy-en-motril-la-candidatura-de-inma-omiste-a-la-alcaldia-de-la-ciudad\/","url_meta":{"origin":2938,"position":4},"title":"Toni Valero ha apoyado, hoy en Motril, la candidatura de Inma Omiste a la Alcald\u00eda de la ciudad","author":"Izquierda Unida Motril","date":"17 mayo, 2023","format":false,"excerpt":"El coordinador andaluz, que ha hecho un breve recorrido por el Varadero y el puerto pesquero de Motril acompa\u00f1ado por vecinos, por la candidata a la Alcald\u00eda de Motril, Inma Omiste, y por otros miembros de su candidatura, se ha referido a la situaci\u00f3n por la que pasa la sanidad\u2026","rel":"","context":"En \u00abElecciones\u00bb","block_context":{"text":"Elecciones","link":"https:\/\/iumotril.org\/sitio\/category\/elecciones\/"},"img":{"alt_text":"","src":"https:\/\/i0.wp.com\/iumotril.org\/sitio\/wp-content\/uploads\/2023\/05\/Paseo-Toni-scaled.jpg?resize=350%2C200&ssl=1","width":350,"height":200,"srcset":"https:\/\/i0.wp.com\/iumotril.org\/sitio\/wp-content\/uploads\/2023\/05\/Paseo-Toni-scaled.jpg?resize=350%2C200&ssl=1 1x, https:\/\/i0.wp.com\/iumotril.org\/sitio\/wp-content\/uploads\/2023\/05\/Paseo-Toni-scaled.jpg?resize=525%2C300&ssl=1 1.5x, https:\/\/i0.wp.com\/iumotril.org\/sitio\/wp-content\/uploads\/2023\/05\/Paseo-Toni-scaled.jpg?resize=700%2C400&ssl=1 2x, https:\/\/i0.wp.com\/iumotril.org\/sitio\/wp-content\/uploads\/2023\/05\/Paseo-Toni-scaled.jpg?resize=1050%2C600&ssl=1 3x, https:\/\/i0.wp.com\/iumotril.org\/sitio\/wp-content\/uploads\/2023\/05\/Paseo-Toni-scaled.jpg?resize=1400%2C800&ssl=1 4x"},"classes":[]},{"id":10184,"url":"https:\/\/iumotril.org\/sitio\/todo-nuestro-apoyo-a-los-trabajadores-de-aguas-y-servicios-en-sus-demandas-de-mejoras-laborales\/","url_meta":{"origin":2938,"position":5},"title":"Todo nuestro apoyo a los trabajadores de Aguas y Servicios en sus demandas de mejoras laborales","author":"Izquierda Unida Motril","date":"18 octubre, 2024","format":false,"excerpt":"A pesar de que Aguas y Servicios goza de unas condiciones \u00fanicas e inusuales por su gesti\u00f3n de un servicio p\u00fablico en nuestro pa\u00eds, dado que su riesgo empresarial es cero y sus beneficios son del 20% del gasto bruto de la gesti\u00f3n, m\u00e1s el beneficio industrial y la adjudicaci\u00f3n\u2026","rel":"","context":"En \u00abCiudad\u00bb","block_context":{"text":"Ciudad","link":"https:\/\/iumotril.org\/sitio\/category\/ciudad\/"},"img":{"alt_text":"","src":"https:\/\/i0.wp.com\/iumotril.org\/sitio\/wp-content\/uploads\/2024\/10\/Aguas-y-servicios-1-scaled.jpg?resize=350%2C200&ssl=1","width":350,"height":200,"srcset":"https:\/\/i0.wp.com\/iumotril.org\/sitio\/wp-content\/uploads\/2024\/10\/Aguas-y-servicios-1-scaled.jpg?resize=350%2C200&ssl=1 1x, https:\/\/i0.wp.com\/iumotril.org\/sitio\/wp-content\/uploads\/2024\/10\/Aguas-y-servicios-1-scaled.jpg?resize=525%2C300&ssl=1 1.5x, https:\/\/i0.wp.com\/iumotril.org\/sitio\/wp-content\/uploads\/2024\/10\/Aguas-y-servicios-1-scaled.jpg?resize=700%2C400&ssl=1 2x, https:\/\/i0.wp.com\/iumotril.org\/sitio\/wp-content\/uploads\/2024\/10\/Aguas-y-servicios-1-scaled.jpg?resize=1050%2C600&ssl=1 3x, https:\/\/i0.wp.com\/iumotril.org\/sitio\/wp-content\/uploads\/2024\/10\/Aguas-y-servicios-1-scaled.jpg?resize=1400%2C800&ssl=1 4x"},"classes":[]}],"jetpack_likes_enabled":true,"_links":{"self":[{"href":"https:\/\/iumotril.org\/sitio\/wp-json\/wp\/v2\/posts\/2938","targetHints":{"allow":["GET"]}}],"collection":[{"href":"https:\/\/iumotril.org\/sitio\/wp-json\/wp\/v2\/posts"}],"about":[{"href":"https:\/\/iumotril.org\/sitio\/wp-json\/wp\/v2\/types\/post"}],"author":[{"embeddable":true,"href":"https:\/\/iumotril.org\/sitio\/wp-json\/wp\/v2\/users\/1"}],"replies":[{"embeddable":true,"href":"https:\/\/iumotril.org\/sitio\/wp-json\/wp\/v2\/comments?post=2938"}],"version-history":[{"count":6,"href":"https:\/\/iumotril.org\/sitio\/wp-json\/wp\/v2\/posts\/2938\/revisions"}],"predecessor-version":[{"id":2953,"href":"https:\/\/iumotril.org\/sitio\/wp-json\/wp\/v2\/posts\/2938\/revisions\/2953"}],"wp:attachment":[{"href":"https:\/\/iumotril.org\/sitio\/wp-json\/wp\/v2\/media?parent=2938"}],"wp:term":[{"taxonomy":"category","embeddable":true,"href":"https:\/\/iumotril.org\/sitio\/wp-json\/wp\/v2\/categories?post=2938"},{"taxonomy":"post_tag","embeddable":true,"href":"https:\/\/iumotril.org\/sitio\/wp-json\/wp\/v2\/tags?post=2938"}],"curies":[{"name":"wp","href":"https:\/\/api.w.org\/{rel}","templated":true}]}}