{"id":2905,"date":"2017-05-26T12:44:38","date_gmt":"2017-05-26T10:44:38","guid":{"rendered":"http:\/\/iumotril.org\/sitio\/?p=2905"},"modified":"2017-05-26T12:44:38","modified_gmt":"2017-05-26T10:44:38","slug":"reclamamos-a-la-mancomunidad-un-gestion-eficaz-y-transparente-en-defensa-de-los-intereses-de-los-vecinos","status":"publish","type":"post","link":"https:\/\/iumotril.org\/sitio\/reclamamos-a-la-mancomunidad-un-gestion-eficaz-y-transparente-en-defensa-de-los-intereses-de-los-vecinos\/","title":{"rendered":"Reclamamos a la Mancomunidad un gesti\u00f3n eficaz y transparente en defensa de los intereses de los vecinos"},"content":{"rendered":"<p style=\"text-align: justify;\"><span style=\"color: #993300;\"><strong>El lunes, 29 de mayo, presentaremos en las oficinas de Mancomunidad un escrito dirigido a su presidente en el que se reclama un cambio de rumbo en sus actuaciones, \u00a0que suponga la defensa inequ\u00edvoca de los intereses de los vecinos y vecinas, una gesti\u00f3n eficaz y transparente, el cese en el corte del suministro a familias sin recursos as\u00ed como la gesti\u00f3n p\u00fablica del ciclo integral del agua.<\/strong><\/span><\/p>\n<p style=\"text-align: justify;\"><a href=\"https:\/\/iumotril.org\/sitio\/cartel-agua_mayo-2017\/\"><img loading=\"lazy\" decoding=\"async\" data-attachment-id=\"2919\" data-permalink=\"https:\/\/iumotril.org\/sitio\/reclamamos-a-la-mancomunidad-un-gestion-eficaz-y-transparente-en-defensa-de-los-intereses-de-los-vecinos\/cartel-agua_mayo-2017\/\" data-orig-file=\"https:\/\/iumotril.org\/sitio\/wp-content\/uploads\/2017\/05\/Cartel-Agua_mayo-2017.jpeg\" data-orig-size=\"1131,1600\" data-comments-opened=\"1\" data-image-meta=\"{&quot;aperture&quot;:&quot;0&quot;,&quot;credit&quot;:&quot;&quot;,&quot;camera&quot;:&quot;&quot;,&quot;caption&quot;:&quot;&quot;,&quot;created_timestamp&quot;:&quot;0&quot;,&quot;copyright&quot;:&quot;&quot;,&quot;focal_length&quot;:&quot;0&quot;,&quot;iso&quot;:&quot;0&quot;,&quot;shutter_speed&quot;:&quot;0&quot;,&quot;title&quot;:&quot;&quot;,&quot;orientation&quot;:&quot;1&quot;}\" data-image-title=\"Cartel Agua_mayo 2017\" data-image-description=\"\" data-image-caption=\"\" data-large-file=\"https:\/\/iumotril.org\/sitio\/wp-content\/uploads\/2017\/05\/Cartel-Agua_mayo-2017-724x1024.jpeg\" class=\"wp-image-2919 alignleft\" src=\"https:\/\/iumotril.org\/sitio\/wp-content\/uploads\/2017\/05\/Cartel-Agua_mayo-2017-212x300.jpeg\" alt=\"\" width=\"312\" height=\"441\" srcset=\"https:\/\/iumotril.org\/sitio\/wp-content\/uploads\/2017\/05\/Cartel-Agua_mayo-2017-212x300.jpeg 212w, https:\/\/iumotril.org\/sitio\/wp-content\/uploads\/2017\/05\/Cartel-Agua_mayo-2017-768x1086.jpeg 768w, https:\/\/iumotril.org\/sitio\/wp-content\/uploads\/2017\/05\/Cartel-Agua_mayo-2017-724x1024.jpeg 724w, https:\/\/iumotril.org\/sitio\/wp-content\/uploads\/2017\/05\/Cartel-Agua_mayo-2017.jpeg 1131w\" sizes=\"auto, (max-width: 312px) 100vw, 312px\" \/><\/a>Izquierda Unida se opone, igualmente, a cualquier subida en las tarifas que implique un incremento en el coste que los vecinos y vecinas vienen pagando, ya que la <strong>\u00faltima subida aplicada ha sido de un 4,7%<\/strong>, muy por encima de la subida del coste de la vida y, tambi\u00e9n, de las subidas de las pensiones y de los salarios.<\/p>\n<p style=\"text-align: justify;\">Izquierda Unida, a trav\u00e9s de su representaci\u00f3n en la Junta General de Mancomunidad viene reclamando reiteradamente determinadas informaciones relacionadas con la gesti\u00f3n de la concesionaria del servicio, la empresa Aguas y Servicios. Sin embargo, la Mancomunidad se niega a facilitar informaci\u00f3n alguna en este sentido.<\/p>\n<p style=\"text-align: justify;\">Por ello, la organizaci\u00f3n comarcal de Izquierda Unida ha puesto en conocimiento del <strong>Consejo de Transparencia de Andaluc\u00eda y del Defensor del Pueblo Andaluz sendas quejas denunciando<\/strong> estas malas pr\u00e1cticas del ente mancomunal. Quejas, que han sido recibidas y que est\u00e1n siendo tramitadas desde ambas altas instituciones andaluzas.<\/p>\n<p style=\"text-align: justify;\">Ante esta situaci\u00f3n, a la vista de las<strong> graves consecuencias que para muchas familias<\/strong> de la comarca tienen los cortes en el suministro del agua que, desde la empresa de <strong>Aguas y Servicios<\/strong>, se llevan a cabo sin la menor consideraci\u00f3n, Izquierda Unida, con el apoyo de diferentes colectivos sociales de la comarca, har\u00e1 entrega el pr\u00f3ximo lunes 29, a las 11 horas, \u00a0de un <a href=\"https:\/\/iumotril.org\/sitio\/wp-content\/uploads\/2017\/05\/Escrito-Mancomunidad_Movilizaciones_26-mayo.pdf\">escrito dirigido al presidente de la Mancomunidad<\/a>, Sergio Garc\u00eda Alabarce, en el que se denuncian estos hechos y se exige la adopci\u00f3n de medidas\u00a0que pongan fin a las mismas.<\/p>\n<p style=\"text-align: justify;\">El escrito ser\u00e1 registrado en las oficinas de la Mancomunidad (Casa Garach de Motril) por la<strong> diputada andaluza de IULV-CA por Granada, Mari Carmen P\u00e9rez,<\/strong> el <strong>coordinador provincial<\/strong> de la formaci\u00f3n, <strong>Manuel Morales<\/strong>, as\u00ed como por la representante de IULV-CA en la Junta General de la Mancomunidad, Inmaculada Omiste \u00a0y por su portavoz comarcal, Juan Jos\u00e9 Boto.<\/p>\n<h3 style=\"text-align: center;\"><span style=\"color: #993300;\">Izquierda Unida hace un llamamiento a los vecinos y vecinas de la Costa a que se sumen a este acto de protesta para exigir que la gesti\u00f3n de la Mancomunidad tenga como principal objetivo la defensa de sus intereses y no los de empresas privadas que persiguen \u00fanicamente la obtenci\u00f3n de beneficios por encima de cualquier otra consideraci\u00f3n<\/span>.<\/h3>\n","protected":false},"excerpt":{"rendered":"<p>Izquierda Unida hace un llamamiento a los vecinos y vecinas de la Costa a que se sumen a este acto de protesta, el lunes 29 de mayo a las 11 horas, para exigir que la gesti\u00f3n de la Mancomunidad tenga como principal objetivo la defensa de sus intereses y no los de empresas privadas que persiguen \u00fanicamente la obtenci\u00f3n de beneficios por encima de cualquier otra consideraci\u00f3n.<\/p>\n","protected":false},"author":1,"featured_media":0,"comment_status":"open","ping_status":"open","sticky":false,"template":"","format":"standard","meta":{"cybocfi_hide_featured_image":"","_jetpack_newsletter_access":"","_jetpack_dont_email_post_to_subs":false,"_jetpack_newsletter_tier_id":0,"_jetpack_memberships_contains_paywalled_content":false,"_jetpack_memberships_contains_paid_content":false,"footnotes":""},"categories":[265],"tags":[338,254,87,208,292,758,105],"class_list":["post-2905","post","type-post","status-publish","format-standard","hentry","category-esta-pasando","tag-aguas-y-servicios","tag-garcia-alabarce","tag-gestion","tag-mancomunidad","tag-mari-carmen-perez","tag-negocio-sucio-agua","tag-transparencia"],"jetpack_featured_media_url":"","jetpack_sharing_enabled":true,"jetpack_shortlink":"https:\/\/wp.me\/p4QsU5-KR","jetpack-related-posts":[{"id":2895,"url":"https:\/\/iumotril.org\/sitio\/izquierda-unida-exige-que-aguas-y-servicios-cese-en-los-cortes-de-suministro-a-familias-sin-recursos\/","url_meta":{"origin":2905,"position":0},"title":"Izquierda Unida exige que Aguas y Servicios cese en los cortes de suministro a familias sin recursos","author":"Izquierda Unida Motril","date":"25 mayo, 2017","format":false,"excerpt":"Izquierda Unida hace un llamamiento a los vecinos y vecinas para que apoyen estas reivindicaciones con su presencia el pr\u00f3ximo lunes, d\u00eda 29, a las 11 horas, en las oficinas de la Mancomunidad (Casa Garach en Motril) donde se presentar\u00e1 por escrito estas reclamaciones.","rel":"","context":"En \u00abEST\u00c1 PASANDO\u00bb","block_context":{"text":"EST\u00c1 PASANDO","link":"https:\/\/iumotril.org\/sitio\/category\/esta-pasando\/"},"img":{"alt_text":"","src":"https:\/\/i0.wp.com\/iumotril.org\/sitio\/wp-content\/uploads\/2017\/05\/Cartel-movilizaciones-mancomunidad_mayo-2017-724x1024.jpg?resize=350%2C200","width":350,"height":200},"classes":[]},{"id":3249,"url":"https:\/\/iumotril.org\/sitio\/la-mancomunidad-aprueba-una-subida-del-725-en-el-recibo-del-agua-con-el-beneplacito-del-pp-y-del-psoe\/","url_meta":{"origin":2905,"position":1},"title":"LA MANCOMUNIDAD APRUEBA UNA SUBIDA DEL 7,25% EN EL RECIBO DEL  AGUA CON EL BENEPL\u00c1CITO DEL PP y del PSOE.","author":"Izquierda Unida Motril","date":"22 diciembre, 2017","format":false,"excerpt":"Desde Izquierda Unida se sigue denunciando que empresa contin\u00faa cortando el suministro de agua potable a familias sin recursos y cobrando cuotas de reenganche abusivas, as\u00ed como intereses de demora desmedidos de la deuda contra\u00edda. Veintid\u00f3s a\u00f1os de gesti\u00f3n del agua en los pueblos y ciudades de la Costa han\u2026","rel":"","context":"En \u00abEST\u00c1 PASANDO\u00bb","block_context":{"text":"EST\u00c1 PASANDO","link":"https:\/\/iumotril.org\/sitio\/category\/esta-pasando\/"},"img":{"alt_text":"","src":"https:\/\/i0.wp.com\/iumotril.org\/sitio\/wp-content\/uploads\/2017\/12\/PLENO-MANCOMUNIDAD-14-09-15-39-300x168.jpg?resize=350%2C200","width":350,"height":200},"classes":[]},{"id":3203,"url":"https:\/\/iumotril.org\/sitio\/izquierda-unida-recurre-la-subida-del-7-en-el-recibo-del-agua-en-la-costa-de-granada\/","url_meta":{"origin":2905,"position":2},"title":"IZQUIERDA UNIDA RECURRE LA SUBIDA DEL 7% EN EL RECIBO DEL AGUA EN LA COSTA DE GRANADA","author":"Izquierda Unida Motril","date":"20 noviembre, 2017","format":false,"excerpt":"La parlamentaria andaluza y coordinadora provincial de IU Granada, Mari Carmen P\u00e9rez, ha denunciado en Motril la subida de los recibos del agua a partir de enero y la obtenci\u00f3n de beneficios indecentes por parte de la empresa adjudicataria de su gesti\u00f3n a costa de la pobreza de los vecinos\u2026","rel":"","context":"En \u00abEST\u00c1 PASANDO\u00bb","block_context":{"text":"EST\u00c1 PASANDO","link":"https:\/\/iumotril.org\/sitio\/category\/esta-pasando\/"},"img":{"alt_text":"","src":"https:\/\/i0.wp.com\/iumotril.org\/sitio\/wp-content\/uploads\/2017\/11\/Agua_Mancomunidad_20-noviembre-1024x497.jpg?resize=350%2C200","width":350,"height":200,"srcset":"https:\/\/i0.wp.com\/iumotril.org\/sitio\/wp-content\/uploads\/2017\/11\/Agua_Mancomunidad_20-noviembre-1024x497.jpg?resize=350%2C200 1x, https:\/\/i0.wp.com\/iumotril.org\/sitio\/wp-content\/uploads\/2017\/11\/Agua_Mancomunidad_20-noviembre-1024x497.jpg?resize=525%2C300 1.5x"},"classes":[]},{"id":2925,"url":"https:\/\/iumotril.org\/sitio\/los-vecinos-exigen-a-la-mancomunidad-que-defienda-sus-derechos-por-encima-de-los-intereses-de-aguas-y-servicios\/","url_meta":{"origin":2905,"position":3},"title":"LOS VECINOS EXIGEN A LA MANCOMUNIDAD QUE DEFIENDA SUS DERECHOS POR ENCIMA DE LOS INTERESES DE AGUAS Y SERVICIOS","author":"Izquierda Unida Motril","date":"29 mayo, 2017","format":false,"excerpt":"Vecinos y vecinas de Motril, Almu\u00f1\u00e9car y Salobre\u00f1a y representantes de diferentes organizaciones pol\u00edticas, como Podemos y de colectivos sociales, como STOP Desahucios y la Asociaci\u00f3n de Parados de Motril, han apoyado la presentaci\u00f3n de este escrito que se ha acompa\u00f1ado, adem\u00e1s, de la firma de decenas de ciudadanos que\u2026","rel":"","context":"En \u00abEST\u00c1 PASANDO\u00bb","block_context":{"text":"EST\u00c1 PASANDO","link":"https:\/\/iumotril.org\/sitio\/category\/esta-pasando\/"},"img":{"alt_text":"","src":"https:\/\/i0.wp.com\/iumotril.org\/sitio\/wp-content\/uploads\/2017\/05\/Escrito-presentado-Mancomunidad_29-mayo-768x1024.jpeg?resize=350%2C200","width":350,"height":200},"classes":[]},{"id":2306,"url":"https:\/\/iumotril.org\/sitio\/izquierda-unida-denuncia-la-nueva-subida-del-recibo-del-agua\/","url_meta":{"origin":2905,"position":4},"title":"IZQUIERDA UNIDA DENUNCIA LA NUEVA SUBIDA DEL RECIBO DEL AGUA","author":"Izquierda Unida Motril","date":"2 agosto, 2016","format":false,"excerpt":"Izquierda Unida se ha opuesto a la propuesta de modificaci\u00f3n de la ordenanza fiscal reguladora de la tasa por la prestaci\u00f3n de servicios, que supondr\u00e1 una subida del recibo del 4,7%, al considerarla injusta y totalmente injustificada. Para Izquierda Unida, la nueva subida en el recibo del agua viene a\u2026","rel":"","context":"En \u00abEST\u00c1 PASANDO\u00bb","block_context":{"text":"EST\u00c1 PASANDO","link":"https:\/\/iumotril.org\/sitio\/category\/esta-pasando\/"},"img":{"alt_text":"Aguas y servicios XX aniversario","src":"https:\/\/i0.wp.com\/iumotril.org\/sitio\/wp-content\/uploads\/2016\/06\/Aguas-y-servicios-XX-aniversario.jpg?resize=350%2C200","width":350,"height":200,"srcset":"https:\/\/i0.wp.com\/iumotril.org\/sitio\/wp-content\/uploads\/2016\/06\/Aguas-y-servicios-XX-aniversario.jpg?resize=350%2C200 1x, https:\/\/i0.wp.com\/iumotril.org\/sitio\/wp-content\/uploads\/2016\/06\/Aguas-y-servicios-XX-aniversario.jpg?resize=525%2C300 1.5x, https:\/\/i0.wp.com\/iumotril.org\/sitio\/wp-content\/uploads\/2016\/06\/Aguas-y-servicios-XX-aniversario.jpg?resize=700%2C400 2x"},"classes":[]},{"id":1921,"url":"https:\/\/iumotril.org\/sitio\/el-psoe-y-el-pp-impiden-que-se-investiguen-las-irregularidades-del-contrato-de-aguas-y-servicios\/","url_meta":{"origin":2905,"position":5},"title":"EL PSOE Y EL PP IMPIDEN QUE SE INVESTIGUEN LAS IRREGULARIDADES DEL CONTRATO DE AGUAS Y SERVICIOS","author":"Izquierda Unida Motril","date":"2 marzo, 2016","format":false,"excerpt":"La moci\u00f3n presentada por Izquierda Unida en el Pleno de la Junta General de la Mancomunidad de Municipios fue rechazada con los votos del PSOE y del PP y la abstenci\u00f3n del Partido Andalucista, poniendo de manifiesto de forma clara y rotunda la voluntad de esos partidos en mantener la\u2026","rel":"","context":"En \u00abEST\u00c1 PASANDO\u00bb","block_context":{"text":"EST\u00c1 PASANDO","link":"https:\/\/iumotril.org\/sitio\/category\/esta-pasando\/"},"img":{"alt_text":"Agua_Negocio sucio","src":"https:\/\/i0.wp.com\/iumotril.org\/sitio\/wp-content\/uploads\/2016\/03\/Agua_Negocio-sucio-300x200.jpg?resize=350%2C200","width":350,"height":200},"classes":[]}],"jetpack_likes_enabled":true,"_links":{"self":[{"href":"https:\/\/iumotril.org\/sitio\/wp-json\/wp\/v2\/posts\/2905","targetHints":{"allow":["GET"]}}],"collection":[{"href":"https:\/\/iumotril.org\/sitio\/wp-json\/wp\/v2\/posts"}],"about":[{"href":"https:\/\/iumotril.org\/sitio\/wp-json\/wp\/v2\/types\/post"}],"author":[{"embeddable":true,"href":"https:\/\/iumotril.org\/sitio\/wp-json\/wp\/v2\/users\/1"}],"replies":[{"embeddable":true,"href":"https:\/\/iumotril.org\/sitio\/wp-json\/wp\/v2\/comments?post=2905"}],"version-history":[{"count":6,"href":"https:\/\/iumotril.org\/sitio\/wp-json\/wp\/v2\/posts\/2905\/revisions"}],"predecessor-version":[{"id":2924,"href":"https:\/\/iumotril.org\/sitio\/wp-json\/wp\/v2\/posts\/2905\/revisions\/2924"}],"wp:attachment":[{"href":"https:\/\/iumotril.org\/sitio\/wp-json\/wp\/v2\/media?parent=2905"}],"wp:term":[{"taxonomy":"category","embeddable":true,"href":"https:\/\/iumotril.org\/sitio\/wp-json\/wp\/v2\/categories?post=2905"},{"taxonomy":"post_tag","embeddable":true,"href":"https:\/\/iumotril.org\/sitio\/wp-json\/wp\/v2\/tags?post=2905"}],"curies":[{"name":"wp","href":"https:\/\/api.w.org\/{rel}","templated":true}]}}