{"id":2889,"date":"2017-05-20T19:08:30","date_gmt":"2017-05-20T17:08:30","guid":{"rendered":"http:\/\/iumotril.org\/sitio\/?p=2889"},"modified":"2017-05-20T14:12:40","modified_gmt":"2017-05-20T12:12:40","slug":"maillo-defiende-en-motril-la-existencia-de-un-banco-publico-de-tierras","status":"publish","type":"post","link":"https:\/\/iumotril.org\/sitio\/maillo-defiende-en-motril-la-existencia-de-un-banco-publico-de-tierras\/","title":{"rendered":"MA\u00cdLLO DEFIENDE EN MOTRIL LA EXISTENCIA DE UN BANCO P\u00daBLICO DE TIERRAS"},"content":{"rendered":"<p class=\"p1\"><strong>Antonio Ma\u00edllo<\/strong> ha querido desplazarse a Motril para ofrecer todo el apoyo de su organizaci\u00f3n a una iniciativa que ha calificado como ejemplar: <strong>la voluntad y el empe\u00f1o de los parados y paradas de Motril para recuperar y poner en cultivo una tierras abandonadas por la Junta de Andaluc\u00eda<\/strong> con el \u00fanico prop\u00f3sito de ponerlas a la venta y desentenderse del asunto.<\/p>\n<p class=\"p1\"><span class=\"s1\"><a href=\"https:\/\/iumotril.org\/sitio\/img_8167\/\"><img loading=\"lazy\" decoding=\"async\" data-attachment-id=\"2891\" data-permalink=\"https:\/\/iumotril.org\/sitio\/maillo-defiende-en-motril-la-existencia-de-un-banco-publico-de-tierras\/img_8167\/\" data-orig-file=\"https:\/\/iumotril.org\/sitio\/wp-content\/uploads\/2017\/05\/IMG_8167.jpg\" data-orig-size=\"1600,1200\" data-comments-opened=\"1\" data-image-meta=\"{&quot;aperture&quot;:&quot;0&quot;,&quot;credit&quot;:&quot;&quot;,&quot;camera&quot;:&quot;&quot;,&quot;caption&quot;:&quot;&quot;,&quot;created_timestamp&quot;:&quot;0&quot;,&quot;copyright&quot;:&quot;&quot;,&quot;focal_length&quot;:&quot;0&quot;,&quot;iso&quot;:&quot;0&quot;,&quot;shutter_speed&quot;:&quot;0&quot;,&quot;title&quot;:&quot;&quot;,&quot;orientation&quot;:&quot;1&quot;}\" data-image-title=\"IMG_8167\" data-image-description=\"\" data-image-caption=\"\" data-large-file=\"https:\/\/iumotril.org\/sitio\/wp-content\/uploads\/2017\/05\/IMG_8167-1024x768.jpg\" class=\"alignleft wp-image-2891\" src=\"https:\/\/iumotril.org\/sitio\/wp-content\/uploads\/2017\/05\/IMG_8167-1024x768.jpg\" alt=\"\" width=\"320\" height=\"240\" srcset=\"https:\/\/iumotril.org\/sitio\/wp-content\/uploads\/2017\/05\/IMG_8167-1024x768.jpg 1024w, https:\/\/iumotril.org\/sitio\/wp-content\/uploads\/2017\/05\/IMG_8167-300x225.jpg 300w, https:\/\/iumotril.org\/sitio\/wp-content\/uploads\/2017\/05\/IMG_8167-768x576.jpg 768w, https:\/\/iumotril.org\/sitio\/wp-content\/uploads\/2017\/05\/IMG_8167.jpg 1600w\" sizes=\"auto, (max-width: 320px) 100vw, 320px\" \/><\/a>El coordinador andaluz de IU se ha desplazado hasta las tierras para conocer in situ las parcelas acompa\u00f1ado por representantes de ADEPREM, por <strong>Mari Carmen P\u00e9rez, diputada por Granada en el Parlamento de Andaluc\u00eda<\/strong> y por los <strong>concejales y concejalas del Grupo Municipal de IU<\/strong> en Motril.<\/span><\/p>\n<p class=\"p1\"><span class=\"s1\"><strong>Daniela Paqu\u00e9<\/strong> ha se\u00f1alado que su formaci\u00f3n present\u00f3 el verano pasado al Pleno del Ayuntamiento de Motril una <a href=\"https:\/\/iumotril.org\/sitio\/izquierda-unida-reclama-la-puesta-en-marcha-de-un-banco-de-tierras-para-parados\/\">moci\u00f3n<\/a> para que se gestionara la cesi\u00f3n de dichas tierras a la Asociaci\u00f3n de Desempleados, que fue aprobada por unanimidad. Sin embargo, como en tantas otras cuestiones de verdadera importancia para la ciudadan\u00eda, <strong>el gobierno local de Flor Alm\u00f3n ha querido mirar para otro lado<\/strong> ignorando la dram\u00e1tica situaci\u00f3n que viven en nuestra ciudad m\u00e1s de<strong> 6.100 personas que est\u00e1n condenados permanentemente al desempleo<\/strong>.<\/span><\/p>\n<p class=\"p1\"><span class=\"s1\">Antonio Ma\u00edllo ha defendido la <strong>apuesta de Izquierda Unida por la existencia de bancos de tierras p\u00fablicas<\/strong> que puedan ser explotadas para su cultivo por los desempleados y desempleadas, permiti\u00e9ndoles de este modo <strong>escapar de la pobreza y la precariedad<\/strong> a las que se ven condenados por un sistema pol\u00edtico y econ\u00f3mico radicalmente injusto.<\/span><\/p>\n","protected":false},"excerpt":{"rendered":"<p>El portavoz de Izquierda Unida en el Parlamento andaluz se ha reunido el s\u00e1bado en Motril con representantes de la Asociaci\u00f3n de Parados, Desempleados y Precarios para dar su apoyo al proyecto de explotar 130 hect\u00e1reas de tierras abandonadas por la Junta de Andaluc\u00eda desde hace m\u00e1s de 30 a\u00f1os.<\/p>\n","protected":false},"author":1,"featured_media":0,"comment_status":"open","ping_status":"open","sticky":false,"template":"","format":"standard","meta":{"cybocfi_hide_featured_image":"","_jetpack_newsletter_access":"","_jetpack_dont_email_post_to_subs":false,"_jetpack_newsletter_tier_id":0,"_jetpack_memberships_contains_paywalled_content":false,"_jetpack_memberships_contains_paid_content":false,"footnotes":""},"categories":[265],"tags":[604,326,750,536,405,749,292,748],"class_list":["post-2889","post","type-post","status-publish","format-standard","hentry","category-esta-pasando","tag-adeprem","tag-andalucia","tag-antonio-lupi","tag-banco-de-tierras","tag-desempleados","tag-maillo","tag-mari-carmen-perez","tag-paro-en-motril"],"jetpack_featured_media_url":"","jetpack_sharing_enabled":true,"jetpack_shortlink":"https:\/\/wp.me\/p4QsU5-KB","jetpack-related-posts":[{"id":4188,"url":"https:\/\/iumotril.org\/sitio\/adelante-andalucia-se-compromete-a-la-mejora-del-hospital-de-motril-incrementando-la-inversion-publica-en-sanidad\/","url_meta":{"origin":2889,"position":0},"title":"Adelante Andaluc\u00eda se compromete a la mejora del Hospital de Motril incrementando la inversi\u00f3n p\u00fablica en Sanidad.","author":"Izquierda Unida Motril","date":"23 noviembre, 2018","format":false,"excerpt":"La candidatura granadina de Adelante Andaluc\u00eda se ha comprometido a llevar a cabo diversas actuaciones en la Costa, entre otras, la recuperaci\u00f3n de la F\u00e1brica del Pilar y su puesta en valor como patrimonio hist\u00f3rico y cultural, la conexi\u00f3n ferroviaria entre Granada y Motril a trav\u00e9s de cercan\u00edas y la\u2026","rel":"","context":"En \u00abAdelante Andaluc\u00eda\u00bb","block_context":{"text":"Adelante Andaluc\u00eda","link":"https:\/\/iumotril.org\/sitio\/category\/adelante-andalucia\/"},"img":{"alt_text":"","src":"https:\/\/i0.wp.com\/iumotril.org\/sitio\/wp-content\/uploads\/2018\/11\/fullsizeoutput_552a-1024x497.jpeg?resize=350%2C200","width":350,"height":200},"classes":[]},{"id":2746,"url":"https:\/\/iumotril.org\/sitio\/los-retos-del-pais-en-el-siglo-xxi-alberto-garzon-y-antonio-maillo-en-motril\/","url_meta":{"origin":2889,"position":1},"title":"Los retos del pa\u00eds en el siglo XXI. Alberto Garz\u00f3n y Antonio Ma\u00edllo en Motril","author":"Izquierda Unida Motril","date":"21 marzo, 2017","format":false,"excerpt":"Los m\u00e1ximos responsables en los \u00e1mbitos federal, andaluz y local de Izquierda Unida han elegido Motril para participar en un acto organizado por su formaci\u00f3n, el mi\u00e9rcoles d\u00eda 22, en el que abordar\u00e1n los retos que afronta nuestro pa\u00eds en estos momentos. Desde Izquierda Unida en la Costa de Granada\u2026","rel":"","context":"En \u00abEST\u00c1 PASANDO\u00bb","block_context":{"text":"EST\u00c1 PASANDO","link":"https:\/\/iumotril.org\/sitio\/category\/esta-pasando\/"},"img":{"alt_text":"","src":"https:\/\/i0.wp.com\/iumotril.org\/sitio\/wp-content\/uploads\/2017\/03\/acto-garzon-maillo_marzo-724x1024.jpg?resize=350%2C200","width":350,"height":200,"srcset":"https:\/\/i0.wp.com\/iumotril.org\/sitio\/wp-content\/uploads\/2017\/03\/acto-garzon-maillo_marzo-724x1024.jpg?resize=350%2C200 1x, https:\/\/i0.wp.com\/iumotril.org\/sitio\/wp-content\/uploads\/2017\/03\/acto-garzon-maillo_marzo-724x1024.jpg?resize=525%2C300 1.5x"},"classes":[]},{"id":3140,"url":"https:\/\/iumotril.org\/sitio\/motril-no-esta-en-el-mapa-de-la-junta-de-andalucia\/","url_meta":{"origin":2889,"position":2},"title":"MOTRIL NO EST\u00c1 EN EL MAPA DE LA JUNTA DE ANDALUC\u00cdA","author":"Izquierda Unida Motril","date":"24 octubre, 2017","format":false,"excerpt":"Para la diputada andaluza, el anteproyecto de presupuestos presentado por el gobierno andaluz es otra vuelta de tuerca m\u00e1s en la profundizaci\u00f3n de las desigualdades en Andaluc\u00eda y la continuidad de pol\u00edticas contrarias a los intereses de la mayor\u00eda de las andaluzas y andaluces. Un a\u00f1o m\u00e1s, el presupuesto del\u2026","rel":"","context":"En \u00abEST\u00c1 PASANDO\u00bb","block_context":{"text":"EST\u00c1 PASANDO","link":"https:\/\/iumotril.org\/sitio\/category\/esta-pasando\/"},"img":{"alt_text":"","src":"https:\/\/i0.wp.com\/img.youtube.com\/vi\/FoQ9hhaHLew\/0.jpg?resize=350%2C200","width":350,"height":200},"classes":[]},{"id":2457,"url":"https:\/\/iumotril.org\/sitio\/izquierda-unida-reclama-la-puesta-en-marcha-de-los-planes-de-empleo-joven-y-30\/","url_meta":{"origin":2889,"position":3},"title":"IZQUIERDA UNIDA RECLAMA LA PUESTA EN MARCHA DE LOS PLANES DE EMPLEO JOVEN Y +30","author":"Izquierda Unida Motril","date":"20 octubre, 2016","format":false,"excerpt":"Izquierda Unida de Motril deplora que el Gobierno Local no exija a la Junta de Andaluc\u00eda la puesta en marcha inmediata de estos planes de empleo, sum\u00e1ndose a las movilizaciones de otros ayuntamientos andaluces. A la vez, reitera su reclamaci\u00f3n de que, cuando lleguen esos planes, el proceso de selecci\u00f3n\u2026","rel":"","context":"En \u00abEST\u00c1 PASANDO\u00bb","block_context":{"text":"EST\u00c1 PASANDO","link":"https:\/\/iumotril.org\/sitio\/category\/esta-pasando\/"},"img":{"alt_text":"","src":"https:\/\/i0.wp.com\/img.youtube.com\/vi\/I93eHjYxlzY\/0.jpg?resize=350%2C200","width":350,"height":200},"classes":[]},{"id":3326,"url":"https:\/\/iumotril.org\/sitio\/izquierda-unida-colectivos-sociales-y-organizaciones-humanitarias-rechazan-ante-el-eva-9-su-posible-utilizacion-como-centro-de-internamiento-de-inmigrantes\/","url_meta":{"origin":2889,"position":4},"title":"IZQUIERDA UNIDA, COLECTIVOS SOCIALES y ORGANIZACIONES HUMANITARIAS RECHAZAN ANTE EL EVA-9 SU POSIBLE UTILIZACI\u00d3N COMO CENTRO DE INTERNAMIENTO DE INMIGRANTES","author":"Izquierda Unida Motril","date":"22 enero, 2018","format":false,"excerpt":"Mari Carmen P\u00e9rez, ha denunciado la pol\u00edtica migratoria del gobierno de Mariano Rajoy, autoritaria y represiva en su opini\u00f3n, que trata a las personas inmigrantes como a delincuentes. Ha reafirmado el compromiso de IU Andaluc\u00eda de utilizar todos los medios a su alcance para que no se ponga en marcha\u2026","rel":"","context":"En \u00abEST\u00c1 PASANDO\u00bb","block_context":{"text":"EST\u00c1 PASANDO","link":"https:\/\/iumotril.org\/sitio\/category\/esta-pasando\/"},"img":{"alt_text":"","src":"https:\/\/i0.wp.com\/iumotril.org\/sitio\/wp-content\/uploads\/2018\/01\/IMG_1962-300x225.jpg?resize=350%2C200","width":350,"height":200},"classes":[]},{"id":2449,"url":"https:\/\/iumotril.org\/sitio\/izquierda-unida-reclama-la-puesta-en-marcha-de-un-banco-de-tierras-para-parados\/","url_meta":{"origin":2889,"position":5},"title":"Izquierda Unida reclama la puesta en marcha de un banco de tierras para parados","author":"Izquierda Unida Motril","date":"19 octubre, 2016","format":false,"excerpt":"Desde Izquierda Unida apoyamos decididamente este tipo de iniciativas de los colectivos de parados de Motril. En sentido, animamos a los desempleados y desempleadas a sumarse al proyecto de la Asociaci\u00f3n de Desempleados y Precarios de solicitud de puesta en marcha de un banco de tierras para los parados de\u2026","rel":"","context":"En \u00abEST\u00c1 PASANDO\u00bb","block_context":{"text":"EST\u00c1 PASANDO","link":"https:\/\/iumotril.org\/sitio\/category\/esta-pasando\/"},"img":{"alt_text":"Finca adeprem","src":"http:\/\/iumotril.org\/sitio\/wp-content\/uploads\/2016\/07\/Finca-adeprem.bmp","width":350,"height":200,"srcset":"http:\/\/iumotril.org\/sitio\/wp-content\/uploads\/2016\/07\/Finca-adeprem.bmp 1x, http:\/\/iumotril.org\/sitio\/wp-content\/uploads\/2016\/07\/Finca-adeprem.bmp 1.5x, http:\/\/iumotril.org\/sitio\/wp-content\/uploads\/2016\/07\/Finca-adeprem.bmp 2x"},"classes":[]}],"jetpack_likes_enabled":true,"_links":{"self":[{"href":"https:\/\/iumotril.org\/sitio\/wp-json\/wp\/v2\/posts\/2889","targetHints":{"allow":["GET"]}}],"collection":[{"href":"https:\/\/iumotril.org\/sitio\/wp-json\/wp\/v2\/posts"}],"about":[{"href":"https:\/\/iumotril.org\/sitio\/wp-json\/wp\/v2\/types\/post"}],"author":[{"embeddable":true,"href":"https:\/\/iumotril.org\/sitio\/wp-json\/wp\/v2\/users\/1"}],"replies":[{"embeddable":true,"href":"https:\/\/iumotril.org\/sitio\/wp-json\/wp\/v2\/comments?post=2889"}],"version-history":[{"count":3,"href":"https:\/\/iumotril.org\/sitio\/wp-json\/wp\/v2\/posts\/2889\/revisions"}],"predecessor-version":[{"id":2893,"href":"https:\/\/iumotril.org\/sitio\/wp-json\/wp\/v2\/posts\/2889\/revisions\/2893"}],"wp:attachment":[{"href":"https:\/\/iumotril.org\/sitio\/wp-json\/wp\/v2\/media?parent=2889"}],"wp:term":[{"taxonomy":"category","embeddable":true,"href":"https:\/\/iumotril.org\/sitio\/wp-json\/wp\/v2\/categories?post=2889"},{"taxonomy":"post_tag","embeddable":true,"href":"https:\/\/iumotril.org\/sitio\/wp-json\/wp\/v2\/tags?post=2889"}],"curies":[{"name":"wp","href":"https:\/\/api.w.org\/{rel}","templated":true}]}}