{"id":2879,"date":"2017-05-12T14:17:26","date_gmt":"2017-05-12T12:17:26","guid":{"rendered":"http:\/\/iumotril.org\/sitio\/?p=2879"},"modified":"2017-05-12T14:17:26","modified_gmt":"2017-05-12T12:17:26","slug":"cortes-de-agua-en-motril-un-nuevo-desman-de-la-empresa-de-aguas-y-de-la-mancomunidad-de-municipios","status":"publish","type":"post","link":"https:\/\/iumotril.org\/sitio\/cortes-de-agua-en-motril-un-nuevo-desman-de-la-empresa-de-aguas-y-de-la-mancomunidad-de-municipios\/","title":{"rendered":"Cortes de agua en Motril. Un nuevo desm\u00e1n de la empresa de Aguas y de la Mancomunidad de Municipios."},"content":{"rendered":"<p class=\"p1\">Inmaculada Omiste, portavoz de Izquierda Unida en la Mancomunidad ha denunciado la actuaci\u00f3n llevada a cabo por parte Aguas y Servicios y por el ente mancomunal en relaci\u00f3n con el anuncio realizado ayer de un corte del suministro del agua que, finalmente, no se llev\u00f3 a cabo.<\/p>\n<p class=\"p1\"><span class=\"s1\"><a href=\"https:\/\/iumotril.org\/sitio\/izquierda-unida-denuncia-el-despilfarro-de-la-celebracion-del-xx-aniversario-de-aguas-y-servicios\/aguas-y-servicios-xx-aniversario\/\" rel=\"attachment wp-att-2251\"><img loading=\"lazy\" decoding=\"async\" data-attachment-id=\"2251\" data-permalink=\"https:\/\/iumotril.org\/sitio\/izquierda-unida-denuncia-el-despilfarro-de-la-celebracion-del-xx-aniversario-de-aguas-y-servicios\/aguas-y-servicios-xx-aniversario\/\" data-orig-file=\"https:\/\/iumotril.org\/sitio\/wp-content\/uploads\/2016\/06\/Aguas-y-servicios-XX-aniversario.jpg\" data-orig-size=\"710,473\" data-comments-opened=\"1\" data-image-meta=\"{&quot;aperture&quot;:&quot;3.6&quot;,&quot;credit&quot;:&quot;&quot;,&quot;camera&quot;:&quot;DMC-TZ30&quot;,&quot;caption&quot;:&quot;&quot;,&quot;created_timestamp&quot;:&quot;1467109886&quot;,&quot;copyright&quot;:&quot;&quot;,&quot;focal_length&quot;:&quot;5.4&quot;,&quot;iso&quot;:&quot;400&quot;,&quot;shutter_speed&quot;:&quot;0.04&quot;,&quot;title&quot;:&quot;&quot;,&quot;orientation&quot;:&quot;1&quot;}\" data-image-title=\"Aguas y servicios XX aniversario\" data-image-description=\"\" data-image-caption=\"\" data-large-file=\"https:\/\/iumotril.org\/sitio\/wp-content\/uploads\/2016\/06\/Aguas-y-servicios-XX-aniversario.jpg\" class=\"alignleft wp-image-2251\" src=\"https:\/\/iumotril.org\/sitio\/wp-content\/uploads\/2016\/06\/Aguas-y-servicios-XX-aniversario.jpg\" alt=\"\" width=\"410\" height=\"273\" srcset=\"https:\/\/iumotril.org\/sitio\/wp-content\/uploads\/2016\/06\/Aguas-y-servicios-XX-aniversario.jpg 710w, https:\/\/iumotril.org\/sitio\/wp-content\/uploads\/2016\/06\/Aguas-y-servicios-XX-aniversario-300x200.jpg 300w\" sizes=\"auto, (max-width: 410px) 100vw, 410px\" \/><\/a>Para Izquierda Unida, los motrile\u00f1os y motrile\u00f1as sufrieron ayer, una vez m\u00e1s, las consecuencias de la <a href=\"https:\/\/iumotril.org\/sitio\/el-psoe-y-el-pp-impiden-que-se-investiguen-las-irregularidades-del-contrato-de-aguas-y-servicios\/\">privatizaci\u00f3n <\/a>de la gesti\u00f3n del servicio del Agua con una decisi\u00f3n que puso de manifiesto la improvisaci\u00f3n de la empresa, al haber anunciado los cortes con solo unas horas de antelaci\u00f3n, y la incapacidad y el descontrol de la Mancomunidad para defender los intereses de los vecinos y vecinas por encima de los intereses comerciales de Aguas y Servicios.<\/span><\/p>\n<p class=\"p1\"><span class=\"s1\">Inmaculada Omiste ha anunciado que su organizaci\u00f3n no va a dejar de exigir la <a href=\"https:\/\/iumotril.org\/sitio\/iu-exige-a-la-mancomunidad-que-depure-responsabilidades-por-la-prorroga-del-contrato-de-aguas-y-servicios\/\">recuperaci\u00f3n de la gesti\u00f3n p\u00fablica del agua<\/a>, al no poder admitir que un recurso p\u00fablico, un bien b\u00e1sico de primera necesidad, un bien com\u00fan como el agua, sea tratado como una mercanc\u00eda para la obtenci\u00f3n de cuantiosos beneficios por parte de una empresa privada.<\/span><\/p>\n<p class=\"p1\"><span class=\"s1\">En este sentido, ha anunciado que su organizaci\u00f3n comarcal va a llevar a cabo pr\u00f3ximamente diferentes movilizaciones para reclamar la remunicipalizaci\u00f3n del servicio y para exigir, mientras tanto, la m\u00e1xima transparencia en la gesti\u00f3n de la Mancomunidad, algo que desgraciadamente brilla por su ausencia dos a\u00f1os despu\u00e9s de la llegada a la Presidencia de Sergio Garc\u00eda Alabarce, en representaci\u00f3n del PSOE.<\/span><\/p>\n","protected":false},"excerpt":{"rendered":"<p>Izquierda Unida no va a dejar de exigir la recuperaci\u00f3n de la gesti\u00f3n p\u00fablica del agua, al no poder admitir que un recurso p\u00fablico, un bien b\u00e1sico de primera necesidad, un bien com\u00fan como el agua, sea tratado como una mercanc\u00eda para la obtenci\u00f3n de cuantiosos beneficios por parte de una empresa privada.<\/p>\n","protected":false},"author":1,"featured_media":0,"comment_status":"open","ping_status":"open","sticky":false,"template":"","format":"standard","meta":{"cybocfi_hide_featured_image":"","_jetpack_newsletter_access":"","_jetpack_dont_email_post_to_subs":false,"_jetpack_newsletter_tier_id":0,"_jetpack_memberships_contains_paywalled_content":false,"_jetpack_memberships_contains_paid_content":false,"footnotes":""},"categories":[265],"tags":[204,743,338,742,208,364],"class_list":["post-2879","post","type-post","status-publish","format-standard","hentry","category-esta-pasando","tag-agua","tag-agua-y-negocio","tag-aguas-y-servicios","tag-cortes-de-agua","tag-mancomunidad","tag-remunicipalizacion"],"jetpack_featured_media_url":"","jetpack_sharing_enabled":true,"jetpack_shortlink":"https:\/\/wp.me\/p4QsU5-Kr","jetpack-related-posts":[{"id":2895,"url":"https:\/\/iumotril.org\/sitio\/izquierda-unida-exige-que-aguas-y-servicios-cese-en-los-cortes-de-suministro-a-familias-sin-recursos\/","url_meta":{"origin":2879,"position":0},"title":"Izquierda Unida exige que Aguas y Servicios cese en los cortes de suministro a familias sin recursos","author":"Izquierda Unida Motril","date":"25 mayo, 2017","format":false,"excerpt":"Izquierda Unida hace un llamamiento a los vecinos y vecinas para que apoyen estas reivindicaciones con su presencia el pr\u00f3ximo lunes, d\u00eda 29, a las 11 horas, en las oficinas de la Mancomunidad (Casa Garach en Motril) donde se presentar\u00e1 por escrito estas reclamaciones.","rel":"","context":"En \u00abEST\u00c1 PASANDO\u00bb","block_context":{"text":"EST\u00c1 PASANDO","link":"https:\/\/iumotril.org\/sitio\/category\/esta-pasando\/"},"img":{"alt_text":"","src":"https:\/\/i0.wp.com\/iumotril.org\/sitio\/wp-content\/uploads\/2017\/05\/Cartel-movilizaciones-mancomunidad_mayo-2017-724x1024.jpg?resize=350%2C200","width":350,"height":200},"classes":[]},{"id":2888,"url":"https:\/\/iumotril.org\/sitio\/iu-critica-las-contrataciones-de-profesionales-afines-al-presidente-en-la-mancomunidad\/","url_meta":{"origin":2879,"position":1},"title":"IU CRITICA LA CONTRATACI\u00d3N DE PROFESIONALES AFINES AL PRESIDENTE EN LA MANCOMUNIDAD","author":"Izquierda Unida Motril","date":"24 mayo, 2017","format":false,"excerpt":"Izquierda Unida llama a la ciudadan\u00eda a protestar en la sede de la Mancomunidad por su mala gesti\u00f3n y falta de transparencia. El lunes, 29 a las 11 horas en la sede de la Mancomunidad.","rel":"","context":"En \u00abEST\u00c1 PASANDO\u00bb","block_context":{"text":"EST\u00c1 PASANDO","link":"https:\/\/iumotril.org\/sitio\/category\/esta-pasando\/"},"img":{"alt_text":"","src":"https:\/\/i0.wp.com\/iumotril.org\/sitio\/wp-content\/uploads\/2017\/05\/Juani-Boto-e-Inma-Omiste_mayo-2017-1024x768.jpeg?resize=350%2C200","width":350,"height":200,"srcset":"https:\/\/i0.wp.com\/iumotril.org\/sitio\/wp-content\/uploads\/2017\/05\/Juani-Boto-e-Inma-Omiste_mayo-2017-1024x768.jpeg?resize=350%2C200 1x, https:\/\/i0.wp.com\/iumotril.org\/sitio\/wp-content\/uploads\/2017\/05\/Juani-Boto-e-Inma-Omiste_mayo-2017-1024x768.jpeg?resize=525%2C300 1.5x"},"classes":[]},{"id":2955,"url":"https:\/\/iumotril.org\/sitio\/izquierda-unida-critica-la-financiacion-de-la-ii-regata-costa-tropical-por-parte-de-la-mancomunidad\/","url_meta":{"origin":2879,"position":2},"title":"Izquierda Unida critica la financiaci\u00f3n de la II Regata Costa Tropical por parte de la Mancomunidad","author":"Izquierda Unida Motril","date":"13 junio, 2017","format":false,"excerpt":"Izquierda Unida ha reclamado a la Presidencia de la Mancomunidad que informe con transparencia a los vecinos del coste que supondr\u00e1 la participaci\u00f3n en la organizaci\u00f3n de la II Regata Costa Tropical y que justifique ante la ciudadan\u00eda la conveniencia y oportunidad de destinar esa cantidad de recursos a este\u2026","rel":"","context":"En \u00abEST\u00c1 PASANDO\u00bb","block_context":{"text":"EST\u00c1 PASANDO","link":"https:\/\/iumotril.org\/sitio\/category\/esta-pasando\/"},"img":{"alt_text":"","src":"https:\/\/i0.wp.com\/iumotril.org\/sitio\/wp-content\/uploads\/2017\/06\/regata-21-costa-1.jpg?resize=350%2C200","width":350,"height":200},"classes":[]},{"id":2306,"url":"https:\/\/iumotril.org\/sitio\/izquierda-unida-denuncia-la-nueva-subida-del-recibo-del-agua\/","url_meta":{"origin":2879,"position":3},"title":"IZQUIERDA UNIDA DENUNCIA LA NUEVA SUBIDA DEL RECIBO DEL AGUA","author":"Izquierda Unida Motril","date":"2 agosto, 2016","format":false,"excerpt":"Izquierda Unida se ha opuesto a la propuesta de modificaci\u00f3n de la ordenanza fiscal reguladora de la tasa por la prestaci\u00f3n de servicios, que supondr\u00e1 una subida del recibo del 4,7%, al considerarla injusta y totalmente injustificada. Para Izquierda Unida, la nueva subida en el recibo del agua viene a\u2026","rel":"","context":"En \u00abEST\u00c1 PASANDO\u00bb","block_context":{"text":"EST\u00c1 PASANDO","link":"https:\/\/iumotril.org\/sitio\/category\/esta-pasando\/"},"img":{"alt_text":"Aguas y servicios XX aniversario","src":"https:\/\/i0.wp.com\/iumotril.org\/sitio\/wp-content\/uploads\/2016\/06\/Aguas-y-servicios-XX-aniversario.jpg?resize=350%2C200","width":350,"height":200,"srcset":"https:\/\/i0.wp.com\/iumotril.org\/sitio\/wp-content\/uploads\/2016\/06\/Aguas-y-servicios-XX-aniversario.jpg?resize=350%2C200 1x, https:\/\/i0.wp.com\/iumotril.org\/sitio\/wp-content\/uploads\/2016\/06\/Aguas-y-servicios-XX-aniversario.jpg?resize=525%2C300 1.5x, https:\/\/i0.wp.com\/iumotril.org\/sitio\/wp-content\/uploads\/2016\/06\/Aguas-y-servicios-XX-aniversario.jpg?resize=700%2C400 2x"},"classes":[]},{"id":2925,"url":"https:\/\/iumotril.org\/sitio\/los-vecinos-exigen-a-la-mancomunidad-que-defienda-sus-derechos-por-encima-de-los-intereses-de-aguas-y-servicios\/","url_meta":{"origin":2879,"position":4},"title":"LOS VECINOS EXIGEN A LA MANCOMUNIDAD QUE DEFIENDA SUS DERECHOS POR ENCIMA DE LOS INTERESES DE AGUAS Y SERVICIOS","author":"Izquierda Unida Motril","date":"29 mayo, 2017","format":false,"excerpt":"Vecinos y vecinas de Motril, Almu\u00f1\u00e9car y Salobre\u00f1a y representantes de diferentes organizaciones pol\u00edticas, como Podemos y de colectivos sociales, como STOP Desahucios y la Asociaci\u00f3n de Parados de Motril, han apoyado la presentaci\u00f3n de este escrito que se ha acompa\u00f1ado, adem\u00e1s, de la firma de decenas de ciudadanos que\u2026","rel":"","context":"En \u00abEST\u00c1 PASANDO\u00bb","block_context":{"text":"EST\u00c1 PASANDO","link":"https:\/\/iumotril.org\/sitio\/category\/esta-pasando\/"},"img":{"alt_text":"","src":"https:\/\/i0.wp.com\/iumotril.org\/sitio\/wp-content\/uploads\/2017\/05\/Escrito-presentado-Mancomunidad_29-mayo-768x1024.jpeg?resize=350%2C200","width":350,"height":200},"classes":[]},{"id":6940,"url":"https:\/\/iumotril.org\/sitio\/izquierda-unida-denuncia-la-subida-de-los-recibos-y-cortes-de-agua-a-familias-sin-recursos\/","url_meta":{"origin":2879,"position":5},"title":"Izquierda Unida denuncia la subida de los recibos y cortes de agua a familias sin recursos","author":"Izquierda Unida Motril","date":"25 noviembre, 2020","format":false,"excerpt":"Seg\u00fan la portavoz de Izquierda Unida, el modelo de gesti\u00f3n privada del ciclo integral del Agua es el paradigma de la privatizaci\u00f3n de los servicios p\u00fablicos, que s\u00f3lo aporta beneficios para la empresa gestora, que no mejora la calidad en la prestaci\u00f3n del servicio y que no atiende a ninguna\u2026","rel":"","context":"En \u00abEST\u00c1 PASANDO\u00bb","block_context":{"text":"EST\u00c1 PASANDO","link":"https:\/\/iumotril.org\/sitio\/category\/esta-pasando\/"},"img":{"alt_text":"","src":"https:\/\/i0.wp.com\/iumotril.org\/sitio\/wp-content\/uploads\/2020\/11\/Inma-25-noviembre_Recibos-agua-176x176.jpg?resize=350%2C200","width":350,"height":200,"srcset":"https:\/\/i0.wp.com\/iumotril.org\/sitio\/wp-content\/uploads\/2020\/11\/Inma-25-noviembre_Recibos-agua-176x176.jpg?resize=350%2C200 1x, https:\/\/i0.wp.com\/iumotril.org\/sitio\/wp-content\/uploads\/2020\/11\/Inma-25-noviembre_Recibos-agua-176x176.jpg?resize=525%2C300 1.5x"},"classes":[]}],"jetpack_likes_enabled":true,"_links":{"self":[{"href":"https:\/\/iumotril.org\/sitio\/wp-json\/wp\/v2\/posts\/2879","targetHints":{"allow":["GET"]}}],"collection":[{"href":"https:\/\/iumotril.org\/sitio\/wp-json\/wp\/v2\/posts"}],"about":[{"href":"https:\/\/iumotril.org\/sitio\/wp-json\/wp\/v2\/types\/post"}],"author":[{"embeddable":true,"href":"https:\/\/iumotril.org\/sitio\/wp-json\/wp\/v2\/users\/1"}],"replies":[{"embeddable":true,"href":"https:\/\/iumotril.org\/sitio\/wp-json\/wp\/v2\/comments?post=2879"}],"version-history":[{"count":2,"href":"https:\/\/iumotril.org\/sitio\/wp-json\/wp\/v2\/posts\/2879\/revisions"}],"predecessor-version":[{"id":2881,"href":"https:\/\/iumotril.org\/sitio\/wp-json\/wp\/v2\/posts\/2879\/revisions\/2881"}],"wp:attachment":[{"href":"https:\/\/iumotril.org\/sitio\/wp-json\/wp\/v2\/media?parent=2879"}],"wp:term":[{"taxonomy":"category","embeddable":true,"href":"https:\/\/iumotril.org\/sitio\/wp-json\/wp\/v2\/categories?post=2879"},{"taxonomy":"post_tag","embeddable":true,"href":"https:\/\/iumotril.org\/sitio\/wp-json\/wp\/v2\/tags?post=2879"}],"curies":[{"name":"wp","href":"https:\/\/api.w.org\/{rel}","templated":true}]}}