{"id":2876,"date":"2017-05-12T17:26:02","date_gmt":"2017-05-12T15:26:02","guid":{"rendered":"http:\/\/iumotril.org\/sitio\/?p=2876"},"modified":"2017-05-12T14:26:37","modified_gmt":"2017-05-12T12:26:37","slug":"reclamamos-a-flor-almon-que-atienda-las-peticiones-del-defensor-del-pueblo-andaluz","status":"publish","type":"post","link":"https:\/\/iumotril.org\/sitio\/reclamamos-a-flor-almon-que-atienda-las-peticiones-del-defensor-del-pueblo-andaluz\/","title":{"rendered":"Reclamamos a Flor Alm\u00f3n que atienda las peticiones del Defensor del Pueblo Andaluz"},"content":{"rendered":"<p class=\"p1\"><strong><span class=\"s1\" style=\"color: #993300;\">Cuarenta y cinco d\u00edas despu\u00e9s de que el Defensor del Pueblo Andaluz se haya dirigido al Ayuntamiento de Motril para que le facilite determinada informaci\u00f3n acerca del incumplimiento de un acuerdo plenario para la recuperaci\u00f3n patrimonial del camino Panata, el equipo de gobierno se niega a contestar mostrando de este modo su desprecio hacia esta alta instituci\u00f3n que defiende los derechos de todos los andaluces.<\/span><\/strong><\/p>\n<p class=\"p1\"><span class=\"s1\"><a href=\"https:\/\/iumotril.org\/sitio\/imagen-dpa\/\"><img loading=\"lazy\" decoding=\"async\" data-attachment-id=\"2882\" data-permalink=\"https:\/\/iumotril.org\/sitio\/reclamamos-a-flor-almon-que-atienda-las-peticiones-del-defensor-del-pueblo-andaluz\/imagen-dpa\/\" data-orig-file=\"https:\/\/iumotril.org\/sitio\/wp-content\/uploads\/2017\/05\/imagen-DPA.jpg\" data-orig-size=\"436,631\" data-comments-opened=\"1\" data-image-meta=\"{&quot;aperture&quot;:&quot;0&quot;,&quot;credit&quot;:&quot;&quot;,&quot;camera&quot;:&quot;&quot;,&quot;caption&quot;:&quot;&quot;,&quot;created_timestamp&quot;:&quot;0&quot;,&quot;copyright&quot;:&quot;&quot;,&quot;focal_length&quot;:&quot;0&quot;,&quot;iso&quot;:&quot;0&quot;,&quot;shutter_speed&quot;:&quot;0&quot;,&quot;title&quot;:&quot;&quot;,&quot;orientation&quot;:&quot;1&quot;}\" data-image-title=\"imagen DPA\" data-image-description=\"\" data-image-caption=\"\" data-large-file=\"https:\/\/iumotril.org\/sitio\/wp-content\/uploads\/2017\/05\/imagen-DPA.jpg\" class=\"alignleft wp-image-2882\" src=\"https:\/\/iumotril.org\/sitio\/wp-content\/uploads\/2017\/05\/imagen-DPA.jpg\" alt=\"\" width=\"336\" height=\"486\" srcset=\"https:\/\/iumotril.org\/sitio\/wp-content\/uploads\/2017\/05\/imagen-DPA.jpg 436w, https:\/\/iumotril.org\/sitio\/wp-content\/uploads\/2017\/05\/imagen-DPA-207x300.jpg 207w\" sizes=\"auto, (max-width: 336px) 100vw, 336px\" \/><\/a>La queja presentada por el Grupo Municipal de Izquierda Unida en el mes de marzo pasado, denunciaba el incumplimiento por parte del Ayuntamiento de Motril de un acuerdo plenario de 2013 para la recuperaci\u00f3n patrimonial del Camino Panata, ocupado en su parte central por fincas privadas.<\/span><\/p>\n<p class=\"p1\"><span class=\"s1\"><strong>Izquierda Unida acudi\u00f3 al <a href=\"http:\/\/www.defensordelpuebloandaluz.es\/\">Defensor del Pueblo<\/a> ante la falta de respuesta del Ayuntamiento a sus peticiones para que aplicara dicho Acuerdo<\/strong>. <\/span><\/p>\n<p class=\"p1\"><span class=\"s1\">Ahora, con la falta de respuesta a los requerimientos del Defensor del Pueblo Andaluz, el gobierno municipal reafirma su <strong>desprecio a las instituciones democr\u00e1ticas representativas,<\/strong> apostando una vez m\u00e1s por la opacidad, la <strong>falta de transparencia y su rechazo a los mecanismos democr\u00e1ticos de control.<\/strong><\/span><\/p>\n<p class=\"p1\"><span class=\"s1\">Christian Linares, concejal del Grupo Municipal de Izquierda Unida, ha manifestado que estamos ante un nuevo <strong>ejemplo de la desidia y el desinter\u00e9s de nuestros gobernantes del PA-PSOE hacia los asuntos de nuestra ciudad<\/strong> y los intereses de los motrile\u00f1os y motrile\u00f1as. Un desprecio m\u00e1s hacia los vecinos y vecinas y las instituciones democr\u00e1ticas de todos los andaluces.<\/span><\/p>\n<p class=\"p1\"><span class=\"s1\">De este modo, no es extra\u00f1o que <a href=\"https:\/\/iumotril.org\/sitio\/izquierda-unida-reclama-mayores-inversiones-en-infraestructuras-para-motril\/\">Motril<\/a> se est\u00e9 quedando atr\u00e1s, <strong>abandonado a su suerte por parte del Gobierno de Espa\u00f1a, del PP y por parte de la Junta de Andaluc\u00eda, del PSOE.<\/strong><\/span><\/p>\n<p class=\"p1\"><span class=\"s1\">Izquierda Unida ha reclamado nuevamente a Flor Alm\u00f3n que se ponga a <a href=\"https:\/\/iumotril.org\/sitio\/izquierda-unida-recomienda-a-flor-almon-viajar-menos-y-trabajar-mas-en-motril\/\">trabajar por Motril <\/a>y por los intereses de los motrile\u00f1os y motrile\u00f1as y que dedique menos tiempo y esfuerzo a la campa\u00f1a de Susana D\u00edaz. Tambi\u00e9n le exige que ponga las pilas a sus concejales y concejalas, la mayor parte de ellos y ellas invisibles dos a\u00f1os despu\u00e9s de su llegada al gobierno, para que atiendan y den respuesta a los m\u00faltiples problemas de los vecinos y vecinas de Motril.<\/span><\/p>\n<p class=\"p1\">\n","protected":false},"excerpt":{"rendered":"<p>Christian Linares, concejal del Grupo Municipal de Izquierda Unida, ha manifestado que estamos ante un nuevo ejemplo de la desidia y el desinter\u00e9s de nuestros gobernantes del PA-PSOE hacia los asuntos de nuestra ciudad y los intereses de los motrile\u00f1os y motrile\u00f1as. Un desprecio m\u00e1s hacia los vecinos y vecinas y las instituciones democr\u00e1ticas de todos los andaluces.<br \/>\nDe este modo, no es extra\u00f1o que Motril se est\u00e9 quedando atr\u00e1s, abandonado a su suerte por parte del Gobierno de Espa\u00f1a, del PP y por parte de la Junta de Andaluc\u00eda, del PSOE.<\/p>\n","protected":false},"author":1,"featured_media":0,"comment_status":"open","ping_status":"open","sticky":false,"template":"","format":"standard","meta":{"cybocfi_hide_featured_image":"","_jetpack_newsletter_access":"","_jetpack_dont_email_post_to_subs":false,"_jetpack_newsletter_tier_id":0,"_jetpack_memberships_contains_paywalled_content":false,"_jetpack_memberships_contains_paid_content":false,"footnotes":""},"categories":[265],"tags":[747,745,695,744,117,746],"class_list":["post-2876","post","type-post","status-publish","format-standard","hentry","category-esta-pasando","tag-concejales-cruceristas","tag-concejales-invisibles","tag-defensor-pueblo","tag-desprecio-institucional","tag-flor-almon","tag-trabajar-por-motril"],"jetpack_featured_media_url":"","jetpack_sharing_enabled":true,"jetpack_shortlink":"https:\/\/wp.me\/p4QsU5-Ko","jetpack-related-posts":[{"id":2717,"url":"https:\/\/iumotril.org\/sitio\/reclamamos-la-recuperacion-del-camino-panata\/","url_meta":{"origin":2876,"position":0},"title":"RECLAMAMOS LA RECUPERACI\u00d3N DEL CAMINO PANATA","author":"Izquierda Unida Motril","date":"10 marzo, 2017","format":false,"excerpt":"Izquierda Unida de Motril ha denunciado ante el Defensor del Pueblo Andaluz el incumplimiento flagrante del acuerdo plenario para la recuperaci\u00f3n de esa v\u00eda p\u00fablica, adem\u00e1s del trato de favor hacia una empresa privada y, fundamentalmente, el desprecio del Ayuntamiento hacia los motrile\u00f1os, al hacer o\u00eddos sordos a las reclamaciones\u2026","rel":"","context":"En \u00abEST\u00c1 PASANDO\u00bb","block_context":{"text":"EST\u00c1 PASANDO","link":"https:\/\/iumotril.org\/sitio\/category\/esta-pasando\/"},"img":{"alt_text":"","src":"https:\/\/i0.wp.com\/iumotril.org\/sitio\/wp-content\/uploads\/2017\/03\/Camino-Panata-e1489140742400-768x1024.jpeg?resize=350%2C200","width":350,"height":200,"srcset":"https:\/\/i0.wp.com\/iumotril.org\/sitio\/wp-content\/uploads\/2017\/03\/Camino-Panata-e1489140742400-768x1024.jpeg?resize=350%2C200 1x, https:\/\/i0.wp.com\/iumotril.org\/sitio\/wp-content\/uploads\/2017\/03\/Camino-Panata-e1489140742400-768x1024.jpeg?resize=525%2C300 1.5x"},"classes":[]},{"id":7332,"url":"https:\/\/iumotril.org\/sitio\/iu-equo-pide-al-ayuntamiento-la-recuperacion-patrimonial-del-camino-de-panata\/","url_meta":{"origin":2876,"position":1},"title":"IU-Equo pide al Ayuntamiento la recuperaci\u00f3n patrimonial del camino de Panata","author":"Izquierda Unida Motril","date":"23 abril, 2021","format":false,"excerpt":"Desde Izquierda Unida se celebra que, por fin, se vaya a recuperar un camino que forma parte de la historia de Motril, gracias al trabajo y al compromiso de muchos compa\u00f1eros y compa\u00f1eras de esta organizaci\u00f3n y del colectivo de defensa del medio ambiente en la Comarca, que no han\u2026","rel":"","context":"En \u00abEST\u00c1 PASANDO\u00bb","block_context":{"text":"EST\u00c1 PASANDO","link":"https:\/\/iumotril.org\/sitio\/category\/esta-pasando\/"},"img":{"alt_text":"","src":"https:\/\/i0.wp.com\/iumotril.org\/sitio\/wp-content\/uploads\/2021\/01\/Inma-Omiste-20-enero-1024x768.jpg?resize=350%2C200","width":350,"height":200,"srcset":"https:\/\/i0.wp.com\/iumotril.org\/sitio\/wp-content\/uploads\/2021\/01\/Inma-Omiste-20-enero-1024x768.jpg?resize=350%2C200 1x, https:\/\/i0.wp.com\/iumotril.org\/sitio\/wp-content\/uploads\/2021\/01\/Inma-Omiste-20-enero-1024x768.jpg?resize=525%2C300 1.5x"},"classes":[]},{"id":10777,"url":"https:\/\/iumotril.org\/sitio\/iu-equo-reclama-al-ayuntamiento-la-limpieza-y-mantenimiento-del-sendero-del-camino-de-panata\/","url_meta":{"origin":2876,"position":2},"title":"IU-Equo reclama al Ayuntamiento la limpieza y mantenimiento del sendero del Camino de Panata","author":"Izquierda Unida Motril","date":"26 agosto, 2025","format":false,"excerpt":"Omiste ha recordado como fueron \u201cIzquierda Unida y grupos de defensa de medio ambiente en la Costa los que estuvimos luchando durante a\u00f1os por la recuperaci\u00f3n patrimonial de este camino. Nos toc\u00f3 denunciar, presionar, insistir e incluso quejarnos ante el Defensor del Pueblo Andaluz, para lograr que el sendero fuera\u2026","rel":"","context":"En \u00abAyuntamiento\u00bb","block_context":{"text":"Ayuntamiento","link":"https:\/\/iumotril.org\/sitio\/category\/ayuntamiento\/"},"img":{"alt_text":"","src":"https:\/\/i0.wp.com\/iumotril.org\/sitio\/wp-content\/uploads\/2025\/06\/IMG_2605-scaled-e1774864946989.jpeg?resize=350%2C200&ssl=1","width":350,"height":200,"srcset":"https:\/\/i0.wp.com\/iumotril.org\/sitio\/wp-content\/uploads\/2025\/06\/IMG_2605-scaled-e1774864946989.jpeg?resize=350%2C200&ssl=1 1x, https:\/\/i0.wp.com\/iumotril.org\/sitio\/wp-content\/uploads\/2025\/06\/IMG_2605-scaled-e1774864946989.jpeg?resize=525%2C300&ssl=1 1.5x, https:\/\/i0.wp.com\/iumotril.org\/sitio\/wp-content\/uploads\/2025\/06\/IMG_2605-scaled-e1774864946989.jpeg?resize=700%2C400&ssl=1 2x, https:\/\/i0.wp.com\/iumotril.org\/sitio\/wp-content\/uploads\/2025\/06\/IMG_2605-scaled-e1774864946989.jpeg?resize=1050%2C600&ssl=1 3x, https:\/\/i0.wp.com\/iumotril.org\/sitio\/wp-content\/uploads\/2025\/06\/IMG_2605-scaled-e1774864946989.jpeg?resize=1400%2C800&ssl=1 4x"},"classes":[]},{"id":3825,"url":"https:\/\/iumotril.org\/sitio\/izquierda-unida-reclama-el-cumplimiento-de-diversas-mociones-de-caracter-social-aprobadas-por-el-pleno\/","url_meta":{"origin":2876,"position":3},"title":"Izquierda Unida reclama el cumplimiento de diversas mociones de car\u00e1cter social aprobadas por el Pleno","author":"Izquierda Unida Motril","date":"19 septiembre, 2018","format":false,"excerpt":"Ya es hora de que la pol\u00edtica municipal se dirija prioritariamente a las familias que est\u00e1n padeciendo el paro y la precariedad en el empleo y a los colectivos m\u00e1s vulnerables de nuestro municipio, ha afirmado. Para la portavoz de Izquierda Unida, la actuaci\u00f3n del gobierno local de Motril evidencia,\u2026","rel":"","context":"En \u00abAyuntamiento\u00bb","block_context":{"text":"Ayuntamiento","link":"https:\/\/iumotril.org\/sitio\/category\/ayuntamiento\/"},"img":{"alt_text":"","src":"https:\/\/i0.wp.com\/iumotril.org\/sitio\/wp-content\/uploads\/2018\/09\/Daniela-y-Jose_RP_11-julio-300x200.jpg?resize=350%2C200","width":350,"height":200},"classes":[]},{"id":10829,"url":"https:\/\/iumotril.org\/sitio\/pedimos-una-vez-mas-la-limpieza-y-acondicionamiento-del-sendero-del-camino-de-panata\/","url_meta":{"origin":2876,"position":4},"title":"Pedimos una vez m\u00e1s la limpieza y acondicionamiento del sendero del Camino de Panata","author":"Izquierda Unida Motril","date":"25 septiembre, 2025","format":false,"excerpt":"La concejala Ana Herrera ha explicado que este hist\u00f3rico camino qued\u00f3 interrumpido por la ocupaci\u00f3n en su parte central de una finca, pero en 2013 a propuesta de IU, se aprob\u00f3 por unanimidad en Pleno, el deslinde y recuperaci\u00f3n de este tramo del Camino de Panata, as\u00ed como su limpieza\u2026","rel":"","context":"En \u00abAyuntamiento\u00bb","block_context":{"text":"Ayuntamiento","link":"https:\/\/iumotril.org\/sitio\/category\/ayuntamiento\/"},"img":{"alt_text":"","src":"https:\/\/i0.wp.com\/iumotril.org\/sitio\/wp-content\/uploads\/2025\/10\/Ana-Herrera-IU.jpeg?resize=350%2C200&ssl=1","width":350,"height":200,"srcset":"https:\/\/i0.wp.com\/iumotril.org\/sitio\/wp-content\/uploads\/2025\/10\/Ana-Herrera-IU.jpeg?resize=350%2C200&ssl=1 1x, https:\/\/i0.wp.com\/iumotril.org\/sitio\/wp-content\/uploads\/2025\/10\/Ana-Herrera-IU.jpeg?resize=525%2C300&ssl=1 1.5x, https:\/\/i0.wp.com\/iumotril.org\/sitio\/wp-content\/uploads\/2025\/10\/Ana-Herrera-IU.jpeg?resize=700%2C400&ssl=1 2x, https:\/\/i0.wp.com\/iumotril.org\/sitio\/wp-content\/uploads\/2025\/10\/Ana-Herrera-IU.jpeg?resize=1050%2C600&ssl=1 3x, https:\/\/i0.wp.com\/iumotril.org\/sitio\/wp-content\/uploads\/2025\/10\/Ana-Herrera-IU.jpeg?resize=1400%2C800&ssl=1 4x"},"classes":[]},{"id":7482,"url":"https:\/\/iumotril.org\/sitio\/iu-equo-reclama-el-acondicionamiento-la-senalizacion-y-homologacion-del-sendero-del-camino-de-panata\/","url_meta":{"origin":2876,"position":5},"title":"IU-Equo reclama el acondicionamiento, la se\u00f1alizaci\u00f3n y homologaci\u00f3n del sendero del Camino de Panata","author":"Izquierda Unida Motril","date":"27 mayo, 2021","format":false,"excerpt":"Jose Llorente, concejal de IU-Equo ha informado del contenido de la moci\u00f3n que se eleva al pr\u00f3ximo pleno municipal, afirmando que \u201cpresentamos la moci\u00f3n porque no queremos que la limpieza del camino recientemente realizada se quede en otro reportaje propagand\u00edstico de la alcaldesa\u201d. Ahora, una vez limpio, hay que hacerlo\u2026","rel":"","context":"En \u00abAyuntamiento\u00bb","block_context":{"text":"Ayuntamiento","link":"https:\/\/iumotril.org\/sitio\/category\/ayuntamiento\/"},"img":{"alt_text":"","src":"https:\/\/i0.wp.com\/iumotril.org\/sitio\/wp-content\/uploads\/2021\/05\/Jose-26-mayo-1024x768.jpg?resize=350%2C200","width":350,"height":200,"srcset":"https:\/\/i0.wp.com\/iumotril.org\/sitio\/wp-content\/uploads\/2021\/05\/Jose-26-mayo-1024x768.jpg?resize=350%2C200 1x, https:\/\/i0.wp.com\/iumotril.org\/sitio\/wp-content\/uploads\/2021\/05\/Jose-26-mayo-1024x768.jpg?resize=525%2C300 1.5x"},"classes":[]}],"jetpack_likes_enabled":true,"_links":{"self":[{"href":"https:\/\/iumotril.org\/sitio\/wp-json\/wp\/v2\/posts\/2876","targetHints":{"allow":["GET"]}}],"collection":[{"href":"https:\/\/iumotril.org\/sitio\/wp-json\/wp\/v2\/posts"}],"about":[{"href":"https:\/\/iumotril.org\/sitio\/wp-json\/wp\/v2\/types\/post"}],"author":[{"embeddable":true,"href":"https:\/\/iumotril.org\/sitio\/wp-json\/wp\/v2\/users\/1"}],"replies":[{"embeddable":true,"href":"https:\/\/iumotril.org\/sitio\/wp-json\/wp\/v2\/comments?post=2876"}],"version-history":[{"count":7,"href":"https:\/\/iumotril.org\/sitio\/wp-json\/wp\/v2\/posts\/2876\/revisions"}],"predecessor-version":[{"id":2887,"href":"https:\/\/iumotril.org\/sitio\/wp-json\/wp\/v2\/posts\/2876\/revisions\/2887"}],"wp:attachment":[{"href":"https:\/\/iumotril.org\/sitio\/wp-json\/wp\/v2\/media?parent=2876"}],"wp:term":[{"taxonomy":"category","embeddable":true,"href":"https:\/\/iumotril.org\/sitio\/wp-json\/wp\/v2\/categories?post=2876"},{"taxonomy":"post_tag","embeddable":true,"href":"https:\/\/iumotril.org\/sitio\/wp-json\/wp\/v2\/tags?post=2876"}],"curies":[{"name":"wp","href":"https:\/\/api.w.org\/{rel}","templated":true}]}}