{"id":287,"date":"2014-10-30T18:18:47","date_gmt":"2014-10-30T17:18:47","guid":{"rendered":"http:\/\/iumotril.org\/sitio\/?p=287"},"modified":"2014-10-30T14:20:33","modified_gmt":"2014-10-30T13:20:33","slug":"iu-motril-solicita-la-construccion-de-un-paseo-maritimo-blando-en-la-playa-de-las-azucenas","status":"publish","type":"post","link":"https:\/\/iumotril.org\/sitio\/iu-motril-solicita-la-construccion-de-un-paseo-maritimo-blando-en-la-playa-de-las-azucenas\/","title":{"rendered":"IU MOTRIL SOLICITA LA CONSTRUCCI\u00d3N DE UN PASEO MAR\u00cdTIMO BLANDO EN LA PLAYA DE LAS AZUCENAS."},"content":{"rendered":"<p>LA PETICION HA SIDO REALIZADA A TRAVES DE UNA ENMIENDA  A LOS PRESUPUESTOS GENERALES DEL ESTADO 2015<\/p>\n<p>El Grupo Parlamentario de Izquierda Unida en el Congreso de los Diputados ha asumido la petici\u00f3n realizada por la agrupaci\u00f3n local de Motril y ha presentado una enmienda de adici\u00f3n a los Presupuesto Generales del Estado conducente a la construcci\u00f3n de  un paseo mar\u00edtimo blando que conecte la poblaci\u00f3n de Torrenueva con el Puerto de Motril a trav\u00e9s de la playa de las Azucenas. <\/p>\n<p>Se trata de una senda litoral de 2,5 km de longitud que contribuir\u00e1 al fomento de la movilidad no motorizada y a la mejora de la calidad de vida de los ciudadanos y ser\u00e1, en s\u00ed misma, un importante recurso tur\u00edstico que permitir\u00eda la uni\u00f3n de los n\u00facleos de poblaci\u00f3n de Motril y Torrenueva abriendo oportunidades alternativas de promoci\u00f3n y negocio relacionados con la puesta en valor de este tramo del litoral alej\u00e1ndolo del tradicional modelo de saturaci\u00f3n urban\u00edstica hacia nuevos productos de car\u00e1cter sostenible.<\/p>\n<p>Para la representante de IU en el Ayuntamiento de Motril, Daniela Paqu\u00e9, la regeneraci\u00f3n de la playa de las Azucenas y sus sistemas dunares contemplados en el proyecto de actuaci\u00f3n gracias a las alegaciones de los grupos ecologistas, permite dise\u00f1ar un modelo alternativo para el uso de este espacio litoral menos agresivo y netamente diferente a las propuestas especulativas del Partido Popular. <\/p>\n<p>La concejala ha recordado que este tramo se encuentra incluido en el Plan de Protecci\u00f3n del Litoral, por lo que la actuaci\u00f3n planteada es plenamente compatible con el planeamiento a  diferencia de las actuaciones promovidas por el Partido Popular que contemplan continuadas alteraciones de la ordenaci\u00f3n del territorio.  \u00abOtras inversiones similares a esta se est\u00e1n acometiendo en las provincias de M\u00e1laga (Senda Litoral de M\u00e1laga de Manilva a Nerja) y Almer\u00eda, por lo que confiamos en que esta propuesta sea incluida en los PGE y pueda suponer un bal\u00f3n de ox\u00edgeno para nuestra maltratada econom\u00eda local\u00bb, ha afirmado Daniela Paqu\u00e9.<\/p>\n<p>Igualmente ha lamentado que el Equipo de Gobierno Municipal no haya presentado ninguna enmienda a los PGE, a pesar de las deficiencias estructurales y en infraestructuras que padece nuestra comarca, carencias que continuaran y con las que el PP Motril  parece estar de acuerdo.<\/p>\n<p>Para finalizar Paqu\u00e9 ha querido dar un toque de atenci\u00f3n a la Alcaldesa manifestando que \u00abdeber\u00eda hacer un ejercicio de responsabilidad con su ciudad y haber exigido mayores inversiones nuestra comarca, poniendo en marcha su pol\u00edtica de enfrentamiento tambi\u00e9n hacia instituciones gobernadas por el PP\u00bb.<\/p>\n<p>Motril 30 de Octubre 2014<br \/>\n<a href=\"https:\/\/iumotril.org\/sitio\/wp-content\/uploads\/2014\/07\/daniela.jpg\"><img loading=\"lazy\" decoding=\"async\" data-attachment-id=\"52\" data-permalink=\"https:\/\/iumotril.org\/sitio\/eliminacion-secretarias-de-grupo\/daniela\/\" data-orig-file=\"https:\/\/iumotril.org\/sitio\/wp-content\/uploads\/2014\/07\/daniela.jpg\" data-orig-size=\"219,230\" data-comments-opened=\"1\" data-image-meta=\"{&quot;aperture&quot;:&quot;0&quot;,&quot;credit&quot;:&quot;&quot;,&quot;camera&quot;:&quot;&quot;,&quot;caption&quot;:&quot;&quot;,&quot;created_timestamp&quot;:&quot;0&quot;,&quot;copyright&quot;:&quot;&quot;,&quot;focal_length&quot;:&quot;0&quot;,&quot;iso&quot;:&quot;0&quot;,&quot;shutter_speed&quot;:&quot;0&quot;,&quot;title&quot;:&quot;&quot;,&quot;orientation&quot;:&quot;0&quot;}\" data-image-title=\"daniela\" data-image-description=\"\" data-image-caption=\"\" data-large-file=\"https:\/\/iumotril.org\/sitio\/wp-content\/uploads\/2014\/07\/daniela.jpg\" src=\"https:\/\/iumotril.org\/sitio\/wp-content\/uploads\/2014\/07\/daniela.jpg\" alt=\"daniela\" width=\"219\" height=\"230\" class=\"aligncenter size-full wp-image-52\" \/><\/a><\/p>\n","protected":false},"excerpt":{"rendered":"<p>LA PETICION HA SIDO REALIZADA A TRAVES DE UNA ENMIENDA [&hellip;]<\/p>\n","protected":false},"author":1,"featured_media":0,"comment_status":"open","ping_status":"open","sticky":false,"template":"","format":"standard","meta":{"cybocfi_hide_featured_image":"","_jetpack_newsletter_access":"","_jetpack_dont_email_post_to_subs":false,"_jetpack_newsletter_tier_id":0,"_jetpack_memberships_contains_paywalled_content":false,"_jetpack_memberships_contains_paid_content":false,"footnotes":""},"categories":[16],"tags":[],"class_list":["post-287","post","type-post","status-publish","format-standard","hentry","category-turismo"],"jetpack_featured_media_url":"","jetpack_sharing_enabled":true,"jetpack_shortlink":"https:\/\/wp.me\/p4QsU5-4D","jetpack-related-posts":[{"id":4368,"url":"https:\/\/iumotril.org\/sitio\/izquierda-unida-propone-la-mejora-integral-de-la-playa-de-las-azucenas-y-la-conservacion-de-su-espacio-natural\/","url_meta":{"origin":287,"position":0},"title":"Izquierda Unida propone la mejora integral de la Playa de las Azucenas y la conservaci\u00f3n de su espacio natural","author":"Izquierda Unida Motril","date":"14 enero, 2019","format":false,"excerpt":"Izquierda Unida ha reclamado a la Concejal\u00eda de Playas que recupere el proyecto para la construcci\u00f3n de una paseo mar\u00edtimo blando que conecte la poblaci\u00f3n de Torrenueva con el Puerto de Motril a trav\u00e9s de la playa de las Azucenas. Izquierda Unida defiende un modelo alternativo para el uso de\u2026","rel":"","context":"En \u00abEST\u00c1 PASANDO\u00bb","block_context":{"text":"EST\u00c1 PASANDO","link":"https:\/\/iumotril.org\/sitio\/category\/esta-pasando\/"},"img":{"alt_text":"","src":"https:\/\/i0.wp.com\/iumotril.org\/sitio\/wp-content\/uploads\/2019\/01\/IMG_9540.jpg?resize=350%2C200&ssl=1","width":350,"height":200,"srcset":"https:\/\/i0.wp.com\/iumotril.org\/sitio\/wp-content\/uploads\/2019\/01\/IMG_9540.jpg?resize=350%2C200&ssl=1 1x, https:\/\/i0.wp.com\/iumotril.org\/sitio\/wp-content\/uploads\/2019\/01\/IMG_9540.jpg?resize=525%2C300&ssl=1 1.5x, https:\/\/i0.wp.com\/iumotril.org\/sitio\/wp-content\/uploads\/2019\/01\/IMG_9540.jpg?resize=700%2C400&ssl=1 2x, https:\/\/i0.wp.com\/iumotril.org\/sitio\/wp-content\/uploads\/2019\/01\/IMG_9540.jpg?resize=1050%2C600&ssl=1 3x, https:\/\/i0.wp.com\/iumotril.org\/sitio\/wp-content\/uploads\/2019\/01\/IMG_9540.jpg?resize=1400%2C800&ssl=1 4x"},"classes":[]},{"id":3750,"url":"https:\/\/iumotril.org\/sitio\/izquierda-unida-apoya-las-demandas-vecinas-de-diversas-mejoras-en-el-varadero\/","url_meta":{"origin":287,"position":1},"title":"Izquierda Unida apoya las demandas vecinales de diversas mejoras en El Varadero","author":"Izquierda Unida Motril","date":"27 julio, 2018","format":false,"excerpt":"En la Moci\u00f3n que se presenta para su consideraci\u00f3n por el Pleno se reclama, tambi\u00e9n, la limpieza, adecuaci\u00f3n y mantenimiento de diversos solares y edificios abandonados que suponen diversos riesgos higi\u00e9nico sanitarios y el acerado de diferentes calles para facilitar la movilidad de los vecinos, vecinas y de los visitantes.Izquierda\u2026","rel":"","context":"En \u00abCiudad\u00bb","block_context":{"text":"Ciudad","link":"https:\/\/iumotril.org\/sitio\/category\/ciudad\/"},"img":{"alt_text":"","src":"http:\/\/iumotril.org\/sitio\/wp-content\/uploads\/2018\/07\/Daniela-Paque_junio-2018.bmp","width":350,"height":200},"classes":[]},{"id":4845,"url":"https:\/\/iumotril.org\/sitio\/izquierda-unida-demanda-al-presidente-de-la-autoridad-portuaria-un-puerto-limpio-y-abierto-a-la-ciudad\/","url_meta":{"origin":287,"position":2},"title":"Izquierda Unida demanda al Presidente de la Autoridad Portuaria un Puerto limpio y abierto a la ciudad.","author":"Izquierda Unida Motril","date":"15 abril, 2019","format":false,"excerpt":"Izquierda Unida defiende un Puerto Limpio para Motril en el que se adopten medidas para minimizar los efectos negativos de la actividad de la d\u00e1rsena, como las contaminaciones ac\u00fastica y ambiental que provocan alguna de ellas que repercuten en el normal desarrollo de la actividad diaria de sus vecinas y\u2026","rel":"","context":"En \u00abEST\u00c1 PASANDO\u00bb","block_context":{"text":"EST\u00c1 PASANDO","link":"https:\/\/iumotril.org\/sitio\/category\/esta-pasando\/"},"img":{"alt_text":"","src":"https:\/\/i0.wp.com\/iumotril.org\/sitio\/wp-content\/uploads\/2019\/04\/fullsizeoutput_645b.jpeg?resize=350%2C200","width":350,"height":200,"srcset":"https:\/\/i0.wp.com\/iumotril.org\/sitio\/wp-content\/uploads\/2019\/04\/fullsizeoutput_645b.jpeg?resize=350%2C200 1x, https:\/\/i0.wp.com\/iumotril.org\/sitio\/wp-content\/uploads\/2019\/04\/fullsizeoutput_645b.jpeg?resize=525%2C300 1.5x, https:\/\/i0.wp.com\/iumotril.org\/sitio\/wp-content\/uploads\/2019\/04\/fullsizeoutput_645b.jpeg?resize=700%2C400 2x"},"classes":[]},{"id":2947,"url":"https:\/\/iumotril.org\/sitio\/reclamamos-al-puerto-de-motril-una-mayor-implicacion-en-la-solucion-de-los-problemas-de-la-ciudad\/","url_meta":{"origin":287,"position":3},"title":"Reclamamos al Puerto de Motril una mayor implicaci\u00f3n en la soluci\u00f3n de los problemas de la ciudad","author":"Izquierda Unida Motril","date":"12 junio, 2017","format":false,"excerpt":"En el mismo encuentro, ha presentado a los representantes del Puerto de Motril su propuesta para la construcci\u00f3n de un \u201cpaseo blando\u201d en la playa de las Azucenas que llegue hasta Torrenueva, una propuesta que fue aprobada por unanimidad por la Corporaci\u00f3n motrile\u00f1a el mes de junio del a\u00f1o pasado\u2026","rel":"","context":"En \u00abEST\u00c1 PASANDO\u00bb","block_context":{"text":"EST\u00c1 PASANDO","link":"https:\/\/iumotril.org\/sitio\/category\/esta-pasando\/"},"img":{"alt_text":"","src":"https:\/\/i0.wp.com\/iumotril.org\/sitio\/wp-content\/uploads\/2017\/06\/puerto-motril.jpg?resize=350%2C200","width":350,"height":200,"srcset":"https:\/\/i0.wp.com\/iumotril.org\/sitio\/wp-content\/uploads\/2017\/06\/puerto-motril.jpg?resize=350%2C200 1x, https:\/\/i0.wp.com\/iumotril.org\/sitio\/wp-content\/uploads\/2017\/06\/puerto-motril.jpg?resize=525%2C300 1.5x"},"classes":[]},{"id":5598,"url":"https:\/\/iumotril.org\/sitio\/iu-equo-reclama-actuaciones-de-mantenimiento-y-mejora-en-todos-los-barrios-y-en-los-centros-educativos-de-motril\/","url_meta":{"origin":287,"position":4},"title":"IU-Equo reclama actuaciones de mantenimiento y mejora en todos los barrios y en los centros educativos de Motril","author":"Izquierda Unida Motril","date":"19 febrero, 2020","format":false,"excerpt":"Inma Omiste ha reclamado a Garc\u00eda Chamorro que las actuaciones de mantenimiento y mejora de la ciudad que se lleven a cabo respondan a criterios objetivos y transparentes. Que se tenga en cuenta las decisiones consensuadas por la Corporaci\u00f3n, as\u00ed como las reclamadas razonablemente por los vecinos y vecinas.\u00a0En definitiva,\u2026","rel":"","context":"En \u00abCiudad\u00bb","block_context":{"text":"Ciudad","link":"https:\/\/iumotril.org\/sitio\/category\/ciudad\/"},"img":{"alt_text":"","src":"https:\/\/i0.wp.com\/iumotril.org\/sitio\/wp-content\/uploads\/2020\/02\/20-febrero_mantenimiento-ciudad-1-1024x768.jpg?resize=350%2C200","width":350,"height":200,"srcset":"https:\/\/i0.wp.com\/iumotril.org\/sitio\/wp-content\/uploads\/2020\/02\/20-febrero_mantenimiento-ciudad-1-1024x768.jpg?resize=350%2C200 1x, https:\/\/i0.wp.com\/iumotril.org\/sitio\/wp-content\/uploads\/2020\/02\/20-febrero_mantenimiento-ciudad-1-1024x768.jpg?resize=525%2C300 1.5x"},"classes":[]},{"id":769,"url":"https:\/\/iumotril.org\/sitio\/una-ciudad-mas-sostenible-y-con-mas-energias-renovables\/","url_meta":{"origin":287,"position":5},"title":"Una ciudad m\u00e1s sostenible y con m\u00e1s energ\u00edas renovables","author":"Izquierda Unida Motril","date":"19 mayo, 2015","format":false,"excerpt":"Daniela ha destacado las principales actuaciones que Izquierda Unida llevar\u00e1 a cabo desde el Ayuntamiento de Motril, adem\u00e1s de la ampliaci\u00f3n de la Charca de Su\u00e1rez: la persecuci\u00f3n de los vertidos ilegales de escombros, la construcci\u00f3n de una gran red de senderos comarcal y la protecci\u00f3n de la playa de\u2026","rel":"","context":"En \u00abMunicipales 2015\u00bb","block_context":{"text":"Municipales 2015","link":"https:\/\/iumotril.org\/sitio\/category\/municipales-2015\/"},"img":{"alt_text":"Protegeremos la Charca de Suarez","src":"https:\/\/i0.wp.com\/iumotril.org\/sitio\/wp-content\/uploads\/2015\/05\/Protegeremos-la-Charca-de-Suarez-300x176.jpg?resize=350%2C200","width":350,"height":200},"classes":[]}],"jetpack_likes_enabled":true,"_links":{"self":[{"href":"https:\/\/iumotril.org\/sitio\/wp-json\/wp\/v2\/posts\/287","targetHints":{"allow":["GET"]}}],"collection":[{"href":"https:\/\/iumotril.org\/sitio\/wp-json\/wp\/v2\/posts"}],"about":[{"href":"https:\/\/iumotril.org\/sitio\/wp-json\/wp\/v2\/types\/post"}],"author":[{"embeddable":true,"href":"https:\/\/iumotril.org\/sitio\/wp-json\/wp\/v2\/users\/1"}],"replies":[{"embeddable":true,"href":"https:\/\/iumotril.org\/sitio\/wp-json\/wp\/v2\/comments?post=287"}],"version-history":[{"count":1,"href":"https:\/\/iumotril.org\/sitio\/wp-json\/wp\/v2\/posts\/287\/revisions"}],"predecessor-version":[{"id":288,"href":"https:\/\/iumotril.org\/sitio\/wp-json\/wp\/v2\/posts\/287\/revisions\/288"}],"wp:attachment":[{"href":"https:\/\/iumotril.org\/sitio\/wp-json\/wp\/v2\/media?parent=287"}],"wp:term":[{"taxonomy":"category","embeddable":true,"href":"https:\/\/iumotril.org\/sitio\/wp-json\/wp\/v2\/categories?post=287"},{"taxonomy":"post_tag","embeddable":true,"href":"https:\/\/iumotril.org\/sitio\/wp-json\/wp\/v2\/tags?post=287"}],"curies":[{"name":"wp","href":"https:\/\/api.w.org\/{rel}","templated":true}]}}