{"id":2805,"date":"2017-04-11T12:19:14","date_gmt":"2017-04-11T10:19:14","guid":{"rendered":"http:\/\/iumotril.org\/sitio\/?p=2805"},"modified":"2017-04-11T12:19:14","modified_gmt":"2017-04-11T10:19:14","slug":"izquierda-unida-amplia-su-demanda-ante-la-fiscalia-por-el-pago-de-gratificaciones-y-horas-extraordinarias-en-el-ayuntamiento-de-motril","status":"publish","type":"post","link":"https:\/\/iumotril.org\/sitio\/izquierda-unida-amplia-su-demanda-ante-la-fiscalia-por-el-pago-de-gratificaciones-y-horas-extraordinarias-en-el-ayuntamiento-de-motril\/","title":{"rendered":"Izquierda Unida ampl\u00eda su demanda ante la Fiscal\u00eda por el pago de gratificaciones y horas extraordinarias en el Ayuntamiento de Motril"},"content":{"rendered":"<p style=\"text-align: justify;\"><span style=\"color: #993300;\"><strong>El escrito presentado ante la Fiscal\u00eda de Granada se incorpora a las diligencias 216\/16 abiertas como consecuencia de la demanda presentada el pasado mes de noviembre denunciando el pago de gratificaciones sin ning\u00fan tipo de procedimiento administrativo durante cinco a\u00f1os a altos funcionarios municipales.<\/strong><\/span><\/p>\n<p style=\"text-align: justify;\">El escrito aporta sendos informes del <a href=\"https:\/\/iumotril.org\/sitio\/bochornoso-espectaculo-ofrecido-por-el-gobierno-local-tras-el-cese-del-secretario-municipal\/\">secretario del Ayuntamiento<\/a> y del Interventor municipal en los que se cuestionan dichos pagos, al haberse efectuado sin que se hubiera dictado Decreto de la Alcald\u00eda, y al margen de todo procedimiento administrativo.<\/p>\n<p style=\"text-align: justify;\">El importe de dichos pagos asciende a <strong>11.171, euros<\/strong> que vendr\u00edan a sumarse a los<strong> 57.674,97 euros abonados en concepto de gratificaciones a determinados funcionarios entre 2010 y 2016.<\/strong><\/p>\n<p style=\"text-align: justify;\"><a href=\"https:\/\/iumotril.org\/sitio\/izquierda-unida-denuncia-que-en-el-proyecto-de-presupuestos-de-la-junta-de-andalucia-se-deja-de-lado-a-la-costa\/mari-carmen-perez-2_octubre-2015\/\" rel=\"attachment wp-att-1517\"><img loading=\"lazy\" decoding=\"async\" data-attachment-id=\"1517\" data-permalink=\"https:\/\/iumotril.org\/sitio\/izquierda-unida-denuncia-que-en-el-proyecto-de-presupuestos-de-la-junta-de-andalucia-se-deja-de-lado-a-la-costa\/mari-carmen-perez-2_octubre-2015\/\" data-orig-file=\"https:\/\/iumotril.org\/sitio\/wp-content\/uploads\/2015\/10\/mari-carmen-perez-2_octubre-2015.bmp\" data-orig-size=\"480,480\" data-comments-opened=\"1\" data-image-meta=\"{&quot;aperture&quot;:&quot;0&quot;,&quot;credit&quot;:&quot;&quot;,&quot;camera&quot;:&quot;&quot;,&quot;caption&quot;:&quot;&quot;,&quot;created_timestamp&quot;:&quot;0&quot;,&quot;copyright&quot;:&quot;&quot;,&quot;focal_length&quot;:&quot;0&quot;,&quot;iso&quot;:&quot;0&quot;,&quot;shutter_speed&quot;:&quot;0&quot;,&quot;title&quot;:&quot;&quot;,&quot;orientation&quot;:&quot;0&quot;}\" data-image-title=\"mari carmen perez 2_octubre 2015\" data-image-description=\"\" data-image-caption=\"\" data-large-file=\"https:\/\/iumotril.org\/sitio\/wp-content\/uploads\/2015\/10\/mari-carmen-perez-2_octubre-2015.bmp\" class=\"size-full wp-image-1517 alignleft\" src=\"https:\/\/iumotril.org\/sitio\/wp-content\/uploads\/2015\/10\/mari-carmen-perez-2_octubre-2015.bmp\" alt=\"\" width=\"480\" height=\"480\" \/><\/a>El escrito presentado ante la Fiscal\u00eda de Granada ha sido firmado por la <strong>parlamentaria andaluza de Izquierda Unida, Mari Carmen P\u00e9rez,<\/strong> por el <strong>diputado provincial Juan Francisco Arenas<\/strong> y por el <strong>coordinador de la formaci\u00f3n en Granada<\/strong>, <strong>Manuel Morales<\/strong>, adem\u00e1s de por los tres concejales\/as del Grupo Municipal de IU en el Ayuntamiento de Motril.<\/p>\n<p style=\"text-align: justify;\">Los informes del secretario del Ayuntamiento y del Interventor municipal aportados a la denuncia fueron retirados en el \u00faltimo minuto por el equipo de gobierno de los asuntos a tratar en el orden del d\u00eda del pleno municipal celebrado el pasado 31 de marzo. De esta manera se imped\u00eda su conocimiento por parte de la ciudadan\u00eda y se evitaba el debate pol\u00edtico sobre las actuaciones cuestionadas en los mismos.<\/p>\n<p style=\"text-align: justify;\">Ante esta situaci\u00f3n, Izquierda Unida ha entendido que resulta necesario poner en conocimiento de <a href=\"https:\/\/iumotril.org\/sitio\/izquierda-unida-rechaza-el-pago-de-productividades-y-gratificaciones-a-funcionarios-de-confianza\/\">instancias judiciales <\/a>dichas actuaciones claramente lesivas para los intereses de los vecinos y vecinas de Motril, al tratarse de unos pagos que menoscaban las arcas municipales.<\/p>\n<p style=\"text-align: justify;\">Para Izquierda Unida, la presentaci\u00f3n de esta demanda es un<strong> acto de responsabilidad pol\u00edtica<\/strong> que le corresponde leg\u00edtimamente en su papel de oposici\u00f3n, como representante de miles de motrile\u00f1os y motrile\u00f1as que depositaron su confianza en su formaci\u00f3n en las \u00faltimas elecciones municipales. <strong>As\u00ed se trabaja por Motril<\/strong>, <strong>velando por la legalidad vigente, por la transparencia en la gesti\u00f3n de los recursos p\u00fabicos y por la adecuada gesti\u00f3n de los asuntos municipales,<\/strong> ha afirmado un portavoz de la formaci\u00f3n.<\/p>\n<p style=\"text-align: justify;\">El pasado mes de marzo, tras el cese en sus funciones del anterior secretario municipal, la Teniente de Alcalde, \u00a0<strong>Mar\u00eda \u00c1ngeles Esc\u00e1mez,<\/strong> verti\u00f3 importantes <a href=\"https:\/\/iumotril.org\/sitio\/bochornoso-espectaculo-ofrecido-por-el-gobierno-local-tras-el-cese-del-secretario-municipal\/\">acusaciones personales<\/a> y descalificaciones profesionales hacia ese funcionario municipal. Sin embargo, el ayuntamiento de Motril no le ha reclamado ning\u00fan tipo de responsabilidad legal, a pesar de la gravedad de los hechos denunciados a los medios de comunicaci\u00f3n por parte de la <a href=\"https:\/\/iumotril.org\/sitio\/reclamamos-la-dimision-de-la-teniente-de-alcalde-ma-angeles-escamez\/\">Sra. Esc\u00e1mez<\/a>.<\/p>\n","protected":false},"excerpt":{"rendered":"<p>Para Izquierda Unida, la presentaci\u00f3n de esta demanda es un acto de responsabilidad pol\u00edtica que le corresponde leg\u00edtimamente en su papel de oposici\u00f3n, como representante de miles de motrile\u00f1os y motrile\u00f1as que depositaron su confianza en su formaci\u00f3n en las \u00faltimas elecciones municipales. As\u00ed se trabaja por Motril, velando por la legalidad vigente, por la transparencia en la gesti\u00f3n de los recursos p\u00fabicos y por la adecuada gesti\u00f3n de los asuntos municipales, ha afirmado un portavoz de la formaci\u00f3n.<\/p>\n","protected":false},"author":1,"featured_media":0,"comment_status":"open","ping_status":"open","sticky":false,"template":"","format":"standard","meta":{"cybocfi_hide_featured_image":"","_jetpack_newsletter_access":"","_jetpack_dont_email_post_to_subs":false,"_jetpack_newsletter_tier_id":0,"_jetpack_memberships_contains_paywalled_content":false,"_jetpack_memberships_contains_paid_content":false,"footnotes":""},"categories":[265],"tags":[719,130,488,720,340,721],"class_list":["post-2805","post","type-post","status-publish","format-standard","hentry","category-esta-pasando","tag-denuncia-fiscalia","tag-escamez","tag-gratificaciones","tag-horas-extraordinarias","tag-irregularidades","tag-maria-angeles-escamez"],"jetpack_featured_media_url":"","jetpack_sharing_enabled":true,"jetpack_shortlink":"https:\/\/wp.me\/p4QsU5-Jf","jetpack-related-posts":[{"id":2762,"url":"https:\/\/iumotril.org\/sitio\/reclamamos-la-dimision-de-la-teniente-de-alcalde-ma-angeles-escamez\/","url_meta":{"origin":2805,"position":0},"title":"Reclamamos la dimisi\u00f3n de la Teniente de Alcalde, M\u00aa \u00c1ngeles Esc\u00e1mez","author":"Izquierda Unida Motril","date":"29 marzo, 2017","format":false,"excerpt":"Tras conocer el contenido de sendos informes de la Intervenci\u00f3n Municipal y del Secretario del Ayuntamiento que se\u00f1alan la reiteraci\u00f3n en efectuar determinados pagos a empleados municipales al margen de todo procedimiento administrativo, sin ning\u00fan control por los \u00f3rganos de gobierno municipal competentes, Izquierda Unida ha reclamado la dimisi\u00f3n de\u2026","rel":"","context":"En \u00abEST\u00c1 PASANDO\u00bb","block_context":{"text":"EST\u00c1 PASANDO","link":"https:\/\/iumotril.org\/sitio\/category\/esta-pasando\/"},"img":{"alt_text":"","src":"https:\/\/i0.wp.com\/iumotril.org\/sitio\/wp-content\/uploads\/2017\/01\/MariaAngelesEscamez-300x300.jpg?resize=350%2C200","width":350,"height":200},"classes":[]},{"id":2568,"url":"https:\/\/iumotril.org\/sitio\/la-fiscalia-investigara-el-pago-de-gratificaciones-por-el-gobierno-del-pp-en-el-ayuntamiento-de-motril\/","url_meta":{"origin":2805,"position":1},"title":"La Fiscal\u00eda investigar\u00e1 el pago de gratificaciones por el gobierno del PP en el Ayuntamiento de Motril","author":"Izquierda Unida Motril","date":"6 diciembre, 2016","format":false,"excerpt":"Los hechos denunciados podr\u00edan ser constitutivos de prevaricaci\u00f3n o usurpaci\u00f3n de funciones p\u00fablicas, entre otros delitos cometidos por el anterior concejal de Econom\u00eda y Hacienda y por la entonces Alcaldesa, Luisa Mar\u00eda Garc\u00eda Chamorro.","rel":"","context":"En \u00abEST\u00c1 PASANDO\u00bb","block_context":{"text":"EST\u00c1 PASANDO","link":"https:\/\/iumotril.org\/sitio\/category\/esta-pasando\/"},"img":{"alt_text":"flor-y-luisa","src":"https:\/\/i0.wp.com\/iumotril.org\/sitio\/wp-content\/uploads\/2016\/12\/Flor-y-Luisa-300x200.jpg?resize=350%2C200","width":350,"height":200},"classes":[]},{"id":2742,"url":"https:\/\/iumotril.org\/sitio\/bochornoso-espectaculo-ofrecido-por-el-gobierno-local-tras-el-cese-del-secretario-municipal\/","url_meta":{"origin":2805,"position":2},"title":"BOCHORNOSO ESPECT\u00c1CULO OFRECIDO POR EL GOBIERNO LOCAL TRAS EL CESE DEL SECRETARIO MUNICIPAL","author":"Izquierda Unida Motril","date":"16 marzo, 2017","format":false,"excerpt":"Los hechos que sucedieron ayer en el Ayuntamiento de Motril son m\u00e1s propios de una rep\u00fablica bananera que de la segunda ciudad de mayor importancia de la provincia de Granada por su n\u00famero de habitantes. Este es el modelo de ciudad que parece querer el equipo de gobierno municipal, ha\u2026","rel":"","context":"En \u00abEST\u00c1 PASANDO\u00bb","block_context":{"text":"EST\u00c1 PASANDO","link":"https:\/\/iumotril.org\/sitio\/category\/esta-pasando\/"},"img":{"alt_text":"","src":"https:\/\/i0.wp.com\/iumotril.org\/sitio\/wp-content\/uploads\/2017\/01\/MariaAngelesEscamez-300x300.jpg?resize=350%2C200","width":350,"height":200},"classes":[]},{"id":2587,"url":"https:\/\/iumotril.org\/sitio\/un-boton-de-muestra-de-la-gestion-del-pp-en-el-ayuntamiento\/","url_meta":{"origin":2805,"position":3},"title":"UN BOT\u00d3N DE MUESTRA DE LA GESTI\u00d3N DEL PP EN EL AYUNTAMIENTO","author":"Izquierda Unida Motril","date":"6 diciembre, 2016","format":false,"excerpt":"Falta a la verdad Garc\u00eda Fuentes cuando afirma que la cuant\u00eda de 57.674 euros corresponden a las gratificaciones entregadas a distintos funcionarios por el concepto de servicios extraordinarios. No es cierto. Esa cantidad corresponde exclusivamente a la percibida por los tres funcionarios denunciados. Del mismo modo, intenta desviar la atenci\u00f3n\u2026","rel":"","context":"En \u00abEST\u00c1 PASANDO\u00bb","block_context":{"text":"EST\u00c1 PASANDO","link":"https:\/\/iumotril.org\/sitio\/category\/esta-pasando\/"},"img":{"alt_text":"denunucia-pag-10","src":"https:\/\/i0.wp.com\/iumotril.org\/sitio\/wp-content\/uploads\/2016\/12\/denunucia-pag-10-205x300.jpg?resize=350%2C200","width":350,"height":200},"classes":[]},{"id":2206,"url":"https:\/\/iumotril.org\/sitio\/izquierda-unida-exige-responsabilidades-politicas-por-la-gestion-economica-del-ayuntamiento-en-2012\/","url_meta":{"origin":2805,"position":4},"title":"Izquierda Unida exige responsabilidades pol\u00edticas por la gesti\u00f3n econ\u00f3mica del Ayuntamiento en 2012","author":"Izquierda Unida Motril","date":"15 junio, 2016","format":false,"excerpt":"Seg\u00fan un Informe del Tribunal de Cuentas al que ha tenido acceso Izquierda Unida, durante el ejercicio 2012 el Ayuntamiento de Motril no present\u00f3 la documentaci\u00f3n correspondiente a 350.641 euros. Este Informe ha dado lugar a la apertura de diligencia por parte de la Fiscal\u00eda General del Estado. Daniela Paqu\u00e9\u2026","rel":"","context":"En \u00abEST\u00c1 PASANDO\u00bb","block_context":{"text":"EST\u00c1 PASANDO","link":"https:\/\/iumotril.org\/sitio\/category\/esta-pasando\/"},"img":{"alt_text":"Rueda prensa Tcuentas","src":"https:\/\/i0.wp.com\/iumotril.org\/sitio\/wp-content\/uploads\/2016\/06\/Rueda-prensa-Tcuentas-1024x768.jpg?resize=350%2C200","width":350,"height":200,"srcset":"https:\/\/i0.wp.com\/iumotril.org\/sitio\/wp-content\/uploads\/2016\/06\/Rueda-prensa-Tcuentas-1024x768.jpg?resize=350%2C200 1x, https:\/\/i0.wp.com\/iumotril.org\/sitio\/wp-content\/uploads\/2016\/06\/Rueda-prensa-Tcuentas-1024x768.jpg?resize=525%2C300 1.5x"},"classes":[]},{"id":7730,"url":"https:\/\/iumotril.org\/sitio\/iu-equo-denuncia-ante-la-fiscalia-el-pago-de-obligaciones-judiciales-de-la-alcaldesa-de-motril-con-dinero-publico\/","url_meta":{"origin":2805,"position":5},"title":"IU-Equo denuncia ante la Fiscal\u00eda el pago de obligaciones judiciales de la alcaldesa de Motril con dinero p\u00fablico","author":"Izquierda Unida Motril","date":"8 octubre, 2021","format":false,"excerpt":"Conforme a la documentaci\u00f3n recibida por IU-Equo, la alcaldesa de Motril habr\u00eda abonado con fondos p\u00fablicos, del Grupo municipal del Partido Popular de Motril, el pago de obligaciones jur\u00eddicas particulares como consecuencia de una sentencia por actuaciones que se produjeron cuando Garc\u00eda Chamorro era vicepresidenta de la Diputaci\u00f3n Provincial de\u2026","rel":"","context":"En \u00abAyuntamiento\u00bb","block_context":{"text":"Ayuntamiento","link":"https:\/\/iumotril.org\/sitio\/category\/ayuntamiento\/"},"img":{"alt_text":"","src":"https:\/\/i0.wp.com\/iumotril.org\/sitio\/wp-content\/uploads\/2021\/10\/Fiscalia-2-1024x683.jpg?resize=350%2C200","width":350,"height":200,"srcset":"https:\/\/i0.wp.com\/iumotril.org\/sitio\/wp-content\/uploads\/2021\/10\/Fiscalia-2-1024x683.jpg?resize=350%2C200 1x, https:\/\/i0.wp.com\/iumotril.org\/sitio\/wp-content\/uploads\/2021\/10\/Fiscalia-2-1024x683.jpg?resize=525%2C300 1.5x"},"classes":[]}],"jetpack_likes_enabled":true,"_links":{"self":[{"href":"https:\/\/iumotril.org\/sitio\/wp-json\/wp\/v2\/posts\/2805","targetHints":{"allow":["GET"]}}],"collection":[{"href":"https:\/\/iumotril.org\/sitio\/wp-json\/wp\/v2\/posts"}],"about":[{"href":"https:\/\/iumotril.org\/sitio\/wp-json\/wp\/v2\/types\/post"}],"author":[{"embeddable":true,"href":"https:\/\/iumotril.org\/sitio\/wp-json\/wp\/v2\/users\/1"}],"replies":[{"embeddable":true,"href":"https:\/\/iumotril.org\/sitio\/wp-json\/wp\/v2\/comments?post=2805"}],"version-history":[{"count":5,"href":"https:\/\/iumotril.org\/sitio\/wp-json\/wp\/v2\/posts\/2805\/revisions"}],"predecessor-version":[{"id":2811,"href":"https:\/\/iumotril.org\/sitio\/wp-json\/wp\/v2\/posts\/2805\/revisions\/2811"}],"wp:attachment":[{"href":"https:\/\/iumotril.org\/sitio\/wp-json\/wp\/v2\/media?parent=2805"}],"wp:term":[{"taxonomy":"category","embeddable":true,"href":"https:\/\/iumotril.org\/sitio\/wp-json\/wp\/v2\/categories?post=2805"},{"taxonomy":"post_tag","embeddable":true,"href":"https:\/\/iumotril.org\/sitio\/wp-json\/wp\/v2\/tags?post=2805"}],"curies":[{"name":"wp","href":"https:\/\/api.w.org\/{rel}","templated":true}]}}