{"id":2769,"date":"2017-03-30T18:29:08","date_gmt":"2017-03-30T16:29:08","guid":{"rendered":"http:\/\/iumotril.org\/sitio\/?p=2769"},"modified":"2017-03-30T13:29:51","modified_gmt":"2017-03-30T11:29:51","slug":"izquierda-unida-rechaza-la-privatizacion-de-la-grua-municipal","status":"publish","type":"post","link":"https:\/\/iumotril.org\/sitio\/izquierda-unida-rechaza-la-privatizacion-de-la-grua-municipal\/","title":{"rendered":"Izquierda Unida rechaza la privatizaci\u00f3n de la gr\u00faa municipal"},"content":{"rendered":"<p style=\"text-align: justify;\"><span style=\"color: #993300;\"><strong>El Grupo Municipal de Izquierda Unida ha anunciado que rechazar\u00e1 la propuesta que presenta al Pleno el equipo de gobierno para la \u201cmodificaci\u00f3n de la forma de gesti\u00f3n del servicio de retirada, traslado, dep\u00f3sito y custodia de veh\u00edculos de la v\u00eda p\u00fablica\u201d. Asimismo ha hecho p\u00fablicas las mociones que presentar\u00e1 ma\u00f1ana en el Pleno: \u00a0Arreglo integral urgente de la Ronda de Poniente; Apertura de la Escuela Municipal de M\u00fasica y Danza para el curso 2017\/2018 y, por \u00faltimo, la Petici\u00f3n de indulto para Andr\u00e9s B\u00f3dalo, dirigente sindical y activista social y pol\u00edtico<\/strong>.<\/span><\/p>\n<p>Es sobradamente conocida la oposici\u00f3n frontal de esta organizaci\u00f3n a la privatizaci\u00f3n de cualquier servicio p\u00fablico del car\u00e1cter que \u00e9ste sea. Adem\u00e1s, en este caso, IU entiende que la privatizaci\u00f3n del servicio tiene <strong>como \u00fanico objetivo hacer de la retirada de veh\u00edculos un negocio para ser explotado con \u00e1nimo de lucro por parte de la iniciativa privada<\/strong>. De este modo, se abrir\u00eda la veda para <strong>penalizar a los ciudadanos con nuevas cargas impositivas<\/strong>, aunque fuera de manera indirecta, contribuyendo a una voracidad recaudatoria por parte del Ayuntamiento inaceptable.<\/p>\n<p><a href=\"https:\/\/iumotril.org\/sitio\/grua\/\"><img loading=\"lazy\" decoding=\"async\" data-attachment-id=\"2778\" data-permalink=\"https:\/\/iumotril.org\/sitio\/izquierda-unida-rechaza-la-privatizacion-de-la-grua-municipal\/grua\/\" data-orig-file=\"https:\/\/iumotril.org\/sitio\/wp-content\/uploads\/2017\/03\/grua.jpg\" data-orig-size=\"646,289\" data-comments-opened=\"1\" data-image-meta=\"{&quot;aperture&quot;:&quot;0&quot;,&quot;credit&quot;:&quot;&quot;,&quot;camera&quot;:&quot;&quot;,&quot;caption&quot;:&quot;&quot;,&quot;created_timestamp&quot;:&quot;0&quot;,&quot;copyright&quot;:&quot;&quot;,&quot;focal_length&quot;:&quot;0&quot;,&quot;iso&quot;:&quot;0&quot;,&quot;shutter_speed&quot;:&quot;0&quot;,&quot;title&quot;:&quot;&quot;,&quot;orientation&quot;:&quot;0&quot;}\" data-image-title=\"grua\" data-image-description=\"\" data-image-caption=\"\" data-large-file=\"https:\/\/iumotril.org\/sitio\/wp-content\/uploads\/2017\/03\/grua.jpg\" class=\"alignleft wp-image-2778\" src=\"https:\/\/iumotril.org\/sitio\/wp-content\/uploads\/2017\/03\/grua-300x134.jpg\" alt=\"\" width=\"501\" height=\"224\" srcset=\"https:\/\/iumotril.org\/sitio\/wp-content\/uploads\/2017\/03\/grua-300x134.jpg 300w, https:\/\/iumotril.org\/sitio\/wp-content\/uploads\/2017\/03\/grua.jpg 646w\" sizes=\"auto, (max-width: 501px) 100vw, 501px\" \/><\/a>El argumento esgrimido por el equipo de gobierno de que la gr\u00faa es un servicio deficitario, no se sostiene. Al tratarse de <strong>un servicio p\u00fablico<\/strong> es evidente que dicho servicio no debe arrojar beneficios, lo que no quita para <strong>que sea gestionado con la mayor eficacia posible<\/strong>, algo que resultar\u00e1 dif\u00edcil si su competencia sigue correspondiendo a LIMDECO, cuyos gestores llevan a\u00f1os dando sobradas muestras de su incompetencia e incapacidad.<\/p>\n<p>Izquierda Unida defender\u00e1 que se busquen las f\u00f3rmulas necesarias para que dicho servicio siga siendo gestionado p\u00fablicamente, pero al margen de LIMDECO.<\/p>\n<p><strong><span style=\"color: #993300;\">La Ronda de Poniente, un peligro p\u00fablico<\/span>.<\/strong><\/p>\n<p>IU Motril viene denunciando desde hace a\u00f1os el <strong>deplorable estado de abandono de la circunvalaci\u00f3n<\/strong> que conecta los accesos de Motril con importantes puntos de la ciudad, como el hospital comarcal. Una v\u00eda transitada a diario por miles de vecinos y visitantes, que ofrece una <strong>lamentable imagen de nuestra ciudad<\/strong> y evidencia la incapacidad y el <strong>desinter\u00e9s de los responsables municipales por la seguridad de los conductores que transitan por esta v\u00eda<\/strong> que, dos a\u00f1os despu\u00e9s de su llegada al gobierno, no han sido capaces ni siquiera de parchearla y justifican su inacci\u00f3n echando balones fuera.<\/p>\n<p>A pesar de las reiteradas denuncias presentadas p\u00fablicamente y de su eco y repercusi\u00f3n en diferentes medios de comunicaci\u00f3n provinciales, la solicitud de arreglo de la circunvalaci\u00f3n a\u00fan no ha sido atendida, por lo que IU vuelve a reclamarla con la presentaci\u00f3n de esta Moci\u00f3n al Pleno.<\/p>\n","protected":false},"excerpt":{"rendered":"<p>Es sobradamente conocida la oposici\u00f3n frontal de esta organizaci\u00f3n a la privatizaci\u00f3n de cualquier servicio p\u00fablico del car\u00e1cter que \u00e9ste sea. Adem\u00e1s, en este caso, IU entiende que la privatizaci\u00f3n del servicio tiene como \u00fanico objetivo hacer de la retirada de veh\u00edculos un negocio para ser explotado con \u00e1nimo de lucro por parte de la iniciativa privada. De este modo, se abrir\u00eda la veda para penalizar a los ciudadanos con nuevas cargas impositivas, aunque fuera de manera indirecta, contribuyendo a una voracidad recaudatoria por parte del Ayuntamiento inaceptable.<\/p>\n","protected":false},"author":1,"featured_media":0,"comment_status":"open","ping_status":"open","sticky":false,"template":"","format":"standard","meta":{"cybocfi_hide_featured_image":"","_jetpack_newsletter_access":"","_jetpack_dont_email_post_to_subs":false,"_jetpack_newsletter_tier_id":0,"_jetpack_memberships_contains_paywalled_content":false,"_jetpack_memberships_contains_paid_content":false,"footnotes":""},"categories":[265],"tags":[],"class_list":["post-2769","post","type-post","status-publish","format-standard","hentry","category-esta-pasando"],"jetpack_featured_media_url":"","jetpack_sharing_enabled":true,"jetpack_shortlink":"https:\/\/wp.me\/p4QsU5-IF","jetpack-related-posts":[{"id":2849,"url":"https:\/\/iumotril.org\/sitio\/rechazamos-frontalmente-la-privatizacion-de-la-grua-municipal\/","url_meta":{"origin":2769,"position":0},"title":"RECHAZAMOS FRONTALMENTE LA PRIVATIZACI\u00d3N DE LA GR\u00daA MUNICIPAL","author":"Izquierda Unida Motril","date":"4 mayo, 2017","format":false,"excerpt":"La excusa del gobierno de Alm\u00f3n para privatizar el servicio es liberar a LIMDECO de la encomienda de la gesti\u00f3n de retirada, traspaso, dep\u00f3sito y custodia de veh\u00edculos, lo que le supone un d\u00e9ficit anual medio de 154 mil euros, dedicando a dicha gesti\u00f3n a 4,5 trabajadores. Una excusa tramposa\u2026","rel":"","context":"En \u00abEST\u00c1 PASANDO\u00bb","block_context":{"text":"EST\u00c1 PASANDO","link":"https:\/\/iumotril.org\/sitio\/category\/esta-pasando\/"},"img":{"alt_text":"","src":"https:\/\/i0.wp.com\/iumotril.org\/sitio\/wp-content\/uploads\/2017\/05\/Grua-municipal-1024x754.jpg?resize=350%2C200","width":350,"height":200,"srcset":"https:\/\/i0.wp.com\/iumotril.org\/sitio\/wp-content\/uploads\/2017\/05\/Grua-municipal-1024x754.jpg?resize=350%2C200 1x, https:\/\/i0.wp.com\/iumotril.org\/sitio\/wp-content\/uploads\/2017\/05\/Grua-municipal-1024x754.jpg?resize=525%2C300 1.5x"},"classes":[]},{"id":2855,"url":"https:\/\/iumotril.org\/sitio\/ya-tenemos-triple-alianza-en-version-motrilena\/","url_meta":{"origin":2769,"position":1},"title":"YA TENEMOS TRIPLE ALIANZA EN VERSI\u00d3N MOTRILE\u00d1A","author":"Izquierda Unida Motril","date":"5 mayo, 2017","format":false,"excerpt":"Izquierda Unida ha sido el \u00fanico grupo pol\u00edtico con representaci\u00f3n municipal que se ha opuesto a la privatizaci\u00f3n del servicio de recogida, traslado y dep\u00f3sito de veh\u00edculos, denunciando que se trata del primer paso en el proceso de privatizaci\u00f3n de LIMDECO. La triple alianza motrile\u00f1a aprueba una modificaci\u00f3n de la\u2026","rel":"","context":"En \u00abEST\u00c1 PASANDO\u00bb","block_context":{"text":"EST\u00c1 PASANDO","link":"https:\/\/iumotril.org\/sitio\/category\/esta-pasando\/"},"img":{"alt_text":"","src":"https:\/\/i0.wp.com\/iumotril.org\/sitio\/wp-content\/uploads\/2017\/05\/File_000-1024x768.jpeg?resize=350%2C200","width":350,"height":200,"srcset":"https:\/\/i0.wp.com\/iumotril.org\/sitio\/wp-content\/uploads\/2017\/05\/File_000-1024x768.jpeg?resize=350%2C200 1x, https:\/\/i0.wp.com\/iumotril.org\/sitio\/wp-content\/uploads\/2017\/05\/File_000-1024x768.jpeg?resize=525%2C300 1.5x"},"classes":[]},{"id":4801,"url":"https:\/\/iumotril.org\/sitio\/izquierda-unida-denuncia-sobrecostes-en-el-servicio-de-limpieza-municipal\/","url_meta":{"origin":2769,"position":2},"title":"Izquierda Unida denuncia sobrecostes en el servicio de limpieza municipal","author":"Izquierda Unida Motril","date":"27 marzo, 2019","format":false,"excerpt":"Rechazamos la privatizaci\u00f3n de los servicios p\u00fablicos municipales. No es la soluci\u00f3n para resolver los problemas de limpieza. Entendemos que la soluci\u00f3n pasa por dotar de los medios y recursos necesarios a las empresas p\u00fablicas para que lleven a cabo su tarea eficazmente y gestionarlas de forma profesional. Carece de\u2026","rel":"","context":"En \u00abCiudad\u00bb","block_context":{"text":"Ciudad","link":"https:\/\/iumotril.org\/sitio\/category\/ciudad\/"},"img":{"alt_text":"","src":"https:\/\/i0.wp.com\/iumotril.org\/sitio\/wp-content\/uploads\/2019\/03\/Inma-y-Jose-2_Marzo.jpg?resize=350%2C200","width":350,"height":200,"srcset":"https:\/\/i0.wp.com\/iumotril.org\/sitio\/wp-content\/uploads\/2019\/03\/Inma-y-Jose-2_Marzo.jpg?resize=350%2C200 1x, https:\/\/i0.wp.com\/iumotril.org\/sitio\/wp-content\/uploads\/2019\/03\/Inma-y-Jose-2_Marzo.jpg?resize=525%2C300 1.5x, https:\/\/i0.wp.com\/iumotril.org\/sitio\/wp-content\/uploads\/2019\/03\/Inma-y-Jose-2_Marzo.jpg?resize=700%2C400 2x, https:\/\/i0.wp.com\/iumotril.org\/sitio\/wp-content\/uploads\/2019\/03\/Inma-y-Jose-2_Marzo.jpg?resize=1050%2C600 3x, https:\/\/i0.wp.com\/iumotril.org\/sitio\/wp-content\/uploads\/2019\/03\/Inma-y-Jose-2_Marzo.jpg?resize=1400%2C800 4x"},"classes":[]},{"id":1837,"url":"https:\/\/iumotril.org\/sitio\/izquierda-unida-denuncia-la-gestion-y-las-deficiencias-del-servicio-del-agua-en-motril\/","url_meta":{"origin":2769,"position":3},"title":"IZQUIERDA UNIDA DENUNCIA LA GESTI\u00d3N Y LAS DEFICIENCIAS DEL SERVICIO DEL AGUA EN MOTRIL","author":"Izquierda Unida Motril","date":"21 enero, 2016","format":false,"excerpt":"Mientras que Aguas y Servicios obtiene beneficios millonarios, vecinos y vecinas de Motril no tienen agua caliente en sus casas. Reclamamos la recuperaci\u00f3n de la gesti\u00f3n p\u00fablica del servicio y la investigaci\u00f3n de las irregularidades que se han podido cometer.","rel":"","context":"En \u00abEST\u00c1 PASANDO\u00bb","block_context":{"text":"EST\u00c1 PASANDO","link":"https:\/\/iumotril.org\/sitio\/category\/esta-pasando\/"},"img":{"alt_text":"vecinos2","src":"https:\/\/i0.wp.com\/iumotril.org\/sitio\/wp-content\/uploads\/2016\/01\/vecinos2-300x222.jpg?resize=350%2C200","width":350,"height":200},"classes":[]},{"id":4661,"url":"https:\/\/iumotril.org\/sitio\/izquierda-unida-reclama-la-recuperacion-de-los-servicios-municipales-privatizados\/","url_meta":{"origin":2769,"position":4},"title":"Izquierda Unida reclama la recuperaci\u00f3n de los servicios municipales privatizados.","author":"Izquierda Unida Motril","date":"30 enero, 2019","format":false,"excerpt":"La portavoz adjunta del Grupo Municipal de Izquierda Unida, Inma Omiste, ha criticado la gesti\u00f3n de Flor Alm\u00f3n al frente del Ayuntamiento de Motril, que se ha desentendido de la defensa de lo p\u00fablico y ha preferido, por incompetencia y comodidad, dejar en manos privadas determinados servicios municipales, lo que\u2026","rel":"","context":"En \u00abAyuntamiento\u00bb","block_context":{"text":"Ayuntamiento","link":"https:\/\/iumotril.org\/sitio\/category\/ayuntamiento\/"},"img":{"alt_text":"","src":"https:\/\/i0.wp.com\/iumotril.org\/sitio\/wp-content\/uploads\/2019\/01\/Inma-Omiste_Servicios-p%C3%BAblicos-30-enero-1024x768.jpg?resize=350%2C200","width":350,"height":200},"classes":[]},{"id":1891,"url":"https:\/\/iumotril.org\/sitio\/iu-exige-a-la-mancomunidad-que-depure-responsabilidades-por-la-prorroga-del-contrato-de-aguas-y-servicios\/","url_meta":{"origin":2769,"position":5},"title":"IU EXIGE A LA MANCOMUNIDAD QUE DEPURE RESPONSABILIDADES POR LA PRORROGA DEL CONTRATO DE AGUAS Y SERVICIOS","author":"Izquierda Unida Motril","date":"18 febrero, 2016","format":false,"excerpt":"\u00c1ngel Coello, portavoz del Grupo Municipal de Izquierda Unida en el ayuntamiento de Salobre\u00f1a ha informado de que la privatizaci\u00f3n del servicio ha supuesto una importante financiaci\u00f3n de los ayuntamientos gobernados por PP y por PSOE en la comarca y, tambi\u00e9n de algunas actuaciones de car\u00e1cter partidista, a la vez\u2026","rel":"","context":"En \u00abEST\u00c1 PASANDO\u00bb","block_context":{"text":"EST\u00c1 PASANDO","link":"https:\/\/iumotril.org\/sitio\/category\/esta-pasando\/"},"img":{"alt_text":"prensa mancomunidad 2","src":"https:\/\/i0.wp.com\/iumotril.org\/sitio\/wp-content\/uploads\/2016\/02\/prensa-mancomunidad-2-300x222.jpg?resize=350%2C200","width":350,"height":200},"classes":[]}],"jetpack_likes_enabled":true,"_links":{"self":[{"href":"https:\/\/iumotril.org\/sitio\/wp-json\/wp\/v2\/posts\/2769","targetHints":{"allow":["GET"]}}],"collection":[{"href":"https:\/\/iumotril.org\/sitio\/wp-json\/wp\/v2\/posts"}],"about":[{"href":"https:\/\/iumotril.org\/sitio\/wp-json\/wp\/v2\/types\/post"}],"author":[{"embeddable":true,"href":"https:\/\/iumotril.org\/sitio\/wp-json\/wp\/v2\/users\/1"}],"replies":[{"embeddable":true,"href":"https:\/\/iumotril.org\/sitio\/wp-json\/wp\/v2\/comments?post=2769"}],"version-history":[{"count":4,"href":"https:\/\/iumotril.org\/sitio\/wp-json\/wp\/v2\/posts\/2769\/revisions"}],"predecessor-version":[{"id":2779,"href":"https:\/\/iumotril.org\/sitio\/wp-json\/wp\/v2\/posts\/2769\/revisions\/2779"}],"wp:attachment":[{"href":"https:\/\/iumotril.org\/sitio\/wp-json\/wp\/v2\/media?parent=2769"}],"wp:term":[{"taxonomy":"category","embeddable":true,"href":"https:\/\/iumotril.org\/sitio\/wp-json\/wp\/v2\/categories?post=2769"},{"taxonomy":"post_tag","embeddable":true,"href":"https:\/\/iumotril.org\/sitio\/wp-json\/wp\/v2\/tags?post=2769"}],"curies":[{"name":"wp","href":"https:\/\/api.w.org\/{rel}","templated":true}]}}