{"id":2747,"date":"2017-03-17T12:24:00","date_gmt":"2017-03-17T11:24:00","guid":{"rendered":"http:\/\/iumotril.org\/sitio\/?p=2747"},"modified":"2017-03-17T12:35:24","modified_gmt":"2017-03-17T11:35:24","slug":"una-vez-mas-exigimos-la-pavimentacion-y-el-arreglo-de-la-ronda-de-poniente","status":"publish","type":"post","link":"https:\/\/iumotril.org\/sitio\/una-vez-mas-exigimos-la-pavimentacion-y-el-arreglo-de-la-ronda-de-poniente\/","title":{"rendered":"Una vez m\u00e1s, exigimos la pavimentaci\u00f3n y el arreglo de la Ronda de Poniente"},"content":{"rendered":"<p><strong><span style=\"color: #993300;\">Desde hace un a\u00f1o Izquierda Unida viene reclamando a trav\u00e9s de diferentes iniciativas el arreglo urgente de la circunvalaci\u00f3n ante el escandaloso deterioro de su estado de conservaci\u00f3n. Sin embargo, los responsables municipales siguen sin hacer nada, despreciando la peligrosidad manifiesta que supone transitarla para los miles de ciudadanos que diariamente utilizan esta importante v\u00eda de comunicaci\u00f3n de nuestra ciudad.<\/span><\/strong><\/p>\n<p><strong>Desde abril de 2016<\/strong>, IU viene se\u00f1alando el peligro para la seguridad vial que supone el <strong>deplorable estado de conservaci\u00f3n y abandono de la Ronda de Poniente, la circunvalaci\u00f3n<\/strong> que conecta los accesos a Motril con importantes n\u00facleos de la ciudad, caso del hospital comarcal: baches de grandes dimensiones, arcenes invadidos por la maleza, quitamiedos deteriorados o en mal estado, inexistencia de iluminaci\u00f3n y m\u00faltiples deficiencias en la se\u00f1alizaci\u00f3n vial, tal y como ha denunciado all\u00ed mismo el concejal de IU Christian Linares.<\/p>\n<p><a href=\"https:\/\/iumotril.org\/sitio\/circun_17-marzo\/\"><img loading=\"lazy\" decoding=\"async\" data-attachment-id=\"2749\" data-permalink=\"https:\/\/iumotril.org\/sitio\/una-vez-mas-exigimos-la-pavimentacion-y-el-arreglo-de-la-ronda-de-poniente\/circun_17-marzo\/\" data-orig-file=\"https:\/\/iumotril.org\/sitio\/wp-content\/uploads\/2017\/03\/circun_17-marzo.jpg\" data-orig-size=\"1040,780\" data-comments-opened=\"1\" data-image-meta=\"{&quot;aperture&quot;:&quot;0&quot;,&quot;credit&quot;:&quot;&quot;,&quot;camera&quot;:&quot;Aquaris M5.5&quot;,&quot;caption&quot;:&quot;&quot;,&quot;created_timestamp&quot;:&quot;1489740686&quot;,&quot;copyright&quot;:&quot;&quot;,&quot;focal_length&quot;:&quot;3.69&quot;,&quot;iso&quot;:&quot;100&quot;,&quot;shutter_speed&quot;:&quot;0.0023094688221709&quot;,&quot;title&quot;:&quot;&quot;,&quot;orientation&quot;:&quot;1&quot;}\" data-image-title=\"circun_17 marzo\" data-image-description=\"\" data-image-caption=\"\" data-large-file=\"https:\/\/iumotril.org\/sitio\/wp-content\/uploads\/2017\/03\/circun_17-marzo-1024x768.jpg\" class=\"size-large wp-image-2749 alignleft\" src=\"https:\/\/iumotril.org\/sitio\/wp-content\/uploads\/2017\/03\/circun_17-marzo-1024x768.jpg\" alt=\"\" width=\"620\" height=\"465\" srcset=\"https:\/\/iumotril.org\/sitio\/wp-content\/uploads\/2017\/03\/circun_17-marzo-1024x768.jpg 1024w, https:\/\/iumotril.org\/sitio\/wp-content\/uploads\/2017\/03\/circun_17-marzo-300x225.jpg 300w, https:\/\/iumotril.org\/sitio\/wp-content\/uploads\/2017\/03\/circun_17-marzo-768x576.jpg 768w, https:\/\/iumotril.org\/sitio\/wp-content\/uploads\/2017\/03\/circun_17-marzo.jpg 1040w\" sizes=\"auto, (max-width: 620px) 100vw, 620px\" \/><\/a>Circulando por esta Ronda <strong>uno no sabe si est\u00e1 en Motril, en Alepo o en un pa\u00eds en v\u00edas de desarrollo<\/strong>. Es as\u00ed como trabajan por la ciudad nuestros gobernantes, m\u00e1s preocupados en <a href=\"https:\/\/iumotril.org\/sitio\/bochornoso-espectaculo-ofrecido-por-el-gobierno-local-tras-el-cese-del-secretario-municipal\/\">organizar vendettas<\/a> a los empleados p\u00fablicos que en resolver los problemas reales de los ciudadanos, ha manifestado el concejal de izquierdas.<\/p>\n<p>El deterioro de esta v\u00eda es evidente para propios y extra\u00f1os, sobre todo para los motrile\u00f1os y motrile\u00f1as que lo sufren d\u00eda a d\u00eda, pero parece carecer de importancia para<strong> los responsables municipales que dejan bien claro con su falta de actuaciones el desprecio hacia las necesidades de la ciudad y de sus vecinos y cu\u00e1les son sus principales prioridades<\/strong>. Flor Alm\u00f3n y su equipo prefieren seguir con sus viajes, posando en confortables escenarios y despachos o recalificar el suelo de la Vega de Motril para instalar grandes superficies comerciales, mientras la ciudad va quedando abandonada a su suerte.<\/p>\n<p>Motril sufre un <strong>estado de abandono alarmante<\/strong> en todos los sentidos dos a\u00f1os despu\u00e9s de la llegada al gobierno municipal de<strong> Flor Alm\u00f3n y Esc\u00e1mez<\/strong>. A la<strong> ausencia de un proyecto de modelo de ciudad<\/strong> consensuado con la ciudadan\u00eda, el equipo de gobierno ha sumado la <strong>improvisaci\u00f3n<\/strong>, la <strong>incompetencia<\/strong> o el <strong>aprovechamiento del cargo municipal<\/strong> para el logro de intereses espurios.<\/p>\n<p>Dos a\u00f1os despu\u00e9s son diversos los frentes <a href=\"https:\/\/iumotril.org\/sitio\/la-fiscalia-investigara-el-pago-de-gratificaciones-por-el-gobierno-del-pp-en-el-ayuntamiento-de-motril\/\">judiciales<\/a>, pol\u00edticos y <a href=\"http:\/\/www.ideal.es\/granada\/costa\/201611\/12\/motril-cobrara-cortijos-tasas-20161110004251.html\">ciudadanos<\/a> que el ayuntamiento de Motril tiene abiertos como consecuencia de su forma de gestionar o de no hacerlo. Una situaci\u00f3n delicada que, sin lugar a dudas, tendr\u00e1 consecuencias en la mitad venidera del<strong> mandato de Alm\u00f3n&amp;Esc\u00e1mez<\/strong>.<\/p>\n<p>Atentos.<\/p>\n","protected":false},"excerpt":{"rendered":"<p>El deterioro de esta v\u00eda es evidente para propios y extra\u00f1os, sobre todo para los motrile\u00f1os y motrile\u00f1as que lo sufren d\u00eda a d\u00eda, pero parece carecer de importancia para los responsables municipales que dejan bien claro con su falta de actuaciones el desprecio hacia las necesidades de la ciudad y de sus vecinos y cu\u00e1les son sus principales prioridades. Flor Alm\u00f3n y su equipo prefieren seguir con sus viajes, posando en confortables escenarios y despachos o recalificar el suelo de la Vega de Motril para instalar grandes superficies comerciales, mientras la ciudad va quedando abandonada a su suerte.<\/p>\n","protected":false},"author":1,"featured_media":0,"comment_status":"open","ping_status":"open","sticky":false,"template":"","format":"standard","meta":{"cybocfi_hide_featured_image":"","_jetpack_newsletter_access":"","_jetpack_dont_email_post_to_subs":false,"_jetpack_newsletter_tier_id":0,"_jetpack_memberships_contains_paywalled_content":false,"_jetpack_memberships_contains_paid_content":false,"footnotes":""},"categories":[265],"tags":[377,702,701,455,457,703],"class_list":["post-2747","post","type-post","status-publish","format-standard","hentry","category-esta-pasando","tag-abandono","tag-almonescamez","tag-circunvalacion","tag-ronda-poniente","tag-seguridad-vial","tag-vendettas"],"jetpack_featured_media_url":"","jetpack_sharing_enabled":true,"jetpack_shortlink":"https:\/\/wp.me\/p4QsU5-Ij","jetpack-related-posts":[{"id":1989,"url":"https:\/\/iumotril.org\/sitio\/izquierda-unida-denuncia-el-mal-estado-del-pavimento-de-la-ronda-de-poniente\/","url_meta":{"origin":2747,"position":0},"title":"IZQUIERDA UNIDA DENUNCIA EL MAL ESTADO DEL PAVIMENTO DE LA RONDA DE PONIENTE","author":"Izquierda Unida Motril","date":"29 marzo, 2016","format":false,"excerpt":"El Grupo Municipal de Izquierda Unida ha denunciado el estado deplorable del firme de la circunvalaci\u00f3n (Ronda de Poniente) en el tramo que discurre entre la F\u00e1brica del Pilar y la rotonda del Hospital. Reclama que, con car\u00e1cter urgente, se emprendan los trabajos de arreglo y reforma de su pavimento.","rel":"","context":"En \u00abBreves\u00bb","block_context":{"text":"Breves","link":"https:\/\/iumotril.org\/sitio\/category\/breves\/"},"img":{"alt_text":"circunvalacion 4","src":"https:\/\/i0.wp.com\/iumotril.org\/sitio\/wp-content\/uploads\/2016\/03\/circunvalacion-4-e1459251950305.jpg?resize=350%2C200","width":350,"height":200},"classes":[]},{"id":2769,"url":"https:\/\/iumotril.org\/sitio\/izquierda-unida-rechaza-la-privatizacion-de-la-grua-municipal\/","url_meta":{"origin":2747,"position":1},"title":"Izquierda Unida rechaza la privatizaci\u00f3n de la gr\u00faa municipal","author":"Izquierda Unida Motril","date":"30 marzo, 2017","format":false,"excerpt":"Es sobradamente conocida la oposici\u00f3n frontal de esta organizaci\u00f3n a la privatizaci\u00f3n de cualquier servicio p\u00fablico del car\u00e1cter que \u00e9ste sea. Adem\u00e1s, en este caso, IU entiende que la privatizaci\u00f3n del servicio tiene como \u00fanico objetivo hacer de la retirada de veh\u00edculos un negocio para ser explotado con \u00e1nimo de\u2026","rel":"","context":"En \u00abEST\u00c1 PASANDO\u00bb","block_context":{"text":"EST\u00c1 PASANDO","link":"https:\/\/iumotril.org\/sitio\/category\/esta-pasando\/"},"img":{"alt_text":"","src":"https:\/\/i0.wp.com\/iumotril.org\/sitio\/wp-content\/uploads\/2017\/03\/grua-300x134.jpg?resize=350%2C200","width":350,"height":200},"classes":[]},{"id":10406,"url":"https:\/\/iumotril.org\/sitio\/apoyamos-las-demandas-de-mejoras-de-los-vecinos-del-barrio-de-las-angustias\/","url_meta":{"origin":2747,"position":2},"title":"Apoyamos las demandas de mejoras de los vecinos del barrio de Las Angustias","author":"Izquierda Unida Motril","date":"30 enero, 2025","format":false,"excerpt":"Su portavoz municipal, Inmaculada Omiste, ha denunciado que siendo uno de los barrios m\u00e1s poblados de Motril, con varios centros docentes y otras instituciones importantes, lleve arrastrando este abandono por parte del Ayuntamiento de Motril. El grupo municipal ha recogido las demandas de los vecinos y vecinas, que van desde\u2026","rel":"","context":"En \u00abCiudad\u00bb","block_context":{"text":"Ciudad","link":"https:\/\/iumotril.org\/sitio\/category\/ciudad\/"},"img":{"alt_text":"","src":"https:\/\/i0.wp.com\/iumotril.org\/sitio\/wp-content\/uploads\/2025\/01\/Las-Anagustias.jpg?resize=350%2C200&ssl=1","width":350,"height":200,"srcset":"https:\/\/i0.wp.com\/iumotril.org\/sitio\/wp-content\/uploads\/2025\/01\/Las-Anagustias.jpg?resize=350%2C200&ssl=1 1x, https:\/\/i0.wp.com\/iumotril.org\/sitio\/wp-content\/uploads\/2025\/01\/Las-Anagustias.jpg?resize=525%2C300&ssl=1 1.5x"},"classes":[]},{"id":7181,"url":"https:\/\/iumotril.org\/sitio\/iu-equo-reclama-el-arreglo-de-diversos-tramos-del-paseo-de-la-carretera-de-la-playa\/","url_meta":{"origin":2747,"position":3},"title":"IU-Equo reclama el arreglo de diversos tramos del paseo de la carretera de la playa","author":"Izquierda Unida Motril","date":"19 febrero, 2021","format":false,"excerpt":"Seg\u00fan Inma Omiste el deterioro de este paseo que recorre la carretera de la playa se debe, fundamentalmente, a la falta de personal en los servicios municipales, especialmente en el \u00c1rea de mantenimiento de la ciudad. Ha recordado que desde su formaci\u00f3n se viene insistiendo continuamente en la necesidad de\u2026","rel":"","context":"En \u00abCiudad\u00bb","block_context":{"text":"Ciudad","link":"https:\/\/iumotril.org\/sitio\/category\/ciudad\/"},"img":{"alt_text":"","src":"https:\/\/i0.wp.com\/iumotril.org\/sitio\/wp-content\/uploads\/2021\/02\/Inma-19-febrero-1024x768.jpg?resize=350%2C200","width":350,"height":200,"srcset":"https:\/\/i0.wp.com\/iumotril.org\/sitio\/wp-content\/uploads\/2021\/02\/Inma-19-febrero-1024x768.jpg?resize=350%2C200 1x, https:\/\/i0.wp.com\/iumotril.org\/sitio\/wp-content\/uploads\/2021\/02\/Inma-19-febrero-1024x768.jpg?resize=525%2C300 1.5x"},"classes":[]},{"id":9760,"url":"https:\/\/iumotril.org\/sitio\/iu-verdes-equo-propone-la-instalacion-de-equipamiento-deportivo-en-plazas-parques-y-espacios-publicos\/","url_meta":{"origin":2747,"position":4},"title":"IU VERDES EQUO propone la instalaci\u00f3n de equipamiento deportivo en plazas, parques y espacios p\u00fablicos","author":"Izquierda Unida Motril","date":"30 enero, 2024","format":false,"excerpt":"La coalici\u00f3n de izquierdas ecologista propone, en una moci\u00f3n que ha presentado al pr\u00f3ximo pleno municipal, la instalaci\u00f3n de canastas de minibasket en diferentes ubicaciones de la ciudad, entre otras posibles, en Santa Adela, en la plaza de la Coronaci\u00f3n, en el barrio de Capuchinos, en San Antonio, en la\u2026","rel":"","context":"En \u00abAyuntamiento\u00bb","block_context":{"text":"Ayuntamiento","link":"https:\/\/iumotril.org\/sitio\/category\/ayuntamiento\/"},"img":{"alt_text":"","src":"https:\/\/i0.wp.com\/iumotril.org\/sitio\/wp-content\/uploads\/2024\/01\/basquet-al-aire-libre.jpg?resize=350%2C200&ssl=1","width":350,"height":200,"srcset":"https:\/\/i0.wp.com\/iumotril.org\/sitio\/wp-content\/uploads\/2024\/01\/basquet-al-aire-libre.jpg?resize=350%2C200&ssl=1 1x, https:\/\/i0.wp.com\/iumotril.org\/sitio\/wp-content\/uploads\/2024\/01\/basquet-al-aire-libre.jpg?resize=525%2C300&ssl=1 1.5x, https:\/\/i0.wp.com\/iumotril.org\/sitio\/wp-content\/uploads\/2024\/01\/basquet-al-aire-libre.jpg?resize=700%2C400&ssl=1 2x"},"classes":[]},{"id":10119,"url":"https:\/\/iumotril.org\/sitio\/nuestro-apoyo-a-la-reclamacion-de-los-residentes-de-arenas-de-poniente-en-el-camino-del-pelaillo\/","url_meta":{"origin":2747,"position":5},"title":"Nuestro apoyo a la reclamaci\u00f3n de los residentes de Arenas de Poniente en el camino del Pelaillo","author":"Izquierda Unida Motril","date":"23 septiembre, 2024","format":false,"excerpt":"Coincide con los vecinos y vecinas de la urbanizaci\u00f3n en que es necesario llevar a cabo actuaciones en la calle de entrada para garantizar la seguridad y la accesibilidad a los edificios de la urbanizaci\u00f3n. Reclama al ayuntamiento que busque el entendimiento con los vecinos dejando de lado sus posiciones\u2026","rel":"","context":"En \u00abAyuntamiento\u00bb","block_context":{"text":"Ayuntamiento","link":"https:\/\/iumotril.org\/sitio\/category\/ayuntamiento\/"},"img":{"alt_text":"","src":"https:\/\/i0.wp.com\/iumotril.org\/sitio\/wp-content\/uploads\/2024\/09\/Vecinos.-jpeg.webp?resize=350%2C200&ssl=1","width":350,"height":200,"srcset":"https:\/\/i0.wp.com\/iumotril.org\/sitio\/wp-content\/uploads\/2024\/09\/Vecinos.-jpeg.webp?resize=350%2C200&ssl=1 1x, https:\/\/i0.wp.com\/iumotril.org\/sitio\/wp-content\/uploads\/2024\/09\/Vecinos.-jpeg.webp?resize=525%2C300&ssl=1 1.5x, https:\/\/i0.wp.com\/iumotril.org\/sitio\/wp-content\/uploads\/2024\/09\/Vecinos.-jpeg.webp?resize=700%2C400&ssl=1 2x, https:\/\/i0.wp.com\/iumotril.org\/sitio\/wp-content\/uploads\/2024\/09\/Vecinos.-jpeg.webp?resize=1050%2C600&ssl=1 3x"},"classes":[]}],"jetpack_likes_enabled":true,"_links":{"self":[{"href":"https:\/\/iumotril.org\/sitio\/wp-json\/wp\/v2\/posts\/2747","targetHints":{"allow":["GET"]}}],"collection":[{"href":"https:\/\/iumotril.org\/sitio\/wp-json\/wp\/v2\/posts"}],"about":[{"href":"https:\/\/iumotril.org\/sitio\/wp-json\/wp\/v2\/types\/post"}],"author":[{"embeddable":true,"href":"https:\/\/iumotril.org\/sitio\/wp-json\/wp\/v2\/users\/1"}],"replies":[{"embeddable":true,"href":"https:\/\/iumotril.org\/sitio\/wp-json\/wp\/v2\/comments?post=2747"}],"version-history":[{"count":6,"href":"https:\/\/iumotril.org\/sitio\/wp-json\/wp\/v2\/posts\/2747\/revisions"}],"predecessor-version":[{"id":2754,"href":"https:\/\/iumotril.org\/sitio\/wp-json\/wp\/v2\/posts\/2747\/revisions\/2754"}],"wp:attachment":[{"href":"https:\/\/iumotril.org\/sitio\/wp-json\/wp\/v2\/media?parent=2747"}],"wp:term":[{"taxonomy":"category","embeddable":true,"href":"https:\/\/iumotril.org\/sitio\/wp-json\/wp\/v2\/categories?post=2747"},{"taxonomy":"post_tag","embeddable":true,"href":"https:\/\/iumotril.org\/sitio\/wp-json\/wp\/v2\/tags?post=2747"}],"curies":[{"name":"wp","href":"https:\/\/api.w.org\/{rel}","templated":true}]}}