{"id":2746,"date":"2017-03-21T12:41:12","date_gmt":"2017-03-21T11:41:12","guid":{"rendered":"http:\/\/iumotril.org\/sitio\/?p=2746"},"modified":"2017-03-21T12:43:38","modified_gmt":"2017-03-21T11:43:38","slug":"los-retos-del-pais-en-el-siglo-xxi-alberto-garzon-y-antonio-maillo-en-motril","status":"publish","type":"post","link":"https:\/\/iumotril.org\/sitio\/los-retos-del-pais-en-el-siglo-xxi-alberto-garzon-y-antonio-maillo-en-motril\/","title":{"rendered":"Los retos del pa\u00eds en el siglo XXI. Alberto Garz\u00f3n y Antonio Ma\u00edllo en Motril"},"content":{"rendered":"<p><span style=\"color: #993300;\"><strong>El coordinador de Izquierda Unida y diputado en el Congreso por Unidos Podemos protagonizar\u00e1 el acto organizado este mi\u00e9rcoles, 22 de marzo, a las 19 horas en la Nave de los Arcos. Adem\u00e1s de Alberto Garz\u00f3n, intervendr\u00e1n Antonio Ma\u00edllo, coordinador de IU Andaluc\u00eda y Manuel Morales coordinador de la formaci\u00f3n en Granada.<\/strong><\/span><\/p>\n<p>Los m\u00e1ximos responsables en los \u00e1mbitos federal, andaluz y local de Izquierda Unida han elegido Motril para participar en un acto organizado por su formaci\u00f3n, el mi\u00e9rcoles d\u00eda 22, en el que abordar\u00e1n los retos que afronta nuestro pa\u00eds en estos momentos.<\/p>\n<p>Garz\u00f3n valorar\u00e1 la situaci\u00f3n pol\u00edtica actual y dar\u00e1 a conocer las <strong>propuestas<\/strong> de su formaci\u00f3n a<strong>nte los problemas del paro y la precariedad, la corrupci\u00f3n, la desigualdad y la pobreza y en defensa de los servicios p\u00fablicos de calidad y de pol\u00edticas a favor de la mayor\u00eda ciudadana.<\/strong><\/p>\n<p><a href=\"https:\/\/iumotril.org\/sitio\/acto-garzon-maillo_marzo\/\"><img loading=\"lazy\" decoding=\"async\" data-attachment-id=\"2758\" data-permalink=\"https:\/\/iumotril.org\/sitio\/los-retos-del-pais-en-el-siglo-xxi-alberto-garzon-y-antonio-maillo-en-motril\/acto-garzon-maillo_marzo\/\" data-orig-file=\"https:\/\/iumotril.org\/sitio\/wp-content\/uploads\/2017\/03\/acto-garzon-maillo_marzo.jpg\" data-orig-size=\"2572,3638\" data-comments-opened=\"1\" data-image-meta=\"{&quot;aperture&quot;:&quot;0&quot;,&quot;credit&quot;:&quot;&quot;,&quot;camera&quot;:&quot;&quot;,&quot;caption&quot;:&quot;&quot;,&quot;created_timestamp&quot;:&quot;0&quot;,&quot;copyright&quot;:&quot;&quot;,&quot;focal_length&quot;:&quot;0&quot;,&quot;iso&quot;:&quot;0&quot;,&quot;shutter_speed&quot;:&quot;0&quot;,&quot;title&quot;:&quot;&quot;,&quot;orientation&quot;:&quot;1&quot;}\" data-image-title=\"acto garzon maillo_marzo\" data-image-description=\"\" data-image-caption=\"\" data-large-file=\"https:\/\/iumotril.org\/sitio\/wp-content\/uploads\/2017\/03\/acto-garzon-maillo_marzo-724x1024.jpg\" class=\"aligncenter size-large wp-image-2758\" src=\"https:\/\/iumotril.org\/sitio\/wp-content\/uploads\/2017\/03\/acto-garzon-maillo_marzo-724x1024.jpg\" alt=\"\" width=\"620\" height=\"877\" srcset=\"https:\/\/iumotril.org\/sitio\/wp-content\/uploads\/2017\/03\/acto-garzon-maillo_marzo-724x1024.jpg 724w, https:\/\/iumotril.org\/sitio\/wp-content\/uploads\/2017\/03\/acto-garzon-maillo_marzo-212x300.jpg 212w, https:\/\/iumotril.org\/sitio\/wp-content\/uploads\/2017\/03\/acto-garzon-maillo_marzo-768x1086.jpg 768w\" sizes=\"auto, (max-width: 620px) 100vw, 620px\" \/><\/a><\/p>\n<p>El coordinador federal de Izquierda Unida ha defendido recientemente, en relaci\u00f3n con el papel de IU en el Grupo de Unidos Podemos en el Congreso, que<strong> lo importante es estar unidos para ayudar a cambiar la vida de la gente<\/strong>. En este sentido, mantiene que IU est\u00e1 muy viva, tanto a nivel municipal como de militancia y con ocho diputados\/as y dos senadores\/as. Una situaci\u00f3n que permite tener influencia.<\/p>\n<p>Por su parte, Antonio Ma\u00edllo, ha propuesto recientemente en el Parlamento Andaluz retomar la banca p\u00fablica para una econom\u00eda social andaluza que necesita cr\u00e9dito. Al mismo tiempo ha criticado el trabajo pol\u00edtico de Susana D\u00edaz que parece consistir en anunciar que anuncia pero que, finalmente, nunca hace nada.<\/p>\n<p>La presencia y participaci\u00f3n de los m\u00e1ximos representantes de Izquierda Unida en Motril supone un apoyo impl\u00edcito a los afiliados, militantes y simpatizantes de Izquierda Unida en la Costa, reconociendo de esta manera su compromiso diario en la defensa de los intereses de los m\u00e1s desfavorecidos y para avanzar hacia una sociedad mejor para todos y para todas.<\/p>\n<p>Desde Izquierda Unida en la Costa de Granada<strong> se anima a vecinos y vecinas a<\/strong> que acudan y participen en este acto y <strong>sumen sus voces a todas las personas que defienden pol\u00edticas y medidas sociales que pal\u00eden la injusticia y que desean vivir en un pa\u00eds decente.<\/strong><\/p>\n","protected":false},"excerpt":{"rendered":"<p>Los m\u00e1ximos responsables en los \u00e1mbitos federal, andaluz y local de Izquierda Unida han elegido Motril para participar en un acto organizado por su formaci\u00f3n, el mi\u00e9rcoles d\u00eda 22, en el que abordar\u00e1n los retos que afronta nuestro pa\u00eds en estos momentos. Desde Izquierda Unida en la Costa de Granada se anima a vecinos y vecinas a que acudan y participen en este acto y sumen sus voces a todas las personas que defienden pol\u00edticas y medidas sociales que palien la injusticia y que desean vivir en un pa\u00eds decente.<\/p>\n","protected":false},"author":1,"featured_media":0,"comment_status":"open","ping_status":"open","sticky":false,"template":"","format":"standard","meta":{"cybocfi_hide_featured_image":"","_jetpack_newsletter_access":"","_jetpack_dont_email_post_to_subs":false,"_jetpack_newsletter_tier_id":0,"_jetpack_memberships_contains_paywalled_content":false,"_jetpack_memberships_contains_paid_content":false,"footnotes":""},"categories":[265],"tags":[301,385,704,93],"class_list":["post-2746","post","type-post","status-publish","format-standard","hentry","category-esta-pasando","tag-acto-publico","tag-alberto-garzon","tag-antonio-maillo","tag-motril"],"jetpack_featured_media_url":"","jetpack_sharing_enabled":true,"jetpack_shortlink":"https:\/\/wp.me\/p4QsU5-Ii","jetpack-related-posts":[{"id":492,"url":"https:\/\/iumotril.org\/sitio\/izquierda-unida-invita-al-acto-publico-con-m-a-carmen-perez-y-alberto-garzon-este-sabado-a-las-19-30h-en-el-salon-de-actos-de-la-palma\/","url_meta":{"origin":2746,"position":0},"title":"Izquierda Unida invita al acto p\u00fablico con M.\u00aa Carmen P\u00e9rez y Alberto Garz\u00f3n, este s\u00e1bado a las 19.30h en el Sal\u00f3n de Actos de la Palma.","author":"Izquierda Unida Motril","date":"11 marzo, 2015","format":false,"excerpt":"IU-Motril quiere invitar a todos los motrile\u00f1os y motrile\u00f1as al acto central de campa\u00f1a a las elecciones andaluzas que tendr\u00e1 lugar el s\u00e1bado d\u00eda 14 en Motril en el sal\u00f3n de actos de la Palma (tambi\u00e9n UNED). En este acto intervendr\u00e1n la candidata por la provincia de Granada al parlamento\u2026","rel":"","context":"En \u00abSin categor\u00eda\u00bb","block_context":{"text":"Sin categor\u00eda","link":"https:\/\/iumotril.org\/sitio\/category\/sin-categoria\/"},"img":{"alt_text":"","src":"","width":0,"height":0},"classes":[]},{"id":498,"url":"https:\/\/iumotril.org\/sitio\/lleno-absoluto-en-el-mitin-de-alberto-garzon-en-motril\/","url_meta":{"origin":2746,"position":1},"title":"LLENO ABSOLUTO EN EL MIT\u00cdN DE ALBERTO GARZ\u00d3N EN MOTRIL","author":"Izquierda Unida Motril","date":"15 marzo, 2015","format":false,"excerpt":". IU Motril ha calificado como de \u00e9xito rotundo la visita de Alberto Garz\u00f3n, el candidato a la presidencia del Gobierno, el cual llam\u00f3 a transformar la sociedad \"a trav\u00e9s de las urnas\". Frente a las pol\u00edticas del PP y PSOE, \"coincidentes en lo fundamental\", Garz\u00f3n ha pedido el voto\u2026","rel":"","context":"En \u00abSin categor\u00eda\u00bb","block_context":{"text":"Sin categor\u00eda","link":"https:\/\/iumotril.org\/sitio\/category\/sin-categoria\/"},"img":{"alt_text":"garzon en unden2","src":"https:\/\/i0.wp.com\/iumotril.org\/sitio\/wp-content\/uploads\/2015\/03\/garzon-en-unden2-300x193.jpg?resize=350%2C200","width":350,"height":200},"classes":[]},{"id":2889,"url":"https:\/\/iumotril.org\/sitio\/maillo-defiende-en-motril-la-existencia-de-un-banco-publico-de-tierras\/","url_meta":{"origin":2746,"position":2},"title":"MA\u00cdLLO DEFIENDE EN MOTRIL LA EXISTENCIA DE UN BANCO P\u00daBLICO DE TIERRAS","author":"Izquierda Unida Motril","date":"20 mayo, 2017","format":false,"excerpt":"El portavoz de Izquierda Unida en el Parlamento andaluz se ha reunido el s\u00e1bado en Motril con representantes de la Asociaci\u00f3n de Parados, Desempleados y Precarios para dar su apoyo al proyecto de explotar 130 hect\u00e1reas de tierras abandonadas por la Junta de Andaluc\u00eda desde hace m\u00e1s de 30 a\u00f1os.","rel":"","context":"En \u00abEST\u00c1 PASANDO\u00bb","block_context":{"text":"EST\u00c1 PASANDO","link":"https:\/\/iumotril.org\/sitio\/category\/esta-pasando\/"},"img":{"alt_text":"","src":"https:\/\/i0.wp.com\/iumotril.org\/sitio\/wp-content\/uploads\/2017\/05\/IMG_8167-1024x768.jpg?resize=350%2C200","width":350,"height":200},"classes":[]},{"id":9948,"url":"https:\/\/iumotril.org\/sitio\/la-militancia-de-iu-motril-votara-el-sabado-los-documentos-y-candidaturas-para-su-asamblea-federal\/","url_meta":{"origin":2746,"position":3},"title":"La militancia de IU Motril votar\u00e1 el s\u00e1bado los documentos y candidaturas para su Asamblea Federal","author":"Izquierda Unida Motril","date":"10 mayo, 2024","format":false,"excerpt":"La votaci\u00f3n presencial en Motril tendr\u00e1 lugar el s\u00e1bado, d\u00eda 11, entre las 11 y 13 horas en la sede de IU (calle Ancha, 16) para que ejerzan su derecho a voto quienes a\u00fan no\u00a0 lo hayan realizado. Los afiliados y afiliadas de IU votan los diferentes documentos pol\u00edticos y\u2026","rel":"","context":"En \u00abEST\u00c1 PASANDO\u00bb","block_context":{"text":"EST\u00c1 PASANDO","link":"https:\/\/iumotril.org\/sitio\/category\/esta-pasando\/"},"img":{"alt_text":"","src":"https:\/\/i0.wp.com\/iumotril.org\/sitio\/wp-content\/uploads\/2024\/05\/campana-2-2048x1365-1.jpg?resize=350%2C200&ssl=1","width":350,"height":200,"srcset":"https:\/\/i0.wp.com\/iumotril.org\/sitio\/wp-content\/uploads\/2024\/05\/campana-2-2048x1365-1.jpg?resize=350%2C200&ssl=1 1x, https:\/\/i0.wp.com\/iumotril.org\/sitio\/wp-content\/uploads\/2024\/05\/campana-2-2048x1365-1.jpg?resize=525%2C300&ssl=1 1.5x, https:\/\/i0.wp.com\/iumotril.org\/sitio\/wp-content\/uploads\/2024\/05\/campana-2-2048x1365-1.jpg?resize=700%2C400&ssl=1 2x, https:\/\/i0.wp.com\/iumotril.org\/sitio\/wp-content\/uploads\/2024\/05\/campana-2-2048x1365-1.jpg?resize=1050%2C600&ssl=1 3x, https:\/\/i0.wp.com\/iumotril.org\/sitio\/wp-content\/uploads\/2024\/05\/campana-2-2048x1365-1.jpg?resize=1400%2C800&ssl=1 4x"},"classes":[]},{"id":189,"url":"https:\/\/iumotril.org\/sitio\/maillo-necesitamos-un-modelo-productivo-que-no-condene-al-paro-cada-diez-anos-a-un-millon-de-andaluces\/","url_meta":{"origin":2746,"position":4},"title":"Ma\u00edllo: \u201cNecesitamos un modelo productivo que no condene al paro cada diez a\u00f1os a un mill\u00f3n de andaluces\u201d","author":"Izquierda Unida Motril","date":"3 octubre, 2014","format":false,"excerpt":"href=\"http:\/\/iumotril.org\/sitio\/wp-content\/uploads\/2014\/10\/maillo.jpg\"> IU considera imprescindible que las instituciones p\u00fablicas \u201ctenga capacidad real de intervenir en la econom\u00eda\u201d y sit\u00faa la creaci\u00f3n de la banca p\u00fablica como un primer paso. El coordinador general de IU Andaluc\u00eda, Antonio Ma\u00edllo ha valorado los datos del paro y la afiliaci\u00f3n a la Seguridad Social del\u2026","rel":"","context":"En \u00abSin categor\u00eda\u00bb","block_context":{"text":"Sin categor\u00eda","link":"https:\/\/iumotril.org\/sitio\/category\/sin-categoria\/"},"img":{"alt_text":"maillo","src":"https:\/\/i0.wp.com\/iumotril.org\/sitio\/wp-content\/uploads\/2014\/10\/maillo.jpg?resize=350%2C200","width":350,"height":200},"classes":[]},{"id":2135,"url":"https:\/\/iumotril.org\/sitio\/cayo-lara-participa-en-un-acto-publico-en-almunecar\/","url_meta":{"origin":2746,"position":5},"title":"Cayo Lara participa en un acto p\u00fablico en Almu\u00f1\u00e9car","author":"Izquierda Unida Motril","date":"25 mayo, 2016","format":false,"excerpt":"El coordinador federal de Izquierda Unida, Cayo Lara, participa el jueves 26 de mayo en un acto p\u00fablico organizado por la Asamblea Local de IU de Almu\u00f1\u00e9car-La Herradura. Adem\u00e1s de Cayo Lara, intervendr\u00e1n en el acto Diego Castillo y Eva Fern\u00e1ndez, candidatos al Congreso y al Senado respectivamente por la\u2026","rel":"","context":"En \u00abEST\u00c1 PASANDO\u00bb","block_context":{"text":"EST\u00c1 PASANDO","link":"https:\/\/iumotril.org\/sitio\/category\/esta-pasando\/"},"img":{"alt_text":"Cayo en Almu\u00f1ecar_mayo 2016","src":"https:\/\/i0.wp.com\/iumotril.org\/sitio\/wp-content\/uploads\/2016\/05\/Cayo-en-Almu%C3%B1ecar_mayo-2016.jpg?resize=350%2C200","width":350,"height":200},"classes":[]}],"jetpack_likes_enabled":true,"_links":{"self":[{"href":"https:\/\/iumotril.org\/sitio\/wp-json\/wp\/v2\/posts\/2746","targetHints":{"allow":["GET"]}}],"collection":[{"href":"https:\/\/iumotril.org\/sitio\/wp-json\/wp\/v2\/posts"}],"about":[{"href":"https:\/\/iumotril.org\/sitio\/wp-json\/wp\/v2\/types\/post"}],"author":[{"embeddable":true,"href":"https:\/\/iumotril.org\/sitio\/wp-json\/wp\/v2\/users\/1"}],"replies":[{"embeddable":true,"href":"https:\/\/iumotril.org\/sitio\/wp-json\/wp\/v2\/comments?post=2746"}],"version-history":[{"count":4,"href":"https:\/\/iumotril.org\/sitio\/wp-json\/wp\/v2\/posts\/2746\/revisions"}],"predecessor-version":[{"id":2760,"href":"https:\/\/iumotril.org\/sitio\/wp-json\/wp\/v2\/posts\/2746\/revisions\/2760"}],"wp:attachment":[{"href":"https:\/\/iumotril.org\/sitio\/wp-json\/wp\/v2\/media?parent=2746"}],"wp:term":[{"taxonomy":"category","embeddable":true,"href":"https:\/\/iumotril.org\/sitio\/wp-json\/wp\/v2\/categories?post=2746"},{"taxonomy":"post_tag","embeddable":true,"href":"https:\/\/iumotril.org\/sitio\/wp-json\/wp\/v2\/tags?post=2746"}],"curies":[{"name":"wp","href":"https:\/\/api.w.org\/{rel}","templated":true}]}}