{"id":2742,"date":"2017-03-16T13:23:25","date_gmt":"2017-03-16T12:23:25","guid":{"rendered":"http:\/\/iumotril.org\/sitio\/?p=2742"},"modified":"2017-03-16T13:23:25","modified_gmt":"2017-03-16T12:23:25","slug":"bochornoso-espectaculo-ofrecido-por-el-gobierno-local-tras-el-cese-del-secretario-municipal","status":"publish","type":"post","link":"https:\/\/iumotril.org\/sitio\/bochornoso-espectaculo-ofrecido-por-el-gobierno-local-tras-el-cese-del-secretario-municipal\/","title":{"rendered":"BOCHORNOSO ESPECT\u00c1CULO OFRECIDO POR EL GOBIERNO LOCAL TRAS EL CESE DEL SECRETARIO MUNICIPAL"},"content":{"rendered":"<p style=\"text-align: justify;\"><span style=\"color: #993300;\"><strong>El cese en sus funciones del secretario del Ayuntamiento de Motril, comunicado ayer de manera inesperada, provoc\u00f3 graves acusaciones personales y la descalificaci\u00f3n profesional del exsecretario municipal por parte de concejales del partido de los hermanos Esc\u00e1mez. Izquierda Unida ha deplorado el espect\u00e1culo ofrecido por parte del gobierno municipal que ha dado muestras, una vez m\u00e1s, de estar m\u00e1s interesado en asegurarse la impunidad y la falta de transparencia en su gesti\u00f3n que en gobernar para la ciudadan\u00eda<\/strong><\/span>.<\/p>\n<p>Los hechos que sucedieron ayer en el Ayuntamiento de Motril son m\u00e1s propios de una <strong>rep\u00fablica bananera<\/strong> que de la segunda ciudad de mayor importancia de la provincia de Granada por su n\u00famero de habitantes. Este es el modelo de ciudad que parece querer el equipo de gobierno municipal, ha afirmado Daniela Paqu\u00e9.<\/p>\n<p><a href=\"https:\/\/iumotril.org\/sitio\/izquierda-unida-reclama-un-plan-de-movilidad-para-motril\/mariaangelesescamez\/\" rel=\"attachment wp-att-2679\"><img loading=\"lazy\" decoding=\"async\" data-attachment-id=\"2679\" data-permalink=\"https:\/\/iumotril.org\/sitio\/izquierda-unida-reclama-un-plan-de-movilidad-para-motril\/mariaangelesescamez\/\" data-orig-file=\"https:\/\/iumotril.org\/sitio\/wp-content\/uploads\/2017\/01\/MariaAngelesEscamez.jpg\" data-orig-size=\"1500,1500\" data-comments-opened=\"1\" data-image-meta=\"{&quot;aperture&quot;:&quot;4.5&quot;,&quot;credit&quot;:&quot;&quot;,&quot;camera&quot;:&quot;Canon EOS 550D&quot;,&quot;caption&quot;:&quot;&quot;,&quot;created_timestamp&quot;:&quot;1437117915&quot;,&quot;copyright&quot;:&quot;&quot;,&quot;focal_length&quot;:&quot;37&quot;,&quot;iso&quot;:&quot;3200&quot;,&quot;shutter_speed&quot;:&quot;0.033333333333333&quot;,&quot;title&quot;:&quot;&quot;,&quot;orientation&quot;:&quot;1&quot;}\" data-image-title=\"MariaAngelesEscamez\" data-image-description=\"\" data-image-caption=\"\" data-large-file=\"https:\/\/iumotril.org\/sitio\/wp-content\/uploads\/2017\/01\/MariaAngelesEscamez-1024x1024.jpg\" class=\"alignleft wp-image-2679 size-medium\" src=\"https:\/\/iumotril.org\/sitio\/wp-content\/uploads\/2017\/01\/MariaAngelesEscamez-300x300.jpg\" alt=\"\" width=\"300\" height=\"300\" srcset=\"https:\/\/iumotril.org\/sitio\/wp-content\/uploads\/2017\/01\/MariaAngelesEscamez-300x300.jpg 300w, https:\/\/iumotril.org\/sitio\/wp-content\/uploads\/2017\/01\/MariaAngelesEscamez-150x150.jpg 150w, https:\/\/iumotril.org\/sitio\/wp-content\/uploads\/2017\/01\/MariaAngelesEscamez-768x768.jpg 768w, https:\/\/iumotril.org\/sitio\/wp-content\/uploads\/2017\/01\/MariaAngelesEscamez-1024x1024.jpg 1024w, https:\/\/iumotril.org\/sitio\/wp-content\/uploads\/2017\/01\/MariaAngelesEscamez-36x36.jpg 36w, https:\/\/iumotril.org\/sitio\/wp-content\/uploads\/2017\/01\/MariaAngelesEscamez-115x115.jpg 115w, https:\/\/iumotril.org\/sitio\/wp-content\/uploads\/2017\/01\/MariaAngelesEscamez.jpg 1500w\" sizes=\"auto, (max-width: 300px) 100vw, 300px\" \/><\/a>Para la portavoz de IU resulta inconcebible que una decisi\u00f3n de tal trascendencia para el correcto funcionamiento de la instituci\u00f3n municipal se haya adoptado sin haber informado previamente a los diferentes grupos municipales, lo que evidencia una intencionalidad manifiesta del equipo de gobierno, especialmente de <strong>los hermanos Esc\u00e1mez<\/strong> con la complicidad de Flor Alm\u00f3n, por <strong>quitarse de en medio a un funcionario p\u00fablico con habilitaci\u00f3n nacional<\/strong> que ha puesto en duda desde el punto de vista de los procedimientos legales diversas actuaciones llevadas a cabo por el equipo de gobierno.<\/p>\n<p>Daniela Paqu\u00e9 ha recordado que el pasado noviembre su Grupo Municipal interpuso una <a href=\"https:\/\/iumotril.org\/sitio\/la-fiscalia-investigara-el-pago-de-gratificaciones-por-el-gobierno-del-pp-en-el-ayuntamiento-de-motril\/\">denuncia<\/a> ante la Fiscal\u00eda de Granada contra anteriores responsables municipales y diversos altos funcionarios por el <strong>pago de 57.674 euros en concepto de gratificaciones al margen del procedimiento administrativo<\/strong>. Una denuncia que su formaci\u00f3n est\u00e1 estudiando ampliar con la aportaci\u00f3n de nuevos datos que reforzar\u00edan la responsabilidad directa de la actual Jefa del servicio de personal del ayuntamiento de Motril.<\/p>\n<p>Izquierda Unida deplora que <strong>Flor Alm\u00f3n<\/strong> siga escondida y <strong>dedicada a su proyecci\u00f3n pol\u00edtica personal<\/strong> en vez de garantizar el estricto cumplimiento de la legalidad en el Ayuntamiento de Motril. Algo que, sin el concurso de funcionarios con habilitaci\u00f3n nacional, ser\u00e1 m\u00e1s complicado.<\/p>\n<p>Lo sucedido ayer se organiz\u00f3 para alcanzar el primero de los <strong>objetivos planificados por los hermanos Esc\u00e1mez<\/strong>. El siguiente objetivo ser\u00e1, probablemente, apartar de la gesti\u00f3n municipal al otro funcionario con habilitaci\u00f3n nacional con que cuenta el ayuntamiento: el Interventor municipal.<\/p>\n<p>Al fin y al cabo, se trata de consolidar una <strong>trama que est\u00e1 gestionando dinero p\u00fablico<\/strong> al margen de cualquier procedimiento administrativo.<\/p>\n","protected":false},"excerpt":{"rendered":"<p>Los hechos que sucedieron ayer en el Ayuntamiento de Motril son m\u00e1s propios de una rep\u00fablica bananera que de la segunda ciudad de mayor importancia de la provincia de Granada por su n\u00famero de habitantes. Este es el modelo de ciudad que parece querer el equipo de gobierno municipal, ha afirmado Daniela Paqu\u00e9.<\/p>\n","protected":false},"author":1,"featured_media":0,"comment_status":"open","ping_status":"open","sticky":false,"template":"","format":"standard","meta":{"cybocfi_hide_featured_image":"","_jetpack_newsletter_access":"","_jetpack_dont_email_post_to_subs":false,"_jetpack_newsletter_tier_id":0,"_jetpack_memberships_contains_paywalled_content":false,"_jetpack_memberships_contains_paid_content":false,"footnotes":""},"categories":[265],"tags":[698,73,700,657,623,699],"class_list":["post-2742","post","type-post","status-publish","format-standard","hentry","category-esta-pasando","tag-cese-secretario-municipal","tag-corrupcion","tag-escandalos","tag-fiscalia","tag-hermanos-escamez","tag-trama-municipal"],"jetpack_featured_media_url":"","jetpack_sharing_enabled":true,"jetpack_shortlink":"https:\/\/wp.me\/p4QsU5-Ie","jetpack-related-posts":[{"id":2805,"url":"https:\/\/iumotril.org\/sitio\/izquierda-unida-amplia-su-demanda-ante-la-fiscalia-por-el-pago-de-gratificaciones-y-horas-extraordinarias-en-el-ayuntamiento-de-motril\/","url_meta":{"origin":2742,"position":0},"title":"Izquierda Unida ampl\u00eda su demanda ante la Fiscal\u00eda por el pago de gratificaciones y horas extraordinarias en el Ayuntamiento de Motril","author":"Izquierda Unida Motril","date":"11 abril, 2017","format":false,"excerpt":"Para Izquierda Unida, la presentaci\u00f3n de esta demanda es un acto de responsabilidad pol\u00edtica que le corresponde leg\u00edtimamente en su papel de oposici\u00f3n, como representante de miles de motrile\u00f1os y motrile\u00f1as que depositaron su confianza en su formaci\u00f3n en las \u00faltimas elecciones municipales. As\u00ed se trabaja por Motril, velando por\u2026","rel":"","context":"En \u00abEST\u00c1 PASANDO\u00bb","block_context":{"text":"EST\u00c1 PASANDO","link":"https:\/\/iumotril.org\/sitio\/category\/esta-pasando\/"},"img":{"alt_text":"","src":"http:\/\/iumotril.org\/sitio\/wp-content\/uploads\/2015\/10\/mari-carmen-perez-2_octubre-2015.bmp","width":350,"height":200},"classes":[]},{"id":2762,"url":"https:\/\/iumotril.org\/sitio\/reclamamos-la-dimision-de-la-teniente-de-alcalde-ma-angeles-escamez\/","url_meta":{"origin":2742,"position":1},"title":"Reclamamos la dimisi\u00f3n de la Teniente de Alcalde, M\u00aa \u00c1ngeles Esc\u00e1mez","author":"Izquierda Unida Motril","date":"29 marzo, 2017","format":false,"excerpt":"Tras conocer el contenido de sendos informes de la Intervenci\u00f3n Municipal y del Secretario del Ayuntamiento que se\u00f1alan la reiteraci\u00f3n en efectuar determinados pagos a empleados municipales al margen de todo procedimiento administrativo, sin ning\u00fan control por los \u00f3rganos de gobierno municipal competentes, Izquierda Unida ha reclamado la dimisi\u00f3n de\u2026","rel":"","context":"En \u00abEST\u00c1 PASANDO\u00bb","block_context":{"text":"EST\u00c1 PASANDO","link":"https:\/\/iumotril.org\/sitio\/category\/esta-pasando\/"},"img":{"alt_text":"","src":"https:\/\/i0.wp.com\/iumotril.org\/sitio\/wp-content\/uploads\/2017\/01\/MariaAngelesEscamez-300x300.jpg?resize=350%2C200","width":350,"height":200},"classes":[]},{"id":4829,"url":"https:\/\/iumotril.org\/sitio\/izquierda-unida-exige-a-flor-almon-el-cumplimiento-de-los-acuerdos-con-los-empleados-municipales\/","url_meta":{"origin":2742,"position":2},"title":"Izquierda Unida exige a Flor Alm\u00f3n el cumplimiento de los acuerdos con los empleados municipales","author":"Izquierda Unida Motril","date":"10 abril, 2019","format":false,"excerpt":"Para Izquierda Unida, Flor Alm\u00f3n y el partido socialista est\u00e1n pagando, un elevado peaje por\u00a0 presidir el gobierno municipal. Han sido, durante todo su mandato, espectadores mudos de los manejos de los hermanos Esc\u00e1mez. El mandato de Alm\u00f3n ha sido una ocasi\u00f3n perdida para la recuperaci\u00f3n de los derechos arrebatados\u2026","rel":"","context":"En \u00abAyuntamiento\u00bb","block_context":{"text":"Ayuntamiento","link":"https:\/\/iumotril.org\/sitio\/category\/ayuntamiento\/"},"img":{"alt_text":"Inma Omiste, candidata a la Alcald\u00eda de Motril y Jose Llorente","src":"https:\/\/i0.wp.com\/iumotril.org\/sitio\/wp-content\/uploads\/2019\/04\/Inma-y-Jose_10-abril.jpg?resize=350%2C200","width":350,"height":200,"srcset":"https:\/\/i0.wp.com\/iumotril.org\/sitio\/wp-content\/uploads\/2019\/04\/Inma-y-Jose_10-abril.jpg?resize=350%2C200 1x, https:\/\/i0.wp.com\/iumotril.org\/sitio\/wp-content\/uploads\/2019\/04\/Inma-y-Jose_10-abril.jpg?resize=525%2C300 1.5x, https:\/\/i0.wp.com\/iumotril.org\/sitio\/wp-content\/uploads\/2019\/04\/Inma-y-Jose_10-abril.jpg?resize=700%2C400 2x, https:\/\/i0.wp.com\/iumotril.org\/sitio\/wp-content\/uploads\/2019\/04\/Inma-y-Jose_10-abril.jpg?resize=1050%2C600 3x, https:\/\/i0.wp.com\/iumotril.org\/sitio\/wp-content\/uploads\/2019\/04\/Inma-y-Jose_10-abril.jpg?resize=1400%2C800 4x"},"classes":[]},{"id":2413,"url":"https:\/\/iumotril.org\/sitio\/izquierda-unida-exige-la-paralizacion-de-una-obra-ilegal-en-el-poligono-de-la-carretera-de-almeria\/","url_meta":{"origin":2742,"position":3},"title":"IZQUIERDA UNIDA EXIGE LA PARALIZACI\u00d3N DE UNA OBRA ILEGAL EN EL POL\u00cdGONO DE LA CARRETERA DE ALMER\u00cdA","author":"Izquierda Unida Motril","date":"6 octubre, 2016","format":false,"excerpt":"La obra ha sido declarada ilegal por el Ayuntamiento de Motril quien ha adoptado hace semanas la decisi\u00f3n de la paralizaci\u00f3n inmediata de \u00e9stas. A pesar de ello y de haberse realizado la correspondiente notificaci\u00f3n a sus responsables, las obras contin\u00faan realiz\u00e1ndose por lo que desde Izquierda Unida se entiende\u2026","rel":"","context":"En \u00abEST\u00c1 PASANDO\u00bb","block_context":{"text":"EST\u00c1 PASANDO","link":"https:\/\/iumotril.org\/sitio\/category\/esta-pasando\/"},"img":{"alt_text":"rebnault","src":"https:\/\/i0.wp.com\/iumotril.org\/sitio\/wp-content\/uploads\/2016\/10\/Rebnault-213x300.jpg?resize=350%2C200","width":350,"height":200},"classes":[]},{"id":2855,"url":"https:\/\/iumotril.org\/sitio\/ya-tenemos-triple-alianza-en-version-motrilena\/","url_meta":{"origin":2742,"position":4},"title":"YA TENEMOS TRIPLE ALIANZA EN VERSI\u00d3N MOTRILE\u00d1A","author":"Izquierda Unida Motril","date":"5 mayo, 2017","format":false,"excerpt":"Izquierda Unida ha sido el \u00fanico grupo pol\u00edtico con representaci\u00f3n municipal que se ha opuesto a la privatizaci\u00f3n del servicio de recogida, traslado y dep\u00f3sito de veh\u00edculos, denunciando que se trata del primer paso en el proceso de privatizaci\u00f3n de LIMDECO. La triple alianza motrile\u00f1a aprueba una modificaci\u00f3n de la\u2026","rel":"","context":"En \u00abEST\u00c1 PASANDO\u00bb","block_context":{"text":"EST\u00c1 PASANDO","link":"https:\/\/iumotril.org\/sitio\/category\/esta-pasando\/"},"img":{"alt_text":"","src":"https:\/\/i0.wp.com\/iumotril.org\/sitio\/wp-content\/uploads\/2017\/05\/File_000-1024x768.jpeg?resize=350%2C200","width":350,"height":200,"srcset":"https:\/\/i0.wp.com\/iumotril.org\/sitio\/wp-content\/uploads\/2017\/05\/File_000-1024x768.jpeg?resize=350%2C200 1x, https:\/\/i0.wp.com\/iumotril.org\/sitio\/wp-content\/uploads\/2017\/05\/File_000-1024x768.jpeg?resize=525%2C300 1.5x"},"classes":[]},{"id":2498,"url":"https:\/\/iumotril.org\/sitio\/chalaneo-politico-entre-pp-y-psoe-en-la-negociacion-del-presupuesto-municipal\/","url_meta":{"origin":2742,"position":5},"title":"CHALANEO POL\u00cdTICO ENTRE PP Y PSOE EN LA NEGOCIACI\u00d3N DEL PRESUPUESTO MUNICIPAL","author":"Izquierda Unida Motril","date":"10 noviembre, 2016","format":false,"excerpt":"Tras la aprobaci\u00f3n frustrada de los presupuestos, PP y PSOE al parecer se han sentado a negociar para acordar unos presupuestos que garanticen los privilegios del Partido Popular \u2013el partido de la corrupci\u00f3n en Espa\u00f1a, ha se\u00f1alado Daniela Paqu\u00e9\u2014y que, a la vez, aseguren que el Partido de Esc\u00e1mez y\u2026","rel":"","context":"En \u00abSin categor\u00eda\u00bb","block_context":{"text":"Sin categor\u00eda","link":"https:\/\/iumotril.org\/sitio\/category\/sin-categoria\/"},"img":{"alt_text":"archivo_000-4","src":"https:\/\/i0.wp.com\/iumotril.org\/sitio\/wp-content\/uploads\/2016\/11\/Archivo_000-4-1024x1024.jpeg?resize=350%2C200","width":350,"height":200},"classes":[]}],"jetpack_likes_enabled":true,"_links":{"self":[{"href":"https:\/\/iumotril.org\/sitio\/wp-json\/wp\/v2\/posts\/2742","targetHints":{"allow":["GET"]}}],"collection":[{"href":"https:\/\/iumotril.org\/sitio\/wp-json\/wp\/v2\/posts"}],"about":[{"href":"https:\/\/iumotril.org\/sitio\/wp-json\/wp\/v2\/types\/post"}],"author":[{"embeddable":true,"href":"https:\/\/iumotril.org\/sitio\/wp-json\/wp\/v2\/users\/1"}],"replies":[{"embeddable":true,"href":"https:\/\/iumotril.org\/sitio\/wp-json\/wp\/v2\/comments?post=2742"}],"version-history":[{"count":3,"href":"https:\/\/iumotril.org\/sitio\/wp-json\/wp\/v2\/posts\/2742\/revisions"}],"predecessor-version":[{"id":2745,"href":"https:\/\/iumotril.org\/sitio\/wp-json\/wp\/v2\/posts\/2742\/revisions\/2745"}],"wp:attachment":[{"href":"https:\/\/iumotril.org\/sitio\/wp-json\/wp\/v2\/media?parent=2742"}],"wp:term":[{"taxonomy":"category","embeddable":true,"href":"https:\/\/iumotril.org\/sitio\/wp-json\/wp\/v2\/categories?post=2742"},{"taxonomy":"post_tag","embeddable":true,"href":"https:\/\/iumotril.org\/sitio\/wp-json\/wp\/v2\/tags?post=2742"}],"curies":[{"name":"wp","href":"https:\/\/api.w.org\/{rel}","templated":true}]}}