{"id":2726,"date":"2017-03-08T12:30:21","date_gmt":"2017-03-08T11:30:21","guid":{"rendered":"http:\/\/iumotril.org\/sitio\/?p=2726"},"modified":"2017-03-07T12:31:40","modified_gmt":"2017-03-07T11:31:40","slug":"izquierda-unida-apoya-la-huelga-general-educativa-del-9-de-marzo","status":"publish","type":"post","link":"https:\/\/iumotril.org\/sitio\/izquierda-unida-apoya-la-huelga-general-educativa-del-9-de-marzo\/","title":{"rendered":"IZQUIERDA UNIDA APOYA LA HUELGA GENERAL EDUCATIVA DEL 9 DE MARZO"},"content":{"rendered":"<p style=\"text-align: justify;\"><span style=\"color: #993300;\"><strong>IU Motril se une al conjunto de la comunidad educativa que exige la reversi\u00f3n de los recortes en educaci\u00f3n, que han supuesto pasar de una inversi\u00f3n del 5% del PIB al 4&#8217;1% (8.000 millones menos). Durante este saqueo llamado crisis, los gobiernos han reducido uno de cada cinco euros (20&#8217;3%) el gasto por estudiando de la educaci\u00f3n p\u00fablica no universitaria. Con esta movilizaci\u00f3n convocada en todo el Estado se exige, asimismo, la derogaci\u00f3n de la LOMCE.<\/strong><\/span><\/p>\n<p>Sufrimos un fuerte deterioro a todos los niveles, cada vez con menos profesorado y en peores condiciones laborales. El <strong>material escolar ha llegado a convertirse en un lujo<\/strong>, <strong>las becas se recortan<\/strong> hasta su desaparici\u00f3n y las familias se tienen que endeudar para poder costear los estudios de sus hijos e hijas. Desde Izquierda Unida denuncian, adem\u00e1s, que este proceso tambi\u00e9n se da en las universidades p\u00fablicas. En los dos \u00faltimos a\u00f1os el precio final de la matr\u00edcula se ha encarecido un 66% de media. Se ha llegado a un punto en el que el primer curso de la carrera m\u00e1s barata costar\u00e1 1.620 euros y, repitiendo asignatura, se necesita pagar hasta cinco veces m\u00e1s.<\/p>\n<p><a href=\"https:\/\/iumotril.org\/sitio\/cartel-9m_2017\/\"><img loading=\"lazy\" decoding=\"async\" data-attachment-id=\"2729\" data-permalink=\"https:\/\/iumotril.org\/sitio\/izquierda-unida-apoya-la-huelga-general-educativa-del-9-de-marzo\/cartel-9m_2017\/\" data-orig-file=\"https:\/\/iumotril.org\/sitio\/wp-content\/uploads\/2017\/03\/Cartel-9M_2017.jpg\" data-orig-size=\"960,567\" data-comments-opened=\"1\" data-image-meta=\"{&quot;aperture&quot;:&quot;0&quot;,&quot;credit&quot;:&quot;&quot;,&quot;camera&quot;:&quot;&quot;,&quot;caption&quot;:&quot;&quot;,&quot;created_timestamp&quot;:&quot;0&quot;,&quot;copyright&quot;:&quot;&quot;,&quot;focal_length&quot;:&quot;0&quot;,&quot;iso&quot;:&quot;0&quot;,&quot;shutter_speed&quot;:&quot;0&quot;,&quot;title&quot;:&quot;&quot;,&quot;orientation&quot;:&quot;0&quot;}\" data-image-title=\"Cartel 9M_2017\" data-image-description=\"\" data-image-caption=\"\" data-large-file=\"https:\/\/iumotril.org\/sitio\/wp-content\/uploads\/2017\/03\/Cartel-9M_2017.jpg\" class=\"aligncenter wp-image-2729\" src=\"https:\/\/iumotril.org\/sitio\/wp-content\/uploads\/2017\/03\/Cartel-9M_2017.jpg\" alt=\"\" width=\"560\" height=\"331\" srcset=\"https:\/\/iumotril.org\/sitio\/wp-content\/uploads\/2017\/03\/Cartel-9M_2017.jpg 960w, https:\/\/iumotril.org\/sitio\/wp-content\/uploads\/2017\/03\/Cartel-9M_2017-300x177.jpg 300w, https:\/\/iumotril.org\/sitio\/wp-content\/uploads\/2017\/03\/Cartel-9M_2017-768x454.jpg 768w\" sizes=\"auto, (max-width: 560px) 100vw, 560px\" \/><\/a><br \/>\nHay que a\u00f1adir que la <strong>financiaci\u00f3n p\u00fablica de las universidades<\/strong> ha ca\u00eddo entre 2010 y 2014 en 1.213 millones de euros. El recorte en los gastos de personal ha supuesto una disminuci\u00f3n de 7.500 empleos p\u00fablicos y que los recortes en la financiaci\u00f3n para la investigaci\u00f3n hayan sido significativos desde 2008, con una media del 24&#8217;6%. En resumen, nos encontramos ante el desmantelamiento de las universidades p\u00fablicas.<\/p>\n<p>Tampoco se libran de esta situaci\u00f3n los y las<strong> estudiantes de Formaci\u00f3n Profesional<\/strong>, que se han visto afectados por el aumento de las tasas. Una FP de grado superior cuesta 480 euros y una de grado medio entre 120 y 220 euros de media. Tambi\u00e9n suponen una barrera econ\u00f3mica para acceder a la educaci\u00f3n superior las nuevas tasas de la PAU.<\/p>\n<p>Para Izquierda Unida, cada vez es \u00a0m\u00e1s evidente que la crisis es <strong>una excusa m\u00e1s para privatizar y desmantelar el sistema p\u00fablico educativo.<\/strong> A la vez que se rescataban bancos, se recortaba descaradamente en algo tan imprescindible como el derecho a la educaci\u00f3n. De ah\u00ed que la huelga del 9M suponga tambi\u00e9n una clara reivindicaci\u00f3n de la <strong>derogaci\u00f3n completa de la LOMCE,<\/strong> que sigue implant\u00e1ndose pese al rechazo de la inmensa mayor\u00eda de la comunidad educativa, as\u00ed como del Congreso de los Diputados en diversas ocasiones.<\/p>\n<p>Hay sobradas razones para que Izquierda Unida impulse y participe activamente en esta <strong>huelga general y unitaria convocada por todos los sectores de la comunidad educativa<\/strong> el 9 de marzo y<strong> apoyada en Motril por CGT, Coordinadora de Base Estudiantil, Docentes en Acci\u00f3n, Frente de Estudiantes, Marea Verde, PADEI, Sindicato de Estudiantes, USTEA, Colectivo estudiantil de la Costa Tropical, Izquierda Unida Motril, Podemos Motril, Ganemos CCOO, UJCE Salobre\u00f1a-Motril, Juventud Morada y Damos la Cara Motril<\/strong>.<\/p>\n<h3 style=\"text-align: center;\"><span style=\"color: #993300;\">Educaci\u00f3n p\u00fablica para todos y todas.<\/span><\/h3>\n<h3 style=\"text-align: center;\"><span style=\"color: #993300;\">NO A LA LOMCE<\/span><\/h3>\n","protected":false},"excerpt":{"rendered":"<p>Hay sobradas razones para que Izquierda Unida impulse y participe activamente en esta huelga general y unitaria convocada por todos los sectores de la comunidad educativa el 9 de marzo y apoyada en Motril por CGT, Coordinadora de Base Estudiantil, Docentes en Acci\u00f3n, Frente de Estudiantes, Marea Verde, PADEI, Sindicato de Estudiantes, USTEA, Colectivo estudiantil de la Costa Tropical, Izquierda Unida Motril, Podemos Motril, Ganemos CCOO, UJCE Salobre\u00f1a-Motril, Juventud Morada y Damos la Cara Motril. Educaci\u00f3n p\u00fablica para todos y todas. NO A LA LOMCE<\/p>\n","protected":false},"author":1,"featured_media":0,"comment_status":"open","ping_status":"open","sticky":false,"template":"","format":"standard","meta":{"cybocfi_hide_featured_image":"","_jetpack_newsletter_access":"","_jetpack_dont_email_post_to_subs":false,"_jetpack_newsletter_tier_id":0,"_jetpack_memberships_contains_paywalled_content":false,"_jetpack_memberships_contains_paid_content":false,"footnotes":""},"categories":[265],"tags":[694,611,613,93,439],"class_list":["post-2726","post","type-post","status-publish","format-standard","hentry","category-esta-pasando","tag-9m","tag-huelga-educativa","tag-lomce","tag-motril","tag-recortes"],"jetpack_featured_media_url":"","jetpack_sharing_enabled":true,"jetpack_shortlink":"https:\/\/wp.me\/p4QsU5-HY","jetpack-related-posts":[{"id":2463,"url":"https:\/\/iumotril.org\/sitio\/izquierda-unida-hace-un-llamamiento-a-los-motrilenos-a-secundar-la-huelga-educativa-contra-las-revalidas\/","url_meta":{"origin":2726,"position":0},"title":"IZQUIERDA UNIDA HACE UN LLAMAMIENTO A LOS MOTRILE\u00d1OS A SECUNDAR LA HUELGA EDUCATIVA CONTRA LAS R\u00c9VALIDAS.","author":"Izquierda Unida Motril","date":"25 octubre, 2016","format":false,"excerpt":"La Asamblea de Izquierda Unida exige la retirada inmediata del decreto de rev\u00e1lidas impuesto por el Gobierno en funciones de Mariano Rajoy en contra de la opini\u00f3n mayoritaria de las comunidades aut\u00f3nomas que tendr\u00e1n que aplicarlas. En el mismo sentido, reclama la reversi\u00f3n de los recortes educativos que han supuesto\u2026","rel":"","context":"En \u00abEST\u00c1 PASANDO\u00bb","block_context":{"text":"EST\u00c1 PASANDO","link":"https:\/\/iumotril.org\/sitio\/category\/esta-pasando\/"},"img":{"alt_text":"cartel26o","src":"https:\/\/i0.wp.com\/iumotril.org\/sitio\/wp-content\/uploads\/2016\/10\/cartel26o.jpg?resize=350%2C200","width":350,"height":200},"classes":[]},{"id":2420,"url":"https:\/\/iumotril.org\/sitio\/izquierda-unida-exige-la-puesta-en-marcha-de-la-escuela-de-musica-y-danza-municipal\/","url_meta":{"origin":2726,"position":1},"title":"IZQUIERDA UNIDA EXIGE LA PUESTA EN MARCHA DE LA ESCUELA MUNICIPAL DE M\u00daSICA Y DANZA","author":"Izquierda Unida Motril","date":"7 octubre, 2016","format":false,"excerpt":"A pesar del acuerdo plenario adoptado por unanimidad, en el mes de abril, para su puesta en marcha para el curso 2016-2017, el gobierno local no ha llevado a cabo actuaci\u00f3n alguna para volver a poner en funcionamiento la Escuela de M\u00fasica y Danza Municipal que, en 2013, desmantel\u00f3 el\u2026","rel":"","context":"En \u00abEST\u00c1 PASANDO\u00bb","block_context":{"text":"EST\u00c1 PASANDO","link":"https:\/\/iumotril.org\/sitio\/category\/esta-pasando\/"},"img":{"alt_text":"flor-y-escamez_escuela-musica","src":"https:\/\/i0.wp.com\/iumotril.org\/sitio\/wp-content\/uploads\/2016\/10\/Flor-y-escamez_escuela-m%C3%BAsica-1024x683.jpg?resize=350%2C200","width":350,"height":200,"srcset":"https:\/\/i0.wp.com\/iumotril.org\/sitio\/wp-content\/uploads\/2016\/10\/Flor-y-escamez_escuela-m%C3%BAsica-1024x683.jpg?resize=350%2C200 1x, https:\/\/i0.wp.com\/iumotril.org\/sitio\/wp-content\/uploads\/2016\/10\/Flor-y-escamez_escuela-m%C3%BAsica-1024x683.jpg?resize=525%2C300 1.5x"},"classes":[]},{"id":6556,"url":"https:\/\/iumotril.org\/sitio\/izquierda-unida-exige-al-ayuntamiento-y-a-la-junta-que-garanticen-una-vuelta-segura-a-las-aulas\/","url_meta":{"origin":2726,"position":2},"title":"Izquierda Unida exige al ayuntamiento y a la Junta que garanticen una vuelta segura a las aulas","author":"Izquierda Unida Motril","date":"28 julio, 2020","format":false,"excerpt":"El parlamentario andaluz de Izquierda Unida ha reclamado a la Junta de Andaluc\u00eda un Plan que permita garantizar un comienzo de curso seguro y que haga posible la incorporaci\u00f3n presencial del alumnado a los centros educativos andaluces de cara al nuevo curso escolar. Inma Omiste, ha reclamado al Ayuntamiento de\u2026","rel":"","context":"En \u00abCovid_19\u00bb","block_context":{"text":"Covid_19","link":"https:\/\/iumotril.org\/sitio\/category\/covid_19\/"},"img":{"alt_text":"","src":"https:\/\/i0.wp.com\/iumotril.org\/sitio\/wp-content\/uploads\/2020\/07\/Chus-Fernandez-28-julio-300x300.jpg?resize=350%2C200","width":350,"height":200},"classes":[]},{"id":1320,"url":"https:\/\/iumotril.org\/sitio\/izquierda-unida-considera-necesario-potenciar-y-reforzar-la-educacion-publica-de-calidad-en-motril\/","url_meta":{"origin":2726,"position":3},"title":"Izquierda Unida considera necesario potenciar y reforzar la educaci\u00f3n p\u00fablica de calidad en Motril","author":"Izquierda Unida Motril","date":"8 septiembre, 2015","format":false,"excerpt":"El Ayuntamiento debe ser un instrumento para asegurar y conseguir derechos ciudadanos. La apuesta por una educaci\u00f3n p\u00fablica de calidad pasa necesariamente por el aumento de plazas p\u00fablicas de guarder\u00eda y por el refuerzo de los servicios b\u00e1sicos educativos (comedores escolares, instalaciones, ayudas para el material escolar, organizaci\u00f3n de actividades\u2026","rel":"","context":"En \u00abAyuntamiento\u00bb","block_context":{"text":"Ayuntamiento","link":"https:\/\/iumotril.org\/sitio\/category\/ayuntamiento\/"},"img":{"alt_text":"cole 3","src":"https:\/\/i0.wp.com\/iumotril.org\/sitio\/wp-content\/uploads\/2015\/09\/cole-3.jpg?resize=350%2C200","width":350,"height":200},"classes":[]},{"id":1008,"url":"https:\/\/iumotril.org\/sitio\/desatencion-municipal-a-los-centros-publicos-de-educacion-infantil-y-de-primaria\/","url_meta":{"origin":2726,"position":4},"title":"DESATENCI\u00d3N MUNICIPAL A LOS CENTROS P\u00daBLICOS DE EDUCACI\u00d3N INFANTIL Y DE PRIMARIA.","author":"Izquierda Unida Motril","date":"7 julio, 2015","format":false,"excerpt":"Tras la reuni\u00f3n que ha mantenido con los directores de estos centros educativos de Motril, en la que han trasladado la situaci\u00f3n, problem\u00e1tica y necesidades m\u00e1s urgentes de sus colegios, IU ha reclamado al equipo de Gobierno municipal que lleve a cabo de manera urgente las actuaciones necesarias para que\u2026","rel":"","context":"En \u00abAyuntamiento\u00bb","block_context":{"text":"Ayuntamiento","link":"https:\/\/iumotril.org\/sitio\/category\/ayuntamiento\/"},"img":{"alt_text":"Colegios Infantil y Primaria Motril","src":"https:\/\/i0.wp.com\/iumotril.org\/sitio\/wp-content\/uploads\/2015\/07\/Charlas-bomberos-Motril-300x200.jpeg?resize=350%2C200","width":350,"height":200},"classes":[]},{"id":4786,"url":"https:\/\/iumotril.org\/sitio\/izquierda-unida-reclama-mejoras-en-centros-educativos-de-motril\/","url_meta":{"origin":2726,"position":5},"title":"Izquierda Unida reclama mejoras en Centros educativos de Motril","author":"Izquierda Unida Motril","date":"25 marzo, 2019","format":false,"excerpt":"Inma Omiste ha denunciando la desidia y dejadez de la concejal\u00eda de Educaci\u00f3n del Ayuntamiento de Motril que no hace frente a estos problemas ni ofrece ninguna soluci\u00f3n, a pesar de las demandas de la direcci\u00f3n del centro y de las madres y padres de los alumnos. La Candidata de\u2026","rel":"","context":"En \u00abAdelante Andaluc\u00eda\u00bb","block_context":{"text":"Adelante Andaluc\u00eda","link":"https:\/\/iumotril.org\/sitio\/category\/adelante-andalucia\/"},"img":{"alt_text":"","src":"https:\/\/i0.wp.com\/iumotril.org\/sitio\/wp-content\/uploads\/2019\/03\/Chus-Inma-y-Dani-Principe-Felipe_25-marzo-e1553532849496.jpg?resize=350%2C200","width":350,"height":200,"srcset":"https:\/\/i0.wp.com\/iumotril.org\/sitio\/wp-content\/uploads\/2019\/03\/Chus-Inma-y-Dani-Principe-Felipe_25-marzo-e1553532849496.jpg?resize=350%2C200 1x, https:\/\/i0.wp.com\/iumotril.org\/sitio\/wp-content\/uploads\/2019\/03\/Chus-Inma-y-Dani-Principe-Felipe_25-marzo-e1553532849496.jpg?resize=525%2C300 1.5x, https:\/\/i0.wp.com\/iumotril.org\/sitio\/wp-content\/uploads\/2019\/03\/Chus-Inma-y-Dani-Principe-Felipe_25-marzo-e1553532849496.jpg?resize=700%2C400 2x, https:\/\/i0.wp.com\/iumotril.org\/sitio\/wp-content\/uploads\/2019\/03\/Chus-Inma-y-Dani-Principe-Felipe_25-marzo-e1553532849496.jpg?resize=1050%2C600 3x, https:\/\/i0.wp.com\/iumotril.org\/sitio\/wp-content\/uploads\/2019\/03\/Chus-Inma-y-Dani-Principe-Felipe_25-marzo-e1553532849496.jpg?resize=1400%2C800 4x"},"classes":[]}],"jetpack_likes_enabled":true,"_links":{"self":[{"href":"https:\/\/iumotril.org\/sitio\/wp-json\/wp\/v2\/posts\/2726","targetHints":{"allow":["GET"]}}],"collection":[{"href":"https:\/\/iumotril.org\/sitio\/wp-json\/wp\/v2\/posts"}],"about":[{"href":"https:\/\/iumotril.org\/sitio\/wp-json\/wp\/v2\/types\/post"}],"author":[{"embeddable":true,"href":"https:\/\/iumotril.org\/sitio\/wp-json\/wp\/v2\/users\/1"}],"replies":[{"embeddable":true,"href":"https:\/\/iumotril.org\/sitio\/wp-json\/wp\/v2\/comments?post=2726"}],"version-history":[{"count":5,"href":"https:\/\/iumotril.org\/sitio\/wp-json\/wp\/v2\/posts\/2726\/revisions"}],"predecessor-version":[{"id":2732,"href":"https:\/\/iumotril.org\/sitio\/wp-json\/wp\/v2\/posts\/2726\/revisions\/2732"}],"wp:attachment":[{"href":"https:\/\/iumotril.org\/sitio\/wp-json\/wp\/v2\/media?parent=2726"}],"wp:term":[{"taxonomy":"category","embeddable":true,"href":"https:\/\/iumotril.org\/sitio\/wp-json\/wp\/v2\/categories?post=2726"},{"taxonomy":"post_tag","embeddable":true,"href":"https:\/\/iumotril.org\/sitio\/wp-json\/wp\/v2\/tags?post=2726"}],"curies":[{"name":"wp","href":"https:\/\/api.w.org\/{rel}","templated":true}]}}