{"id":2696,"date":"2017-02-10T11:15:52","date_gmt":"2017-02-10T10:15:52","guid":{"rendered":"http:\/\/iumotril.org\/sitio\/?p=2696"},"modified":"2017-02-10T11:15:52","modified_gmt":"2017-02-10T10:15:52","slug":"flor-almon-y-antonio-escamez-motrilenos-viajeros","status":"publish","type":"post","link":"https:\/\/iumotril.org\/sitio\/flor-almon-y-antonio-escamez-motrilenos-viajeros\/","title":{"rendered":"FLOR ALM\u00d3N Y ANTONIO ESC\u00c1MEZ, MOTRILE\u00d1OS VIAJEROS"},"content":{"rendered":"<h4 style=\"text-align: justify;\"><strong><span style=\"color: #993300;\">Izquierda Unida ha criticado el esp\u00edritu viajero de los principales responsables municipales que, en las \u00faltimas semanas, han viajado a Madrid, T\u00e1nger y Berl\u00edn para acudir a diferentes eventos de car\u00e1cter promocional y, sin embargo, no han tenido tiempo para desplazarse a la carretera de la celulosa, a las instalaciones de Mercomotril, para apoyar a las trabajadoras en su lucha por la defensa de sus empleos.<\/span><\/strong><\/h4>\n<p>Para Izquierda Unida, Flor Alm\u00f3n y Antonio Esc\u00e1mez son merecedores del reconocimiento a los <strong>motrile\u00f1os m\u00e1s viajeros<\/strong>, a la vista de su intensa actividad durante las \u00faltimas semanas. Unos viajes que les ha permitido ausentarse de sus puestos de responsabilidad en la ciudad y, de ese modo, escurrir el bulto para no tener que dar la cara ante los m\u00faltiples problemas que su gesti\u00f3n est\u00e1 causando a la ciudadan\u00eda.<\/p>\n<p><a href=\"https:\/\/iumotril.org\/sitio\/momento-de-la-reunion-en-el-puerto-de-tanger-med\/\"><img loading=\"lazy\" decoding=\"async\" data-attachment-id=\"2701\" data-permalink=\"https:\/\/iumotril.org\/sitio\/flor-almon-y-antonio-escamez-motrilenos-viajeros\/momento-de-la-reunion-en-el-puerto-de-tanger-med\/\" data-orig-file=\"https:\/\/iumotril.org\/sitio\/wp-content\/uploads\/2017\/02\/Momento-de-la-reuni\u00f3n-en-el-Puerto-de-T\u00e1nger-Med.jpg\" data-orig-size=\"880,660\" data-comments-opened=\"1\" data-image-meta=\"{&quot;aperture&quot;:&quot;2.4&quot;,&quot;credit&quot;:&quot;&quot;,&quot;camera&quot;:&quot;iPad Air 2&quot;,&quot;caption&quot;:&quot;&quot;,&quot;created_timestamp&quot;:&quot;1485518064&quot;,&quot;copyright&quot;:&quot;&quot;,&quot;focal_length&quot;:&quot;3.3&quot;,&quot;iso&quot;:&quot;64&quot;,&quot;shutter_speed&quot;:&quot;0.03030303030303&quot;,&quot;title&quot;:&quot;&quot;,&quot;orientation&quot;:&quot;1&quot;}\" data-image-title=\"Momento-de-la-reuni\u00f3n-en-el-Puerto-de-T\u00e1nger-Med\" data-image-description=\"\" data-image-caption=\"\" data-large-file=\"https:\/\/iumotril.org\/sitio\/wp-content\/uploads\/2017\/02\/Momento-de-la-reuni\u00f3n-en-el-Puerto-de-T\u00e1nger-Med.jpg\" class=\"alignleft wp-image-2701\" src=\"https:\/\/iumotril.org\/sitio\/wp-content\/uploads\/2017\/02\/Momento-de-la-reuni\u00f3n-en-el-Puerto-de-T\u00e1nger-Med-300x225.jpg\" width=\"440\" height=\"330\" srcset=\"https:\/\/iumotril.org\/sitio\/wp-content\/uploads\/2017\/02\/Momento-de-la-reuni\u00f3n-en-el-Puerto-de-T\u00e1nger-Med-300x225.jpg 300w, https:\/\/iumotril.org\/sitio\/wp-content\/uploads\/2017\/02\/Momento-de-la-reuni\u00f3n-en-el-Puerto-de-T\u00e1nger-Med-768x576.jpg 768w, https:\/\/iumotril.org\/sitio\/wp-content\/uploads\/2017\/02\/Momento-de-la-reuni\u00f3n-en-el-Puerto-de-T\u00e1nger-Med.jpg 880w\" sizes=\"auto, (max-width: 440px) 100vw, 440px\" \/><\/a>Mientras que los principales responsables municipales han estado de viaje, las trabajadoras de <strong><a href=\"https:\/\/iumotril.org\/sitio\/solidaridad-y-apoyo-con-las-trabajadoras-de-mercomotril\/\">Mercomotril <\/a><\/strong>siguen su lucha por la <strong>defensa de sus empleos<\/strong>, v\u00edctimas de una operaci\u00f3n especulativa empresarial sin que ning\u00fan miembro del equipo local haya sido capaz, hasta el momento, de establecer contacto con los responsables de las empresas para mediar en la resoluci\u00f3n de conflicto, a pesar de que mientras que Berl\u00edn est\u00e1 a 2.757 kil\u00f3metros, \u00a0entre el Ayuntamiento y el Merco solo hay\u00a03,2 kil\u00f3metros (10 minutos en coche o 32 minutos caminando).<\/p>\n<p>Mientras que Alm\u00f3n y su s\u00e9quito est\u00e1n en tr\u00e1nsito entre T\u00e1nger y Berl\u00edn, a las trabajadoras y trabajadores de la <a href=\"http:\/\/www.elfaromotril.es\/2017\/02\/03\/las-trabajadoras-de-la-residencia-santa-amelia-acuden-a-su-centro-laboral-tras-finalizar-el-erte-para-pedir-su-reincorporacion\/\"><strong>residencia Santa Amelia<\/strong><\/a> se les impide <strong>volver a sus puestos de trabajo<\/strong> despu\u00e9s de 21 meses de Expediente de Regulaci\u00f3n Temporal de Empleo y las trabajadoras de Claros siguen sin cobrar sus salarios.<\/p>\n<p>Durante estos d\u00edas en que buena parte del <strong>equipo municipal ha estado f\u00edsicamente ausente<\/strong>, se han publicado los datos del paro en nuestra ciudad:<strong> 6.198 personas inscritas en el SAE<\/strong>\u00a0(3.266 mujeres y 2.932 hombres) y el \u00c1rea de Empleo que gestionan los Esc\u00e1mez sigue sin informar con transparencia de c\u00f3mo se est\u00e1n llevando a cabo las contrataciones de j\u00f3venes y mayores de 30 a\u00f1os subvencionadas por la Junta de Andaluc\u00eda.<\/p>\n<p>Alm\u00f3n y Esc\u00e1mez viajan, y <strong>Motril vuelve a quedarse<a href=\"http:\/\/www.ideal.es\/granada\/costa\/201701\/27\/cine-motril-echa-cierre-20170127221156.html\"> sin cine comercia<\/a>l<\/strong> por la incompetencia manifiesta de nuestros gestores municipales.<\/p>\n<p>Izquierda Unida siente <strong>verg\u00fcenza e indignaci\u00f3n<\/strong> ante la situaci\u00f3n a la que los gobernantes municipales \u00a0est\u00e1n llevando a Motril. Motril no avanza.<strong> Motril se queda atr\u00e1s y Alm\u00f3n y su equipo rechazan contar con el Grupo Municipal de Izquierda Unida para sacar adelante unos presupuestos que respondan a las necesidades de la mayor\u00eda ciudadana<\/strong>. Prefieren aplicar las <strong>pol\u00edticas de derechas del Partido Popula<\/strong>r con las graves consecuencias que ello tiene para el desarrollo de nuestra ciudad y para la administraci\u00f3n municipal y sus trabajadores y trabajadoras.<\/p>\n<p>Izquierda Unida est\u00e1 convencida de que se pueden llevar a cabo <strong>pol\u00edticas de progreso<\/strong> a trav\u00e9s de una gesti\u00f3n eficaz de los asuntos municipales, con <strong>un proyecto de ciudad que permita que Motril avance, crezca, se modernice y sea un lugar para vivir y trabajar dignamente.<\/strong><\/p>\n<p>Solo se necesita voluntad y determinaci\u00f3n pol\u00edtica. Y <strong>desprenderse del peaje que supone gobernar con los hermanos Esc\u00e1mez.<\/strong><\/p>\n","protected":false},"excerpt":{"rendered":"<p>Izquierda Unida est\u00e1 convencida de que se pueden llevar a cabo pol\u00edticas de progreso a trav\u00e9s de una gesti\u00f3n eficaz de los asuntos municipales, con un proyecto de ciudad que permita que Motril avance, crezca, se modernice y sea un lugar para vivir y trabajar dignamente. Solo se necesita voluntad y determinaci\u00f3n pol\u00edtica. Y desprenderse del peaje que supone gobernar con los hermanos Esc\u00e1mez.<\/p>\n","protected":false},"author":1,"featured_media":0,"comment_status":"open","ping_status":"open","sticky":false,"template":"","format":"standard","meta":{"cybocfi_hide_featured_image":"","_jetpack_newsletter_access":"","_jetpack_dont_email_post_to_subs":false,"_jetpack_newsletter_tier_id":0,"_jetpack_memberships_contains_paywalled_content":false,"_jetpack_memberships_contains_paid_content":false,"footnotes":""},"categories":[265],"tags":[129,683,130,686,637,682,244,684,685],"class_list":["post-2696","post","type-post","status-publish","format-standard","hentry","category-esta-pasando","tag-almon","tag-claros","tag-escamez","tag-indignacion","tag-mercomotril","tag-motrilenos-viajeros","tag-paro","tag-santa-amelia","tag-verguenza"],"jetpack_featured_media_url":"","jetpack_sharing_enabled":true,"jetpack_shortlink":"https:\/\/wp.me\/p4QsU5-Hu","jetpack-related-posts":[{"id":3478,"url":"https:\/\/iumotril.org\/sitio\/izquierda-unida-vuelve-a-pedir-a-flor-almon-que-viaje-menos-y-trabaje-mas-en-motril\/","url_meta":{"origin":2696,"position":0},"title":"Izquierda Unida vuelve a pedir a Flor Alm\u00f3n que viaje menos y trabaje m\u00e1s en Motril","author":"Izquierda Unida Motril","date":"11 abril, 2018","format":false,"excerpt":"Izquierda Unida rechaza frontalmente este modo de hacer pol\u00edtica que comparten tanto el PP como el PSOE, y entiende que el partido socialista ha dejado suficientemente claras sus se\u00f1as de identidad con su gesti\u00f3n en Motril durante estos tres \u00faltimos a\u00f1os.","rel":"","context":"En \u00abEST\u00c1 PASANDO\u00bb","block_context":{"text":"EST\u00c1 PASANDO","link":"https:\/\/iumotril.org\/sitio\/category\/esta-pasando\/"},"img":{"alt_text":"","src":"https:\/\/i0.wp.com\/iumotril.org\/sitio\/wp-content\/uploads\/2018\/04\/Viaje-a-Bruselas-300x180.jpg?resize=350%2C200","width":350,"height":200},"classes":[]},{"id":2673,"url":"https:\/\/iumotril.org\/sitio\/izquierda-unida-recomienda-a-flor-almon-viajar-menos-y-trabajar-mas-en-motril\/","url_meta":{"origin":2696,"position":1},"title":"IZQUIERDA UNIDA RECOMIENDA A FLOR ALM\u00d3N VIAJAR MENOS Y TRABAJAR M\u00c1S EN MOTRIL","author":"Izquierda Unida Motril","date":"29 enero, 2017","format":false,"excerpt":"Izquierda Unida reclama a la alcaldesa viajera, Flor Alm\u00f3n, a su s\u00e9quito y al Partido Socialista que trabajen para dinamizar la ciudad y contribuir a su crecimiento y desarrollo econ\u00f3mico y social a trav\u00e9s de la puesta en marcha de estrategias de empleo local, con oportunidades de empleo y formaci\u00f3n\u2026","rel":"","context":"En \u00abEST\u00c1 PASANDO\u00bb","block_context":{"text":"EST\u00c1 PASANDO","link":"https:\/\/iumotril.org\/sitio\/category\/esta-pasando\/"},"img":{"alt_text":"","src":"https:\/\/i0.wp.com\/iumotril.org\/sitio\/wp-content\/uploads\/2017\/01\/FITUR-MOTRIL-22-ENERO-1024x613-1024x613.jpg?resize=350%2C200","width":350,"height":200,"srcset":"https:\/\/i0.wp.com\/iumotril.org\/sitio\/wp-content\/uploads\/2017\/01\/FITUR-MOTRIL-22-ENERO-1024x613-1024x613.jpg?resize=350%2C200 1x, https:\/\/i0.wp.com\/iumotril.org\/sitio\/wp-content\/uploads\/2017\/01\/FITUR-MOTRIL-22-ENERO-1024x613-1024x613.jpg?resize=525%2C300 1.5x"},"classes":[]},{"id":5080,"url":"https:\/\/iumotril.org\/sitio\/iu-equo-verdes-reclama-un-debate-electoral-en-telemotril\/","url_meta":{"origin":2696,"position":2},"title":"IU-Equo Verdes reclama un debate electoral en Telemotril","author":"Izquierda Unida Motril","date":"20 mayo, 2019","format":false,"excerpt":"Flor Alm\u00f3n y Antonio Esc\u00e1mez tienen miedo a exponer, debatir y contrastar sus propuestas para que los ciudadanos puedan comprobar que, en su mayor\u00eda, se tratan de promesas y mentiras si se contrastan con el programa de gobierno de IU-Equo Motril. Prefieren ensuciar las calles de Motril con propaganda y\u2026","rel":"","context":"En \u00abEST\u00c1 PASANDO\u00bb","block_context":{"text":"EST\u00c1 PASANDO","link":"https:\/\/iumotril.org\/sitio\/category\/esta-pasando\/"},"img":{"alt_text":"","src":"https:\/\/i0.wp.com\/iumotril.org\/sitio\/wp-content\/uploads\/2019\/05\/Jose-Llorente-Inma-Omiste-20-mayo-768x1024.jpg?resize=350%2C200","width":350,"height":200,"srcset":"https:\/\/i0.wp.com\/iumotril.org\/sitio\/wp-content\/uploads\/2019\/05\/Jose-Llorente-Inma-Omiste-20-mayo-768x1024.jpg?resize=350%2C200 1x, https:\/\/i0.wp.com\/iumotril.org\/sitio\/wp-content\/uploads\/2019\/05\/Jose-Llorente-Inma-Omiste-20-mayo-768x1024.jpg?resize=525%2C300 1.5x"},"classes":[]},{"id":4626,"url":"https:\/\/iumotril.org\/sitio\/flor-almon-y-antonio-escamez-no-cumplen-sus-compromisos-con-los-vecinos-y-comerciantes-de-motril\/","url_meta":{"origin":2696,"position":3},"title":"Flor Alm\u00f3n y Antonio Esc\u00e1mez no cumplen sus compromisos con los vecinos y comerciantes de Motril","author":"Izquierda Unida Motril","date":"21 enero, 2019","format":false,"excerpt":"La portavoz municipal de Izquierda Unida ha lamentado que la alcaldesa utilice cualquier escenario como plat\u00f3 para sus reportajes fotogr\u00e1ficos y entienda que la actividad pol\u00edtica municipal consiste en dar abrazos y achuchones por doquier a quien se encuentra por las calles, en referencia a la sesi\u00f3n fotogr\u00e1fica que el\u2026","rel":"","context":"En \u00abCiudad\u00bb","block_context":{"text":"Ciudad","link":"https:\/\/iumotril.org\/sitio\/category\/ciudad\/"},"img":{"alt_text":"","src":"https:\/\/i0.wp.com\/iumotril.org\/sitio\/wp-content\/uploads\/2019\/01\/IMG-9718-e1548072786749-176x176.jpg?resize=350%2C200&ssl=1","width":350,"height":200,"srcset":"https:\/\/i0.wp.com\/iumotril.org\/sitio\/wp-content\/uploads\/2019\/01\/IMG-9718-e1548072786749-176x176.jpg?resize=350%2C200&ssl=1 1x, https:\/\/i0.wp.com\/iumotril.org\/sitio\/wp-content\/uploads\/2019\/01\/IMG-9718-e1548072786749-176x176.jpg?resize=525%2C300&ssl=1 1.5x, https:\/\/i0.wp.com\/iumotril.org\/sitio\/wp-content\/uploads\/2019\/01\/IMG-9718-e1548072786749-176x176.jpg?resize=700%2C400&ssl=1 2x, https:\/\/i0.wp.com\/iumotril.org\/sitio\/wp-content\/uploads\/2019\/01\/IMG-9718-e1548072786749-176x176.jpg?resize=1050%2C600&ssl=1 3x, https:\/\/i0.wp.com\/iumotril.org\/sitio\/wp-content\/uploads\/2019\/01\/IMG-9718-e1548072786749-176x176.jpg?resize=1400%2C800&ssl=1 4x"},"classes":[]},{"id":2999,"url":"https:\/\/iumotril.org\/sitio\/mientras-la-ciudad-va-a-la-deriva-para-flor-almon-motril-es-un-oasis-de-bienestar-y-prosperidad\/","url_meta":{"origin":2696,"position":4},"title":"Mientras la ciudad va a la deriva, para Flor Alm\u00f3n Motril es un oasis de bienestar y prosperidad","author":"Izquierda Unida Motril","date":"17 julio, 2017","format":false,"excerpt":"La portavoz de Izquierda Unida ha reclamado al gobierno local un cambio de rumbo en su gesti\u00f3n que apueste por pol\u00edticas de progreso para Motril y para sus vecinos y vecinas. En concreto, ha reclamado la modernizaci\u00f3n de la Administraci\u00f3n local para ponerse al servicio real de los ciudadanos y\u2026","rel":"","context":"En \u00abEST\u00c1 PASANDO\u00bb","block_context":{"text":"EST\u00c1 PASANDO","link":"https:\/\/iumotril.org\/sitio\/category\/esta-pasando\/"},"img":{"alt_text":"","src":"https:\/\/i0.wp.com\/iumotril.org\/sitio\/wp-content\/uploads\/2017\/07\/debate-ciudad-1024x768.jpeg?resize=350%2C200","width":350,"height":200,"srcset":"https:\/\/i0.wp.com\/iumotril.org\/sitio\/wp-content\/uploads\/2017\/07\/debate-ciudad-1024x768.jpeg?resize=350%2C200 1x, https:\/\/i0.wp.com\/iumotril.org\/sitio\/wp-content\/uploads\/2017\/07\/debate-ciudad-1024x768.jpeg?resize=525%2C300 1.5x"},"classes":[]},{"id":4829,"url":"https:\/\/iumotril.org\/sitio\/izquierda-unida-exige-a-flor-almon-el-cumplimiento-de-los-acuerdos-con-los-empleados-municipales\/","url_meta":{"origin":2696,"position":5},"title":"Izquierda Unida exige a Flor Alm\u00f3n el cumplimiento de los acuerdos con los empleados municipales","author":"Izquierda Unida Motril","date":"10 abril, 2019","format":false,"excerpt":"Para Izquierda Unida, Flor Alm\u00f3n y el partido socialista est\u00e1n pagando, un elevado peaje por\u00a0 presidir el gobierno municipal. Han sido, durante todo su mandato, espectadores mudos de los manejos de los hermanos Esc\u00e1mez. El mandato de Alm\u00f3n ha sido una ocasi\u00f3n perdida para la recuperaci\u00f3n de los derechos arrebatados\u2026","rel":"","context":"En \u00abAyuntamiento\u00bb","block_context":{"text":"Ayuntamiento","link":"https:\/\/iumotril.org\/sitio\/category\/ayuntamiento\/"},"img":{"alt_text":"Inma Omiste, candidata a la Alcald\u00eda de Motril y Jose Llorente","src":"https:\/\/i0.wp.com\/iumotril.org\/sitio\/wp-content\/uploads\/2019\/04\/Inma-y-Jose_10-abril.jpg?resize=350%2C200","width":350,"height":200,"srcset":"https:\/\/i0.wp.com\/iumotril.org\/sitio\/wp-content\/uploads\/2019\/04\/Inma-y-Jose_10-abril.jpg?resize=350%2C200 1x, https:\/\/i0.wp.com\/iumotril.org\/sitio\/wp-content\/uploads\/2019\/04\/Inma-y-Jose_10-abril.jpg?resize=525%2C300 1.5x, https:\/\/i0.wp.com\/iumotril.org\/sitio\/wp-content\/uploads\/2019\/04\/Inma-y-Jose_10-abril.jpg?resize=700%2C400 2x, https:\/\/i0.wp.com\/iumotril.org\/sitio\/wp-content\/uploads\/2019\/04\/Inma-y-Jose_10-abril.jpg?resize=1050%2C600 3x, https:\/\/i0.wp.com\/iumotril.org\/sitio\/wp-content\/uploads\/2019\/04\/Inma-y-Jose_10-abril.jpg?resize=1400%2C800 4x"},"classes":[]}],"jetpack_likes_enabled":true,"_links":{"self":[{"href":"https:\/\/iumotril.org\/sitio\/wp-json\/wp\/v2\/posts\/2696","targetHints":{"allow":["GET"]}}],"collection":[{"href":"https:\/\/iumotril.org\/sitio\/wp-json\/wp\/v2\/posts"}],"about":[{"href":"https:\/\/iumotril.org\/sitio\/wp-json\/wp\/v2\/types\/post"}],"author":[{"embeddable":true,"href":"https:\/\/iumotril.org\/sitio\/wp-json\/wp\/v2\/users\/1"}],"replies":[{"embeddable":true,"href":"https:\/\/iumotril.org\/sitio\/wp-json\/wp\/v2\/comments?post=2696"}],"version-history":[{"count":8,"href":"https:\/\/iumotril.org\/sitio\/wp-json\/wp\/v2\/posts\/2696\/revisions"}],"predecessor-version":[{"id":2706,"href":"https:\/\/iumotril.org\/sitio\/wp-json\/wp\/v2\/posts\/2696\/revisions\/2706"}],"wp:attachment":[{"href":"https:\/\/iumotril.org\/sitio\/wp-json\/wp\/v2\/media?parent=2696"}],"wp:term":[{"taxonomy":"category","embeddable":true,"href":"https:\/\/iumotril.org\/sitio\/wp-json\/wp\/v2\/categories?post=2696"},{"taxonomy":"post_tag","embeddable":true,"href":"https:\/\/iumotril.org\/sitio\/wp-json\/wp\/v2\/tags?post=2696"}],"curies":[{"name":"wp","href":"https:\/\/api.w.org\/{rel}","templated":true}]}}