{"id":2685,"date":"2017-01-31T21:27:33","date_gmt":"2017-01-31T20:27:33","guid":{"rendered":"http:\/\/iumotril.org\/sitio\/?p=2685"},"modified":"2017-01-31T21:27:33","modified_gmt":"2017-01-31T20:27:33","slug":"a-propuesta-de-iu-el-ayuntamiento-aplicara-criterios-sociales-en-sus-contrataciones","status":"publish","type":"post","link":"https:\/\/iumotril.org\/sitio\/a-propuesta-de-iu-el-ayuntamiento-aplicara-criterios-sociales-en-sus-contrataciones\/","title":{"rendered":"A PROPUESTA DE IU, EL AYUNTAMIENTO APLICAR\u00c1 CRITERIOS SOCIALES EN SUS CONTRATACIONES"},"content":{"rendered":"<h4 class=\"p1\" style=\"text-align: justify;\"><strong><span class=\"s1\" style=\"color: #993300;\">A propuesta de Izquierda Unida, el Pleno del Ayuntamiento de Motril ha acordado la inclusi\u00f3n de criterios sociales y medioambientales en sus contrataciones. La moci\u00f3n acordada pretende que en los contratos que lleva a cabo el Ayuntamiento no se tengan en cuenta, principalmente, criterios econ\u00f3micos, sino que se valoren otros criterios, como las condiciones de empleo o las pol\u00edticas de g\u00e9nero. El pleno tambi\u00e9n\u00a0ha aprobado nuestra declaraci\u00f3n\u00a0de apoyo y solidaridad con las trabajadoras de Mercomotril.<\/span><\/strong><\/h4>\n<p class=\"p3\"><span class=\"s1\">El acuerdo alcanzado por unanimidad supone la elaboraci\u00f3n de un decreto para la inclusi\u00f3n de cl\u00e1usulas sociales y medioambientales (criterios como la calidad de las condiciones de empleo, la inserci\u00f3n sociolaboral de colectivos con especiales dificultades de integraci\u00f3n, la diversidad funcional, pol\u00edticas de g\u00e9nero, medioambientales y de comercio justo) en las contrataciones que se realicen desde este Ayuntamiento. Dichos criterios tender\u00e1n a valorarse en un m\u00e1ximo del 60% sobre la puntuaci\u00f3n total.<\/span><\/p>\n<h4 class=\"p3\"><span class=\"s2\" style=\"color: #993300;\"><b>La Corporaci\u00f3n declara su apoyo y solidaridad a las trabajadoras de Mercomotril<\/b><\/span><\/h4>\n<p class=\"p3\"><span class=\"s1\"><a href=\"https:\/\/iumotril.org\/sitio\/pleno-31-enero\/\"><img loading=\"lazy\" decoding=\"async\" data-attachment-id=\"2694\" data-permalink=\"https:\/\/iumotril.org\/sitio\/a-propuesta-de-iu-el-ayuntamiento-aplicara-criterios-sociales-en-sus-contrataciones\/pleno-31-enero\/\" data-orig-file=\"https:\/\/iumotril.org\/sitio\/wp-content\/uploads\/2017\/01\/Pleno-31-enero.jpeg\" data-orig-size=\"3264,2448\" data-comments-opened=\"1\" data-image-meta=\"{&quot;aperture&quot;:&quot;2.2&quot;,&quot;credit&quot;:&quot;&quot;,&quot;camera&quot;:&quot;iPhone 6&quot;,&quot;caption&quot;:&quot;&quot;,&quot;created_timestamp&quot;:&quot;1485855740&quot;,&quot;copyright&quot;:&quot;&quot;,&quot;focal_length&quot;:&quot;4.15&quot;,&quot;iso&quot;:&quot;200&quot;,&quot;shutter_speed&quot;:&quot;0.03030303030303&quot;,&quot;title&quot;:&quot;&quot;,&quot;orientation&quot;:&quot;1&quot;}\" data-image-title=\"Pleno 31 enero\" data-image-description=\"\" data-image-caption=\"\" data-large-file=\"https:\/\/iumotril.org\/sitio\/wp-content\/uploads\/2017\/01\/Pleno-31-enero-1024x768.jpeg\" class=\"alignleft wp-image-2694 size-medium\" src=\"https:\/\/iumotril.org\/sitio\/wp-content\/uploads\/2017\/01\/Pleno-31-enero-300x225.jpeg\" width=\"300\" height=\"225\" srcset=\"https:\/\/iumotril.org\/sitio\/wp-content\/uploads\/2017\/01\/Pleno-31-enero-300x225.jpeg 300w, https:\/\/iumotril.org\/sitio\/wp-content\/uploads\/2017\/01\/Pleno-31-enero-768x576.jpeg 768w, https:\/\/iumotril.org\/sitio\/wp-content\/uploads\/2017\/01\/Pleno-31-enero-1024x768.jpeg 1024w\" sizes=\"auto, (max-width: 300px) 100vw, 300px\" \/><\/a>El pleno tambi\u00e9n ha acordado por unanimidad, la segunda moci\u00f3n presentada por Izquierda Unida,<span class=\"Apple-converted-space\">\u00a0 <\/span>declarativa de <strong>solidaridad y apoyo a las trabajadoras de Mercomotril<\/strong>, que con la excusa de la presentaci\u00f3n de un expediente de regulaci\u00f3n de empleo temporal, est\u00e1n viendo como una <a href=\"https:\/\/iumotril.org\/sitio\/solidaridad-y-apoyo-con-las-trabajadoras-de-mercomotril\/\">actuaci\u00f3n empresaria<\/a>l oscura y especulativa, est\u00e1 poniendo en grave riesgo la continuidad de sus puestos de trabajo y el futuro de m\u00e1s de doscientas familias de Motril y su comarca.<\/span><\/p>\n<p class=\"p3\"><span class=\"s1\">La moci\u00f3n presentada, denuncia que esta situaci\u00f3n es consecuencia directa de la <strong>reforma laboral de la derecha,<\/strong> que se est\u00e1 utilizando por los empresarios para precarizar las condiciones laborales de los trabajadores y perseguir objetivos puramente especulativos. Reclama la intervenci\u00f3n del equipo de gobierno en esta situaci\u00f3n y su compromiso firme por la defensa del empleo en Motril algo que, a la vista de los datos de paro en nuestra ciudad, podr\u00eda ponerse en duda.<\/span><\/p>\n<p class=\"p3\"><span class=\"s1\">Daniela Paqu\u00e9, portavoz del Grupo Municipal de Izquierda Unida, en su intervenci\u00f3n en defensa de la moci\u00f3n presentada, ha hecho un l<strong>lamamiento a la ciudadan\u00eda para que apoyen a las trabajadoras en sus movilizaci\u00f3n<\/strong> y, de manera especial, a los colectivos de mujeres, porque defender el empleo y condiciones de trabajo dignas en Mercomotril es <strong>defender los derechos de las mujeres y luchar por la igualdad en todos sus \u00e1mbitos.<\/strong><\/span><\/p>\n","protected":false},"excerpt":{"rendered":"<p>A propuesta de Izquierda Unida, el Pleno del Ayuntamiento de Motril ha acordado la inclusi\u00f3n de criterios sociales y medioambientales en sus contrataciones. La moci\u00f3n acordada pretende que en los contratos que lleva a cabo el Ayuntamiento no se tengan en cuenta, principalmente, criterios econ\u00f3micos, sino que se valoren otros criterios, como las condiciones de empleo o las pol\u00edticas de g\u00e9nero. El pleno tambi\u00e9n ha aprobado nuestra declaraci\u00f3n de apoyo y solidaridad con las trabajadoras de Mercomotril.<\/p>\n","protected":false},"author":1,"featured_media":0,"comment_status":"open","ping_status":"open","sticky":false,"template":"","format":"standard","meta":{"cybocfi_hide_featured_image":"","_jetpack_newsletter_access":"","_jetpack_dont_email_post_to_subs":false,"_jetpack_newsletter_tier_id":0,"_jetpack_memberships_contains_paywalled_content":false,"_jetpack_memberships_contains_paid_content":false,"footnotes":""},"categories":[265],"tags":[679,681,680,637,222],"class_list":["post-2685","post","type-post","status-publish","format-standard","hentry","category-esta-pasando","tag-contrataciones-publicas","tag-criterios-medioambientales","tag-criterios-sociales","tag-mercomotril","tag-solidaridad"],"jetpack_featured_media_url":"","jetpack_sharing_enabled":true,"jetpack_shortlink":"https:\/\/wp.me\/p4QsU5-Hj","jetpack-related-posts":[{"id":2673,"url":"https:\/\/iumotril.org\/sitio\/izquierda-unida-recomienda-a-flor-almon-viajar-menos-y-trabajar-mas-en-motril\/","url_meta":{"origin":2685,"position":0},"title":"IZQUIERDA UNIDA RECOMIENDA A FLOR ALM\u00d3N VIAJAR MENOS Y TRABAJAR M\u00c1S EN MOTRIL","author":"Izquierda Unida Motril","date":"29 enero, 2017","format":false,"excerpt":"Izquierda Unida reclama a la alcaldesa viajera, Flor Alm\u00f3n, a su s\u00e9quito y al Partido Socialista que trabajen para dinamizar la ciudad y contribuir a su crecimiento y desarrollo econ\u00f3mico y social a trav\u00e9s de la puesta en marcha de estrategias de empleo local, con oportunidades de empleo y formaci\u00f3n\u2026","rel":"","context":"En \u00abEST\u00c1 PASANDO\u00bb","block_context":{"text":"EST\u00c1 PASANDO","link":"https:\/\/iumotril.org\/sitio\/category\/esta-pasando\/"},"img":{"alt_text":"","src":"https:\/\/i0.wp.com\/iumotril.org\/sitio\/wp-content\/uploads\/2017\/01\/FITUR-MOTRIL-22-ENERO-1024x613-1024x613.jpg?resize=350%2C200","width":350,"height":200,"srcset":"https:\/\/i0.wp.com\/iumotril.org\/sitio\/wp-content\/uploads\/2017\/01\/FITUR-MOTRIL-22-ENERO-1024x613-1024x613.jpg?resize=350%2C200 1x, https:\/\/i0.wp.com\/iumotril.org\/sitio\/wp-content\/uploads\/2017\/01\/FITUR-MOTRIL-22-ENERO-1024x613-1024x613.jpg?resize=525%2C300 1.5x"},"classes":[]},{"id":1487,"url":"https:\/\/iumotril.org\/sitio\/izquierda-unida-exige-que-se-hagan-publicos-los-criterios-de-seleccion-de-los-contratos-del-programa-de-insercion-laboral-de-la-junta\/","url_meta":{"origin":2685,"position":1},"title":"IZQUIERDA UNIDA EXIGE QUE SE HAGAN P\u00daBLICOS LOS CRITERIOS DE SELECCI\u00d3N DE LOS CONTRATOS DEL PROGRAMA DE INSERCI\u00d3N LABORAL DE LA JUNTA","author":"Izquierda Unida Motril","date":"15 octubre, 2015","format":false,"excerpt":"Izquierda Unida ha denunciado la falta de transparencia con la que se est\u00e1 gestionando el Programa de Medidas Urgentes para la inserci\u00f3n laboral de la Junta de Andaluc\u00eda por el que se destinan 1,7 millones de euros para que el Ayuntamiento de Motril realice 212 contratos a otras tantos desempleados\u2026","rel":"","context":"En \u00abEST\u00c1 PASANDO\u00bb","block_context":{"text":"EST\u00c1 PASANDO","link":"https:\/\/iumotril.org\/sitio\/category\/esta-pasando\/"},"img":{"alt_text":"hombres mujeres plantilla","src":"https:\/\/i0.wp.com\/iumotril.org\/sitio\/wp-content\/uploads\/2015\/10\/hombres-mujeres-plantilla-300x200.jpg?resize=350%2C200","width":350,"height":200},"classes":[]},{"id":2627,"url":"https:\/\/iumotril.org\/sitio\/iu-reclama-la-contratacion-de-desempleados-por-el-ayuntamiento\/","url_meta":{"origin":2685,"position":2},"title":"IU RECLAMA LA CONTRATACI\u00d3N DE DESEMPLEADOS POR EL AYUNTAMIENTO","author":"Izquierda Unida Motril","date":"16 diciembre, 2016","format":false,"excerpt":"La portavoz de Izquierda Unida ha puesto en duda la capacidad de la Concejala de empleo y formaci\u00f3n para resolver este proceso con las garant\u00edas necesarias, dadas las m\u00faltiples competencias de su \u00c1rea (Esc\u00e1mez tiene responsabilidades sobre la Polic\u00eda Municipal, Personal y R\u00e9gimen Interior, Movilidad, Empleo y Formaci\u00f3n) y teniendo\u2026","rel":"","context":"En \u00abEST\u00c1 PASANDO\u00bb","block_context":{"text":"EST\u00c1 PASANDO","link":"https:\/\/iumotril.org\/sitio\/category\/esta-pasando\/"},"img":{"alt_text":"","src":"https:\/\/i0.wp.com\/iumotril.org\/sitio\/wp-content\/uploads\/2016\/12\/Archivo_000-23-1024x768.jpeg?resize=350%2C200","width":350,"height":200,"srcset":"https:\/\/i0.wp.com\/iumotril.org\/sitio\/wp-content\/uploads\/2016\/12\/Archivo_000-23-1024x768.jpeg?resize=350%2C200 1x, https:\/\/i0.wp.com\/iumotril.org\/sitio\/wp-content\/uploads\/2016\/12\/Archivo_000-23-1024x768.jpeg?resize=525%2C300 1.5x"},"classes":[]},{"id":1551,"url":"https:\/\/iumotril.org\/sitio\/a-iniciativa-de-izquierda-unida-se-pondra-en-marcha-una-estrategia-local-por-el-empleo-en-motril\/","url_meta":{"origin":2685,"position":3},"title":"A INICIATIVA DE IZQUIERDA UNIDA SE PONDR\u00c1 EN MARCHA UNA ESTRATEGIA LOCAL POR EL EMPLEO EN MOTRIL","author":"Izquierda Unida Motril","date":"31 octubre, 2015","format":false,"excerpt":"Entre las propuestas acordadas se incluye, adem\u00e1s, que el \u00c1rea de Empleo y Formaci\u00f3n municipal haga p\u00fablicos los perfiles profesionales y los criterios de selecci\u00f3n de los 212 contratos de seis meses de duraci\u00f3n que realizar\u00e1 pr\u00f3ximamente el Consistorio con financiaci\u00f3n de la Junta de Andaluc\u00eda. La portavoz de IU,\u2026","rel":"","context":"En \u00abempleo\u00bb","block_context":{"text":"empleo","link":"https:\/\/iumotril.org\/sitio\/category\/empleo\/"},"img":{"alt_text":"IMG_0868","src":"https:\/\/i0.wp.com\/iumotril.org\/sitio\/wp-content\/uploads\/2015\/10\/IMG_0868-1024x469.jpg?resize=350%2C200","width":350,"height":200,"srcset":"https:\/\/i0.wp.com\/iumotril.org\/sitio\/wp-content\/uploads\/2015\/10\/IMG_0868-1024x469.jpg?resize=350%2C200 1x, https:\/\/i0.wp.com\/iumotril.org\/sitio\/wp-content\/uploads\/2015\/10\/IMG_0868-1024x469.jpg?resize=525%2C300 1.5x"},"classes":[]},{"id":7173,"url":"https:\/\/iumotril.org\/sitio\/iu-equo-pide-el-cambio-de-los-criterios-de-seleccion-en-las-convocatorias-municipales-de-empleo-temporal\/","url_meta":{"origin":2685,"position":4},"title":"IU-Equo pide el cambio de los criterios de selecci\u00f3n en las convocatorias municipales de empleo temporal","author":"Izquierda Unida Motril","date":"18 febrero, 2021","format":false,"excerpt":"El Grupo Municipal de Izquierda Unida-Equo ha presentado una moci\u00f3n al pr\u00f3ximo pleno municipal en la que propone la modificaci\u00f3n de determinados apartados de las bases de selecci\u00f3n actuales, como la valoraci\u00f3n de los cursos de formaci\u00f3n, las caracter\u00edsticas de las pruebas te\u00f3rico-pr\u00e1cticas que se llevan a cabo y de\u2026","rel":"","context":"En \u00abEST\u00c1 PASANDO\u00bb","block_context":{"text":"EST\u00c1 PASANDO","link":"https:\/\/iumotril.org\/sitio\/category\/esta-pasando\/"},"img":{"alt_text":"","src":"https:\/\/i0.wp.com\/iumotril.org\/sitio\/wp-content\/uploads\/2021\/02\/Jose-e-Inma-18-febrero-1024x768.jpg?resize=350%2C200","width":350,"height":200,"srcset":"https:\/\/i0.wp.com\/iumotril.org\/sitio\/wp-content\/uploads\/2021\/02\/Jose-e-Inma-18-febrero-1024x768.jpg?resize=350%2C200 1x, https:\/\/i0.wp.com\/iumotril.org\/sitio\/wp-content\/uploads\/2021\/02\/Jose-e-Inma-18-febrero-1024x768.jpg?resize=525%2C300 1.5x"},"classes":[]},{"id":2161,"url":"https:\/\/iumotril.org\/sitio\/aprobada-la-mocion-de-izquierda-unida-para-que-se-contraten-desempleados-para-tareas-de-apoyo-en-jornadas-electorales-en-motril\/","url_meta":{"origin":2685,"position":5},"title":"Aprobada la moci\u00f3n de Izquierda Unida para que se contraten desempleados para tareas de apoyo en jornadas electorales en Motril","author":"Izquierda Unida Motril","date":"1 junio, 2016","format":false,"excerpt":"El pleno del Ayuntamiento de Motril ha dado su apoyo un\u00e1nime a la propuesta de Izquierda Unida para que sean personas desempleadas las que se encarguen de realizar las tareas administrativas que requiere el desarrollo de las jornadas electorales en Motril. El pleno tambi\u00e9n ha aprobado por unanimidad la moci\u00f3n\u2026","rel":"","context":"En \u00abEST\u00c1 PASANDO\u00bb","block_context":{"text":"EST\u00c1 PASANDO","link":"https:\/\/iumotril.org\/sitio\/category\/esta-pasando\/"},"img":{"alt_text":"Pleno 1 de junio","src":"https:\/\/i0.wp.com\/iumotril.org\/sitio\/wp-content\/uploads\/2016\/06\/Pleno-1-de-junio-1024x768.jpg?resize=350%2C200","width":350,"height":200},"classes":[]}],"jetpack_likes_enabled":true,"_links":{"self":[{"href":"https:\/\/iumotril.org\/sitio\/wp-json\/wp\/v2\/posts\/2685","targetHints":{"allow":["GET"]}}],"collection":[{"href":"https:\/\/iumotril.org\/sitio\/wp-json\/wp\/v2\/posts"}],"about":[{"href":"https:\/\/iumotril.org\/sitio\/wp-json\/wp\/v2\/types\/post"}],"author":[{"embeddable":true,"href":"https:\/\/iumotril.org\/sitio\/wp-json\/wp\/v2\/users\/1"}],"replies":[{"embeddable":true,"href":"https:\/\/iumotril.org\/sitio\/wp-json\/wp\/v2\/comments?post=2685"}],"version-history":[{"count":4,"href":"https:\/\/iumotril.org\/sitio\/wp-json\/wp\/v2\/posts\/2685\/revisions"}],"predecessor-version":[{"id":2695,"href":"https:\/\/iumotril.org\/sitio\/wp-json\/wp\/v2\/posts\/2685\/revisions\/2695"}],"wp:attachment":[{"href":"https:\/\/iumotril.org\/sitio\/wp-json\/wp\/v2\/media?parent=2685"}],"wp:term":[{"taxonomy":"category","embeddable":true,"href":"https:\/\/iumotril.org\/sitio\/wp-json\/wp\/v2\/categories?post=2685"},{"taxonomy":"post_tag","embeddable":true,"href":"https:\/\/iumotril.org\/sitio\/wp-json\/wp\/v2\/tags?post=2685"}],"curies":[{"name":"wp","href":"https:\/\/api.w.org\/{rel}","templated":true}]}}