{"id":2673,"date":"2017-01-29T12:45:21","date_gmt":"2017-01-29T11:45:21","guid":{"rendered":"http:\/\/iumotril.org\/sitio\/?p=2673"},"modified":"2017-01-28T20:47:46","modified_gmt":"2017-01-28T19:47:46","slug":"izquierda-unida-recomienda-a-flor-almon-viajar-menos-y-trabajar-mas-en-motril","status":"publish","type":"post","link":"https:\/\/iumotril.org\/sitio\/izquierda-unida-recomienda-a-flor-almon-viajar-menos-y-trabajar-mas-en-motril\/","title":{"rendered":"IZQUIERDA UNIDA RECOMIENDA A FLOR ALM\u00d3N VIAJAR MENOS Y TRABAJAR M\u00c1S EN MOTRIL"},"content":{"rendered":"<h4 class=\"p1\"><span class=\"s1\" style=\"color: #993300;\">Izquierda Unida de Motril \u00a0ha calificado de nefasta la gesti\u00f3n municipal que est\u00e1 llevando a cabo el equipo de gobierno Alm\u00f3n-Esc\u00e1mez m\u00e1s dedicados, en su opini\u00f3n, a los viajes promocionales que a trabajar en Motril para resolver los problemas reales de sus vecinos<\/span><\/h4>\n<p class=\"p1\"><span class=\"s1\">Daniela Paqu\u00e9 ha criticado la gesti\u00f3n llevada a cabo por el gobierno municipal a lo largo de los 19 meses dirigiendo el Ayuntamiento de Motril. Una gesti\u00f3n caracterizada por actuaciones err\u00e1ticas e improvisadas, sin participaci\u00f3n ni di\u00e1logo con los ciudadanos, como en el caso de la frustrada <a href=\"http:\/\/www.ideal.es\/granada\/costa\/201612\/21\/peatonalizacion-motril-empieza-20161220011239.html\">peatonalizaci\u00f3n del centro comercial<\/a> de la ciudad y en el de los <strong>presupuestos municipales<\/strong>, prorrogados por segundo ejercicio consecutivo manteniendo, en consecuencia, los presupuestos elaborados en su momento por el Partido Popular, unos presupuestos antisociales y alejados de las necesidades de Motril.<\/span><\/p>\n<p class=\"p1\"><span class=\"s1\"><a href=\"https:\/\/iumotril.org\/sitio\/fitur-motril-22-enero-1024x613\/\"><img loading=\"lazy\" decoding=\"async\" data-attachment-id=\"2687\" data-permalink=\"https:\/\/iumotril.org\/sitio\/izquierda-unida-recomienda-a-flor-almon-viajar-menos-y-trabajar-mas-en-motril\/fitur-motril-22-enero-1024x613\/\" data-orig-file=\"https:\/\/iumotril.org\/sitio\/wp-content\/uploads\/2017\/01\/FITUR-MOTRIL-22-ENERO-1024x613.jpg\" data-orig-size=\"1024,613\" data-comments-opened=\"1\" data-image-meta=\"{&quot;aperture&quot;:&quot;0&quot;,&quot;credit&quot;:&quot;&quot;,&quot;camera&quot;:&quot;&quot;,&quot;caption&quot;:&quot;&quot;,&quot;created_timestamp&quot;:&quot;0&quot;,&quot;copyright&quot;:&quot;&quot;,&quot;focal_length&quot;:&quot;0&quot;,&quot;iso&quot;:&quot;0&quot;,&quot;shutter_speed&quot;:&quot;0&quot;,&quot;title&quot;:&quot;&quot;,&quot;orientation&quot;:&quot;0&quot;}\" data-image-title=\"FITUR-MOTRIL-22-ENERO-1024&amp;#215;613\" data-image-description=\"\" data-image-caption=\"\" data-large-file=\"https:\/\/iumotril.org\/sitio\/wp-content\/uploads\/2017\/01\/FITUR-MOTRIL-22-ENERO-1024x613-1024x613.jpg\" class=\"size-large wp-image-2687 alignleft\" src=\"https:\/\/iumotril.org\/sitio\/wp-content\/uploads\/2017\/01\/FITUR-MOTRIL-22-ENERO-1024x613-1024x613.jpg\" alt=\"\" width=\"620\" height=\"371\" srcset=\"https:\/\/iumotril.org\/sitio\/wp-content\/uploads\/2017\/01\/FITUR-MOTRIL-22-ENERO-1024x613.jpg 1024w, https:\/\/iumotril.org\/sitio\/wp-content\/uploads\/2017\/01\/FITUR-MOTRIL-22-ENERO-1024x613-300x180.jpg 300w, https:\/\/iumotril.org\/sitio\/wp-content\/uploads\/2017\/01\/FITUR-MOTRIL-22-ENERO-1024x613-768x460.jpg 768w\" sizes=\"auto, (max-width: 620px) 100vw, 620px\" \/><\/a>Para la portavoz de IU, la alcaldesa Flor Alm\u00f3n, de la mano de Antonio Esc\u00e1mez, se est\u00e1 escondiendo y escapando fuera de la ciudad para no hacer frente a los problemas reales de los ciudadanas y ciudadanas de Motril, que siguen engrosando las cifras del paro o trabajando en condiciones cercanas a la esclavitud en la hosteler\u00eda y en el campo.\u00a0<\/span><span class=\"s1\">Todo ello viene a demostrar, a \u00a0juicio de su organizaci\u00f3n, que el equipo de gobierno carece de un <strong>proyecto de ciudad<\/strong> por lo que se conduce sin rumbo y a la deriva, mientras lidia como buenamente puede los m\u00faltiples <strong>conflictos<\/strong> que tiene <strong>abiertos el ayuntamiento de Motril,<\/strong> con la empresa p\u00fablica Limdeco, con los empleados municipales y con algunos de los que hasta hace pocos d\u00edas han sido sus cargos de confianza.<\/span><\/p>\n<p class=\"p1\"><span class=\"s1\">Para Izquierda Unida es evidente que Flor Alm\u00f3n y el Partido Socialista son <strong>rehenes de la organizaci\u00f3n Esc\u00e1mez&amp;Esc\u00e1mez,<\/strong> que ha puesto en marcha un <strong>ayuntamiento paralelo<\/strong> en funci\u00f3n de sus intereses. Los Esc\u00e1mez son los \u00fanicos que tienen objetivos claros: seguir tejiendo sus redes clientelares para gobernar en beneficio e inter\u00e9s de unos pocos, ha afirmado.<\/span><\/p>\n<p class=\"p1\"><span class=\"s1\">La portavoz de IU ha reclamado a Alm\u00f3n y al Partido Socialista que se desprendan de complejos y temores y comiencen a actuar con determinaci\u00f3n pol\u00edtica con objetivo de <strong>dinamizar la ciudad y contribuir a su crecimiento y desarrollo econ\u00f3mico y social a trav\u00e9s de la puesta en marcha de estrategias de empleo local, con oportunidades de empleo y formaci\u00f3n para los j\u00f3venes, pol\u00edticas y medidas favorecedoras del desarrollo tur\u00edstico sostenible y fortalecimiento de los servicios p\u00fablicos.\u00a0<\/strong><\/span><span class=\"s1\"><strong>Motril se queda atr\u00e1s<\/strong>, no avanza en su desarrollo y se est\u00e1 convirtiendo en un actor secundario en el panorama provincial. <\/span><\/p>\n<p class=\"p1\"><span class=\"s1\">Paqu\u00e9 ha adelantado que su Grupo Municipal presentar\u00e1 al pr\u00f3ximo pleno, que se celebrar\u00e1, el martes 31, <strong>dos mociones para su debate y consideraci\u00f3n<\/strong>. La primera de ellas, <strong>en solidaridad y apoyo a las trabajadoras y trabajadores de <a href=\"https:\/\/iumotril.org\/sitio\/solidaridad-y-apoyo-con-las-trabajadoras-de-mercomotril\/\">Mercomotril<\/a><\/strong>, afectados por un Expediente de Regulaci\u00f3n Temporal de Empleo y una segunda, para la<strong> inclusi\u00f3n de criterios sociales y medioambientales en las contrataciones que realice el Ayuntamiento<\/strong><\/span><\/p>\n","protected":false},"excerpt":{"rendered":"<p>Izquierda Unida reclama a la alcaldesa viajera, Flor Alm\u00f3n, a su s\u00e9quito y al Partido Socialista que trabajen para dinamizar la ciudad y contribuir a su crecimiento y desarrollo econ\u00f3mico y social a trav\u00e9s de la puesta en marcha de estrategias de empleo local, con oportunidades de empleo y formaci\u00f3n para los j\u00f3venes, pol\u00edticas y medidas favorecedoras del desarrollo tur\u00edstico sostenible y fortalecimiento de los servicios p\u00fablicos. Un proyecto de ciudad.<\/p>\n","protected":false},"author":1,"featured_media":0,"comment_status":"open","ping_status":"open","sticky":false,"template":"","format":"standard","meta":{"cybocfi_hide_featured_image":"","_jetpack_newsletter_access":"","_jetpack_dont_email_post_to_subs":false,"_jetpack_newsletter_tier_id":0,"_jetpack_memberships_contains_paywalled_content":false,"_jetpack_memberships_contains_paid_content":false,"footnotes":""},"categories":[265],"tags":[678,677,130,117,676,674,675],"class_list":["post-2673","post","type-post","status-publish","format-standard","hentry","category-esta-pasando","tag-alcaldesa-viajera","tag-ayuntamiento-paralelo","tag-escamez","tag-flor-almon","tag-gestion-erratica","tag-motril-se-queda-atras","tag-proyecto-de-ciudad"],"jetpack_featured_media_url":"","jetpack_sharing_enabled":true,"jetpack_shortlink":"https:\/\/wp.me\/p4QsU5-H7","jetpack-related-posts":[{"id":4829,"url":"https:\/\/iumotril.org\/sitio\/izquierda-unida-exige-a-flor-almon-el-cumplimiento-de-los-acuerdos-con-los-empleados-municipales\/","url_meta":{"origin":2673,"position":0},"title":"Izquierda Unida exige a Flor Alm\u00f3n el cumplimiento de los acuerdos con los empleados municipales","author":"Izquierda Unida Motril","date":"10 abril, 2019","format":false,"excerpt":"Para Izquierda Unida, Flor Alm\u00f3n y el partido socialista est\u00e1n pagando, un elevado peaje por\u00a0 presidir el gobierno municipal. Han sido, durante todo su mandato, espectadores mudos de los manejos de los hermanos Esc\u00e1mez. El mandato de Alm\u00f3n ha sido una ocasi\u00f3n perdida para la recuperaci\u00f3n de los derechos arrebatados\u2026","rel":"","context":"En \u00abAyuntamiento\u00bb","block_context":{"text":"Ayuntamiento","link":"https:\/\/iumotril.org\/sitio\/category\/ayuntamiento\/"},"img":{"alt_text":"Inma Omiste, candidata a la Alcald\u00eda de Motril y Jose Llorente","src":"https:\/\/i0.wp.com\/iumotril.org\/sitio\/wp-content\/uploads\/2019\/04\/Inma-y-Jose_10-abril.jpg?resize=350%2C200","width":350,"height":200,"srcset":"https:\/\/i0.wp.com\/iumotril.org\/sitio\/wp-content\/uploads\/2019\/04\/Inma-y-Jose_10-abril.jpg?resize=350%2C200 1x, https:\/\/i0.wp.com\/iumotril.org\/sitio\/wp-content\/uploads\/2019\/04\/Inma-y-Jose_10-abril.jpg?resize=525%2C300 1.5x, https:\/\/i0.wp.com\/iumotril.org\/sitio\/wp-content\/uploads\/2019\/04\/Inma-y-Jose_10-abril.jpg?resize=700%2C400 2x, https:\/\/i0.wp.com\/iumotril.org\/sitio\/wp-content\/uploads\/2019\/04\/Inma-y-Jose_10-abril.jpg?resize=1050%2C600 3x, https:\/\/i0.wp.com\/iumotril.org\/sitio\/wp-content\/uploads\/2019\/04\/Inma-y-Jose_10-abril.jpg?resize=1400%2C800 4x"},"classes":[]},{"id":2696,"url":"https:\/\/iumotril.org\/sitio\/flor-almon-y-antonio-escamez-motrilenos-viajeros\/","url_meta":{"origin":2673,"position":1},"title":"FLOR ALM\u00d3N Y ANTONIO ESC\u00c1MEZ, MOTRILE\u00d1OS VIAJEROS","author":"Izquierda Unida Motril","date":"10 febrero, 2017","format":false,"excerpt":"Izquierda Unida est\u00e1 convencida de que se pueden llevar a cabo pol\u00edticas de progreso a trav\u00e9s de una gesti\u00f3n eficaz de los asuntos municipales, con un proyecto de ciudad que permita que Motril avance, crezca, se modernice y sea un lugar para vivir y trabajar dignamente. Solo se necesita voluntad\u2026","rel":"","context":"En \u00abEST\u00c1 PASANDO\u00bb","block_context":{"text":"EST\u00c1 PASANDO","link":"https:\/\/iumotril.org\/sitio\/category\/esta-pasando\/"},"img":{"alt_text":"","src":"https:\/\/i0.wp.com\/iumotril.org\/sitio\/wp-content\/uploads\/2017\/02\/Momento-de-la-reuni%C3%B3n-en-el-Puerto-de-T%C3%A1nger-Med-300x225.jpg?resize=350%2C200","width":350,"height":200},"classes":[]},{"id":4626,"url":"https:\/\/iumotril.org\/sitio\/flor-almon-y-antonio-escamez-no-cumplen-sus-compromisos-con-los-vecinos-y-comerciantes-de-motril\/","url_meta":{"origin":2673,"position":2},"title":"Flor Alm\u00f3n y Antonio Esc\u00e1mez no cumplen sus compromisos con los vecinos y comerciantes de Motril","author":"Izquierda Unida Motril","date":"21 enero, 2019","format":false,"excerpt":"La portavoz municipal de Izquierda Unida ha lamentado que la alcaldesa utilice cualquier escenario como plat\u00f3 para sus reportajes fotogr\u00e1ficos y entienda que la actividad pol\u00edtica municipal consiste en dar abrazos y achuchones por doquier a quien se encuentra por las calles, en referencia a la sesi\u00f3n fotogr\u00e1fica que el\u2026","rel":"","context":"En \u00abCiudad\u00bb","block_context":{"text":"Ciudad","link":"https:\/\/iumotril.org\/sitio\/category\/ciudad\/"},"img":{"alt_text":"","src":"https:\/\/i0.wp.com\/iumotril.org\/sitio\/wp-content\/uploads\/2019\/01\/IMG-9718-e1548072786749-176x176.jpg?resize=350%2C200&ssl=1","width":350,"height":200,"srcset":"https:\/\/i0.wp.com\/iumotril.org\/sitio\/wp-content\/uploads\/2019\/01\/IMG-9718-e1548072786749-176x176.jpg?resize=350%2C200&ssl=1 1x, https:\/\/i0.wp.com\/iumotril.org\/sitio\/wp-content\/uploads\/2019\/01\/IMG-9718-e1548072786749-176x176.jpg?resize=525%2C300&ssl=1 1.5x, https:\/\/i0.wp.com\/iumotril.org\/sitio\/wp-content\/uploads\/2019\/01\/IMG-9718-e1548072786749-176x176.jpg?resize=700%2C400&ssl=1 2x, https:\/\/i0.wp.com\/iumotril.org\/sitio\/wp-content\/uploads\/2019\/01\/IMG-9718-e1548072786749-176x176.jpg?resize=1050%2C600&ssl=1 3x, https:\/\/i0.wp.com\/iumotril.org\/sitio\/wp-content\/uploads\/2019\/01\/IMG-9718-e1548072786749-176x176.jpg?resize=1400%2C800&ssl=1 4x"},"classes":[]},{"id":2999,"url":"https:\/\/iumotril.org\/sitio\/mientras-la-ciudad-va-a-la-deriva-para-flor-almon-motril-es-un-oasis-de-bienestar-y-prosperidad\/","url_meta":{"origin":2673,"position":3},"title":"Mientras la ciudad va a la deriva, para Flor Alm\u00f3n Motril es un oasis de bienestar y prosperidad","author":"Izquierda Unida Motril","date":"17 julio, 2017","format":false,"excerpt":"La portavoz de Izquierda Unida ha reclamado al gobierno local un cambio de rumbo en su gesti\u00f3n que apueste por pol\u00edticas de progreso para Motril y para sus vecinos y vecinas. En concreto, ha reclamado la modernizaci\u00f3n de la Administraci\u00f3n local para ponerse al servicio real de los ciudadanos y\u2026","rel":"","context":"En \u00abEST\u00c1 PASANDO\u00bb","block_context":{"text":"EST\u00c1 PASANDO","link":"https:\/\/iumotril.org\/sitio\/category\/esta-pasando\/"},"img":{"alt_text":"","src":"https:\/\/i0.wp.com\/iumotril.org\/sitio\/wp-content\/uploads\/2017\/07\/debate-ciudad-1024x768.jpeg?resize=350%2C200","width":350,"height":200,"srcset":"https:\/\/i0.wp.com\/iumotril.org\/sitio\/wp-content\/uploads\/2017\/07\/debate-ciudad-1024x768.jpeg?resize=350%2C200 1x, https:\/\/i0.wp.com\/iumotril.org\/sitio\/wp-content\/uploads\/2017\/07\/debate-ciudad-1024x768.jpeg?resize=525%2C300 1.5x"},"classes":[]},{"id":2742,"url":"https:\/\/iumotril.org\/sitio\/bochornoso-espectaculo-ofrecido-por-el-gobierno-local-tras-el-cese-del-secretario-municipal\/","url_meta":{"origin":2673,"position":4},"title":"BOCHORNOSO ESPECT\u00c1CULO OFRECIDO POR EL GOBIERNO LOCAL TRAS EL CESE DEL SECRETARIO MUNICIPAL","author":"Izquierda Unida Motril","date":"16 marzo, 2017","format":false,"excerpt":"Los hechos que sucedieron ayer en el Ayuntamiento de Motril son m\u00e1s propios de una rep\u00fablica bananera que de la segunda ciudad de mayor importancia de la provincia de Granada por su n\u00famero de habitantes. Este es el modelo de ciudad que parece querer el equipo de gobierno municipal, ha\u2026","rel":"","context":"En \u00abEST\u00c1 PASANDO\u00bb","block_context":{"text":"EST\u00c1 PASANDO","link":"https:\/\/iumotril.org\/sitio\/category\/esta-pasando\/"},"img":{"alt_text":"","src":"https:\/\/i0.wp.com\/iumotril.org\/sitio\/wp-content\/uploads\/2017\/01\/MariaAngelesEscamez-300x300.jpg?resize=350%2C200","width":350,"height":200},"classes":[]},{"id":4245,"url":"https:\/\/iumotril.org\/sitio\/flor-almon-esta-entregando-a-empresas-privadas-cientos-de-miles-de-euros-en-contratos-de-limpieza\/","url_meta":{"origin":2673,"position":5},"title":"Flor Alm\u00f3n est\u00e1 entregando a empresas privadas cientos de miles de euros en contratos de limpieza","author":"Izquierda Unida Motril","date":"5 diciembre, 2018","format":false,"excerpt":"Un suculento negocio para las empresas privadas especializadas en este tipo de contratas a costa de los bolsillos de los vecinos que, previsiblemente, ver\u00e1n incrementado el importe de sus recibos, seg\u00fan ha afirmado Inma Omiste. Se trata, en definitiva, del resultado de la nefasta gesti\u00f3n municipal que est\u00e1 llevando a\u2026","rel":"","context":"En \u00abAyuntamiento\u00bb","block_context":{"text":"Ayuntamiento","link":"https:\/\/iumotril.org\/sitio\/category\/ayuntamiento\/"},"img":{"alt_text":"","src":"https:\/\/i0.wp.com\/iumotril.org\/sitio\/wp-content\/uploads\/2018\/12\/Limdeco-trabajador.jpg?resize=350%2C200","width":350,"height":200,"srcset":"https:\/\/i0.wp.com\/iumotril.org\/sitio\/wp-content\/uploads\/2018\/12\/Limdeco-trabajador.jpg?resize=350%2C200 1x, https:\/\/i0.wp.com\/iumotril.org\/sitio\/wp-content\/uploads\/2018\/12\/Limdeco-trabajador.jpg?resize=525%2C300 1.5x, https:\/\/i0.wp.com\/iumotril.org\/sitio\/wp-content\/uploads\/2018\/12\/Limdeco-trabajador.jpg?resize=700%2C400 2x"},"classes":[]}],"jetpack_likes_enabled":true,"_links":{"self":[{"href":"https:\/\/iumotril.org\/sitio\/wp-json\/wp\/v2\/posts\/2673","targetHints":{"allow":["GET"]}}],"collection":[{"href":"https:\/\/iumotril.org\/sitio\/wp-json\/wp\/v2\/posts"}],"about":[{"href":"https:\/\/iumotril.org\/sitio\/wp-json\/wp\/v2\/types\/post"}],"author":[{"embeddable":true,"href":"https:\/\/iumotril.org\/sitio\/wp-json\/wp\/v2\/users\/1"}],"replies":[{"embeddable":true,"href":"https:\/\/iumotril.org\/sitio\/wp-json\/wp\/v2\/comments?post=2673"}],"version-history":[{"count":4,"href":"https:\/\/iumotril.org\/sitio\/wp-json\/wp\/v2\/posts\/2673\/revisions"}],"predecessor-version":[{"id":2689,"href":"https:\/\/iumotril.org\/sitio\/wp-json\/wp\/v2\/posts\/2673\/revisions\/2689"}],"wp:attachment":[{"href":"https:\/\/iumotril.org\/sitio\/wp-json\/wp\/v2\/media?parent=2673"}],"wp:term":[{"taxonomy":"category","embeddable":true,"href":"https:\/\/iumotril.org\/sitio\/wp-json\/wp\/v2\/categories?post=2673"},{"taxonomy":"post_tag","embeddable":true,"href":"https:\/\/iumotril.org\/sitio\/wp-json\/wp\/v2\/tags?post=2673"}],"curies":[{"name":"wp","href":"https:\/\/api.w.org\/{rel}","templated":true}]}}