{"id":2665,"date":"2017-01-25T12:41:30","date_gmt":"2017-01-25T11:41:30","guid":{"rendered":"http:\/\/iumotril.org\/sitio\/?p=2665"},"modified":"2017-01-25T13:04:27","modified_gmt":"2017-01-25T12:04:27","slug":"solidaridad-y-apoyo-con-las-trabajadoras-de-mercomotril","status":"publish","type":"post","link":"https:\/\/iumotril.org\/sitio\/solidaridad-y-apoyo-con-las-trabajadoras-de-mercomotril\/","title":{"rendered":"SOLIDARIDAD Y APOYO CON LAS TRABAJADORAS DE MERCOMOTRIL"},"content":{"rendered":"<h4><strong><span style=\"color: #993300;\">El Grupo Municipal de Izquierda Unida ha registrado una moci\u00f3n, que se debatir\u00e1 en el pr\u00f3ximo Pleno Municipal, reclamando el compromiso de la Corporaci\u00f3n para que medie entre la empresa y los trabajadores en las negociaciones para que se mantengan los puestos de trabajo amenazados con el expediente de regulaci\u00f3n de empleo temporal.<\/span><\/strong><\/h4>\n<p>Con esta moci\u00f3n Izquierda Unida quiere expresar de forma p\u00fablica su solidaridad con las trabajadoras y trabajadores de Mercomotril y con su lucha en defensa de sus puestos de trabajo y la continuidad de la actividad en condiciones dignas.<\/p>\n<p>La moci\u00f3n propone que el Pleno municipal apoye esta declaraci\u00f3n de solidaridad y \u00a0las acciones judiciales que\u00a0las trabajadoras y trabajadores est\u00e1n llevando\u00a0para que se declare ilegal la medida de suspensi\u00f3n de puestos de los contratos de trabajo acordada por la empresa.<\/p>\n<p><a href=\"https:\/\/iumotril.org\/sitio\/agricolas\/\"><img loading=\"lazy\" decoding=\"async\" data-attachment-id=\"2670\" data-permalink=\"https:\/\/iumotril.org\/sitio\/solidaridad-y-apoyo-con-las-trabajadoras-de-mercomotril\/agricolas\/\" data-orig-file=\"https:\/\/iumotril.org\/sitio\/wp-content\/uploads\/2017\/01\/agricolas.jpg\" data-orig-size=\"620,456\" data-comments-opened=\"1\" data-image-meta=\"{&quot;aperture&quot;:&quot;0&quot;,&quot;credit&quot;:&quot;&quot;,&quot;camera&quot;:&quot;&quot;,&quot;caption&quot;:&quot;&quot;,&quot;created_timestamp&quot;:&quot;0&quot;,&quot;copyright&quot;:&quot;&quot;,&quot;focal_length&quot;:&quot;0&quot;,&quot;iso&quot;:&quot;0&quot;,&quot;shutter_speed&quot;:&quot;0&quot;,&quot;title&quot;:&quot;&quot;,&quot;orientation&quot;:&quot;0&quot;}\" data-image-title=\"agricolas\" data-image-description=\"\" data-image-caption=\"\" data-large-file=\"https:\/\/iumotril.org\/sitio\/wp-content\/uploads\/2017\/01\/agricolas.jpg\" class=\"alignleft wp-image-2670 size-medium\" src=\"https:\/\/iumotril.org\/sitio\/wp-content\/uploads\/2017\/01\/agricolas-300x221.jpg\" width=\"300\" height=\"221\" srcset=\"https:\/\/iumotril.org\/sitio\/wp-content\/uploads\/2017\/01\/agricolas-300x221.jpg 300w, https:\/\/iumotril.org\/sitio\/wp-content\/uploads\/2017\/01\/agricolas.jpg 620w\" sizes=\"auto, (max-width: 300px) 100vw, 300px\" \/><\/a>Daniela Paqu\u00e9, portavoz del Grupo Municipal de Izquierda Unida ha manifestado su apoyo incondicional a la lucha de las trabajadoras y trabajadoras de Mercomotril, informando de las iniciativas que los parlamentarios de su organizaci\u00f3n est\u00e1n llevando a cabo ante el Parlamento de Andaluc\u00eda, entre otras, la revisi\u00f3n de las posibles ayudas p\u00fablicas que haya podido recibir esta empresa para el desarrollo de su actividad en los \u00faltimos a\u00f1os.<\/p>\n<p>La portavoz de IU, ha recordado que Mercomotril era una empresa p\u00fablica hasta que en 1992 fue privatizada como consecuencia de las pol\u00edticas neoliberales impulsadas por distintos gobiernos. Una circunstancia que ha permitido la privatizaci\u00f3n de sus beneficios, cuando las cosas iban bien y que, ahora, como consecuencia de una nefasta gesti\u00f3n, puede tener negativas consecuencias para las trabajadoras y trabajadores y para la sociedad motrile\u00f1a en general. El cuento de siempre, ha afirmado, <strong>se privatizan los beneficios y se socializan las p\u00e9rdidas. Algo intolerable.<\/strong><\/p>\n<p>La situaci\u00f3n por la que est\u00e1 pasando Mercomotril es consecuencia directa de la<a href=\"http:\/\/politica.elpais.com\/politica\/2016\/12\/13\/actualidad\/1481630381_403271.html\"> reforma labora<\/a>l impuesta a sangre y fuego por el Partido Popular. Una reforma que est\u00e1 resultando especialmente da\u00f1ina en el sector agr\u00edcola, que es una de las principales actividades econ\u00f3micas\u00a0en Motril. Un sector esencial para el desarrollo econ\u00f3mico de nuestra ciudad, que en 2016 contaba con 4.271 afiliados al R\u00e9gimen Especial Agrario, seg\u00fan la estad\u00edstica de afiliaci\u00f3n a la Seguridad Social.<\/p>\n<p>La reforma no s\u00f3lo ha precarizado las condiciones laborales de sus trabajadoras y trabajadores, sino que, en muchos casos, nos ha devuelto a pr\u00e1cticas de la primera mitad del siglo pasado asistiendo a espect\u00e1culos deplorables en las plazas de nuestros pueblos en las que los capataces eligen a ojo entre cientos de peones agr\u00edcolas desesperados dispuestos a percibir un jornal de miseria con tal de dar de comer a su familia.<\/p>\n<p>De este modo, estamos en una situaci\u00f3n ins\u00f3lita: la existencia de<a href=\"http:\/\/www.economiadigital.es\/es\/notices\/2016\/12\/trabajadores-pobres-espana-clase-social-87797.php\"> trabajadores pobres<\/a>. Personas que, a pesar de tener un puesto de trabajo, hacer jornadas interminables, no pueden mantener a sus familias. No es que no lleguen a fin de mes. Es que no les alcanza para comer y pagar las facturas. No pueden vivir en condiciones m\u00ednimamente dignas. Est\u00e1n en el umbral de la pobreza.<\/p>\n<p><strong>Es necesario derogar la reforma laboral.<\/strong> Es una condici\u00f3n indispensable para recuperar derechos y condiciones de trabajo.<\/p>\n","protected":false},"excerpt":{"rendered":"<p>La situaci\u00f3n por la que est\u00e1 pasando Mercomotril es consecuencia directa de la reforma laboral impuesta a sangre y fuego por el Partido Popular. Una reforma que est\u00e1 resultando especialmente da\u00f1ina en el sector agr\u00edcola, que es una de las principales actividades econ\u00f3micas en Motril. Un sector esencial para el desarrollo econ\u00f3mico de nuestra ciudad, que en 2016 contaba con 4.271 afiliados al R\u00e9gimen Especial Agrario, seg\u00fan la estad\u00edstica de afiliaci\u00f3n a la Seguridad Social.<\/p>\n","protected":false},"author":1,"featured_media":0,"comment_status":"open","ping_status":"open","sticky":false,"template":"","format":"standard","meta":{"cybocfi_hide_featured_image":"","_jetpack_newsletter_access":"","_jetpack_dont_email_post_to_subs":false,"_jetpack_newsletter_tier_id":0,"_jetpack_memberships_contains_paywalled_content":false,"_jetpack_memberships_contains_paid_content":false,"footnotes":""},"categories":[265],"tags":[47,637,305,324,669],"class_list":["post-2665","post","type-post","status-publish","format-standard","hentry","category-esta-pasando","tag-empleo-2","tag-mercomotril","tag-pobreza","tag-precariedad","tag-reforma-laboral"],"jetpack_featured_media_url":"","jetpack_sharing_enabled":true,"jetpack_shortlink":"https:\/\/wp.me\/p4QsU5-GZ","jetpack-related-posts":[{"id":2685,"url":"https:\/\/iumotril.org\/sitio\/a-propuesta-de-iu-el-ayuntamiento-aplicara-criterios-sociales-en-sus-contrataciones\/","url_meta":{"origin":2665,"position":0},"title":"A PROPUESTA DE IU, EL AYUNTAMIENTO APLICAR\u00c1 CRITERIOS SOCIALES EN SUS CONTRATACIONES","author":"Izquierda Unida Motril","date":"31 enero, 2017","format":false,"excerpt":"A propuesta de Izquierda Unida, el Pleno del Ayuntamiento de Motril ha acordado la inclusi\u00f3n de criterios sociales y medioambientales en sus contrataciones. La moci\u00f3n acordada pretende que en los contratos que lleva a cabo el Ayuntamiento no se tengan en cuenta, principalmente, criterios econ\u00f3micos, sino que se valoren otros\u2026","rel":"","context":"En \u00abEST\u00c1 PASANDO\u00bb","block_context":{"text":"EST\u00c1 PASANDO","link":"https:\/\/iumotril.org\/sitio\/category\/esta-pasando\/"},"img":{"alt_text":"","src":"https:\/\/i0.wp.com\/iumotril.org\/sitio\/wp-content\/uploads\/2017\/01\/Pleno-31-enero-300x225.jpeg?resize=350%2C200","width":350,"height":200},"classes":[]},{"id":2633,"url":"https:\/\/iumotril.org\/sitio\/izquierda-unida-denunciara-ante-el-parlamento-andaluz-los-despidos-en-mercomotril\/","url_meta":{"origin":2665,"position":1},"title":"IZQUIERDA UNIDA DENUNCIAR\u00c1 ANTE EL PARLAMENTO ANDALUZ LOS DESPIDOS EN MERCOMOTRIL","author":"Izquierda Unida Motril","date":"29 diciembre, 2016","format":false,"excerpt":"Tras participar en la concentraci\u00f3n que las trabajadoras y trabajadores de Mercomotril realizan diariamente a las puertas de la empresa y reunirse con representantes del comit\u00e9 de empresa, Mari Carmen P\u00e9rez ha anunciado que presentar\u00e1 una iniciativa parlamentaria contra el expediente de regulaci\u00f3n de empleo presentado, solicitando la intervenci\u00f3n de\u2026","rel":"","context":"En \u00abEST\u00c1 PASANDO\u00bb","block_context":{"text":"EST\u00c1 PASANDO","link":"https:\/\/iumotril.org\/sitio\/category\/esta-pasando\/"},"img":{"alt_text":"","src":"https:\/\/i0.wp.com\/iumotril.org\/sitio\/wp-content\/uploads\/2016\/12\/mari-carmen-mercomotril-1024x591.jpg?resize=350%2C200","width":350,"height":200,"srcset":"https:\/\/i0.wp.com\/iumotril.org\/sitio\/wp-content\/uploads\/2016\/12\/mari-carmen-mercomotril-1024x591.jpg?resize=350%2C200 1x, https:\/\/i0.wp.com\/iumotril.org\/sitio\/wp-content\/uploads\/2016\/12\/mari-carmen-mercomotril-1024x591.jpg?resize=525%2C300 1.5x"},"classes":[]},{"id":2707,"url":"https:\/\/iumotril.org\/sitio\/izquierda-unida-propone-que-el-ayuntamiento-asesore-en-los-tramites-para-reclamar-las-clausulas-suelo\/","url_meta":{"origin":2665,"position":2},"title":"Izquierda Unida propone que el Ayuntamiento asesore en los tr\u00e1mites para reclamar las cl\u00e1usulas suelo","author":"Izquierda Unida Motril","date":"23 febrero, 2017","format":false,"excerpt":"Izquierda Unida presenta al pleno municipal una moci\u00f3n para que desde el ayuntamiento se establezca un servicio extraordinario que asesore a las familias afectadas por las cl\u00e1usulas suelo de las hipotecas. Tambi\u00e9n presenta una segunda moci\u00f3n en defensa de las trabajadoras motrile\u00f1as, a la vista de los recientes despidos y\u2026","rel":"","context":"En \u00abEST\u00c1 PASANDO\u00bb","block_context":{"text":"EST\u00c1 PASANDO","link":"https:\/\/iumotril.org\/sitio\/category\/esta-pasando\/"},"img":{"alt_text":"","src":"https:\/\/i0.wp.com\/iumotril.org\/sitio\/wp-content\/uploads\/2017\/02\/File_000-1024x900.jpeg?resize=350%2C200","width":350,"height":200,"srcset":"https:\/\/i0.wp.com\/iumotril.org\/sitio\/wp-content\/uploads\/2017\/02\/File_000-1024x900.jpeg?resize=350%2C200 1x, https:\/\/i0.wp.com\/iumotril.org\/sitio\/wp-content\/uploads\/2017\/02\/File_000-1024x900.jpeg?resize=525%2C300 1.5x"},"classes":[]},{"id":2538,"url":"https:\/\/iumotril.org\/sitio\/estudiantes-y-trabajadores-en-lucha-en-defensa-de-sus-derechos\/","url_meta":{"origin":2665,"position":3},"title":"ESTUDIANTES Y TRABAJADORES EN LUCHA EN DEFENSA DE SUS DERECHOS","author":"Izquierda Unida Motril","date":"24 noviembre, 2016","format":false,"excerpt":"Izquierda Unida hace un llamamiento al pueblo de Motril para que se sume a estas movilizaciones y d\u00e9 su apoyo y m\u00e1xima solidaridad a los trabajadores y trabajadoras y a sus hijos e hijas en la lucha que mantienen por defender sus derechos.","rel":"","context":"En \u00abEST\u00c1 PASANDO\u00bb","block_context":{"text":"EST\u00c1 PASANDO","link":"https:\/\/iumotril.org\/sitio\/category\/esta-pasando\/"},"img":{"alt_text":"img_5345","src":"https:\/\/i0.wp.com\/iumotril.org\/sitio\/wp-content\/uploads\/2016\/11\/IMG_5345-1024x768.jpg?resize=350%2C200","width":350,"height":200,"srcset":"https:\/\/i0.wp.com\/iumotril.org\/sitio\/wp-content\/uploads\/2016\/11\/IMG_5345-1024x768.jpg?resize=350%2C200 1x, https:\/\/i0.wp.com\/iumotril.org\/sitio\/wp-content\/uploads\/2016\/11\/IMG_5345-1024x768.jpg?resize=525%2C300 1.5x"},"classes":[]},{"id":2696,"url":"https:\/\/iumotril.org\/sitio\/flor-almon-y-antonio-escamez-motrilenos-viajeros\/","url_meta":{"origin":2665,"position":4},"title":"FLOR ALM\u00d3N Y ANTONIO ESC\u00c1MEZ, MOTRILE\u00d1OS VIAJEROS","author":"Izquierda Unida Motril","date":"10 febrero, 2017","format":false,"excerpt":"Izquierda Unida est\u00e1 convencida de que se pueden llevar a cabo pol\u00edticas de progreso a trav\u00e9s de una gesti\u00f3n eficaz de los asuntos municipales, con un proyecto de ciudad que permita que Motril avance, crezca, se modernice y sea un lugar para vivir y trabajar dignamente. Solo se necesita voluntad\u2026","rel":"","context":"En \u00abEST\u00c1 PASANDO\u00bb","block_context":{"text":"EST\u00c1 PASANDO","link":"https:\/\/iumotril.org\/sitio\/category\/esta-pasando\/"},"img":{"alt_text":"","src":"https:\/\/i0.wp.com\/iumotril.org\/sitio\/wp-content\/uploads\/2017\/02\/Momento-de-la-reuni%C3%B3n-en-el-Puerto-de-T%C3%A1nger-Med-300x225.jpg?resize=350%2C200","width":350,"height":200},"classes":[]},{"id":2505,"url":"https:\/\/iumotril.org\/sitio\/contra-los-despidos-en-mercomotril\/","url_meta":{"origin":2665,"position":5},"title":"CONTRA LOS DESPIDOS EN MERCOMOTRIL","author":"Izquierda Unida Motril","date":"16 noviembre, 2016","format":false,"excerpt":"Para Izquierda Unida, este caso es una muestra m\u00e1s de la voracidad del capitalismo, un sistema radicalmente injusto que antepone la obtenci\u00f3n de beneficios a la dignidad de las personas. Una situaci\u00f3n que cada vez resulta m\u00e1s evidente a nivel global y que debe reafirmar a las organizaci\u00f3n de la\u2026","rel":"","context":"En \u00abEST\u00c1 PASANDO\u00bb","block_context":{"text":"EST\u00c1 PASANDO","link":"https:\/\/iumotril.org\/sitio\/category\/esta-pasando\/"},"img":{"alt_text":"img_5232","src":"https:\/\/i0.wp.com\/iumotril.org\/sitio\/wp-content\/uploads\/2016\/11\/IMG_5232-300x225.jpg?resize=350%2C200","width":350,"height":200},"classes":[]}],"jetpack_likes_enabled":true,"_links":{"self":[{"href":"https:\/\/iumotril.org\/sitio\/wp-json\/wp\/v2\/posts\/2665","targetHints":{"allow":["GET"]}}],"collection":[{"href":"https:\/\/iumotril.org\/sitio\/wp-json\/wp\/v2\/posts"}],"about":[{"href":"https:\/\/iumotril.org\/sitio\/wp-json\/wp\/v2\/types\/post"}],"author":[{"embeddable":true,"href":"https:\/\/iumotril.org\/sitio\/wp-json\/wp\/v2\/users\/1"}],"replies":[{"embeddable":true,"href":"https:\/\/iumotril.org\/sitio\/wp-json\/wp\/v2\/comments?post=2665"}],"version-history":[{"count":4,"href":"https:\/\/iumotril.org\/sitio\/wp-json\/wp\/v2\/posts\/2665\/revisions"}],"predecessor-version":[{"id":2671,"href":"https:\/\/iumotril.org\/sitio\/wp-json\/wp\/v2\/posts\/2665\/revisions\/2671"}],"wp:attachment":[{"href":"https:\/\/iumotril.org\/sitio\/wp-json\/wp\/v2\/media?parent=2665"}],"wp:term":[{"taxonomy":"category","embeddable":true,"href":"https:\/\/iumotril.org\/sitio\/wp-json\/wp\/v2\/categories?post=2665"},{"taxonomy":"post_tag","embeddable":true,"href":"https:\/\/iumotril.org\/sitio\/wp-json\/wp\/v2\/tags?post=2665"}],"curies":[{"name":"wp","href":"https:\/\/api.w.org\/{rel}","templated":true}]}}