{"id":266,"date":"2014-10-27T12:56:16","date_gmt":"2014-10-27T11:56:16","guid":{"rendered":"http:\/\/iumotril.org\/sitio\/?p=266"},"modified":"2014-10-27T12:56:16","modified_gmt":"2014-10-27T11:56:16","slug":"enmienda-totalidad-presupuestos-generales-2015-el-pasado-martes-21-de-octubre-se-debatio-en-el-congreso-las-enmiendas-a-la-totalidad-de-los-presupuestos-generales-del-estado-para-el-ano-2015","status":"publish","type":"post","link":"https:\/\/iumotril.org\/sitio\/enmienda-totalidad-presupuestos-generales-2015-el-pasado-martes-21-de-octubre-se-debatio-en-el-congreso-las-enmiendas-a-la-totalidad-de-los-presupuestos-generales-del-estado-para-el-ano-2015\/","title":{"rendered":"ENMIENDA TOTALIDAD PRESUPUESTOS GENERALES 2015  El pasado martes 21 de octubre se debati\u00f3 en el Congreso las enmiendas a la totalidad de los Presupuestos Generales del Estado para el a\u00f1o 2015."},"content":{"rendered":"<p>Garz\u00f3n: \u00abEn este pa\u00eds mandan las grandes fortunas y no quienes se presentan a las elecciones\u00bb<\/p>\n<p><a href=\"https:\/\/iumotril.org\/sitio\/wp-content\/uploads\/2014\/10\/a.-garzon.jpg\"><img loading=\"lazy\" decoding=\"async\" data-attachment-id=\"271\" data-permalink=\"https:\/\/iumotril.org\/sitio\/enmienda-totalidad-presupuestos-generales-2015-el-pasado-martes-21-de-octubre-se-debatio-en-el-congreso-las-enmiendas-a-la-totalidad-de-los-presupuestos-generales-del-estado-para-el-ano-2015\/a-garzon\/\" data-orig-file=\"https:\/\/iumotril.org\/sitio\/wp-content\/uploads\/2014\/10\/a.-garzon.jpg\" data-orig-size=\"644,362\" data-comments-opened=\"1\" data-image-meta=\"{&quot;aperture&quot;:&quot;0&quot;,&quot;credit&quot;:&quot;&quot;,&quot;camera&quot;:&quot;&quot;,&quot;caption&quot;:&quot;&quot;,&quot;created_timestamp&quot;:&quot;0&quot;,&quot;copyright&quot;:&quot;&quot;,&quot;focal_length&quot;:&quot;0&quot;,&quot;iso&quot;:&quot;0&quot;,&quot;shutter_speed&quot;:&quot;0&quot;,&quot;title&quot;:&quot;&quot;,&quot;orientation&quot;:&quot;0&quot;}\" data-image-title=\"a. garzon\" data-image-description=\"\" data-image-caption=\"\" data-large-file=\"https:\/\/iumotril.org\/sitio\/wp-content\/uploads\/2014\/10\/a.-garzon.jpg\" src=\"https:\/\/iumotril.org\/sitio\/wp-content\/uploads\/2014\/10\/a.-garzon-300x168.jpg\" alt=\"a. garzon\" width=\"300\" height=\"168\" class=\"aligncenter size-medium wp-image-271\" \/><\/a><\/a><a href=\"https:\/\/www.youtube.com\/watch?v=3QhFo0qdsqc\">https:\/\/www.youtube.com\/watch?v=3QhFo0qdsqc<\/a><\/p>\n","protected":false},"excerpt":{"rendered":"<p>Garz\u00f3n: \u00abEn este pa\u00eds mandan las grandes fortunas y no [&hellip;]<\/p>\n","protected":false},"author":1,"featured_media":0,"comment_status":"open","ping_status":"open","sticky":false,"template":"","format":"standard","meta":{"cybocfi_hide_featured_image":"","_jetpack_newsletter_access":"","_jetpack_dont_email_post_to_subs":false,"_jetpack_newsletter_tier_id":0,"_jetpack_memberships_contains_paywalled_content":false,"_jetpack_memberships_contains_paid_content":false,"footnotes":""},"categories":[1],"tags":[],"class_list":["post-266","post","type-post","status-publish","format-standard","hentry","category-sin-categoria"],"jetpack_featured_media_url":"","jetpack_sharing_enabled":true,"jetpack_shortlink":"https:\/\/wp.me\/p4QsU5-4i","jetpack-related-posts":[{"id":5414,"url":"https:\/\/iumotril.org\/sitio\/iu-equo-rechaza-el-proyecto-de-presupuestos-municipales-al-considerar-que-responde-unicamente-a-los-intereses-politicos-de-garcia-chamorro\/","url_meta":{"origin":266,"position":0},"title":"IU-Equo rechaza el proyecto de Presupuestos Municipales al considerar que responde \u00fanicamente a los intereses pol\u00edticos de Garc\u00eda Chamorro","author":"Izquierda Unida Motril","date":"14 noviembre, 2019","format":false,"excerpt":"El proyecto de presupuestos no es bueno para Motril, ha afirmado la portavoz de IU-Equo. Realiza una previsi\u00f3n de ingresos imprudente y alejada de la realidad. Adem\u00e1s, deja sin atender, o lo hace de modo insuficiente, partidas de gasto como la educaci\u00f3n, la dependencia o el fomento del empleo que\u2026","rel":"","context":"En \u00abAyuntamiento\u00bb","block_context":{"text":"Ayuntamiento","link":"https:\/\/iumotril.org\/sitio\/category\/ayuntamiento\/"},"img":{"alt_text":"","src":"https:\/\/i0.wp.com\/iumotril.org\/sitio\/wp-content\/uploads\/2019\/11\/Jose-e-Inma-noviembre-1024x683.jpg?resize=350%2C200","width":350,"height":200,"srcset":"https:\/\/i0.wp.com\/iumotril.org\/sitio\/wp-content\/uploads\/2019\/11\/Jose-e-Inma-noviembre-1024x683.jpg?resize=350%2C200 1x, https:\/\/i0.wp.com\/iumotril.org\/sitio\/wp-content\/uploads\/2019\/11\/Jose-e-Inma-noviembre-1024x683.jpg?resize=525%2C300 1.5x"},"classes":[]},{"id":1529,"url":"https:\/\/iumotril.org\/sitio\/cayo-lara-ahora-llega-el-momento-de-la-verdad\/","url_meta":{"origin":266,"position":1},"title":"CAYO LARA: AHORA LLEGA EL MOMENTO DE LA VERDAD","author":"Izquierda Unida Motril","date":"29 octubre, 2015","format":false,"excerpt":"Cayo Lara ha reivindicado las se\u00f1as de identidad de su organizaci\u00f3n. Somos la izquierda que tiene convicciones profundas, ideolog\u00eda, valores y memoria; la izquierda que no se vende. Una izquierda anticapitalista que hace frente a la corrupci\u00f3n consustancial al sistema. Una izquierda democr\u00e1tica en contraposici\u00f3n al capitalismo, que es incompatible\u2026","rel":"","context":"En \u00abEST\u00c1 PASANDO\u00bb","block_context":{"text":"EST\u00c1 PASANDO","link":"https:\/\/iumotril.org\/sitio\/category\/esta-pasando\/"},"img":{"alt_text":"IMG_0852","src":"https:\/\/i0.wp.com\/iumotril.org\/sitio\/wp-content\/uploads\/2015\/10\/IMG_0852-1024x1024.jpg?resize=350%2C200","width":350,"height":200,"srcset":"https:\/\/i0.wp.com\/iumotril.org\/sitio\/wp-content\/uploads\/2015\/10\/IMG_0852-1024x1024.jpg?resize=350%2C200 1x, https:\/\/i0.wp.com\/iumotril.org\/sitio\/wp-content\/uploads\/2015\/10\/IMG_0852-1024x1024.jpg?resize=525%2C300 1.5x"},"classes":[]},{"id":1666,"url":"https:\/\/iumotril.org\/sitio\/no-bastan-las-concentraciones-los-lazos-los-manifiestos-y-las-campanas-es-necesario-adoptar-medidas-especificas-y-especiales-de-prevencion-y-proteccion-de-las-mujeres\/","url_meta":{"origin":266,"position":2},"title":"NO BASTAN LAS CONCENTRACIONES, LOS LAZOS, LOS MANIFIESTOS Y LAS CAMPA\u00d1AS. ES NECESARIO ADOPTAR MEDIDAS ESPEC\u00cdFICAS Y ESPECIALES DE PREVENCI\u00d3N Y PROTECCI\u00d3N DE LAS MUJERES","author":"Izquierda Unida Motril","date":"24 noviembre, 2015","format":false,"excerpt":"La violencia machista se ha convertido en una de las primeras causas de muerte prematura de las mujeres y, por lo tanto, deber\u00eda ser una cuesti\u00f3n de Estado. Pero, lamentablemente, esto no es as\u00ed. La deriva conservadora y patricarcal hacia posiciones pol\u00edticas regresivas, de recortes de recursos de protecci\u00f3n social\u2026","rel":"","context":"En \u00abEST\u00c1 PASANDO\u00bb","block_context":{"text":"EST\u00c1 PASANDO","link":"https:\/\/iumotril.org\/sitio\/category\/esta-pasando\/"},"img":{"alt_text":"todas somos tu1","src":"https:\/\/i0.wp.com\/iumotril.org\/sitio\/wp-content\/uploads\/2015\/11\/todas-somos-tu1.jpg?resize=350%2C200","width":350,"height":200},"classes":[]},{"id":3140,"url":"https:\/\/iumotril.org\/sitio\/motril-no-esta-en-el-mapa-de-la-junta-de-andalucia\/","url_meta":{"origin":266,"position":3},"title":"MOTRIL NO EST\u00c1 EN EL MAPA DE LA JUNTA DE ANDALUC\u00cdA","author":"Izquierda Unida Motril","date":"24 octubre, 2017","format":false,"excerpt":"Para la diputada andaluza, el anteproyecto de presupuestos presentado por el gobierno andaluz es otra vuelta de tuerca m\u00e1s en la profundizaci\u00f3n de las desigualdades en Andaluc\u00eda y la continuidad de pol\u00edticas contrarias a los intereses de la mayor\u00eda de las andaluzas y andaluces. Un a\u00f1o m\u00e1s, el presupuesto del\u2026","rel":"","context":"En \u00abEST\u00c1 PASANDO\u00bb","block_context":{"text":"EST\u00c1 PASANDO","link":"https:\/\/iumotril.org\/sitio\/category\/esta-pasando\/"},"img":{"alt_text":"","src":"https:\/\/i0.wp.com\/img.youtube.com\/vi\/FoQ9hhaHLew\/0.jpg?resize=350%2C200","width":350,"height":200},"classes":[]},{"id":1070,"url":"https:\/\/iumotril.org\/sitio\/izquierda-unida-muestra-su-desacuerdo-con-las-indemnizaciones-por-asistencia-a-los-organos-colegiados\/","url_meta":{"origin":266,"position":4},"title":"IZQUIERDA UNIDA MUESTRA SU DESACUERDO CON LAS INDEMNIZACIONES POR ASISTENCIA A LOS \u00d3RGANOS COLEGIADOS.","author":"Izquierda Unida Motril","date":"17 julio, 2015","format":false,"excerpt":"La portavoz del Grupo municipal de Izquierda Unida, Daniela Paqu\u00e9, ha criticado que los \u00fanicos plenos celebrados hasta el momento por la nueva Corporaci\u00f3n hayan tenido car\u00e1cter extraordinario y hayan abordado asuntos relacionados con la organizaci\u00f3n interna del Ayuntamiento, como sueldos y composici\u00f3n de la Junta de Gobierno Local, o\u2026","rel":"","context":"En \u00abAyuntamiento\u00bb","block_context":{"text":"Ayuntamiento","link":"https:\/\/iumotril.org\/sitio\/category\/ayuntamiento\/"},"img":{"alt_text":"Momento_del_primer_Pleno_del_Ayuntamiento_de_Motril","src":"https:\/\/i0.wp.com\/iumotril.org\/sitio\/wp-content\/uploads\/2015\/07\/Momento_del_primer_Pleno_del_Ayuntamiento_de_Motril-300x200.jpg?resize=350%2C200","width":350,"height":200},"classes":[]},{"id":10851,"url":"https:\/\/iumotril.org\/sitio\/izquierda-unida-denuncia-que-el-presupuesto-municipal-para-2026-es-poco-honesto-y-ajeno-a-la-realidad-de-las-familias-motrilenas\/","url_meta":{"origin":266,"position":5},"title":"Izquierda Unida denuncia que el presupuesto municipal para 2026 es poco honesto y ajeno a la realidad de las familias motrile\u00f1as","author":"Izquierda Unida Motril","date":"18 noviembre, 2025","format":false,"excerpt":"Izquierda Unida ha declarado que el proyecto de Presupuestos Municipales de Motril para 2026 presentado por el Gobierno de derechas como \u201cequilibrado y fruto de una buena gesti\u00f3n\u201d, es en realidad \u201cun ejercicio de propaganda que oculta los verdaderos motivos de los resultados de las cuentas municipales\u201d. Inma Omiste afirma\u2026","rel":"","context":"En \u00abAyuntamiento\u00bb","block_context":{"text":"Ayuntamiento","link":"https:\/\/iumotril.org\/sitio\/category\/ayuntamiento\/"},"img":{"alt_text":"","src":"https:\/\/i0.wp.com\/iumotril.org\/sitio\/wp-content\/uploads\/2025\/03\/IMG_1227-scaled-e1774865273542.jpeg?resize=350%2C200&ssl=1","width":350,"height":200,"srcset":"https:\/\/i0.wp.com\/iumotril.org\/sitio\/wp-content\/uploads\/2025\/03\/IMG_1227-scaled-e1774865273542.jpeg?resize=350%2C200&ssl=1 1x, https:\/\/i0.wp.com\/iumotril.org\/sitio\/wp-content\/uploads\/2025\/03\/IMG_1227-scaled-e1774865273542.jpeg?resize=525%2C300&ssl=1 1.5x"},"classes":[]}],"jetpack_likes_enabled":true,"_links":{"self":[{"href":"https:\/\/iumotril.org\/sitio\/wp-json\/wp\/v2\/posts\/266","targetHints":{"allow":["GET"]}}],"collection":[{"href":"https:\/\/iumotril.org\/sitio\/wp-json\/wp\/v2\/posts"}],"about":[{"href":"https:\/\/iumotril.org\/sitio\/wp-json\/wp\/v2\/types\/post"}],"author":[{"embeddable":true,"href":"https:\/\/iumotril.org\/sitio\/wp-json\/wp\/v2\/users\/1"}],"replies":[{"embeddable":true,"href":"https:\/\/iumotril.org\/sitio\/wp-json\/wp\/v2\/comments?post=266"}],"version-history":[{"count":4,"href":"https:\/\/iumotril.org\/sitio\/wp-json\/wp\/v2\/posts\/266\/revisions"}],"predecessor-version":[{"id":272,"href":"https:\/\/iumotril.org\/sitio\/wp-json\/wp\/v2\/posts\/266\/revisions\/272"}],"wp:attachment":[{"href":"https:\/\/iumotril.org\/sitio\/wp-json\/wp\/v2\/media?parent=266"}],"wp:term":[{"taxonomy":"category","embeddable":true,"href":"https:\/\/iumotril.org\/sitio\/wp-json\/wp\/v2\/categories?post=266"},{"taxonomy":"post_tag","embeddable":true,"href":"https:\/\/iumotril.org\/sitio\/wp-json\/wp\/v2\/tags?post=266"}],"curies":[{"name":"wp","href":"https:\/\/api.w.org\/{rel}","templated":true}]}}