{"id":2642,"date":"2016-12-30T11:56:09","date_gmt":"2016-12-30T10:56:09","guid":{"rendered":"http:\/\/iumotril.org\/sitio\/?p=2642"},"modified":"2016-12-30T11:58:28","modified_gmt":"2016-12-30T10:58:28","slug":"2642-2","status":"publish","type":"post","link":"https:\/\/iumotril.org\/sitio\/2642-2\/","title":{"rendered":"FELIZ Y COMBATIVO 2017"},"content":{"rendered":"<p><a href=\"https:\/\/iumotril.org\/sitio\/feliz-y-combativo\/\"><img loading=\"lazy\" decoding=\"async\" data-attachment-id=\"2641\" data-permalink=\"https:\/\/iumotril.org\/sitio\/2642-2\/feliz-y-combativo\/\" data-orig-file=\"https:\/\/iumotril.org\/sitio\/wp-content\/uploads\/2016\/12\/Feliz-y-combativo.png\" data-orig-size=\"900,600\" data-comments-opened=\"1\" data-image-meta=\"{&quot;aperture&quot;:&quot;0&quot;,&quot;credit&quot;:&quot;&quot;,&quot;camera&quot;:&quot;&quot;,&quot;caption&quot;:&quot;&quot;,&quot;created_timestamp&quot;:&quot;0&quot;,&quot;copyright&quot;:&quot;&quot;,&quot;focal_length&quot;:&quot;0&quot;,&quot;iso&quot;:&quot;0&quot;,&quot;shutter_speed&quot;:&quot;0&quot;,&quot;title&quot;:&quot;&quot;,&quot;orientation&quot;:&quot;0&quot;}\" data-image-title=\"Feliz y combativo\" data-image-description=\"\" data-image-caption=\"\" data-large-file=\"https:\/\/iumotril.org\/sitio\/wp-content\/uploads\/2016\/12\/Feliz-y-combativo.png\" class=\"aligncenter wp-image-2641\" src=\"https:\/\/iumotril.org\/sitio\/wp-content\/uploads\/2016\/12\/Feliz-y-combativo-300x200.png\" width=\"500\" height=\"333\" srcset=\"https:\/\/iumotril.org\/sitio\/wp-content\/uploads\/2016\/12\/Feliz-y-combativo-300x200.png 300w, https:\/\/iumotril.org\/sitio\/wp-content\/uploads\/2016\/12\/Feliz-y-combativo-768x512.png 768w, https:\/\/iumotril.org\/sitio\/wp-content\/uploads\/2016\/12\/Feliz-y-combativo.png 900w\" sizes=\"auto, (max-width: 500px) 100vw, 500px\" \/><\/a><\/p>\n","protected":false},"excerpt":{"rendered":"","protected":false},"author":1,"featured_media":0,"comment_status":"open","ping_status":"open","sticky":false,"template":"","format":"standard","meta":{"cybocfi_hide_featured_image":"","_jetpack_newsletter_access":"","_jetpack_dont_email_post_to_subs":false,"_jetpack_newsletter_tier_id":0,"_jetpack_memberships_contains_paywalled_content":false,"_jetpack_memberships_contains_paid_content":false,"footnotes":""},"categories":[265],"tags":[661],"class_list":["post-2642","post","type-post","status-publish","format-standard","hentry","category-esta-pasando","tag-661"],"jetpack_featured_media_url":"","jetpack_sharing_enabled":true,"jetpack_shortlink":"https:\/\/wp.me\/p4QsU5-GC","jetpack-related-posts":[{"id":3262,"url":"https:\/\/iumotril.org\/sitio\/feliz-y-combativo-2018\/","url_meta":{"origin":2642,"position":0},"title":"Feliz y combativo 2018","author":"Izquierda Unida Motril","date":"2 enero, 2018","format":false,"excerpt":"","rel":"","context":"En \u00abEST\u00c1 PASANDO\u00bb","block_context":{"text":"EST\u00c1 PASANDO","link":"https:\/\/iumotril.org\/sitio\/category\/esta-pasando\/"},"img":{"alt_text":"","src":"http:\/\/iumotril.org\/sitio\/wp-content\/uploads\/2018\/01\/Feliz-y-combativo-2018.jpg.bmp","width":350,"height":200},"classes":[]},{"id":2004,"url":"https:\/\/iumotril.org\/sitio\/izquierda-unida-reclama-la-apertura-de-la-escuela-municipal-de-musica-y-danza-en-el-curso-20162017\/","url_meta":{"origin":2642,"position":1},"title":"IZQUIERDA UNIDA RECLAMA LA APERTURA DE LA ESCUELA MUNICIPAL DE M\u00daSICA Y DANZA EN EL CURSO 2016\/2017","author":"Izquierda Unida Motril","date":"31 marzo, 2016","format":false,"excerpt":"Izquierda Unida defiende la recuperaci\u00f3n de todos los servicios p\u00fablicos arrasados por las pol\u00edticas privatizadoras y corruptas de la derecha, por lo que propone a trav\u00e9s de esta moci\u00f3n que desde el equipo de gobierno se adopten las medidas oportunas para que la Escuela municipal de m\u00fasica y danza est\u00e9\u2026","rel":"","context":"En \u00abEST\u00c1 PASANDO\u00bb","block_context":{"text":"EST\u00c1 PASANDO","link":"https:\/\/iumotril.org\/sitio\/category\/esta-pasando\/"},"img":{"alt_text":"Escuela m\u00fasica","src":"https:\/\/i0.wp.com\/iumotril.org\/sitio\/wp-content\/uploads\/2016\/03\/Escuela-m%C3%BAsica-300x259.jpg?resize=350%2C200","width":350,"height":200},"classes":[]},{"id":4122,"url":"https:\/\/iumotril.org\/sitio\/el-ayuntamiento-de-motril-perdona-a-los-bancos-miles-de-euros-de-tasas-por-la-instalacion-de-cajeros-automaticos\/","url_meta":{"origin":2642,"position":2},"title":"El Ayuntamiento de Motril perdona a los bancos miles de euros de tasas por la instalaci\u00f3n de cajeros autom\u00e1ticos","author":"Izquierda Unida Motril","date":"30 octubre, 2018","format":false,"excerpt":"Se da la circunstancia de que un quiosco de prensa o\u00a0 una caseta de venta de churros de 2 metros cuadrados ubicados en la v\u00eda p\u00fablica, est\u00e1 pagando una tasa de 581,8 euros anuales, mientras que un cajero del BBVA, o del Banco de Santander, o de cualquier otra entidad\u2026","rel":"","context":"En \u00abAyuntamiento\u00bb","block_context":{"text":"Ayuntamiento","link":"https:\/\/iumotril.org\/sitio\/category\/ayuntamiento\/"},"img":{"alt_text":"","src":"https:\/\/i0.wp.com\/iumotril.org\/sitio\/wp-content\/uploads\/2018\/10\/Christian_30-octubre-300x225.jpg?resize=350%2C200","width":350,"height":200},"classes":[]},{"id":3034,"url":"https:\/\/iumotril.org\/sitio\/feria-de-motril-un-pupurri-de-actividades-sin-identidad-ni-sentido\/","url_meta":{"origin":2642,"position":3},"title":"Feria de Motril, un pupurr\u00ed de actividades sin identidad ni sentido","author":"Izquierda Unida Motril","date":"2 agosto, 2017","format":false,"excerpt":"El edil de IU ha insistido en la necesidad de dotar de coherencia y sentido a la programaci\u00f3n de actividades de la Feria con el objeto de ir conformando una identidad propia y representativa de las inquietudes y los intereses de los motrile\u00f1os y motrile\u00f1as. En este sentido, ha puesto\u2026","rel":"","context":"En \u00abEST\u00c1 PASANDO\u00bb","block_context":{"text":"EST\u00c1 PASANDO","link":"https:\/\/iumotril.org\/sitio\/category\/esta-pasando\/"},"img":{"alt_text":"","src":"https:\/\/i0.wp.com\/iumotril.org\/sitio\/wp-content\/uploads\/2017\/08\/Motril-feria-agosto-2017.jpg?resize=350%2C200","width":350,"height":200},"classes":[]},{"id":3260,"url":"https:\/\/iumotril.org\/sitio\/izquierda-unida-critica-la-inaccion-del-gobierno-de-flor-almon-en-2017\/","url_meta":{"origin":2642,"position":4},"title":"Izquierda Unida critica la inacci\u00f3n del Gobierno de Flor Alm\u00f3n en 2017","author":"Izquierda Unida Motril","date":"29 diciembre, 2017","format":false,"excerpt":"Daniela Paqu\u00e9, portavoz del Grupo Municipal de Izquierda Unida, ha hecho balance del gobierno de Alm\u00f3n durante 2017 y ha rendido cuentas de la actividad de su Grupo pol\u00edtico, a su juicio \u00fanica oposici\u00f3n al equipo de gobierno del PSOE y del PA , ya que \u00e9ste ha contado con\u2026","rel":"","context":"En \u00abEST\u00c1 PASANDO\u00bb","block_context":{"text":"EST\u00c1 PASANDO","link":"https:\/\/iumotril.org\/sitio\/category\/esta-pasando\/"},"img":{"alt_text":"","src":"https:\/\/i0.wp.com\/iumotril.org\/sitio\/wp-content\/uploads\/2017\/12\/IMG_1659-497x1024.jpg?resize=350%2C200","width":350,"height":200},"classes":[]},{"id":2420,"url":"https:\/\/iumotril.org\/sitio\/izquierda-unida-exige-la-puesta-en-marcha-de-la-escuela-de-musica-y-danza-municipal\/","url_meta":{"origin":2642,"position":5},"title":"IZQUIERDA UNIDA EXIGE LA PUESTA EN MARCHA DE LA ESCUELA MUNICIPAL DE M\u00daSICA Y DANZA","author":"Izquierda Unida Motril","date":"7 octubre, 2016","format":false,"excerpt":"A pesar del acuerdo plenario adoptado por unanimidad, en el mes de abril, para su puesta en marcha para el curso 2016-2017, el gobierno local no ha llevado a cabo actuaci\u00f3n alguna para volver a poner en funcionamiento la Escuela de M\u00fasica y Danza Municipal que, en 2013, desmantel\u00f3 el\u2026","rel":"","context":"En \u00abEST\u00c1 PASANDO\u00bb","block_context":{"text":"EST\u00c1 PASANDO","link":"https:\/\/iumotril.org\/sitio\/category\/esta-pasando\/"},"img":{"alt_text":"flor-y-escamez_escuela-musica","src":"https:\/\/i0.wp.com\/iumotril.org\/sitio\/wp-content\/uploads\/2016\/10\/Flor-y-escamez_escuela-m%C3%BAsica-1024x683.jpg?resize=350%2C200","width":350,"height":200,"srcset":"https:\/\/i0.wp.com\/iumotril.org\/sitio\/wp-content\/uploads\/2016\/10\/Flor-y-escamez_escuela-m%C3%BAsica-1024x683.jpg?resize=350%2C200 1x, https:\/\/i0.wp.com\/iumotril.org\/sitio\/wp-content\/uploads\/2016\/10\/Flor-y-escamez_escuela-m%C3%BAsica-1024x683.jpg?resize=525%2C300 1.5x"},"classes":[]}],"jetpack_likes_enabled":true,"_links":{"self":[{"href":"https:\/\/iumotril.org\/sitio\/wp-json\/wp\/v2\/posts\/2642","targetHints":{"allow":["GET"]}}],"collection":[{"href":"https:\/\/iumotril.org\/sitio\/wp-json\/wp\/v2\/posts"}],"about":[{"href":"https:\/\/iumotril.org\/sitio\/wp-json\/wp\/v2\/types\/post"}],"author":[{"embeddable":true,"href":"https:\/\/iumotril.org\/sitio\/wp-json\/wp\/v2\/users\/1"}],"replies":[{"embeddable":true,"href":"https:\/\/iumotril.org\/sitio\/wp-json\/wp\/v2\/comments?post=2642"}],"version-history":[{"count":4,"href":"https:\/\/iumotril.org\/sitio\/wp-json\/wp\/v2\/posts\/2642\/revisions"}],"predecessor-version":[{"id":2646,"href":"https:\/\/iumotril.org\/sitio\/wp-json\/wp\/v2\/posts\/2642\/revisions\/2646"}],"wp:attachment":[{"href":"https:\/\/iumotril.org\/sitio\/wp-json\/wp\/v2\/media?parent=2642"}],"wp:term":[{"taxonomy":"category","embeddable":true,"href":"https:\/\/iumotril.org\/sitio\/wp-json\/wp\/v2\/categories?post=2642"},{"taxonomy":"post_tag","embeddable":true,"href":"https:\/\/iumotril.org\/sitio\/wp-json\/wp\/v2\/tags?post=2642"}],"curies":[{"name":"wp","href":"https:\/\/api.w.org\/{rel}","templated":true}]}}