{"id":2627,"date":"2016-12-16T12:00:25","date_gmt":"2016-12-16T11:00:25","guid":{"rendered":"http:\/\/iumotril.org\/sitio\/?p=2627"},"modified":"2016-12-16T12:00:25","modified_gmt":"2016-12-16T11:00:25","slug":"iu-reclama-la-contratacion-de-desempleados-por-el-ayuntamiento","status":"publish","type":"post","link":"https:\/\/iumotril.org\/sitio\/iu-reclama-la-contratacion-de-desempleados-por-el-ayuntamiento\/","title":{"rendered":"IU RECLAMA LA CONTRATACI\u00d3N DE DESEMPLEADOS POR EL AYUNTAMIENTO"},"content":{"rendered":"<p style=\"text-align: justify;\"><span style=\"color: #993300;\"><strong>La Junta de Andaluc\u00eda ha concedido al Ayuntamiento de Motril 1,7 millones de euros para la contrataci\u00f3n de 209 parados de larga duraci\u00f3n de Motril y los anejos. Unos contratos destinados a j\u00f3venes y mayores de 30 a\u00f1os que seg\u00fan IU deben realizarse cuanto antes, a la vista de la dram\u00e1tica situaci\u00f3n que viven muchas familias en nuestra ciudad.<\/strong><\/span><\/p>\n<p style=\"text-align: justify;\">Izquierda Unida considera que los planes de la Junta se han hecho esperar demasiado y, a la vez, se han utilizado propagand\u00edsticamente tanto por Susana D\u00edaz como por el Ayuntamiento de Motril, que llevan meses anunci\u00e1ndolos generando muchas expectativas. A pesar de ello, desde el Ayuntamiento de Motril no se ha informado de cu\u00e1ndo ni de c\u00f3mo se van a poner en marcha. Tampoco de los criterios de selecci\u00f3n que se van a seguir para dichas contrataciones.<\/p>\n<p style=\"text-align: justify;\"><strong>Contrataciones con luz y taqu\u00edgrafos<\/strong><\/p>\n<p style=\"text-align: justify;\">La portavoz de su Grupo Municipal, Daniela Paqu\u00e9, ha reclamado a Flor Alm\u00f3n la inmediata puesta en marcha de las contrataciones a trav\u00e9s de un proceso de selecci\u00f3n transparente, con luz y taqu\u00edgrafos y con las m\u00e1ximas garant\u00edas de publicidad y de objetividad.<\/p>\n<p style=\"text-align: justify;\"><a href=\"https:\/\/iumotril.org\/sitio\/archivo_000-23\/\"><img loading=\"lazy\" decoding=\"async\" data-attachment-id=\"2631\" data-permalink=\"https:\/\/iumotril.org\/sitio\/iu-reclama-la-contratacion-de-desempleados-por-el-ayuntamiento\/archivo_000-23\/\" data-orig-file=\"https:\/\/iumotril.org\/sitio\/wp-content\/uploads\/2016\/12\/Archivo_000-23.jpeg\" data-orig-size=\"3264,2448\" data-comments-opened=\"1\" data-image-meta=\"{&quot;aperture&quot;:&quot;2.2&quot;,&quot;credit&quot;:&quot;&quot;,&quot;camera&quot;:&quot;iPhone 6&quot;,&quot;caption&quot;:&quot;&quot;,&quot;created_timestamp&quot;:&quot;1481879166&quot;,&quot;copyright&quot;:&quot;&quot;,&quot;focal_length&quot;:&quot;4.15&quot;,&quot;iso&quot;:&quot;64&quot;,&quot;shutter_speed&quot;:&quot;0.03030303030303&quot;,&quot;title&quot;:&quot;&quot;,&quot;orientation&quot;:&quot;1&quot;}\" data-image-title=\"Archivo_000 (23)\" data-image-description=\"\" data-image-caption=\"\" data-large-file=\"https:\/\/iumotril.org\/sitio\/wp-content\/uploads\/2016\/12\/Archivo_000-23-1024x768.jpeg\" class=\"size-large wp-image-2631 alignleft\" src=\"https:\/\/iumotril.org\/sitio\/wp-content\/uploads\/2016\/12\/Archivo_000-23-1024x768.jpeg\" alt=\"\" width=\"620\" height=\"465\" srcset=\"https:\/\/iumotril.org\/sitio\/wp-content\/uploads\/2016\/12\/Archivo_000-23-1024x768.jpeg 1024w, https:\/\/iumotril.org\/sitio\/wp-content\/uploads\/2016\/12\/Archivo_000-23-300x225.jpeg 300w, https:\/\/iumotril.org\/sitio\/wp-content\/uploads\/2016\/12\/Archivo_000-23-768x576.jpeg 768w\" sizes=\"auto, (max-width: 620px) 100vw, 620px\" \/><\/a>En este sentido, ha demandado que por parte del \u00c1rea de empleo<strong> se den a conocer p\u00fablicamente los perfiles profesionales objeto de contrataci\u00f3n, la relaci\u00f3n de las personas preseleccionadas por el Servicio Andaluz de Empleo, los t\u00e9cnicos que integrar\u00e1n las comisiones de selecci\u00f3n y, por \u00faltimo, que se publique la relaci\u00f3n de las personas contratadas finalmente<\/strong>. Daniela Paqu\u00e9 ha criticado la opacidad con la que se est\u00e1 llevando este proceso por parte de la responsable municipal de Empleo, de modo que resulta imposible encontrar la menor referencia al mismo en la web corporativa o en cualquier otro medio de difusi\u00f3n municipal.<\/p>\n<p style=\"text-align: justify;\"><strong>La portavoz de Izquierda Unida ha puesto en duda la capacidad de la Concejala de empleo y formaci\u00f3n para resolver este proceso con las garant\u00edas necesarias<\/strong>, dadas las m\u00faltiples competencias de su \u00c1rea (Esc\u00e1mez tiene responsabilidades sobre la Polic\u00eda Municipal, Personal y R\u00e9gimen Interior, Movilidad, Empleo y Formaci\u00f3n) y teniendo en cuenta que <strong>la Sra. Esc\u00e1mez se dedica a tiempo parcial a estas responsabilidades, a pesar de ser uno de los miembros de la Corporaci\u00f3n con el salario m\u00e1s elevado.<\/strong><\/p>\n<p style=\"text-align: justify;\">Daniela Paqu\u00e9 ha animado a los parados y paradas motrile\u00f1as a que <strong>denuncien cualquier irregularidad<\/strong> de la que tengan conocimiento en relaci\u00f3n con estas contrataciones, poniendo a su Grupo a disposici\u00f3n de ellos y de ellas para emprender las acciones que se consideren oportunas.<\/p>\n<p style=\"text-align: justify;\"><strong>El paro y la precariedad del empleo en Motril resultan intolerables<\/strong><\/p>\n<p style=\"text-align: justify;\">Paqu\u00e9 ha recordado que en el pasado mes de noviembre <strong>6.323 motrile\u00f1os y motrile\u00f1as estaban registradas en las listas del paro<\/strong>. Un n\u00famero de personas pr\u00e1cticamente invariable a lo largo del a\u00f1o y que se ver\u00e1n lamentable incrementado con los despidos de 128 trabajadoras y trabajadores de Mercomotril, a los que ha mostrado todo su apoyo y solidaridad.<\/p>\n","protected":false},"excerpt":{"rendered":"<p>La portavoz de Izquierda Unida ha puesto en duda la capacidad de la Concejala de empleo y formaci\u00f3n para resolver este proceso con las garant\u00edas necesarias, dadas las m\u00faltiples competencias de su \u00c1rea (Esc\u00e1mez tiene responsabilidades sobre la Polic\u00eda Municipal, Personal y R\u00e9gimen Interior, Movilidad, Empleo y Formaci\u00f3n) y teniendo en cuenta que la Sra. Esc\u00e1mez se dedica a tiempo parcial a estas responsabilidades, a pesar de ser uno de los miembros de la Corporaci\u00f3n con el salario m\u00e1s elevado.<\/p>\n","protected":false},"author":1,"featured_media":0,"comment_status":"open","ping_status":"open","sticky":false,"template":"","format":"standard","meta":{"cybocfi_hide_featured_image":"","_jetpack_newsletter_access":"","_jetpack_dont_email_post_to_subs":false,"_jetpack_newsletter_tier_id":0,"_jetpack_memberships_contains_paywalled_content":false,"_jetpack_memberships_contains_paid_content":false,"footnotes":""},"categories":[265],"tags":[130,304,244,658,324,659],"class_list":["post-2627","post","type-post","status-publish","format-standard","hentry","category-esta-pasando","tag-escamez","tag-junta-andalucia","tag-paro","tag-planes-contratacion","tag-precariedad","tag-transpaencia"],"jetpack_featured_media_url":"","jetpack_sharing_enabled":true,"jetpack_shortlink":"https:\/\/wp.me\/p4QsU5-Gn","jetpack-related-posts":[{"id":6497,"url":"https:\/\/iumotril.org\/sitio\/iu-equo-denuncia-enchufismo-en-la-contratacion-de-auxiliares-de-vigilancia-de-las-playas-de-motril-y-calahonda\/","url_meta":{"origin":2627,"position":0},"title":"IU-Equo denuncia enchufismo en la contrataci\u00f3n de auxiliares de vigilancia de las playas de Motril y Calahonda","author":"Izquierda Unida Motril","date":"1 julio, 2020","format":false,"excerpt":"Tras una primera revisi\u00f3n se ha comprobado que, entre las personas contratadas, se encuentran un hijo de la presidenta de la ELA de Carchuna-Calahonda, Concepci\u00f3n Abarca, teniente de alcalde y concejala de Relaciones institucionales, comunicaci\u00f3n y Parques y jardines del Ayuntamiento de Motril, as\u00ed como una persona muy cercana a\u2026","rel":"","context":"En \u00abEST\u00c1 PASANDO\u00bb","block_context":{"text":"EST\u00c1 PASANDO","link":"https:\/\/iumotril.org\/sitio\/category\/esta-pasando\/"},"img":{"alt_text":"","src":"https:\/\/i0.wp.com\/iumotril.org\/sitio\/wp-content\/uploads\/2020\/07\/PHOTO-2020-07-01-11-18-54.jpg?resize=350%2C200","width":350,"height":200},"classes":[]},{"id":6724,"url":"https:\/\/iumotril.org\/sitio\/iu-equo-exige-actuaciones-y-medidas-urgentes-para-la-creacion-de-empleo\/","url_meta":{"origin":2627,"position":1},"title":"IU-Equo exige actuaciones y medidas urgentes para la creaci\u00f3n de empleo","author":"Izquierda Unida Motril","date":"5 octubre, 2020","format":false,"excerpt":"Catorce meses despu\u00e9s de su llegada a la alcald\u00eda, el paro en Motril se ha incrementado en 1.404 personas. Cada d\u00eda de Luisa Garc\u00eda Chamorro como alcaldesa de Motril se han registrado cuatro personas paradas m\u00e1s en la ciudad. Luisa Garc\u00eda Chamorro ser\u00e1 recordada por ser la campeona del paro\u2026","rel":"","context":"En \u00abempleo\u00bb","block_context":{"text":"empleo","link":"https:\/\/iumotril.org\/sitio\/category\/empleo\/"},"img":{"alt_text":"","src":"https:\/\/i0.wp.com\/iumotril.org\/sitio\/wp-content\/uploads\/2020\/09\/Inma-28-julio-768x1024.jpg?resize=350%2C200","width":350,"height":200,"srcset":"https:\/\/i0.wp.com\/iumotril.org\/sitio\/wp-content\/uploads\/2020\/09\/Inma-28-julio-768x1024.jpg?resize=350%2C200 1x, https:\/\/i0.wp.com\/iumotril.org\/sitio\/wp-content\/uploads\/2020\/09\/Inma-28-julio-768x1024.jpg?resize=525%2C300 1.5x"},"classes":[]},{"id":2457,"url":"https:\/\/iumotril.org\/sitio\/izquierda-unida-reclama-la-puesta-en-marcha-de-los-planes-de-empleo-joven-y-30\/","url_meta":{"origin":2627,"position":2},"title":"IZQUIERDA UNIDA RECLAMA LA PUESTA EN MARCHA DE LOS PLANES DE EMPLEO JOVEN Y +30","author":"Izquierda Unida Motril","date":"20 octubre, 2016","format":false,"excerpt":"Izquierda Unida de Motril deplora que el Gobierno Local no exija a la Junta de Andaluc\u00eda la puesta en marcha inmediata de estos planes de empleo, sum\u00e1ndose a las movilizaciones de otros ayuntamientos andaluces. A la vez, reitera su reclamaci\u00f3n de que, cuando lleguen esos planes, el proceso de selecci\u00f3n\u2026","rel":"","context":"En \u00abEST\u00c1 PASANDO\u00bb","block_context":{"text":"EST\u00c1 PASANDO","link":"https:\/\/iumotril.org\/sitio\/category\/esta-pasando\/"},"img":{"alt_text":"","src":"https:\/\/i0.wp.com\/img.youtube.com\/vi\/I93eHjYxlzY\/0.jpg?resize=350%2C200","width":350,"height":200},"classes":[]},{"id":7208,"url":"https:\/\/iumotril.org\/sitio\/seis-de-cada-10-personas-paradas-registradas-en-motril-son-mujeres\/","url_meta":{"origin":2627,"position":3},"title":"Seis de cada 10 personas paradas registradas en Motril son mujeres","author":"Izquierda Unida Motril","date":"4 marzo, 2021","format":false,"excerpt":"Ya est\u00e1 bien de presumir de gesti\u00f3n eficaz, de actuaciones propagand\u00edsticas y de que a la se\u00f1ora alcaldesa se llene la boca con lo que califica de realizaciones hist\u00f3ricas del equipo de gobierno y, de una vez por todas, se emprendan actuaciones a favor de las necesidades esenciales de las\u2026","rel":"","context":"En \u00abEST\u00c1 PASANDO\u00bb","block_context":{"text":"EST\u00c1 PASANDO","link":"https:\/\/iumotril.org\/sitio\/category\/esta-pasando\/"},"img":{"alt_text":"","src":"https:\/\/i0.wp.com\/iumotril.org\/sitio\/wp-content\/uploads\/2020\/11\/Jose-26-noviembre-917x1024.jpg?resize=350%2C200","width":350,"height":200,"srcset":"https:\/\/i0.wp.com\/iumotril.org\/sitio\/wp-content\/uploads\/2020\/11\/Jose-26-noviembre-917x1024.jpg?resize=350%2C200 1x, https:\/\/i0.wp.com\/iumotril.org\/sitio\/wp-content\/uploads\/2020\/11\/Jose-26-noviembre-917x1024.jpg?resize=525%2C300 1.5x"},"classes":[]},{"id":6295,"url":"https:\/\/iumotril.org\/sitio\/iu-equo-reclama-transparencia-en-la-seleccion-de-los-auxiliares-de-control-de-playas\/","url_meta":{"origin":2627,"position":4},"title":"IU-Equo reclama transparencia en la selecci\u00f3n de los auxiliares de control de playas","author":"Izquierda Unida Motril","date":"1 junio, 2020","format":false,"excerpt":"Desde el Grupo Municipal de Izquierda Unida-Equo se cuestiona la transparencia y la eficacia de la selecci\u00f3n a trav\u00e9s de la bolsa \u00fanica de empleo de la Junta de Andaluc\u00eda para cubrir las 86 plazas de auxiliares de informaci\u00f3n y control de acceso y aforo de las playas de Motril,\u2026","rel":"","context":"En \u00abCovid_19\u00bb","block_context":{"text":"Covid_19","link":"https:\/\/iumotril.org\/sitio\/category\/covid_19\/"},"img":{"alt_text":"","src":"https:\/\/i0.wp.com\/iumotril.org\/sitio\/wp-content\/uploads\/2020\/06\/PHOTO-2020-06-01-10-17-19-1024x768.jpg?resize=350%2C200","width":350,"height":200,"srcset":"https:\/\/i0.wp.com\/iumotril.org\/sitio\/wp-content\/uploads\/2020\/06\/PHOTO-2020-06-01-10-17-19-1024x768.jpg?resize=350%2C200 1x, https:\/\/i0.wp.com\/iumotril.org\/sitio\/wp-content\/uploads\/2020\/06\/PHOTO-2020-06-01-10-17-19-1024x768.jpg?resize=525%2C300 1.5x"},"classes":[]},{"id":322,"url":"https:\/\/iumotril.org\/sitio\/iu-denuncia-que-la-falta-de-prevision-y-organizacion-del-gobierno-municipal-esta-provocando-que-la-contratacion-de-144-jovenes-se-convierta-en-un-caos-organizativo\/","url_meta":{"origin":2627,"position":5},"title":"IU DENUNCIA QUE LA FALTA DE PREVISI\u00d3N Y ORGANIZACI\u00d3N DEL GOBIERNO MUNICIPAL EST\u00c1 PROVOCANDO QUE LA CONTRATACI\u00d3N DE 144 J\u00d3VENES SE CONVIERTA EN UN CAOS ORGANIZATIVO","author":"Izquierda Unida Motril","date":"11 noviembre, 2014","format":false,"excerpt":"IU Motril denuncia que la llegada de aproximadamente 150 j\u00f3venes a la platilla municipal por un periodo de seis meses gracias a las subvenciones de la Junta de Andaluc\u00eda no va a suponer beneficio alguno para nuestra ciudad por la falta de previsi\u00f3n y la ausencia de proyectos del Gobierno\u2026","rel":"","context":"En \u00abAyuntamiento\u00bb","block_context":{"text":"Ayuntamiento","link":"https:\/\/iumotril.org\/sitio\/category\/ayuntamiento\/"},"img":{"alt_text":"daniela Paque 3","src":"https:\/\/i0.wp.com\/iumotril.org\/sitio\/wp-content\/uploads\/2014\/11\/daniela-Paque-3-300x200.jpg?resize=350%2C200","width":350,"height":200},"classes":[]}],"jetpack_likes_enabled":true,"_links":{"self":[{"href":"https:\/\/iumotril.org\/sitio\/wp-json\/wp\/v2\/posts\/2627","targetHints":{"allow":["GET"]}}],"collection":[{"href":"https:\/\/iumotril.org\/sitio\/wp-json\/wp\/v2\/posts"}],"about":[{"href":"https:\/\/iumotril.org\/sitio\/wp-json\/wp\/v2\/types\/post"}],"author":[{"embeddable":true,"href":"https:\/\/iumotril.org\/sitio\/wp-json\/wp\/v2\/users\/1"}],"replies":[{"embeddable":true,"href":"https:\/\/iumotril.org\/sitio\/wp-json\/wp\/v2\/comments?post=2627"}],"version-history":[{"count":3,"href":"https:\/\/iumotril.org\/sitio\/wp-json\/wp\/v2\/posts\/2627\/revisions"}],"predecessor-version":[{"id":2632,"href":"https:\/\/iumotril.org\/sitio\/wp-json\/wp\/v2\/posts\/2627\/revisions\/2632"}],"wp:attachment":[{"href":"https:\/\/iumotril.org\/sitio\/wp-json\/wp\/v2\/media?parent=2627"}],"wp:term":[{"taxonomy":"category","embeddable":true,"href":"https:\/\/iumotril.org\/sitio\/wp-json\/wp\/v2\/categories?post=2627"},{"taxonomy":"post_tag","embeddable":true,"href":"https:\/\/iumotril.org\/sitio\/wp-json\/wp\/v2\/tags?post=2627"}],"curies":[{"name":"wp","href":"https:\/\/api.w.org\/{rel}","templated":true}]}}