{"id":2549,"date":"2016-11-30T18:07:37","date_gmt":"2016-11-30T17:07:37","guid":{"rendered":"http:\/\/iumotril.org\/sitio\/?p=2549"},"modified":"2016-11-30T18:33:57","modified_gmt":"2016-11-30T17:33:57","slug":"homenaje-a-marcos-ana","status":"publish","type":"post","link":"https:\/\/iumotril.org\/sitio\/homenaje-a-marcos-ana\/","title":{"rendered":"HOMENAJE A MARCOS ANA"},"content":{"rendered":"<h4 class=\"p1\"><strong><span class=\"s1\" style=\"color: #800000;\">El jueves 1 de diciembre el Museo Hern\u00e1ndez Quero acoger\u00e1 una lectura de poemas de Marcos Ana en recuerdo y homenaje del poeta recientemente fallecido. El acto, organizado por Izquierda Unida, cuenta con el apoyo y la colaboraci\u00f3n del <a style=\"color: #800000;\" href=\"http:\/\/ateneomotril.org\/\" target=\"_blank\">Ateneo<\/a> de Motril, la ARMH <a style=\"color: #800000;\" href=\"http:\/\/asociacion14deabril.es\/\" target=\"_blank\">14 de Abril<\/a> y el Ayuntamiento.\u00a0<\/span><\/strong><\/h4>\n<p class=\"p1\"><span style=\"color: #000000;\"><span class=\"s1\">El mundo de la cultura motrile\u00f1a ha querido sumarse al sencillo homenaje que se celebrar\u00e1 el pr\u00f3ximo jueves, 1 de diciembre a las 19 horas, en la sede del Museo <a style=\"color: #000000;\" href=\"http:\/\/www.motril.es\/index.php?id=652\" target=\"_blank\">Hern\u00e1ndez Quero<\/a> (junto al Mercado Municipal).\u00a0<\/span><\/span><span class=\"s1\" style=\"color: #800000;\"><span style=\"color: #000000;\">El acto, que consistir\u00e1 en la lectura de algunos de sus poemas por parte de poetas y representantes del mundo de la cultura, estar\u00e1 precedido por una breve semblanza del poeta, recientemente fallecido a los 96 a\u00f1os de edad<\/span>.<\/span><\/p>\n<h3 class=\"p1\" style=\"padding-left: 30px; text-align: justify;\">Yo no pido clemencia.<br \/>\nDoy banderas.<br \/>\nPaso de mano el golpeado<br \/>\ncoraz\u00f3n de mi pueblo prisionero.<\/h3>\n<h3 class=\"p1\"><strong><span style=\"color: #800000;\">Poeta, luchador, buena persona.<\/span><\/strong><\/h3>\n<p class=\"p1\"><span class=\"s1\">Fernando Macarro Castilla, <a href=\"http:\/\/marcos-ana.blogspot.com.es\/\" target=\"_blank\">Marcos Ana<\/a> (seud\u00f3nimo formado con los nombres de sus padres) fue el preso pol\u00edtico que m\u00e1s tiempo pas\u00f3 encarcelado por el r\u00e9gimen franquista. 23 a\u00f1os en los que pudo leer los libros permitidos en prisi\u00f3n, conseguir algunos de los poetas prohibidos por Franco y escribir sus propios versos.<\/span><\/p>\n<p class=\"p1\"><span class=\"s1\"><a href=\"https:\/\/iumotril.org\/sitio\/wp-content\/uploads\/2016\/11\/marcos-ana-retocado.jpg\"><img loading=\"lazy\" decoding=\"async\" data-attachment-id=\"2561\" data-permalink=\"https:\/\/iumotril.org\/sitio\/homenaje-a-marcos-ana\/marcos-ana-retocado\/\" data-orig-file=\"https:\/\/iumotril.org\/sitio\/wp-content\/uploads\/2016\/11\/marcos-ana-retocado.jpg\" data-orig-size=\"452,640\" data-comments-opened=\"1\" data-image-meta=\"{&quot;aperture&quot;:&quot;0&quot;,&quot;credit&quot;:&quot;&quot;,&quot;camera&quot;:&quot;&quot;,&quot;caption&quot;:&quot;&quot;,&quot;created_timestamp&quot;:&quot;0&quot;,&quot;copyright&quot;:&quot;&quot;,&quot;focal_length&quot;:&quot;0&quot;,&quot;iso&quot;:&quot;0&quot;,&quot;shutter_speed&quot;:&quot;0&quot;,&quot;title&quot;:&quot;&quot;,&quot;orientation&quot;:&quot;1&quot;}\" data-image-title=\"marcos-ana-retocado\" data-image-description=\"\" data-image-caption=\"\" data-large-file=\"https:\/\/iumotril.org\/sitio\/wp-content\/uploads\/2016\/11\/marcos-ana-retocado.jpg\" class=\"alignleft wp-image-2561 size-medium\" src=\"https:\/\/iumotril.org\/sitio\/wp-content\/uploads\/2016\/11\/marcos-ana-retocado-212x300.jpg\" alt=\"marcos-ana-retocado\" width=\"212\" height=\"300\" srcset=\"https:\/\/iumotril.org\/sitio\/wp-content\/uploads\/2016\/11\/marcos-ana-retocado-212x300.jpg 212w, https:\/\/iumotril.org\/sitio\/wp-content\/uploads\/2016\/11\/marcos-ana-retocado.jpg 452w\" sizes=\"auto, (max-width: 212px) 100vw, 212px\" \/><\/a>En 1961, fue uno de los primeros presos pol\u00edticos espa\u00f1oles liberados por la actividad de la reci\u00e9n fundada <a href=\"https:\/\/www.es.amnesty.org\/\" target=\"_blank\">Amnist\u00eda Internacional<\/a>.<\/span><\/p>\n<p class=\"p1\"><span class=\"s1\">Autor de varios poemarios, como <i>Decidme c\u00f3mo es un \u00e1rbol<\/i> o <i>Poemas de la prisi\u00f3n o la vida<\/i>, public\u00f3, en 2013, <i>Vale la pena luchar<\/i>, una aproximaci\u00f3n al tema de la crisis, un manual contra la injusticia, escrito por un hombre sencillo con una vida apasionante y apasionada que cruza toda la historia del siglo XX.<\/span><\/p>\n<p class=\"p1\"><span class=\"s1\">Su poes\u00eda ha sido calificada como<strong> \u201cpoes\u00eda de trinchera\u201d<\/strong>, su militancia pol\u00edtica, no obstante, queda eclipsada po\u00e9ticamente por expresar con gran emotividad los penosos a\u00f1os de cautiverio y la angustia y el miedo que experimenta el hombre privado de libertad.<\/span><\/p>\n<p class=\"p1\"><span class=\"s1\">En palabras del escritor y tambi\u00e9n poeta Luis Garc\u00eda Montero, <a href=\"http:\/\/www.infolibre.es\/noticias\/opinion\/2016\/11\/26\/en_muerte_marcos_ana_58132_1023.html\" target=\"_blank\">Marco Ana ha sido una lecci\u00f3n<\/a>, un ejemplo raro: se ha mantenido firme hasta el final gracias a la bondad. <strong>Segu\u00eda convencido de que la libertad personal resulta incompatible con la esclavitud de los otros. <\/strong><\/span><\/p>\n<p class=\"p1\"><span class=\"s1\">Su victoria m\u00e1s importante fue conseguir que no le contagiaran el odio las personas que le hab\u00eda robado su vida durante 23 a\u00f1os de c\u00e1rcel y su pa\u00eds durante 40 a\u00f1os de dictadura. \u00a0<\/span><span class=\"s1\">Una<span class=\"Apple-converted-space\">\u00a0 <\/span>victoria \u00edntima que le permiti\u00f3 mantener la fe en el triunfo del socialismo.<\/span><\/p>\n","protected":false},"excerpt":{"rendered":"<p>El jueves 1 de diciembre el Museo Hern\u00e1ndez Quero acoger\u00e1 una lectura de poemas de Marcos Ana en recuerdo y homenaje del poeta recientemente fallecido. El acto, organizado por Izquierda Unida, cuenta con el apoyo y la colaboraci\u00f3n del Ateneo de Motril, la ARMH 14 de Abril y el Ayuntamiento. El mundo de la cultura motrile\u00f1a ha querido sumarse al sencillo homenaje que se celebrar\u00e1 el pr\u00f3ximo jueves, 1 de diciembre a las 19 horas, en la sede del Museo Hern\u00e1ndez Quero (junto al Mercado Municipal).<\/p>\n","protected":false},"author":1,"featured_media":0,"comment_status":"open","ping_status":"open","sticky":false,"template":"","format":"standard","meta":{"cybocfi_hide_featured_image":"","_jetpack_newsletter_access":"","_jetpack_dont_email_post_to_subs":false,"_jetpack_newsletter_tier_id":0,"_jetpack_memberships_contains_paywalled_content":false,"_jetpack_memberships_contains_paid_content":false,"footnotes":""},"categories":[265],"tags":[651,649,103,650],"class_list":["post-2549","post","type-post","status-publish","format-standard","hentry","category-esta-pasando","tag-lectura-de-poemas","tag-marcos-ana","tag-museo-hernandez-quero","tag-poesia"],"jetpack_featured_media_url":"","jetpack_sharing_enabled":true,"jetpack_shortlink":"https:\/\/wp.me\/p4QsU5-F7","jetpack-related-posts":[{"id":9920,"url":"https:\/\/iumotril.org\/sitio\/recuerdo-homenaje-y-reivindicacion-de-la-republica-en-motril\/","url_meta":{"origin":2549,"position":0},"title":"Recuerdo, homenaje y reivindicaci\u00f3n de la Rep\u00fablica en Motril","author":"Izquierda Unida Motril","date":"11 abril, 2024","format":false,"excerpt":"El s\u00e1bado, a las 10 horas, desde Lagos, saldr\u00e1 el grupo que emprender\u00e1 la subida a la mina del piojo en la sierra de L\u00fajar, en un recorrido que les llevar\u00e1 a la entrada de la mina,\u00a0 tambi\u00e9n conocida como mina del maquis por su gran significaci\u00f3n simb\u00f3lica para la\u2026","rel":"","context":"En \u00abEST\u00c1 PASANDO\u00bb","block_context":{"text":"EST\u00c1 PASANDO","link":"https:\/\/iumotril.org\/sitio\/category\/esta-pasando\/"},"img":{"alt_text":"","src":"https:\/\/i0.wp.com\/iumotril.org\/sitio\/wp-content\/uploads\/2024\/04\/14-aBRIL-ACTOS-mOTRIL.jpg?resize=350%2C200&ssl=1","width":350,"height":200,"srcset":"https:\/\/i0.wp.com\/iumotril.org\/sitio\/wp-content\/uploads\/2024\/04\/14-aBRIL-ACTOS-mOTRIL.jpg?resize=350%2C200&ssl=1 1x, https:\/\/i0.wp.com\/iumotril.org\/sitio\/wp-content\/uploads\/2024\/04\/14-aBRIL-ACTOS-mOTRIL.jpg?resize=525%2C300&ssl=1 1.5x, https:\/\/i0.wp.com\/iumotril.org\/sitio\/wp-content\/uploads\/2024\/04\/14-aBRIL-ACTOS-mOTRIL.jpg?resize=700%2C400&ssl=1 2x, https:\/\/i0.wp.com\/iumotril.org\/sitio\/wp-content\/uploads\/2024\/04\/14-aBRIL-ACTOS-mOTRIL.jpg?resize=1050%2C600&ssl=1 3x"},"classes":[]},{"id":9032,"url":"https:\/\/iumotril.org\/sitio\/la-asociacion-14-de-abril-izquierda-unida-y-verdes-equo-organizan-en-motril-diversas-actividades-de-homenaje-a-la-republica\/","url_meta":{"origin":2549,"position":1},"title":"La Asociaci\u00f3n 14 de Abril, Izquierda Unida y Verdes Equo, organizan en Motril  diversas actividades de homenaje a la Rep\u00fablica","author":"Izquierda Unida Motril","date":"14 abril, 2023","format":false,"excerpt":"El acto, al que se convoca a todos los motrile\u00f1os y motrile\u00f1as, dar\u00e1 comienzo a las seis de la tarde a la entrada del cementerio de Motril. Tras la realizaci\u00f3n del acto en el cementerio, a las 20 horas, tendr\u00e1 lugar en el Museo Hern\u00e1ndez Quero (calle Ruiz) la conferencia\u2026","rel":"","context":"En \u00abEST\u00c1 PASANDO\u00bb","block_context":{"text":"EST\u00c1 PASANDO","link":"https:\/\/iumotril.org\/sitio\/category\/esta-pasando\/"},"img":{"alt_text":"","src":"https:\/\/i0.wp.com\/iumotril.org\/sitio\/wp-content\/uploads\/2023\/04\/Proclamacion-14-Abril.jpg?resize=350%2C200&ssl=1","width":350,"height":200,"srcset":"https:\/\/i0.wp.com\/iumotril.org\/sitio\/wp-content\/uploads\/2023\/04\/Proclamacion-14-Abril.jpg?resize=350%2C200&ssl=1 1x, https:\/\/i0.wp.com\/iumotril.org\/sitio\/wp-content\/uploads\/2023\/04\/Proclamacion-14-Abril.jpg?resize=525%2C300&ssl=1 1.5x, https:\/\/i0.wp.com\/iumotril.org\/sitio\/wp-content\/uploads\/2023\/04\/Proclamacion-14-Abril.jpg?resize=700%2C400&ssl=1 2x"},"classes":[]},{"id":2036,"url":"https:\/\/iumotril.org\/sitio\/diversos-actos-politicos-y-culturales-celebraran-en-la-costa-el-85-aniversario-de-la-segunda-republica-espanola\/","url_meta":{"origin":2549,"position":2},"title":"DIVERSOS ACTOS POL\u00cdTICOS Y CULTURALES CELEBRAR\u00c1N EN LA COSTA EL 85 ANIVERSARIO DE LA SEGUNDA REP\u00daBLICA ESPA\u00d1OLA","author":"Izquierda Unida Motril","date":"12 abril, 2016","format":false,"excerpt":"El 14 de abril es un d\u00eda de celebraci\u00f3n para todos los que compartimos los ideales de libertad, justicia social, cultura y modernidad asociados en la memoria a la revoluci\u00f3n democr\u00e1tica que fue la segunda Rep\u00fablica Espa\u00f1ola. Por ello, entre el 14 y el 17 de abril se desarrollar\u00e1n en\u2026","rel":"","context":"En \u00abEST\u00c1 PASANDO\u00bb","block_context":{"text":"EST\u00c1 PASANDO","link":"https:\/\/iumotril.org\/sitio\/category\/esta-pasando\/"},"img":{"alt_text":"cartel 7","src":"https:\/\/i0.wp.com\/iumotril.org\/sitio\/wp-content\/uploads\/2016\/04\/cartel-7-724x1024.jpg?resize=350%2C200","width":350,"height":200},"classes":[]},{"id":6522,"url":"https:\/\/iumotril.org\/sitio\/izquierda-unida-equo-critica-que-el-ayuntamiento-organice-un-acto-confesional-para-recordar-a-las-victimas-de-la-covid-19\/","url_meta":{"origin":2549,"position":3},"title":"Izquierda Unida-Equo critica que el Ayuntamiento organice un acto confesional para recordar a las v\u00edctimas de la Covid-19","author":"Izquierda Unida Motril","date":"23 julio, 2020","format":false,"excerpt":"Se trata de un acto de car\u00e1cter confesional que deja fuera a las v\u00edctimas y a sus familiares que no profesen la religi\u00f3n cat\u00f3lica y que colisiona frontalmente con el principio de aconfesionalidad del Estado. la alcaldesa de Motril no quiere entender que ninguna confesi\u00f3n religiosa tiene car\u00e1cter estatal o\u2026","rel":"","context":"En \u00abCovid_19\u00bb","block_context":{"text":"Covid_19","link":"https:\/\/iumotril.org\/sitio\/category\/covid_19\/"},"img":{"alt_text":"","src":"https:\/\/i0.wp.com\/iumotril.org\/sitio\/wp-content\/uploads\/2020\/04\/B59B7D7E-06C1-4FC0-84F7-B5247151CA8E_1_201_a.jpeg?resize=350%2C200","width":350,"height":200},"classes":[]},{"id":3486,"url":"https:\/\/iumotril.org\/sitio\/izquierda-unida-hace-un-llamamiento-a-participar-en-los-actos-de-homenaje-a-la-republica-en-motril\/","url_meta":{"origin":2549,"position":4},"title":"Izquierda Unida hace un llamamiento a participar en los actos de homenaje a la Rep\u00fablica en Motril","author":"Izquierda Unida Motril","date":"13 abril, 2018","format":false,"excerpt":"Izquierda Unida, en este 14 de Abril, llama a levantar las banderas republicanas para reivindicar un cambio pol\u00edtico, econ\u00f3mico y social que solo puede partir de un proceso constituyente que proclame la democracia, el gobierno del pueblo para el pueblo, la aplicaci\u00f3n efectiva del derecho al trabajo y a las\u2026","rel":"","context":"En \u00abEST\u00c1 PASANDO\u00bb","block_context":{"text":"EST\u00c1 PASANDO","link":"https:\/\/iumotril.org\/sitio\/category\/esta-pasando\/"},"img":{"alt_text":"","src":"https:\/\/i0.wp.com\/iumotril.org\/sitio\/wp-content\/uploads\/2018\/04\/cartel-2018-definitivo-1-724x1024.jpg?resize=350%2C200","width":350,"height":200,"srcset":"https:\/\/i0.wp.com\/iumotril.org\/sitio\/wp-content\/uploads\/2018\/04\/cartel-2018-definitivo-1-724x1024.jpg?resize=350%2C200 1x, https:\/\/i0.wp.com\/iumotril.org\/sitio\/wp-content\/uploads\/2018\/04\/cartel-2018-definitivo-1-724x1024.jpg?resize=525%2C300 1.5x"},"classes":[]},{"id":4235,"url":"https:\/\/iumotril.org\/sitio\/izquierda-unida-no-participara-en-el-acto-institucional-del-dia-de-la-constitucion\/","url_meta":{"origin":2549,"position":5},"title":"Izquierda Unida no participar\u00e1 en el acto institucional del d\u00eda de la Constituci\u00f3n","author":"Izquierda Unida Motril","date":"3 diciembre, 2018","format":false,"excerpt":"Izquierda Unida entiende que la ciudadan\u00eda, las clases populares, no tienen nada que celebrar el pr\u00f3ximo d\u00eda 6 de diciembre. Al contrario, hay que lamentar que la Constituci\u00f3n se haya convertido en un instrumento para preservar los privilegios de los poderosos y servir de escudo a la decadencia de la\u2026","rel":"","context":"En \u00abEST\u00c1 PASANDO\u00bb","block_context":{"text":"EST\u00c1 PASANDO","link":"https:\/\/iumotril.org\/sitio\/category\/esta-pasando\/"},"img":{"alt_text":"Acto d\u00eda Constituci\u00f3n","src":"https:\/\/i0.wp.com\/iumotril.org\/sitio\/wp-content\/uploads\/2018\/12\/acto-ce-768x1024.jpg?resize=350%2C200","width":350,"height":200},"classes":[]}],"jetpack_likes_enabled":true,"_links":{"self":[{"href":"https:\/\/iumotril.org\/sitio\/wp-json\/wp\/v2\/posts\/2549","targetHints":{"allow":["GET"]}}],"collection":[{"href":"https:\/\/iumotril.org\/sitio\/wp-json\/wp\/v2\/posts"}],"about":[{"href":"https:\/\/iumotril.org\/sitio\/wp-json\/wp\/v2\/types\/post"}],"author":[{"embeddable":true,"href":"https:\/\/iumotril.org\/sitio\/wp-json\/wp\/v2\/users\/1"}],"replies":[{"embeddable":true,"href":"https:\/\/iumotril.org\/sitio\/wp-json\/wp\/v2\/comments?post=2549"}],"version-history":[{"count":9,"href":"https:\/\/iumotril.org\/sitio\/wp-json\/wp\/v2\/posts\/2549\/revisions"}],"predecessor-version":[{"id":2566,"href":"https:\/\/iumotril.org\/sitio\/wp-json\/wp\/v2\/posts\/2549\/revisions\/2566"}],"wp:attachment":[{"href":"https:\/\/iumotril.org\/sitio\/wp-json\/wp\/v2\/media?parent=2549"}],"wp:term":[{"taxonomy":"category","embeddable":true,"href":"https:\/\/iumotril.org\/sitio\/wp-json\/wp\/v2\/categories?post=2549"},{"taxonomy":"post_tag","embeddable":true,"href":"https:\/\/iumotril.org\/sitio\/wp-json\/wp\/v2\/tags?post=2549"}],"curies":[{"name":"wp","href":"https:\/\/api.w.org\/{rel}","templated":true}]}}